{"id":632,"date":"2013-03-14T19:38:43","date_gmt":"2013-03-14T18:38:43","guid":{"rendered":"https:\/\/www.montania-sport.com\/blog\/?p=632"},"modified":"2013-03-14T19:38:43","modified_gmt":"2013-03-14T18:38:43","slug":"les-diablerets-3d-suisse-2013","status":"publish","type":"post","link":"https:\/\/www.montania-sport.com\/blog\/les-diablerets-3d-suisse-2013\/","title":{"rendered":"Les Diablerets 3D &#8211; SUISSE- 2013 par Alex"},"content":{"rendered":"<p><strong>Course de Ski Alpinisme Les Diablerets 3D &#8211; SUISSE<\/strong><\/p>\n<p><span style=\"font-size: 13px; line-height: 19px;\"><br \/>\nLe week-end pass\u00e9, direction les Diablerets chez nos voisins Suisses, pour participer \u00e0 la 3<\/span><sup style=\"line-height: 19px;\">\u00e8me<\/sup><span style=\"font-size: 13px; line-height: 19px;\"> \u00e9dition de la Diablerets 3D (<\/span><a style=\"font-size: 13px; line-height: 19px;\" href=\"http:\/\/www.diablerets3d.ch\/\">www.diablerets3d.ch<\/a><span style=\"font-size: 13px; line-height: 19px;\">).<\/span><\/p>\n<p>Cette course de ski alpinisme se d\u00e9roule sur 3 jours avec au programme\u00a0:<\/p>\n<p>Verticale Race de 780m D+ le vendredi soir.<\/p>\n<p>Course par \u00e9quipe de 3000m D+ le samedi.<\/p>\n<p>Et \u00ab\u00a0Super-Relais\u00a0\u00bb le dimanche matin.<\/p>\n<p><img fetchpriority=\"high\" decoding=\"async\" class=\"aligncenter size-large wp-image-635\" alt=\"arrete 2\" src=\"https:\/\/www.montania-sport.com\/blog\/wp-content\/uploads\/2013\/03\/arrete-2-680x442.jpg\" width=\"680\" height=\"442\" \/><\/p>\n<p>&nbsp;<\/p>\n<p>&nbsp;<\/p>\n<p><!--more--><\/p>\n<p>Un classement par \u00e9quipe \u00e9tait \u00e9tablit sur chaque \u00e9preuve ainsi qu&rsquo;un classement g\u00e9n\u00e9ral sur les 3 \u00e9preuves. J\u2019ai fait \u00e9quipe une nouvelle fois avec le petit jeune Aur\u00e9lien.<\/p>\n<p>Vendredi soir, 17h30, le soleil se couche\u00a0! Non, non ce n\u2019est pas l\u2019heure du go\u00fbter\u00a0! Il faut prendre le d\u00e9part de la mont\u00e9e s\u00e8che\u00a0! Apr\u00e8s 40 minutes d\u2019effort environ, on franchit la ligne d\u2019arriv\u00e9e et terminons 6<sup>\u00e8me<\/sup> du classement par \u00e9quipe. Vite, vite on redescend, car il faut bien r\u00e9cup\u00e9rer pour l\u2019\u00e9tape reine de demain. A vrai dire, c\u2019\u00e9tait surtout pour celle-l\u00e0 que nous avons fais le d\u00e9placement\u00a0!<\/p>\n<p><img decoding=\"async\" class=\"aligncenter size-medium wp-image-633\" alt=\"Super relais\" src=\"https:\/\/www.montania-sport.com\/blog\/wp-content\/uploads\/2013\/03\/Super-relais-221x340.jpg\" width=\"221\" height=\"340\" \/><\/p>\n<p>Samedi 6h30, le soleil ne pointe pas encore le bout de son nez, et c&rsquo;est partit pour 3000m D+. Le d\u00e9part se fait \u00e0 pied dans les ruelles des Diablerets, puis encha\u00eene avec une premi\u00e8re mont\u00e9e de 1000m D+ avec une longue arr\u00eate \u00e0 pied, jusqu\u2019\u00e0 Izenau. Au sommet, le soleil nous r\u00e9chauffe le visage, et c\u2019est parti pour une descente sur le versant Nord, tout en poudreuse\u00a0!<\/p>\n<p><img decoding=\"async\" class=\"aligncenter size-medium wp-image-635\" alt=\"arrete 2\" src=\"https:\/\/www.montania-sport.com\/blog\/wp-content\/uploads\/2013\/03\/arrete-2-340x221.jpg\" width=\"340\" height=\"221\" \/><\/p>\n<p>Ensuite, on poursuit par la mont\u00e9e de Seeberg et une descente sur le col de Pillon. Les conditions sont diff\u00e9rentes, la neige est b\u00e9ton avec pleins de traces gel\u00e9es. Aur\u00e9lien, pensant trouver de la poudreuse, attaque \u00e0 fond\u00a0! Et l\u00e0, c\u2019est la chute ! Au final, plus de peur que de mal, avec de bonnes \u00e9gratignures mais rien de cass\u00e9, c\u2019est le m\u00e9tier qui rentre\u00a0!<\/p>\n<p><img loading=\"lazy\" decoding=\"async\" class=\"aligncenter size-medium wp-image-634\" alt=\"vire au Dame\" src=\"https:\/\/www.montania-sport.com\/blog\/wp-content\/uploads\/2013\/03\/vire-au-Dame-225x340.jpg\" width=\"225\" height=\"340\" \/><\/p>\n<p>Apr\u00e8s ces p\u00e9rip\u00e9ties, on attaque la longue mont\u00e9e de 1500 m, avec le passage expos\u00e9 de la \u00ab\u00a0Vire aux Dames\u00a0\u00bb, o\u00f9 on est content d\u2019avoir une corde fixe pour se longer\u00a0!<\/p>\n<p><img loading=\"lazy\" decoding=\"async\" class=\"aligncenter size-medium wp-image-640\" alt=\"\" src=\"https:\/\/www.montania-sport.com\/blog\/wp-content\/uploads\/2013\/03\/mont\u00e9e-Tete-Ronde-340x225.jpg\" width=\"340\" height=\"225\" \/><\/p>\n<p>Apr\u00e8s plus de 3h de course, on arrive au point culminant de la course \u00e0 T\u00eate Ronde (3200 m). Entre les encouragements, et le son des cloches, une bonne odeur de fondue nous chatouille les narines\u00a0! On a l\u2019air de bien s\u2019amuser et se r\u00e9galer ici\u00a0!<\/p>\n<p><img loading=\"lazy\" decoding=\"async\" class=\"aligncenter size-medium wp-image-639\" alt=\"la Fondue Suisse\" src=\"https:\/\/www.montania-sport.com\/blog\/wp-content\/uploads\/2013\/03\/la-Fondue-Suisse-340x225.jpg\" width=\"340\" height=\"225\" \/><\/p>\n<p>Au sommet, nous sommes 3<sup>\u00e8me<\/sup> \u00e0 environ une minute derri\u00e8re une \u00e9quipe Italienne et une Suisse. Vient enfin le moment tant attendu par nous deux, la derni\u00e8re descente de plus de 2000mD- sur laquelle nous comptons bien combler notre retard. Mais, malheureusement, au sommet on nous annonce un changement de parcours de derni\u00e8re minute. Une avalanche est descendue la veille rendant\u00a0la descente beaucoup trop dangereuse&#8230;<\/p>\n<p><img loading=\"lazy\" decoding=\"async\" class=\"aligncenter size-medium wp-image-637\" alt=\"aur\u00e9lien\" src=\"https:\/\/www.montania-sport.com\/blog\/wp-content\/uploads\/2013\/03\/aur\u00e9lien-340x226.jpg\" width=\"340\" height=\"226\" \/><\/p>\n<p>Nous finirons donc par 2 autres petites mont\u00e9es, et finissons 3\u00e8me de l&rsquo;\u00e9preuve en 3h42, 2min derri\u00e8re les Suisses Marc Pichard\/Adrien Croisier et 1min20sec derri\u00e8re les Italiens Dennis Brunod\/Franco Coll\u00e9. Un peu d\u00e9\u00e7u d\u2019avoir fait tous ces mont\u00e9es et de ne pas faire la descente\u00a0! Mais, sinon le parcours, tr\u00e8s alpin avec des passages d\u2019arr\u00eates et sur glacier, \u00e9tait digne des grandes courses de ski alpinisme. Et attention aux \u00ab\u00a0gueules de baleines\u00a0\u00bb (crevasses), comme disent les Suisses\u00a0!<\/p>\n<p><img loading=\"lazy\" decoding=\"async\" class=\"aligncenter size-medium wp-image-641\" alt=\"poduim\" src=\"https:\/\/www.montania-sport.com\/blog\/wp-content\/uploads\/2013\/03\/poduim-340x225.jpg\" width=\"340\" height=\"225\" \/><\/p>\n<p>Le dimanche c&rsquo;est parti pour le relais : 2 tours chacun sur une boucle 7-8 min avec des manips et un portage. Le principe \u00e9tait tr\u00e8s sympa et conviviale, avec de nombreux spectateurs sur tout le parcours. Nous terminons 4\u00e8me du relais, et prenons la 4\u00e8me place au g\u00e9n\u00e9ral de la Diabolique 3D.<\/p>\n<p><img decoding=\"async\" class=\"aligncenter size-medium wp-image-633\" alt=\"Super relais\" src=\"https:\/\/www.montania-sport.com\/blog\/wp-content\/uploads\/2013\/03\/Super-relais-221x340.jpg\" width=\"221\" height=\"340\" \/><\/p>\n<p>Nous avons pass\u00e9 un super week-end sous le soleil, et dans une bonne ambiance, simple et conviviale. Les Suisses nous aurons bien fait rigoler avec leur accent et leurs expressions\u00a0!<\/p>\n<p>La prochaine course sera la Pierra-Menta\u00a0! Venez nombreux d\u00e9couvrir l\u2019ambiance sur la plus belle course de ski alpinisme\u00a0! Pour ceux qui ne peuvent pas faire le d\u00e9placement, l\u2019\u00e9tape reine du samedi doit \u00eatre diffus\u00e9e en direct sur France 3.<\/p>\n<p>A bient\u00f4t.<\/p>\n<p>Alex.<\/p>\n","protected":false},"excerpt":{"rendered":"<p>Course de Ski Alpinisme Les Diablerets 3D &#8211; SUISSE Le week-end pass\u00e9, direction les Diablerets chez nos voisins Suisses, pour participer \u00e0 la 3\u00e8me \u00e9dition de la Diablerets 3D (www.diablerets3d.ch). Cette course de ski alpinisme se d\u00e9roule sur 3 jours avec au programme\u00a0: Verticale Race de 780m D+ le vendredi soir. Course par \u00e9quipe de &hellip;<\/p>\n<p class=\"read-more\"> <a class=\"\" href=\"https:\/\/www.montania-sport.com\/blog\/les-diablerets-3d-suisse-2013\/\"> <span class=\"screen-reader-text\">Les Diablerets 3D &#8211; SUISSE- 2013 par Alex<\/span> Lire la suite\u00a0\u00bb<\/a><\/p>\n","protected":false},"author":2,"featured_media":0,"comment_status":"open","ping_status":"closed","sticky":false,"template":"","format":"standard","meta":{"site-sidebar-layout":"default","site-content-layout":"default","ast-global-header-display":"","ast-main-header-display":"","ast-hfb-above-header-display":"","ast-hfb-below-header-display":"","ast-hfb-mobile-header-display":"","site-post-title":"","ast-breadcrumbs-content":"","ast-featured-img":"","footer-sml-layout":"","theme-transparent-header-meta":"","adv-header-id-meta":"","stick-header-meta":"","header-above-stick-meta":"","header-main-stick-meta":"","header-below-stick-meta":"","_jetpack_memberships_contains_paid_content":false,"footnotes":""},"categories":[33],"tags":[],"class_list":["post-632","post","type-post","status-publish","format-standard","hentry","category-sorties-montagne"],"yoast_head":"<!-- This site is optimized with the Yoast SEO plugin v24.4 - https:\/\/yoast.com\/wordpress\/plugins\/seo\/ -->\n<title>Les Diablerets 3D - SUISSE- 2013 par Alex - Blog Montania Sport<\/title>\n<meta name=\"robots\" content=\"index, follow, max-snippet:-1, max-image-preview:large, max-video-preview:-1\" \/>\n<link rel=\"canonical\" href=\"https:\/\/www.montania-sport.com\/blog\/les-diablerets-3d-suisse-2013\/\" \/>\n<meta property=\"og:locale\" content=\"fr_FR\" \/>\n<meta property=\"og:type\" content=\"article\" \/>\n<meta property=\"og:title\" content=\"Les Diablerets 3D - SUISSE- 2013 par Alex - Blog Montania Sport\" \/>\n<meta property=\"og:description\" content=\"Course de Ski Alpinisme Les Diablerets 3D &#8211; SUISSE Le week-end pass\u00e9, direction les Diablerets chez nos voisins Suisses, pour participer \u00e0 la 3\u00e8me \u00e9dition de la Diablerets 3D (www.diablerets3d.ch). Cette course de ski alpinisme se d\u00e9roule sur 3 jours avec au programme\u00a0: Verticale Race de 780m D+ le vendredi soir. Course par \u00e9quipe de &hellip; Les Diablerets 3D &#8211; SUISSE- 2013 par Alex Lire la suite\u00a0\u00bb\" \/>\n<meta property=\"og:url\" content=\"https:\/\/www.montania-sport.com\/blog\/les-diablerets-3d-suisse-2013\/\" \/>\n<meta property=\"og:site_name\" content=\"Blog Montania Sport\" \/>\n<meta property=\"article:publisher\" content=\"https:\/\/www.facebook.com\/Montania.Sport\" \/>\n<meta property=\"article:published_time\" content=\"2013-03-14T18:38:43+00:00\" \/>\n<meta property=\"og:image\" content=\"http:\/\/www.montania-sport.fr\/wp-content\/uploads\/2013\/03\/arrete-2-680x442.jpg\" \/>\n<meta name=\"author\" content=\"cedric\" \/>\n<meta name=\"twitter:card\" content=\"summary_large_image\" \/>\n<meta name=\"twitter:creator\" content=\"@MontaniaSport\" \/>\n<meta name=\"twitter:site\" content=\"@MontaniaSport\" \/>\n<meta name=\"twitter:label1\" content=\"\u00c9crit par\" \/>\n\t<meta name=\"twitter:data1\" content=\"cedric\" \/>\n\t<meta name=\"twitter:label2\" content=\"Dur\u00e9e de lecture estim\u00e9e\" \/>\n\t<meta name=\"twitter:data2\" content=\"3 minutes\" \/>\n<script type=\"application\/ld+json\" class=\"yoast-schema-graph\">{\"@context\":\"https:\/\/schema.org\",\"@graph\":[{\"@type\":\"Article\",\"@id\":\"https:\/\/www.montania-sport.com\/blog\/les-diablerets-3d-suisse-2013\/#article\",\"isPartOf\":{\"@id\":\"https:\/\/www.montania-sport.com\/blog\/les-diablerets-3d-suisse-2013\/\"},\"author\":{\"name\":\"cedric\",\"@id\":\"https:\/\/www.montania-sport.com\/blog\/#\/schema\/person\/eb15113f453620c1519f3f6a3886b250\"},\"headline\":\"Les Diablerets 3D &#8211; SUISSE- 2013 par Alex\",\"datePublished\":\"2013-03-14T18:38:43+00:00\",\"mainEntityOfPage\":{\"@id\":\"https:\/\/www.montania-sport.com\/blog\/les-diablerets-3d-suisse-2013\/\"},\"wordCount\":704,\"commentCount\":0,\"publisher\":{\"@id\":\"https:\/\/www.montania-sport.com\/blog\/#organization\"},\"image\":{\"@id\":\"https:\/\/www.montania-sport.com\/blog\/les-diablerets-3d-suisse-2013\/#primaryimage\"},\"thumbnailUrl\":\"https:\/\/www.montania-sport.com\/blog\/wp-content\/uploads\/2013\/03\/arrete-2-680x442.jpg\",\"articleSection\":[\"Carnet de Courses\"],\"inLanguage\":\"fr-FR\",\"potentialAction\":[{\"@type\":\"CommentAction\",\"name\":\"Comment\",\"target\":[\"https:\/\/www.montania-sport.com\/blog\/les-diablerets-3d-suisse-2013\/#respond\"]}]},{\"@type\":\"WebPage\",\"@id\":\"https:\/\/www.montania-sport.com\/blog\/les-diablerets-3d-suisse-2013\/\",\"url\":\"https:\/\/www.montania-sport.com\/blog\/les-diablerets-3d-suisse-2013\/\",\"name\":\"Les Diablerets 3D - SUISSE- 2013 par Alex - Blog Montania Sport\",\"isPartOf\":{\"@id\":\"https:\/\/www.montania-sport.com\/blog\/#website\"},\"primaryImageOfPage\":{\"@id\":\"https:\/\/www.montania-sport.com\/blog\/les-diablerets-3d-suisse-2013\/#primaryimage\"},\"image\":{\"@id\":\"https:\/\/www.montania-sport.com\/blog\/les-diablerets-3d-suisse-2013\/#primaryimage\"},\"thumbnailUrl\":\"https:\/\/www.montania-sport.com\/blog\/wp-content\/uploads\/2013\/03\/arrete-2-680x442.jpg\",\"datePublished\":\"2013-03-14T18:38:43+00:00\",\"breadcrumb\":{\"@id\":\"https:\/\/www.montania-sport.com\/blog\/les-diablerets-3d-suisse-2013\/#breadcrumb\"},\"inLanguage\":\"fr-FR\",\"potentialAction\":[{\"@type\":\"ReadAction\",\"target\":[\"https:\/\/www.montania-sport.com\/blog\/les-diablerets-3d-suisse-2013\/\"]}]},{\"@type\":\"ImageObject\",\"inLanguage\":\"fr-FR\",\"@id\":\"https:\/\/www.montania-sport.com\/blog\/les-diablerets-3d-suisse-2013\/#primaryimage\",\"url\":\"https:\/\/www.montania-sport.com\/blog\/wp-content\/uploads\/2013\/03\/arrete-2.jpg\",\"contentUrl\":\"https:\/\/www.montania-sport.com\/blog\/wp-content\/uploads\/2013\/03\/arrete-2.jpg\",\"width\":800,\"height\":521},{\"@type\":\"BreadcrumbList\",\"@id\":\"https:\/\/www.montania-sport.com\/blog\/les-diablerets-3d-suisse-2013\/#breadcrumb\",\"itemListElement\":[{\"@type\":\"ListItem\",\"position\":1,\"name\":\"Accueil\",\"item\":\"https:\/\/www.montania-sport.com\/blog\/\"},{\"@type\":\"ListItem\",\"position\":2,\"name\":\"Les Diablerets 3D &#8211; SUISSE- 2013 par Alex\"}]},{\"@type\":\"WebSite\",\"@id\":\"https:\/\/www.montania-sport.com\/blog\/#website\",\"url\":\"https:\/\/www.montania-sport.com\/blog\/\",\"name\":\"Blog Montania Sport\",\"description\":\"Blog Montania Sport\",\"publisher\":{\"@id\":\"https:\/\/www.montania-sport.com\/blog\/#organization\"},\"potentialAction\":[{\"@type\":\"SearchAction\",\"target\":{\"@type\":\"EntryPoint\",\"urlTemplate\":\"https:\/\/www.montania-sport.com\/blog\/?s={search_term_string}\"},\"query-input\":{\"@type\":\"PropertyValueSpecification\",\"valueRequired\":true,\"valueName\":\"search_term_string\"}}],\"inLanguage\":\"fr-FR\"},{\"@type\":\"Organization\",\"@id\":\"https:\/\/www.montania-sport.com\/blog\/#organization\",\"name\":\"Montania Sport\",\"url\":\"https:\/\/www.montania-sport.com\/blog\/\",\"logo\":{\"@type\":\"ImageObject\",\"inLanguage\":\"fr-FR\",\"@id\":\"https:\/\/www.montania-sport.com\/blog\/#\/schema\/logo\/image\/\",\"url\":\"https:\/\/www.montania-sport.com\/blog\/wp-content\/uploads\/2023\/04\/cropped-Logo-BLOG-2023-1200.png\",\"contentUrl\":\"https:\/\/www.montania-sport.com\/blog\/wp-content\/uploads\/2023\/04\/cropped-Logo-BLOG-2023-1200.png\",\"width\":1200,\"height\":645,\"caption\":\"Montania Sport\"},\"image\":{\"@id\":\"https:\/\/www.montania-sport.com\/blog\/#\/schema\/logo\/image\/\"},\"sameAs\":[\"https:\/\/www.facebook.com\/Montania.Sport\",\"https:\/\/x.com\/MontaniaSport\",\"https:\/\/www.instagram.com\/montania_sport\"]},{\"@type\":\"Person\",\"@id\":\"https:\/\/www.montania-sport.com\/blog\/#\/schema\/person\/eb15113f453620c1519f3f6a3886b250\",\"name\":\"cedric\",\"image\":{\"@type\":\"ImageObject\",\"inLanguage\":\"fr-FR\",\"@id\":\"https:\/\/www.montania-sport.com\/blog\/#\/schema\/person\/image\/\",\"url\":\"https:\/\/secure.gravatar.com\/avatar\/9851a6499bed921b62b2ae7c399fe8ce?s=96&d=mm&r=g\",\"contentUrl\":\"https:\/\/secure.gravatar.com\/avatar\/9851a6499bed921b62b2ae7c399fe8ce?s=96&d=mm&r=g\",\"caption\":\"cedric\"},\"url\":\"https:\/\/www.montania-sport.com\/blog\/author\/cedric\/\"}]}<\/script>\n<!-- \/ Yoast SEO plugin. -->","yoast_head_json":{"title":"Les Diablerets 3D - SUISSE- 2013 par Alex - Blog Montania Sport","robots":{"index":"index","follow":"follow","max-snippet":"max-snippet:-1","max-image-preview":"max-image-preview:large","max-video-preview":"max-video-preview:-1"},"canonical":"https:\/\/www.montania-sport.com\/blog\/les-diablerets-3d-suisse-2013\/","og_locale":"fr_FR","og_type":"article","og_title":"Les Diablerets 3D - SUISSE- 2013 par Alex - Blog Montania Sport","og_description":"Course de Ski Alpinisme Les Diablerets 3D &#8211; SUISSE Le week-end pass\u00e9, direction les Diablerets chez nos voisins Suisses, pour participer \u00e0 la 3\u00e8me \u00e9dition de la Diablerets 3D (www.diablerets3d.ch). Cette course de ski alpinisme se d\u00e9roule sur 3 jours avec au programme\u00a0: Verticale Race de 780m D+ le vendredi soir. Course par \u00e9quipe de &hellip; Les Diablerets 3D &#8211; SUISSE- 2013 par Alex Lire la suite\u00a0\u00bb","og_url":"https:\/\/www.montania-sport.com\/blog\/les-diablerets-3d-suisse-2013\/","og_site_name":"Blog Montania Sport","article_publisher":"https:\/\/www.facebook.com\/Montania.Sport","article_published_time":"2013-03-14T18:38:43+00:00","og_image":[{"url":"http:\/\/www.montania-sport.fr\/wp-content\/uploads\/2013\/03\/arrete-2-680x442.jpg","type":"","width":"","height":""}],"author":"cedric","twitter_card":"summary_large_image","twitter_creator":"@MontaniaSport","twitter_site":"@MontaniaSport","twitter_misc":{"\u00c9crit par":"cedric","Dur\u00e9e de lecture estim\u00e9e":"3 minutes"},"schema":{"@context":"https:\/\/schema.org","@graph":[{"@type":"Article","@id":"https:\/\/www.montania-sport.com\/blog\/les-diablerets-3d-suisse-2013\/#article","isPartOf":{"@id":"https:\/\/www.montania-sport.com\/blog\/les-diablerets-3d-suisse-2013\/"},"author":{"name":"cedric","@id":"https:\/\/www.montania-sport.com\/blog\/#\/schema\/person\/eb15113f453620c1519f3f6a3886b250"},"headline":"Les Diablerets 3D &#8211; SUISSE- 2013 par Alex","datePublished":"2013-03-14T18:38:43+00:00","mainEntityOfPage":{"@id":"https:\/\/www.montania-sport.com\/blog\/les-diablerets-3d-suisse-2013\/"},"wordCount":704,"commentCount":0,"publisher":{"@id":"https:\/\/www.montania-sport.com\/blog\/#organization"},"image":{"@id":"https:\/\/www.montania-sport.com\/blog\/les-diablerets-3d-suisse-2013\/#primaryimage"},"thumbnailUrl":"https:\/\/www.montania-sport.com\/blog\/wp-content\/uploads\/2013\/03\/arrete-2-680x442.jpg","articleSection":["Carnet de Courses"],"inLanguage":"fr-FR","potentialAction":[{"@type":"CommentAction","name":"Comment","target":["https:\/\/www.montania-sport.com\/blog\/les-diablerets-3d-suisse-2013\/#respond"]}]},{"@type":"WebPage","@id":"https:\/\/www.montania-sport.com\/blog\/les-diablerets-3d-suisse-2013\/","url":"https:\/\/www.montania-sport.com\/blog\/les-diablerets-3d-suisse-2013\/","name":"Les Diablerets 3D - SUISSE- 2013 par Alex - Blog Montania Sport","isPartOf":{"@id":"https:\/\/www.montania-sport.com\/blog\/#website"},"primaryImageOfPage":{"@id":"https:\/\/www.montania-sport.com\/blog\/les-diablerets-3d-suisse-2013\/#primaryimage"},"image":{"@id":"https:\/\/www.montania-sport.com\/blog\/les-diablerets-3d-suisse-2013\/#primaryimage"},"thumbnailUrl":"https:\/\/www.montania-sport.com\/blog\/wp-content\/uploads\/2013\/03\/arrete-2-680x442.jpg","datePublished":"2013-03-14T18:38:43+00:00","breadcrumb":{"@id":"https:\/\/www.montania-sport.com\/blog\/les-diablerets-3d-suisse-2013\/#breadcrumb"},"inLanguage":"fr-FR","potentialAction":[{"@type":"ReadAction","target":["https:\/\/www.montania-sport.com\/blog\/les-diablerets-3d-suisse-2013\/"]}]},{"@type":"ImageObject","inLanguage":"fr-FR","@id":"https:\/\/www.montania-sport.com\/blog\/les-diablerets-3d-suisse-2013\/#primaryimage","url":"https:\/\/www.montania-sport.com\/blog\/wp-content\/uploads\/2013\/03\/arrete-2.jpg","contentUrl":"https:\/\/www.montania-sport.com\/blog\/wp-content\/uploads\/2013\/03\/arrete-2.jpg","width":800,"height":521},{"@type":"BreadcrumbList","@id":"https:\/\/www.montania-sport.com\/blog\/les-diablerets-3d-suisse-2013\/#breadcrumb","itemListElement":[{"@type":"ListItem","position":1,"name":"Accueil","item":"https:\/\/www.montania-sport.com\/blog\/"},{"@type":"ListItem","position":2,"name":"Les Diablerets 3D &#8211; SUISSE- 2013 par Alex"}]},{"@type":"WebSite","@id":"https:\/\/www.montania-sport.com\/blog\/#website","url":"https:\/\/www.montania-sport.com\/blog\/","name":"Blog Montania Sport","description":"Blog Montania Sport","publisher":{"@id":"https:\/\/www.montania-sport.com\/blog\/#organization"},"potentialAction":[{"@type":"SearchAction","target":{"@type":"EntryPoint","urlTemplate":"https:\/\/www.montania-sport.com\/blog\/?s={search_term_string}"},"query-input":{"@type":"PropertyValueSpecification","valueRequired":true,"valueName":"search_term_string"}}],"inLanguage":"fr-FR"},{"@type":"Organization","@id":"https:\/\/www.montania-sport.com\/blog\/#organization","name":"Montania Sport","url":"https:\/\/www.montania-sport.com\/blog\/","logo":{"@type":"ImageObject","inLanguage":"fr-FR","@id":"https:\/\/www.montania-sport.com\/blog\/#\/schema\/logo\/image\/","url":"https:\/\/www.montania-sport.com\/blog\/wp-content\/uploads\/2023\/04\/cropped-Logo-BLOG-2023-1200.png","contentUrl":"https:\/\/www.montania-sport.com\/blog\/wp-content\/uploads\/2023\/04\/cropped-Logo-BLOG-2023-1200.png","width":1200,"height":645,"caption":"Montania Sport"},"image":{"@id":"https:\/\/www.montania-sport.com\/blog\/#\/schema\/logo\/image\/"},"sameAs":["https:\/\/www.facebook.com\/Montania.Sport","https:\/\/x.com\/MontaniaSport","https:\/\/www.instagram.com\/montania_sport"]},{"@type":"Person","@id":"https:\/\/www.montania-sport.com\/blog\/#\/schema\/person\/eb15113f453620c1519f3f6a3886b250","name":"cedric","image":{"@type":"ImageObject","inLanguage":"fr-FR","@id":"https:\/\/www.montania-sport.com\/blog\/#\/schema\/person\/image\/","url":"https:\/\/secure.gravatar.com\/avatar\/9851a6499bed921b62b2ae7c399fe8ce?s=96&d=mm&r=g","contentUrl":"https:\/\/secure.gravatar.com\/avatar\/9851a6499bed921b62b2ae7c399fe8ce?s=96&d=mm&r=g","caption":"cedric"},"url":"https:\/\/www.montania-sport.com\/blog\/author\/cedric\/"}]}},"jetpack_featured_media_url":"","jetpack_sharing_enabled":true,"jetpack-related-posts":[],"_links":{"self":[{"href":"https:\/\/www.montania-sport.com\/blog\/wp-json\/wp\/v2\/posts\/632","targetHints":{"allow":["GET"]}}],"collection":[{"href":"https:\/\/www.montania-sport.com\/blog\/wp-json\/wp\/v2\/posts"}],"about":[{"href":"https:\/\/www.montania-sport.com\/blog\/wp-json\/wp\/v2\/types\/post"}],"author":[{"embeddable":true,"href":"https:\/\/www.montania-sport.com\/blog\/wp-json\/wp\/v2\/users\/2"}],"replies":[{"embeddable":true,"href":"https:\/\/www.montania-sport.com\/blog\/wp-json\/wp\/v2\/comments?post=632"}],"version-history":[{"count":0,"href":"https:\/\/www.montania-sport.com\/blog\/wp-json\/wp\/v2\/posts\/632\/revisions"}],"wp:attachment":[{"href":"https:\/\/www.montania-sport.com\/blog\/wp-json\/wp\/v2\/media?parent=632"}],"wp:term":[{"taxonomy":"category","embeddable":true,"href":"https:\/\/www.montania-sport.com\/blog\/wp-json\/wp\/v2\/categories?post=632"},{"taxonomy":"post_tag","embeddable":true,"href":"https:\/\/www.montania-sport.com\/blog\/wp-json\/wp\/v2\/tags?post=632"}],"curies":[{"name":"wp","href":"https:\/\/api.w.org\/{rel}","templated":true}]}}