{"id":620,"date":"2013-02-14T16:18:18","date_gmt":"2013-02-14T15:18:18","guid":{"rendered":"https:\/\/www.montania-sport.com\/blog\/?p=620"},"modified":"2023-06-13T15:37:18","modified_gmt":"2023-06-13T14:37:18","slug":"tsf-2013-team-ski-montania-2eme-au-classement-general","status":"publish","type":"post","link":"https:\/\/www.montania-sport.com\/blog\/tsf-2013-team-ski-montania-2eme-au-classement-general\/","title":{"rendered":"TSF 2013 : Team Ski Montania 2\u00e8me au classement g\u00e9n\u00e9ral !!!"},"content":{"rendered":"\n<p>Ce week-end s\u2019est d\u00e9roul\u00e9 la 10<sup>\u00e8me<\/sup> \u00e9dition de la TSF-Millet en plein c\u0153ur du massif des Aravis. Cette comp\u00e9tition&nbsp; de ski alpinisme se d\u00e9roule en 2 \u00e9tapes&nbsp;: la premi\u00e8re sur le massif de la Tournette et la deuxi\u00e8me sur le Sulens cette ann\u00e9e.<\/p>\n\n\n\n<p>Malgr\u00e9 les fortes chutes de neiges, les organisateurs ont su proposer un parcours tr\u00e8s alpin avec des passages d\u2019arr\u00eates en crampons, pleins de conversations et de grandes descentes toutes en poudreuse&nbsp;! F\u00e9licitations \u00e0 eux, \u00e7a ne devait pas \u00eatre facile de faire la trace dans ces 60 cm de poudreuse fraichement tomb\u00e9e, sans doute plus fatiguant que la course elle-m\u00eame&nbsp;!<\/p>\n\n\n\n<figure class=\"wp-block-image aligncenter size-full\"><a href=\"https:\/\/www.montania-sport.com\/blog\/wp-content\/uploads\/2013\/02\/montee800.jpg\"><img fetchpriority=\"high\" decoding=\"async\" width=\"800\" height=\"598\" src=\"https:\/\/www.montania-sport.com\/blog\/wp-content\/uploads\/2013\/02\/montee800.jpg\" alt=\"\" class=\"wp-image-621\" srcset=\"https:\/\/www.montania-sport.com\/blog\/wp-content\/uploads\/2013\/02\/montee800.jpg 800w, https:\/\/www.montania-sport.com\/blog\/wp-content\/uploads\/2013\/02\/montee800-300x224.jpg 300w\" sizes=\"(max-width: 800px) 100vw, 800px\" \/><\/a><\/figure>\n\n\n\n<!--more-->\n\n\n\n<p>La premi\u00e8re \u00e9tape sur la Tournette, qui comptait 2700 m de D+, r\u00e9parti sur 7 mont\u00e9es avec 3 passages \u00e0 pied (skis sur le sac), a ravi \u00e0 l\u2019ensemble des coureurs.<\/p>\n\n\n\n<p>Avec ce beau ciel bleu et toute cette poudreuse, on \u00e9tait presque d\u00e9\u00e7ue de passer la ligne d\u2019arriv\u00e9e. Heureusement, on savait qu\u2019une belle journ\u00e9e \u00e9tait au programme le lendemain.<\/p>\n\n\n\n<p>La deuxi\u00e8me \u00e9tape s\u2019est d\u00e9roul\u00e9e sur le massif du Sulens\u00a0: Pointe d\u2019Orci\u00e8res, Rocheveille, Arr\u00eate s\u00e8che du Sulens et\u00a0 pour terminer re-Sulens par la voie normale. Le beau temps \u00e9tait toujours au rendez-vous mais accompagn\u00e9 d\u2019un froid polaire (-15\u00b0), \u00e7a piquait un peu sur la ligne de d\u00e9part. Malgr\u00e9 ce froid, plusieurs centaines de spectateurs \u00e9taient venues encourager les coureurs sur tout le long du parcours. Les cloches et encouragements ont su r\u00e9chauffer et porter les coureurs pour gravir les 2400 m de d\u00e9nivel\u00e9 au programme. Merci beaucoup\u00a0! L\u2019ambiance \u00e9tait digne des plus grandes comp\u00e9titions de ski alpinisme\u00a0! Le son des cloches r\u00e9sonne encore dans la t\u00eate des coureurs! Pour faire d\u00e9couvrir et partager cet \u00e9v\u00e8nement au plus grand nombre, l\u2019arriv\u00e9e se faisait en plein c\u0153ur du village de Manigod. L\u2019ambiance \u00e9tait au rendez-vous\u00a0! Avec ce froid, les coureurs et spectateurs ont tous appr\u00e9ci\u00e9 le bon vin chaud \u00e0 l\u2019arriv\u00e9e\u00a0!<\/p>\n\n\n\n<figure class=\"wp-block-image aligncenter size-full\"><a href=\"https:\/\/www.montania-sport.com\/blog\/wp-content\/uploads\/2013\/02\/descente800.jpg\"><img decoding=\"async\" width=\"800\" height=\"598\" src=\"https:\/\/www.montania-sport.com\/blog\/wp-content\/uploads\/2013\/02\/descente800.jpg\" alt=\"\" class=\"wp-image-623\" srcset=\"https:\/\/www.montania-sport.com\/blog\/wp-content\/uploads\/2013\/02\/descente800.jpg 800w, https:\/\/www.montania-sport.com\/blog\/wp-content\/uploads\/2013\/02\/descente800-300x224.jpg 300w\" sizes=\"(max-width: 800px) 100vw, 800px\" \/><\/a><\/figure>\n\n\n\n<p>C\u00f4t\u00e9 course, Alexandre du team Montania a couru avec le jeune et prometteur Aur\u00e9lien Dunand-Pallaz. Ag\u00e9 de 20 ans seulement, c\u2019\u00e9tait sa premi\u00e8re participation \u00e0 une grande course par \u00e9quipe de ski alpinisme. Cette \u00e9quipe s\u2019est entendue \u00e0 merveille sur les 2 jours et a su g\u00e9rer son effort pour avaler les 5100 m de D+. Au final, ils ont d\u00e9croch\u00e9 une tr\u00e8s belle 2<sup>\u00e8me<\/sup> place au classement g\u00e9n\u00e9ral de la course derri\u00e8re l\u2019\u00e9quipe franco-suisse compos\u00e9e d\u2019Adrien Piccot et Remy.<\/p>\n\n\n\n<p>Chez les filles, ce sont les deux jeunes Mathilde Bonnefoi et Salom\u00e9 Candela qui l\u2019emportent devant Ga\u00eblle Martin\/Julie Mottier et Alice Lauga\/Isabelle Ciferman.<\/p>\n\n\n\n<figure class=\"wp-block-image aligncenter size-full\"><a href=\"https:\/\/www.montania-sport.com\/blog\/wp-content\/uploads\/2013\/02\/podium800.jpg\"><img decoding=\"async\" width=\"800\" height=\"598\" src=\"https:\/\/www.montania-sport.com\/blog\/wp-content\/uploads\/2013\/02\/podium800.jpg\" alt=\"\" class=\"wp-image-622\" srcset=\"https:\/\/www.montania-sport.com\/blog\/wp-content\/uploads\/2013\/02\/podium800.jpg 800w, https:\/\/www.montania-sport.com\/blog\/wp-content\/uploads\/2013\/02\/podium800-300x224.jpg 300w\" sizes=\"(max-width: 800px) 100vw, 800px\" \/><\/a><\/figure>\n\n\n\n<p>La prochaine comp\u00e9tition se d\u00e9roulera le week-end prochain aux Sybelles (Maurienne). Alexandre fera \u00e0 nouveau \u00e9quipe avec Aur\u00e9lien pour de nouvelles aventures. Pour plus d\u2019infos sur la course (prendre un dossard ou venir encourager)&nbsp;: http:\/\/sybelles-villarinche.cabanova.com<\/p>\n\n\n\n<p>A bient\u00f4t.<\/p>\n","protected":false},"excerpt":{"rendered":"<p>Ce week-end s\u2019est d\u00e9roul\u00e9 la 10\u00e8me \u00e9dition de la TSF-Millet en plein c\u0153ur du massif des Aravis. Cette comp\u00e9tition&nbsp; de ski alpinisme se d\u00e9roule en 2 \u00e9tapes&nbsp;: la premi\u00e8re sur le massif de la Tournette et la deuxi\u00e8me sur le Sulens cette ann\u00e9e. Malgr\u00e9 les fortes chutes de neiges, les organisateurs ont su proposer un &hellip;<\/p>\n<p class=\"read-more\"> <a class=\"\" href=\"https:\/\/www.montania-sport.com\/blog\/tsf-2013-team-ski-montania-2eme-au-classement-general\/\"> <span class=\"screen-reader-text\">TSF 2013 : Team Ski Montania 2\u00e8me au classement g\u00e9n\u00e9ral !!!<\/span> Lire la suite\u00a0\u00bb<\/a><\/p>\n","protected":false},"author":2,"featured_media":0,"comment_status":"open","ping_status":"closed","sticky":false,"template":"","format":"standard","meta":{"site-sidebar-layout":"default","site-content-layout":"default","ast-global-header-display":"","ast-main-header-display":"","ast-hfb-above-header-display":"","ast-hfb-below-header-display":"","ast-hfb-mobile-header-display":"","site-post-title":"","ast-breadcrumbs-content":"","ast-featured-img":"","footer-sml-layout":"","theme-transparent-header-meta":"","adv-header-id-meta":"","stick-header-meta":"","header-above-stick-meta":"","header-main-stick-meta":"","header-below-stick-meta":"","_jetpack_memberships_contains_paid_content":false,"footnotes":""},"categories":[33],"tags":[],"class_list":["post-620","post","type-post","status-publish","format-standard","hentry","category-sorties-montagne"],"yoast_head":"<!-- This site is optimized with the Yoast SEO plugin v24.4 - https:\/\/yoast.com\/wordpress\/plugins\/seo\/ -->\n<title>TSF 2013 : Team Ski Montania 2\u00e8me au classement g\u00e9n\u00e9ral !!! - Blog Montania Sport<\/title>\n<meta name=\"robots\" content=\"index, follow, max-snippet:-1, max-image-preview:large, max-video-preview:-1\" \/>\n<link rel=\"canonical\" href=\"https:\/\/www.montania-sport.com\/blog\/tsf-2013-team-ski-montania-2eme-au-classement-general\/\" \/>\n<meta property=\"og:locale\" content=\"fr_FR\" \/>\n<meta property=\"og:type\" content=\"article\" \/>\n<meta property=\"og:title\" content=\"TSF 2013 : Team Ski Montania 2\u00e8me au classement g\u00e9n\u00e9ral !!! - Blog Montania Sport\" \/>\n<meta property=\"og:description\" content=\"Ce week-end s\u2019est d\u00e9roul\u00e9 la 10\u00e8me \u00e9dition de la TSF-Millet en plein c\u0153ur du massif des Aravis. Cette comp\u00e9tition&nbsp; de ski alpinisme se d\u00e9roule en 2 \u00e9tapes&nbsp;: la premi\u00e8re sur le massif de la Tournette et la deuxi\u00e8me sur le Sulens cette ann\u00e9e. Malgr\u00e9 les fortes chutes de neiges, les organisateurs ont su proposer un &hellip; TSF 2013 : Team Ski Montania 2\u00e8me au classement g\u00e9n\u00e9ral !!! Lire la suite\u00a0\u00bb\" \/>\n<meta property=\"og:url\" content=\"https:\/\/www.montania-sport.com\/blog\/tsf-2013-team-ski-montania-2eme-au-classement-general\/\" \/>\n<meta property=\"og:site_name\" content=\"Blog Montania Sport\" \/>\n<meta property=\"article:publisher\" content=\"https:\/\/www.facebook.com\/Montania.Sport\" \/>\n<meta property=\"article:published_time\" content=\"2013-02-14T15:18:18+00:00\" \/>\n<meta property=\"article:modified_time\" content=\"2023-06-13T14:37:18+00:00\" \/>\n<meta property=\"og:image\" content=\"https:\/\/storage.googleapis.com\/asdoria-shared-2.appspot.com\/wp-montania-prod\/1\/2013\/02\/montee800.jpg\" \/>\n<meta name=\"author\" content=\"cedric\" \/>\n<meta name=\"twitter:card\" content=\"summary_large_image\" \/>\n<meta name=\"twitter:creator\" content=\"@MontaniaSport\" \/>\n<meta name=\"twitter:site\" content=\"@MontaniaSport\" \/>\n<meta name=\"twitter:label1\" content=\"\u00c9crit par\" \/>\n\t<meta name=\"twitter:data1\" content=\"cedric\" \/>\n\t<meta name=\"twitter:label2\" content=\"Dur\u00e9e de lecture estim\u00e9e\" \/>\n\t<meta name=\"twitter:data2\" content=\"3 minutes\" \/>\n<script type=\"application\/ld+json\" class=\"yoast-schema-graph\">{\"@context\":\"https:\/\/schema.org\",\"@graph\":[{\"@type\":\"Article\",\"@id\":\"https:\/\/www.montania-sport.com\/blog\/tsf-2013-team-ski-montania-2eme-au-classement-general\/#article\",\"isPartOf\":{\"@id\":\"https:\/\/www.montania-sport.com\/blog\/tsf-2013-team-ski-montania-2eme-au-classement-general\/\"},\"author\":{\"name\":\"cedric\",\"@id\":\"https:\/\/www.montania-sport.com\/blog\/#\/schema\/person\/eb15113f453620c1519f3f6a3886b250\"},\"headline\":\"TSF 2013 : Team Ski Montania 2\u00e8me au classement g\u00e9n\u00e9ral !!!\",\"datePublished\":\"2013-02-14T15:18:18+00:00\",\"dateModified\":\"2023-06-13T14:37:18+00:00\",\"mainEntityOfPage\":{\"@id\":\"https:\/\/www.montania-sport.com\/blog\/tsf-2013-team-ski-montania-2eme-au-classement-general\/\"},\"wordCount\":525,\"commentCount\":0,\"publisher\":{\"@id\":\"https:\/\/www.montania-sport.com\/blog\/#organization\"},\"image\":{\"@id\":\"https:\/\/www.montania-sport.com\/blog\/tsf-2013-team-ski-montania-2eme-au-classement-general\/#primaryimage\"},\"thumbnailUrl\":\"https:\/\/www.montania-sport.com\/blog\/wp-content\/uploads\/2013\/02\/montee800.jpg\",\"articleSection\":[\"Carnet de Courses\"],\"inLanguage\":\"fr-FR\",\"potentialAction\":[{\"@type\":\"CommentAction\",\"name\":\"Comment\",\"target\":[\"https:\/\/www.montania-sport.com\/blog\/tsf-2013-team-ski-montania-2eme-au-classement-general\/#respond\"]}]},{\"@type\":\"WebPage\",\"@id\":\"https:\/\/www.montania-sport.com\/blog\/tsf-2013-team-ski-montania-2eme-au-classement-general\/\",\"url\":\"https:\/\/www.montania-sport.com\/blog\/tsf-2013-team-ski-montania-2eme-au-classement-general\/\",\"name\":\"TSF 2013 : Team Ski Montania 2\u00e8me au classement g\u00e9n\u00e9ral !!! - Blog Montania Sport\",\"isPartOf\":{\"@id\":\"https:\/\/www.montania-sport.com\/blog\/#website\"},\"primaryImageOfPage\":{\"@id\":\"https:\/\/www.montania-sport.com\/blog\/tsf-2013-team-ski-montania-2eme-au-classement-general\/#primaryimage\"},\"image\":{\"@id\":\"https:\/\/www.montania-sport.com\/blog\/tsf-2013-team-ski-montania-2eme-au-classement-general\/#primaryimage\"},\"thumbnailUrl\":\"https:\/\/www.montania-sport.com\/blog\/wp-content\/uploads\/2013\/02\/montee800.jpg\",\"datePublished\":\"2013-02-14T15:18:18+00:00\",\"dateModified\":\"2023-06-13T14:37:18+00:00\",\"breadcrumb\":{\"@id\":\"https:\/\/www.montania-sport.com\/blog\/tsf-2013-team-ski-montania-2eme-au-classement-general\/#breadcrumb\"},\"inLanguage\":\"fr-FR\",\"potentialAction\":[{\"@type\":\"ReadAction\",\"target\":[\"https:\/\/www.montania-sport.com\/blog\/tsf-2013-team-ski-montania-2eme-au-classement-general\/\"]}]},{\"@type\":\"ImageObject\",\"inLanguage\":\"fr-FR\",\"@id\":\"https:\/\/www.montania-sport.com\/blog\/tsf-2013-team-ski-montania-2eme-au-classement-general\/#primaryimage\",\"url\":\"https:\/\/www.montania-sport.com\/blog\/wp-content\/uploads\/2013\/02\/montee800.jpg\",\"contentUrl\":\"https:\/\/www.montania-sport.com\/blog\/wp-content\/uploads\/2013\/02\/montee800.jpg\",\"width\":800,\"height\":598},{\"@type\":\"BreadcrumbList\",\"@id\":\"https:\/\/www.montania-sport.com\/blog\/tsf-2013-team-ski-montania-2eme-au-classement-general\/#breadcrumb\",\"itemListElement\":[{\"@type\":\"ListItem\",\"position\":1,\"name\":\"Accueil\",\"item\":\"https:\/\/www.montania-sport.com\/blog\/\"},{\"@type\":\"ListItem\",\"position\":2,\"name\":\"TSF 2013 : Team Ski Montania 2\u00e8me au classement g\u00e9n\u00e9ral !!!\"}]},{\"@type\":\"WebSite\",\"@id\":\"https:\/\/www.montania-sport.com\/blog\/#website\",\"url\":\"https:\/\/www.montania-sport.com\/blog\/\",\"name\":\"Blog Montania Sport\",\"description\":\"Blog Montania Sport\",\"publisher\":{\"@id\":\"https:\/\/www.montania-sport.com\/blog\/#organization\"},\"potentialAction\":[{\"@type\":\"SearchAction\",\"target\":{\"@type\":\"EntryPoint\",\"urlTemplate\":\"https:\/\/www.montania-sport.com\/blog\/?s={search_term_string}\"},\"query-input\":{\"@type\":\"PropertyValueSpecification\",\"valueRequired\":true,\"valueName\":\"search_term_string\"}}],\"inLanguage\":\"fr-FR\"},{\"@type\":\"Organization\",\"@id\":\"https:\/\/www.montania-sport.com\/blog\/#organization\",\"name\":\"Montania Sport\",\"url\":\"https:\/\/www.montania-sport.com\/blog\/\",\"logo\":{\"@type\":\"ImageObject\",\"inLanguage\":\"fr-FR\",\"@id\":\"https:\/\/www.montania-sport.com\/blog\/#\/schema\/logo\/image\/\",\"url\":\"https:\/\/www.montania-sport.com\/blog\/wp-content\/uploads\/2023\/04\/cropped-Logo-BLOG-2023-1200.png\",\"contentUrl\":\"https:\/\/www.montania-sport.com\/blog\/wp-content\/uploads\/2023\/04\/cropped-Logo-BLOG-2023-1200.png\",\"width\":1200,\"height\":645,\"caption\":\"Montania Sport\"},\"image\":{\"@id\":\"https:\/\/www.montania-sport.com\/blog\/#\/schema\/logo\/image\/\"},\"sameAs\":[\"https:\/\/www.facebook.com\/Montania.Sport\",\"https:\/\/x.com\/MontaniaSport\",\"https:\/\/www.instagram.com\/montania_sport\"]},{\"@type\":\"Person\",\"@id\":\"https:\/\/www.montania-sport.com\/blog\/#\/schema\/person\/eb15113f453620c1519f3f6a3886b250\",\"name\":\"cedric\",\"image\":{\"@type\":\"ImageObject\",\"inLanguage\":\"fr-FR\",\"@id\":\"https:\/\/www.montania-sport.com\/blog\/#\/schema\/person\/image\/\",\"url\":\"https:\/\/secure.gravatar.com\/avatar\/9851a6499bed921b62b2ae7c399fe8ce?s=96&d=mm&r=g\",\"contentUrl\":\"https:\/\/secure.gravatar.com\/avatar\/9851a6499bed921b62b2ae7c399fe8ce?s=96&d=mm&r=g\",\"caption\":\"cedric\"},\"url\":\"https:\/\/www.montania-sport.com\/blog\/author\/cedric\/\"}]}<\/script>\n<!-- \/ Yoast SEO plugin. -->","yoast_head_json":{"title":"TSF 2013 : Team Ski Montania 2\u00e8me au classement g\u00e9n\u00e9ral !!! - Blog Montania Sport","robots":{"index":"index","follow":"follow","max-snippet":"max-snippet:-1","max-image-preview":"max-image-preview:large","max-video-preview":"max-video-preview:-1"},"canonical":"https:\/\/www.montania-sport.com\/blog\/tsf-2013-team-ski-montania-2eme-au-classement-general\/","og_locale":"fr_FR","og_type":"article","og_title":"TSF 2013 : Team Ski Montania 2\u00e8me au classement g\u00e9n\u00e9ral !!! - Blog Montania Sport","og_description":"Ce week-end s\u2019est d\u00e9roul\u00e9 la 10\u00e8me \u00e9dition de la TSF-Millet en plein c\u0153ur du massif des Aravis. Cette comp\u00e9tition&nbsp; de ski alpinisme se d\u00e9roule en 2 \u00e9tapes&nbsp;: la premi\u00e8re sur le massif de la Tournette et la deuxi\u00e8me sur le Sulens cette ann\u00e9e. Malgr\u00e9 les fortes chutes de neiges, les organisateurs ont su proposer un &hellip; TSF 2013 : Team Ski Montania 2\u00e8me au classement g\u00e9n\u00e9ral !!! Lire la suite\u00a0\u00bb","og_url":"https:\/\/www.montania-sport.com\/blog\/tsf-2013-team-ski-montania-2eme-au-classement-general\/","og_site_name":"Blog Montania Sport","article_publisher":"https:\/\/www.facebook.com\/Montania.Sport","article_published_time":"2013-02-14T15:18:18+00:00","article_modified_time":"2023-06-13T14:37:18+00:00","og_image":[{"url":"https:\/\/storage.googleapis.com\/asdoria-shared-2.appspot.com\/wp-montania-prod\/1\/2013\/02\/montee800.jpg","type":"","width":"","height":""}],"author":"cedric","twitter_card":"summary_large_image","twitter_creator":"@MontaniaSport","twitter_site":"@MontaniaSport","twitter_misc":{"\u00c9crit par":"cedric","Dur\u00e9e de lecture estim\u00e9e":"3 minutes"},"schema":{"@context":"https:\/\/schema.org","@graph":[{"@type":"Article","@id":"https:\/\/www.montania-sport.com\/blog\/tsf-2013-team-ski-montania-2eme-au-classement-general\/#article","isPartOf":{"@id":"https:\/\/www.montania-sport.com\/blog\/tsf-2013-team-ski-montania-2eme-au-classement-general\/"},"author":{"name":"cedric","@id":"https:\/\/www.montania-sport.com\/blog\/#\/schema\/person\/eb15113f453620c1519f3f6a3886b250"},"headline":"TSF 2013 : Team Ski Montania 2\u00e8me au classement g\u00e9n\u00e9ral !!!","datePublished":"2013-02-14T15:18:18+00:00","dateModified":"2023-06-13T14:37:18+00:00","mainEntityOfPage":{"@id":"https:\/\/www.montania-sport.com\/blog\/tsf-2013-team-ski-montania-2eme-au-classement-general\/"},"wordCount":525,"commentCount":0,"publisher":{"@id":"https:\/\/www.montania-sport.com\/blog\/#organization"},"image":{"@id":"https:\/\/www.montania-sport.com\/blog\/tsf-2013-team-ski-montania-2eme-au-classement-general\/#primaryimage"},"thumbnailUrl":"https:\/\/www.montania-sport.com\/blog\/wp-content\/uploads\/2013\/02\/montee800.jpg","articleSection":["Carnet de Courses"],"inLanguage":"fr-FR","potentialAction":[{"@type":"CommentAction","name":"Comment","target":["https:\/\/www.montania-sport.com\/blog\/tsf-2013-team-ski-montania-2eme-au-classement-general\/#respond"]}]},{"@type":"WebPage","@id":"https:\/\/www.montania-sport.com\/blog\/tsf-2013-team-ski-montania-2eme-au-classement-general\/","url":"https:\/\/www.montania-sport.com\/blog\/tsf-2013-team-ski-montania-2eme-au-classement-general\/","name":"TSF 2013 : Team Ski Montania 2\u00e8me au classement g\u00e9n\u00e9ral !!! - Blog Montania Sport","isPartOf":{"@id":"https:\/\/www.montania-sport.com\/blog\/#website"},"primaryImageOfPage":{"@id":"https:\/\/www.montania-sport.com\/blog\/tsf-2013-team-ski-montania-2eme-au-classement-general\/#primaryimage"},"image":{"@id":"https:\/\/www.montania-sport.com\/blog\/tsf-2013-team-ski-montania-2eme-au-classement-general\/#primaryimage"},"thumbnailUrl":"https:\/\/www.montania-sport.com\/blog\/wp-content\/uploads\/2013\/02\/montee800.jpg","datePublished":"2013-02-14T15:18:18+00:00","dateModified":"2023-06-13T14:37:18+00:00","breadcrumb":{"@id":"https:\/\/www.montania-sport.com\/blog\/tsf-2013-team-ski-montania-2eme-au-classement-general\/#breadcrumb"},"inLanguage":"fr-FR","potentialAction":[{"@type":"ReadAction","target":["https:\/\/www.montania-sport.com\/blog\/tsf-2013-team-ski-montania-2eme-au-classement-general\/"]}]},{"@type":"ImageObject","inLanguage":"fr-FR","@id":"https:\/\/www.montania-sport.com\/blog\/tsf-2013-team-ski-montania-2eme-au-classement-general\/#primaryimage","url":"https:\/\/www.montania-sport.com\/blog\/wp-content\/uploads\/2013\/02\/montee800.jpg","contentUrl":"https:\/\/www.montania-sport.com\/blog\/wp-content\/uploads\/2013\/02\/montee800.jpg","width":800,"height":598},{"@type":"BreadcrumbList","@id":"https:\/\/www.montania-sport.com\/blog\/tsf-2013-team-ski-montania-2eme-au-classement-general\/#breadcrumb","itemListElement":[{"@type":"ListItem","position":1,"name":"Accueil","item":"https:\/\/www.montania-sport.com\/blog\/"},{"@type":"ListItem","position":2,"name":"TSF 2013 : Team Ski Montania 2\u00e8me au classement g\u00e9n\u00e9ral !!!"}]},{"@type":"WebSite","@id":"https:\/\/www.montania-sport.com\/blog\/#website","url":"https:\/\/www.montania-sport.com\/blog\/","name":"Blog Montania Sport","description":"Blog Montania Sport","publisher":{"@id":"https:\/\/www.montania-sport.com\/blog\/#organization"},"potentialAction":[{"@type":"SearchAction","target":{"@type":"EntryPoint","urlTemplate":"https:\/\/www.montania-sport.com\/blog\/?s={search_term_string}"},"query-input":{"@type":"PropertyValueSpecification","valueRequired":true,"valueName":"search_term_string"}}],"inLanguage":"fr-FR"},{"@type":"Organization","@id":"https:\/\/www.montania-sport.com\/blog\/#organization","name":"Montania Sport","url":"https:\/\/www.montania-sport.com\/blog\/","logo":{"@type":"ImageObject","inLanguage":"fr-FR","@id":"https:\/\/www.montania-sport.com\/blog\/#\/schema\/logo\/image\/","url":"https:\/\/www.montania-sport.com\/blog\/wp-content\/uploads\/2023\/04\/cropped-Logo-BLOG-2023-1200.png","contentUrl":"https:\/\/www.montania-sport.com\/blog\/wp-content\/uploads\/2023\/04\/cropped-Logo-BLOG-2023-1200.png","width":1200,"height":645,"caption":"Montania Sport"},"image":{"@id":"https:\/\/www.montania-sport.com\/blog\/#\/schema\/logo\/image\/"},"sameAs":["https:\/\/www.facebook.com\/Montania.Sport","https:\/\/x.com\/MontaniaSport","https:\/\/www.instagram.com\/montania_sport"]},{"@type":"Person","@id":"https:\/\/www.montania-sport.com\/blog\/#\/schema\/person\/eb15113f453620c1519f3f6a3886b250","name":"cedric","image":{"@type":"ImageObject","inLanguage":"fr-FR","@id":"https:\/\/www.montania-sport.com\/blog\/#\/schema\/person\/image\/","url":"https:\/\/secure.gravatar.com\/avatar\/9851a6499bed921b62b2ae7c399fe8ce?s=96&d=mm&r=g","contentUrl":"https:\/\/secure.gravatar.com\/avatar\/9851a6499bed921b62b2ae7c399fe8ce?s=96&d=mm&r=g","caption":"cedric"},"url":"https:\/\/www.montania-sport.com\/blog\/author\/cedric\/"}]}},"jetpack_featured_media_url":"","jetpack_sharing_enabled":true,"jetpack-related-posts":[],"_links":{"self":[{"href":"https:\/\/www.montania-sport.com\/blog\/wp-json\/wp\/v2\/posts\/620","targetHints":{"allow":["GET"]}}],"collection":[{"href":"https:\/\/www.montania-sport.com\/blog\/wp-json\/wp\/v2\/posts"}],"about":[{"href":"https:\/\/www.montania-sport.com\/blog\/wp-json\/wp\/v2\/types\/post"}],"author":[{"embeddable":true,"href":"https:\/\/www.montania-sport.com\/blog\/wp-json\/wp\/v2\/users\/2"}],"replies":[{"embeddable":true,"href":"https:\/\/www.montania-sport.com\/blog\/wp-json\/wp\/v2\/comments?post=620"}],"version-history":[{"count":2,"href":"https:\/\/www.montania-sport.com\/blog\/wp-json\/wp\/v2\/posts\/620\/revisions"}],"predecessor-version":[{"id":32250,"href":"https:\/\/www.montania-sport.com\/blog\/wp-json\/wp\/v2\/posts\/620\/revisions\/32250"}],"wp:attachment":[{"href":"https:\/\/www.montania-sport.com\/blog\/wp-json\/wp\/v2\/media?parent=620"}],"wp:term":[{"taxonomy":"category","embeddable":true,"href":"https:\/\/www.montania-sport.com\/blog\/wp-json\/wp\/v2\/categories?post=620"},{"taxonomy":"post_tag","embeddable":true,"href":"https:\/\/www.montania-sport.com\/blog\/wp-json\/wp\/v2\/tags?post=620"}],"curies":[{"name":"wp","href":"https:\/\/api.w.org\/{rel}","templated":true}]}}