{"id":609,"date":"2013-02-09T13:47:46","date_gmt":"2013-02-09T12:47:46","guid":{"rendered":"https:\/\/www.montania-sport.com\/blog\/?p=609"},"modified":"2013-02-09T13:47:46","modified_gmt":"2013-02-09T12:47:46","slug":"tour-du-grand-veymont-gresse-en-vercors","status":"publish","type":"post","link":"https:\/\/www.montania-sport.com\/blog\/tour-du-grand-veymont-gresse-en-vercors\/","title":{"rendered":"Tour du Grand-Veymont &#8211; Gresse-en-Vercors par Alex"},"content":{"rendered":"<p><b>Tour du Grand-Veymont &#8211; Gresse-en-Vercors<\/b><\/p>\n<p><img fetchpriority=\"high\" decoding=\"async\" class=\"alignleft size-full wp-image-610\" alt=\"XTF_9499\" src=\"https:\/\/www.montania-sport.com\/blog\/wp-content\/uploads\/2013\/02\/XTF_9499.jpeg\" width=\"199\" height=\"300\" \/><\/p>\n<p><span style=\"font-size: 13px; line-height: 19px;\">Ce dimanche, s\u2019es<\/span><span style=\"font-size: 13px; line-height: 19px;\">t d\u00e9roul\u00e9e la 9<\/span><sup style=\"line-height: 19px;\">\u00e8me<\/sup><span style=\"font-size: 13px; line-height: 19px;\"> \u00e9dition du Grand-Veymont.<\/span><br \/>\nLa comp\u00e9tition s\u2019est pass\u00e9e dans des conditions tr\u00e8s hivernales, avec une temp\u00e9rature de &#8211; 7\u00b0 et des vents soufflants en rafale \u00e0 plus de 100km\/h au sommet.<\/p>\n<p>La c\u00e9l\u00e8bre arr\u00eate tr\u00e8s a\u00e9rienne du Grand-Veymont n\u2019a pas pu \u00eatre r\u00e9alis\u00e9e.<br \/>\nDans ces conditions difficiles, les organisateurs ont su proposer un bel itin\u00e9raire de repli, avec de nombreuses conversions, un couloir \u00e0 pied tr\u00e8s technique et de belles descentes en for\u00eat \u00e0 l\u2019abri du vent et tout en poudreuse\u00a0! Le parcours faisait 1700m D+ r\u00e9parti sur 5 mont\u00e9es.<\/p>\n<p>&nbsp;<\/p>\n<p><!--more--><\/p>\n<p>Un grand merci \u00e0 tous les b\u00e9n\u00e9voles et bravo pour cette belle organisation\u00a0!<\/p>\n<p>Cot\u00e9 course, sur ce parcours technique et nerveux avec l\u2019encha\u00eenement de plusieurs mont\u00e9es, la bagarre fut tr\u00e8s serr\u00e9 et la moindre petite erreur faisait perdre rapidement des places\u00a0!<\/p>\n<p>&nbsp;<\/p>\n<p><img decoding=\"async\" class=\"aligncenter size-full wp-image-611\" alt=\"XTF_9418\" src=\"https:\/\/www.montania-sport.com\/blog\/wp-content\/uploads\/2013\/02\/XTF_9418.jpeg\" width=\"300\" height=\"199\" \/><\/p>\n<p>A ce petit jeu, Alexandre du team Montania d\u00e9croche une belle 3<sup>\u00e8me<\/sup> place, derri\u00e8re Alexis Bonnel (1<sup>er<\/sup>) et Fran\u00e7ois Dhaene (2<sup>\u00e8me<\/sup>).<\/p>\n<p>Chez les filles, c\u2019est Ga\u00eblle Martin qui l\u2019emporte devant Elsa Hugot et Aude Aznavour.<\/p>\n<p>Le prochain rendez-vous est fix\u00e9 ce week-end avec la dixi\u00e8me \u00e9dition de la TSF. Cette course, sur deux jours, se d\u00e9roule en plein c\u0153ur du massif des Aravis. La premi\u00e8re \u00e9tape se fait sur le secteur de la Tournette et la deuxi\u00e8me se d\u00e9roule du cot\u00e9 du Mont-Charvin ou sur le Sulens selon les conditions m\u00e9t\u00e9o. Au final, les participants auront un programme avec pas moins de 5000 m de d\u00e9nivel\u00e9 positif r\u00e9parti sur les deux jours (une vraie petite Pierra Menta!).<\/p>\n<p>&nbsp;<\/p>\n<p><img decoding=\"async\" class=\"aligncenter size-full wp-image-612\" alt=\"XTF_9596\" src=\"https:\/\/www.montania-sport.com\/blog\/wp-content\/uploads\/2013\/02\/XTF_9596.jpeg\" width=\"300\" height=\"199\" \/><\/p>\n<p>&nbsp;<\/p>\n<p>Venez nombreux encourager, participer et d\u00e9couvrir l\u2019ambiance sur une course de ski alpinisme\u00a0!<\/p>\n<p>A bient\u00f4t.<\/p>\n<p>Alexandre<\/p>\n","protected":false},"excerpt":{"rendered":"<p>Tour du Grand-Veymont &#8211; Gresse-en-Vercors Ce dimanche, s\u2019est d\u00e9roul\u00e9e la 9\u00e8me \u00e9dition du Grand-Veymont. La comp\u00e9tition s\u2019est pass\u00e9e dans des conditions tr\u00e8s hivernales, avec une temp\u00e9rature de &#8211; 7\u00b0 et des vents soufflants en rafale \u00e0 plus de 100km\/h au sommet. La c\u00e9l\u00e8bre arr\u00eate tr\u00e8s a\u00e9rienne du Grand-Veymont n\u2019a pas pu \u00eatre r\u00e9alis\u00e9e. Dans ces &hellip;<\/p>\n<p class=\"read-more\"> <a class=\"\" href=\"https:\/\/www.montania-sport.com\/blog\/tour-du-grand-veymont-gresse-en-vercors\/\"> <span class=\"screen-reader-text\">Tour du Grand-Veymont &#8211; Gresse-en-Vercors par Alex<\/span> Lire la suite\u00a0\u00bb<\/a><\/p>\n","protected":false},"author":2,"featured_media":0,"comment_status":"open","ping_status":"closed","sticky":false,"template":"","format":"standard","meta":{"site-sidebar-layout":"default","site-content-layout":"default","ast-global-header-display":"","ast-main-header-display":"","ast-hfb-above-header-display":"","ast-hfb-below-header-display":"","ast-hfb-mobile-header-display":"","site-post-title":"","ast-breadcrumbs-content":"","ast-featured-img":"","footer-sml-layout":"","theme-transparent-header-meta":"","adv-header-id-meta":"","stick-header-meta":"","header-above-stick-meta":"","header-main-stick-meta":"","header-below-stick-meta":"","_jetpack_memberships_contains_paid_content":false,"footnotes":""},"categories":[33],"tags":[],"class_list":["post-609","post","type-post","status-publish","format-standard","hentry","category-sorties-montagne"],"yoast_head":"<!-- This site is optimized with the Yoast SEO plugin v24.4 - https:\/\/yoast.com\/wordpress\/plugins\/seo\/ -->\n<title>Tour du Grand-Veymont - Gresse-en-Vercors par Alex - Blog Montania Sport<\/title>\n<meta name=\"robots\" content=\"index, follow, max-snippet:-1, max-image-preview:large, max-video-preview:-1\" \/>\n<link rel=\"canonical\" href=\"https:\/\/www.montania-sport.com\/blog\/tour-du-grand-veymont-gresse-en-vercors\/\" \/>\n<meta property=\"og:locale\" content=\"fr_FR\" \/>\n<meta property=\"og:type\" content=\"article\" \/>\n<meta property=\"og:title\" content=\"Tour du Grand-Veymont - Gresse-en-Vercors par Alex - Blog Montania Sport\" \/>\n<meta property=\"og:description\" content=\"Tour du Grand-Veymont &#8211; Gresse-en-Vercors Ce dimanche, s\u2019est d\u00e9roul\u00e9e la 9\u00e8me \u00e9dition du Grand-Veymont. La comp\u00e9tition s\u2019est pass\u00e9e dans des conditions tr\u00e8s hivernales, avec une temp\u00e9rature de &#8211; 7\u00b0 et des vents soufflants en rafale \u00e0 plus de 100km\/h au sommet. La c\u00e9l\u00e8bre arr\u00eate tr\u00e8s a\u00e9rienne du Grand-Veymont n\u2019a pas pu \u00eatre r\u00e9alis\u00e9e. Dans ces &hellip; Tour du Grand-Veymont &#8211; Gresse-en-Vercors par Alex Lire la suite\u00a0\u00bb\" \/>\n<meta property=\"og:url\" content=\"https:\/\/www.montania-sport.com\/blog\/tour-du-grand-veymont-gresse-en-vercors\/\" \/>\n<meta property=\"og:site_name\" content=\"Blog Montania Sport\" \/>\n<meta property=\"article:publisher\" content=\"https:\/\/www.facebook.com\/Montania.Sport\" \/>\n<meta property=\"article:published_time\" content=\"2013-02-09T12:47:46+00:00\" \/>\n<meta property=\"og:image\" content=\"http:\/\/www.montania-sport.fr\/wp-content\/uploads\/2013\/02\/XTF_9499.jpeg\" \/>\n<meta name=\"author\" content=\"cedric\" \/>\n<meta name=\"twitter:card\" content=\"summary_large_image\" \/>\n<meta name=\"twitter:creator\" content=\"@MontaniaSport\" \/>\n<meta name=\"twitter:site\" content=\"@MontaniaSport\" \/>\n<meta name=\"twitter:label1\" content=\"\u00c9crit par\" \/>\n\t<meta name=\"twitter:data1\" content=\"cedric\" \/>\n\t<meta name=\"twitter:label2\" content=\"Dur\u00e9e de lecture estim\u00e9e\" \/>\n\t<meta name=\"twitter:data2\" content=\"2 minutes\" \/>\n<script type=\"application\/ld+json\" class=\"yoast-schema-graph\">{\"@context\":\"https:\/\/schema.org\",\"@graph\":[{\"@type\":\"Article\",\"@id\":\"https:\/\/www.montania-sport.com\/blog\/tour-du-grand-veymont-gresse-en-vercors\/#article\",\"isPartOf\":{\"@id\":\"https:\/\/www.montania-sport.com\/blog\/tour-du-grand-veymont-gresse-en-vercors\/\"},\"author\":{\"name\":\"cedric\",\"@id\":\"https:\/\/www.montania-sport.com\/blog\/#\/schema\/person\/eb15113f453620c1519f3f6a3886b250\"},\"headline\":\"Tour du Grand-Veymont &#8211; Gresse-en-Vercors par Alex\",\"datePublished\":\"2013-02-09T12:47:46+00:00\",\"mainEntityOfPage\":{\"@id\":\"https:\/\/www.montania-sport.com\/blog\/tour-du-grand-veymont-gresse-en-vercors\/\"},\"wordCount\":327,\"commentCount\":0,\"publisher\":{\"@id\":\"https:\/\/www.montania-sport.com\/blog\/#organization\"},\"image\":{\"@id\":\"https:\/\/www.montania-sport.com\/blog\/tour-du-grand-veymont-gresse-en-vercors\/#primaryimage\"},\"thumbnailUrl\":\"https:\/\/www.montania-sport.com\/blog\/wp-content\/uploads\/2013\/02\/XTF_9499.jpeg\",\"articleSection\":[\"Carnet de Courses\"],\"inLanguage\":\"fr-FR\",\"potentialAction\":[{\"@type\":\"CommentAction\",\"name\":\"Comment\",\"target\":[\"https:\/\/www.montania-sport.com\/blog\/tour-du-grand-veymont-gresse-en-vercors\/#respond\"]}]},{\"@type\":\"WebPage\",\"@id\":\"https:\/\/www.montania-sport.com\/blog\/tour-du-grand-veymont-gresse-en-vercors\/\",\"url\":\"https:\/\/www.montania-sport.com\/blog\/tour-du-grand-veymont-gresse-en-vercors\/\",\"name\":\"Tour du Grand-Veymont - Gresse-en-Vercors par Alex - Blog Montania Sport\",\"isPartOf\":{\"@id\":\"https:\/\/www.montania-sport.com\/blog\/#website\"},\"primaryImageOfPage\":{\"@id\":\"https:\/\/www.montania-sport.com\/blog\/tour-du-grand-veymont-gresse-en-vercors\/#primaryimage\"},\"image\":{\"@id\":\"https:\/\/www.montania-sport.com\/blog\/tour-du-grand-veymont-gresse-en-vercors\/#primaryimage\"},\"thumbnailUrl\":\"https:\/\/www.montania-sport.com\/blog\/wp-content\/uploads\/2013\/02\/XTF_9499.jpeg\",\"datePublished\":\"2013-02-09T12:47:46+00:00\",\"breadcrumb\":{\"@id\":\"https:\/\/www.montania-sport.com\/blog\/tour-du-grand-veymont-gresse-en-vercors\/#breadcrumb\"},\"inLanguage\":\"fr-FR\",\"potentialAction\":[{\"@type\":\"ReadAction\",\"target\":[\"https:\/\/www.montania-sport.com\/blog\/tour-du-grand-veymont-gresse-en-vercors\/\"]}]},{\"@type\":\"ImageObject\",\"inLanguage\":\"fr-FR\",\"@id\":\"https:\/\/www.montania-sport.com\/blog\/tour-du-grand-veymont-gresse-en-vercors\/#primaryimage\",\"url\":\"https:\/\/www.montania-sport.com\/blog\/wp-content\/uploads\/2013\/02\/XTF_9499.jpeg\",\"contentUrl\":\"https:\/\/www.montania-sport.com\/blog\/wp-content\/uploads\/2013\/02\/XTF_9499.jpeg\",\"width\":199,\"height\":300},{\"@type\":\"BreadcrumbList\",\"@id\":\"https:\/\/www.montania-sport.com\/blog\/tour-du-grand-veymont-gresse-en-vercors\/#breadcrumb\",\"itemListElement\":[{\"@type\":\"ListItem\",\"position\":1,\"name\":\"Accueil\",\"item\":\"https:\/\/www.montania-sport.com\/blog\/\"},{\"@type\":\"ListItem\",\"position\":2,\"name\":\"Tour du Grand-Veymont &#8211; Gresse-en-Vercors par Alex\"}]},{\"@type\":\"WebSite\",\"@id\":\"https:\/\/www.montania-sport.com\/blog\/#website\",\"url\":\"https:\/\/www.montania-sport.com\/blog\/\",\"name\":\"Blog Montania Sport\",\"description\":\"Blog Montania Sport\",\"publisher\":{\"@id\":\"https:\/\/www.montania-sport.com\/blog\/#organization\"},\"potentialAction\":[{\"@type\":\"SearchAction\",\"target\":{\"@type\":\"EntryPoint\",\"urlTemplate\":\"https:\/\/www.montania-sport.com\/blog\/?s={search_term_string}\"},\"query-input\":{\"@type\":\"PropertyValueSpecification\",\"valueRequired\":true,\"valueName\":\"search_term_string\"}}],\"inLanguage\":\"fr-FR\"},{\"@type\":\"Organization\",\"@id\":\"https:\/\/www.montania-sport.com\/blog\/#organization\",\"name\":\"Montania Sport\",\"url\":\"https:\/\/www.montania-sport.com\/blog\/\",\"logo\":{\"@type\":\"ImageObject\",\"inLanguage\":\"fr-FR\",\"@id\":\"https:\/\/www.montania-sport.com\/blog\/#\/schema\/logo\/image\/\",\"url\":\"https:\/\/www.montania-sport.com\/blog\/wp-content\/uploads\/2023\/04\/cropped-Logo-BLOG-2023-1200.png\",\"contentUrl\":\"https:\/\/www.montania-sport.com\/blog\/wp-content\/uploads\/2023\/04\/cropped-Logo-BLOG-2023-1200.png\",\"width\":1200,\"height\":645,\"caption\":\"Montania Sport\"},\"image\":{\"@id\":\"https:\/\/www.montania-sport.com\/blog\/#\/schema\/logo\/image\/\"},\"sameAs\":[\"https:\/\/www.facebook.com\/Montania.Sport\",\"https:\/\/x.com\/MontaniaSport\",\"https:\/\/www.instagram.com\/montania_sport\"]},{\"@type\":\"Person\",\"@id\":\"https:\/\/www.montania-sport.com\/blog\/#\/schema\/person\/eb15113f453620c1519f3f6a3886b250\",\"name\":\"cedric\",\"image\":{\"@type\":\"ImageObject\",\"inLanguage\":\"fr-FR\",\"@id\":\"https:\/\/www.montania-sport.com\/blog\/#\/schema\/person\/image\/\",\"url\":\"https:\/\/secure.gravatar.com\/avatar\/9851a6499bed921b62b2ae7c399fe8ce?s=96&d=mm&r=g\",\"contentUrl\":\"https:\/\/secure.gravatar.com\/avatar\/9851a6499bed921b62b2ae7c399fe8ce?s=96&d=mm&r=g\",\"caption\":\"cedric\"},\"url\":\"https:\/\/www.montania-sport.com\/blog\/author\/cedric\/\"}]}<\/script>\n<!-- \/ Yoast SEO plugin. -->","yoast_head_json":{"title":"Tour du Grand-Veymont - Gresse-en-Vercors par Alex - Blog Montania Sport","robots":{"index":"index","follow":"follow","max-snippet":"max-snippet:-1","max-image-preview":"max-image-preview:large","max-video-preview":"max-video-preview:-1"},"canonical":"https:\/\/www.montania-sport.com\/blog\/tour-du-grand-veymont-gresse-en-vercors\/","og_locale":"fr_FR","og_type":"article","og_title":"Tour du Grand-Veymont - Gresse-en-Vercors par Alex - Blog Montania Sport","og_description":"Tour du Grand-Veymont &#8211; Gresse-en-Vercors Ce dimanche, s\u2019est d\u00e9roul\u00e9e la 9\u00e8me \u00e9dition du Grand-Veymont. La comp\u00e9tition s\u2019est pass\u00e9e dans des conditions tr\u00e8s hivernales, avec une temp\u00e9rature de &#8211; 7\u00b0 et des vents soufflants en rafale \u00e0 plus de 100km\/h au sommet. La c\u00e9l\u00e8bre arr\u00eate tr\u00e8s a\u00e9rienne du Grand-Veymont n\u2019a pas pu \u00eatre r\u00e9alis\u00e9e. Dans ces &hellip; Tour du Grand-Veymont &#8211; Gresse-en-Vercors par Alex Lire la suite\u00a0\u00bb","og_url":"https:\/\/www.montania-sport.com\/blog\/tour-du-grand-veymont-gresse-en-vercors\/","og_site_name":"Blog Montania Sport","article_publisher":"https:\/\/www.facebook.com\/Montania.Sport","article_published_time":"2013-02-09T12:47:46+00:00","og_image":[{"url":"http:\/\/www.montania-sport.fr\/wp-content\/uploads\/2013\/02\/XTF_9499.jpeg","type":"","width":"","height":""}],"author":"cedric","twitter_card":"summary_large_image","twitter_creator":"@MontaniaSport","twitter_site":"@MontaniaSport","twitter_misc":{"\u00c9crit par":"cedric","Dur\u00e9e de lecture estim\u00e9e":"2 minutes"},"schema":{"@context":"https:\/\/schema.org","@graph":[{"@type":"Article","@id":"https:\/\/www.montania-sport.com\/blog\/tour-du-grand-veymont-gresse-en-vercors\/#article","isPartOf":{"@id":"https:\/\/www.montania-sport.com\/blog\/tour-du-grand-veymont-gresse-en-vercors\/"},"author":{"name":"cedric","@id":"https:\/\/www.montania-sport.com\/blog\/#\/schema\/person\/eb15113f453620c1519f3f6a3886b250"},"headline":"Tour du Grand-Veymont &#8211; Gresse-en-Vercors par Alex","datePublished":"2013-02-09T12:47:46+00:00","mainEntityOfPage":{"@id":"https:\/\/www.montania-sport.com\/blog\/tour-du-grand-veymont-gresse-en-vercors\/"},"wordCount":327,"commentCount":0,"publisher":{"@id":"https:\/\/www.montania-sport.com\/blog\/#organization"},"image":{"@id":"https:\/\/www.montania-sport.com\/blog\/tour-du-grand-veymont-gresse-en-vercors\/#primaryimage"},"thumbnailUrl":"https:\/\/www.montania-sport.com\/blog\/wp-content\/uploads\/2013\/02\/XTF_9499.jpeg","articleSection":["Carnet de Courses"],"inLanguage":"fr-FR","potentialAction":[{"@type":"CommentAction","name":"Comment","target":["https:\/\/www.montania-sport.com\/blog\/tour-du-grand-veymont-gresse-en-vercors\/#respond"]}]},{"@type":"WebPage","@id":"https:\/\/www.montania-sport.com\/blog\/tour-du-grand-veymont-gresse-en-vercors\/","url":"https:\/\/www.montania-sport.com\/blog\/tour-du-grand-veymont-gresse-en-vercors\/","name":"Tour du Grand-Veymont - Gresse-en-Vercors par Alex - Blog Montania Sport","isPartOf":{"@id":"https:\/\/www.montania-sport.com\/blog\/#website"},"primaryImageOfPage":{"@id":"https:\/\/www.montania-sport.com\/blog\/tour-du-grand-veymont-gresse-en-vercors\/#primaryimage"},"image":{"@id":"https:\/\/www.montania-sport.com\/blog\/tour-du-grand-veymont-gresse-en-vercors\/#primaryimage"},"thumbnailUrl":"https:\/\/www.montania-sport.com\/blog\/wp-content\/uploads\/2013\/02\/XTF_9499.jpeg","datePublished":"2013-02-09T12:47:46+00:00","breadcrumb":{"@id":"https:\/\/www.montania-sport.com\/blog\/tour-du-grand-veymont-gresse-en-vercors\/#breadcrumb"},"inLanguage":"fr-FR","potentialAction":[{"@type":"ReadAction","target":["https:\/\/www.montania-sport.com\/blog\/tour-du-grand-veymont-gresse-en-vercors\/"]}]},{"@type":"ImageObject","inLanguage":"fr-FR","@id":"https:\/\/www.montania-sport.com\/blog\/tour-du-grand-veymont-gresse-en-vercors\/#primaryimage","url":"https:\/\/www.montania-sport.com\/blog\/wp-content\/uploads\/2013\/02\/XTF_9499.jpeg","contentUrl":"https:\/\/www.montania-sport.com\/blog\/wp-content\/uploads\/2013\/02\/XTF_9499.jpeg","width":199,"height":300},{"@type":"BreadcrumbList","@id":"https:\/\/www.montania-sport.com\/blog\/tour-du-grand-veymont-gresse-en-vercors\/#breadcrumb","itemListElement":[{"@type":"ListItem","position":1,"name":"Accueil","item":"https:\/\/www.montania-sport.com\/blog\/"},{"@type":"ListItem","position":2,"name":"Tour du Grand-Veymont &#8211; Gresse-en-Vercors par Alex"}]},{"@type":"WebSite","@id":"https:\/\/www.montania-sport.com\/blog\/#website","url":"https:\/\/www.montania-sport.com\/blog\/","name":"Blog Montania Sport","description":"Blog Montania Sport","publisher":{"@id":"https:\/\/www.montania-sport.com\/blog\/#organization"},"potentialAction":[{"@type":"SearchAction","target":{"@type":"EntryPoint","urlTemplate":"https:\/\/www.montania-sport.com\/blog\/?s={search_term_string}"},"query-input":{"@type":"PropertyValueSpecification","valueRequired":true,"valueName":"search_term_string"}}],"inLanguage":"fr-FR"},{"@type":"Organization","@id":"https:\/\/www.montania-sport.com\/blog\/#organization","name":"Montania Sport","url":"https:\/\/www.montania-sport.com\/blog\/","logo":{"@type":"ImageObject","inLanguage":"fr-FR","@id":"https:\/\/www.montania-sport.com\/blog\/#\/schema\/logo\/image\/","url":"https:\/\/www.montania-sport.com\/blog\/wp-content\/uploads\/2023\/04\/cropped-Logo-BLOG-2023-1200.png","contentUrl":"https:\/\/www.montania-sport.com\/blog\/wp-content\/uploads\/2023\/04\/cropped-Logo-BLOG-2023-1200.png","width":1200,"height":645,"caption":"Montania Sport"},"image":{"@id":"https:\/\/www.montania-sport.com\/blog\/#\/schema\/logo\/image\/"},"sameAs":["https:\/\/www.facebook.com\/Montania.Sport","https:\/\/x.com\/MontaniaSport","https:\/\/www.instagram.com\/montania_sport"]},{"@type":"Person","@id":"https:\/\/www.montania-sport.com\/blog\/#\/schema\/person\/eb15113f453620c1519f3f6a3886b250","name":"cedric","image":{"@type":"ImageObject","inLanguage":"fr-FR","@id":"https:\/\/www.montania-sport.com\/blog\/#\/schema\/person\/image\/","url":"https:\/\/secure.gravatar.com\/avatar\/9851a6499bed921b62b2ae7c399fe8ce?s=96&d=mm&r=g","contentUrl":"https:\/\/secure.gravatar.com\/avatar\/9851a6499bed921b62b2ae7c399fe8ce?s=96&d=mm&r=g","caption":"cedric"},"url":"https:\/\/www.montania-sport.com\/blog\/author\/cedric\/"}]}},"jetpack_featured_media_url":"","jetpack_sharing_enabled":true,"jetpack-related-posts":[],"_links":{"self":[{"href":"https:\/\/www.montania-sport.com\/blog\/wp-json\/wp\/v2\/posts\/609","targetHints":{"allow":["GET"]}}],"collection":[{"href":"https:\/\/www.montania-sport.com\/blog\/wp-json\/wp\/v2\/posts"}],"about":[{"href":"https:\/\/www.montania-sport.com\/blog\/wp-json\/wp\/v2\/types\/post"}],"author":[{"embeddable":true,"href":"https:\/\/www.montania-sport.com\/blog\/wp-json\/wp\/v2\/users\/2"}],"replies":[{"embeddable":true,"href":"https:\/\/www.montania-sport.com\/blog\/wp-json\/wp\/v2\/comments?post=609"}],"version-history":[{"count":0,"href":"https:\/\/www.montania-sport.com\/blog\/wp-json\/wp\/v2\/posts\/609\/revisions"}],"wp:attachment":[{"href":"https:\/\/www.montania-sport.com\/blog\/wp-json\/wp\/v2\/media?parent=609"}],"wp:term":[{"taxonomy":"category","embeddable":true,"href":"https:\/\/www.montania-sport.com\/blog\/wp-json\/wp\/v2\/categories?post=609"},{"taxonomy":"post_tag","embeddable":true,"href":"https:\/\/www.montania-sport.com\/blog\/wp-json\/wp\/v2\/tags?post=609"}],"curies":[{"name":"wp","href":"https:\/\/api.w.org\/{rel}","templated":true}]}}