{"id":579,"date":"2013-02-01T19:19:10","date_gmt":"2013-02-01T18:19:10","guid":{"rendered":"https:\/\/www.montania-sport.com\/blog\/?p=579"},"modified":"2023-06-13T15:27:02","modified_gmt":"2023-06-13T14:27:02","slug":"le-mont-morbier-en-ski-de-rando","status":"publish","type":"post","link":"https:\/\/www.montania-sport.com\/blog\/le-mont-morbier-en-ski-de-rando\/","title":{"rendered":"Le Mont Morbier en Ski de Rando par Alex"},"content":{"rendered":"<p><strong>Mardi 22 Janvier<\/strong><\/p>\n<p>6h du matin : les yeux grands ouverts dans le lit, dehors les \u00e9toiles brillent&#8230;<br \/>\nYes, il va faire beau\u00a0!<\/p>\n<p>Avec la neige fra\u00eechement tomb\u00e9e la veille, la journ\u00e9e s\u2019annonce id\u00e9ale pour faire de belles traces\u00a0sur le Mont Morbi\u00e9 !<\/p>\n<p>Il va falloir faire vite pour \u00eatre le premier sur les skis\u00a0!<\/p>\n<p><a href=\"https:\/\/www.montania-sport.com\/blog\/wp-content\/uploads\/2013\/02\/20130122_093636.jpg\"><img fetchpriority=\"high\" decoding=\"async\" class=\"alignnone wp-image-580 size-medium\" src=\"https:\/\/www.montania-sport.com\/blog\/wp-content\/uploads\/2013\/02\/20130122_093636-300x225.jpg\" alt=\"\" width=\"300\" height=\"225\" srcset=\"https:\/\/www.montania-sport.com\/blog\/wp-content\/uploads\/2013\/02\/20130122_093636-300x225.jpg 300w, https:\/\/www.montania-sport.com\/blog\/wp-content\/uploads\/2013\/02\/20130122_093636.jpg 800w\" sizes=\"(max-width: 300px) 100vw, 300px\" \/><\/a><\/p>\n<p><!--more--><\/p>\n<p>Apr\u00e8s environ 30 minutes de voiture depuis Chamb\u00e9ry, j\u2019arrive sur le parking d\u2019Aillons-station. Ouf\u00a0! Je suis le premier arriv\u00e9\u00a0! La neige tomb\u00e9e est tr\u00e8s l\u00e9g\u00e8re, la trace est facile \u00e0 faire\u00a0! La mont\u00e9e de 600 m D+ se fait rapidement.<\/p>\n<p><a href=\"https:\/\/www.montania-sport.com\/blog\/wp-content\/uploads\/2013\/02\/20130122_094049.jpg\"><img decoding=\"async\" class=\"alignnone wp-image-581 size-medium\" src=\"https:\/\/www.montania-sport.com\/blog\/wp-content\/uploads\/2013\/02\/20130122_094049-300x225.jpg\" alt=\"\" width=\"300\" height=\"225\" srcset=\"https:\/\/www.montania-sport.com\/blog\/wp-content\/uploads\/2013\/02\/20130122_094049-300x225.jpg 300w, https:\/\/www.montania-sport.com\/blog\/wp-content\/uploads\/2013\/02\/20130122_094049.jpg 800w\" sizes=\"(max-width: 300px) 100vw, 300px\" \/><\/a><\/p>\n<p>Arriv\u00e9 au sommet, personne\u00a0! J\u2019ai bien fait de me lever t\u00f4t ce matin\u00a0! Un peu plus bas, un petit groupe en provenance de l\u2019itin\u00e9raire au d\u00e9part vers le col du Fr\u00eane semble aussi se r\u00e9galer \u00e0 faire la trace de mont\u00e9e.<\/p>\n<p><a href=\"https:\/\/www.montania-sport.com\/blog\/wp-content\/uploads\/2013\/02\/20130122_094650.jpg\"><img decoding=\"async\" class=\"alignnone wp-image-582 size-medium\" src=\"https:\/\/www.montania-sport.com\/blog\/wp-content\/uploads\/2013\/02\/20130122_094650-300x225.jpg\" alt=\"\" width=\"300\" height=\"225\" srcset=\"https:\/\/www.montania-sport.com\/blog\/wp-content\/uploads\/2013\/02\/20130122_094650-300x225.jpg 300w, https:\/\/www.montania-sport.com\/blog\/wp-content\/uploads\/2013\/02\/20130122_094650.jpg 800w\" sizes=\"(max-width: 300px) 100vw, 300px\" \/><\/a><\/p>\n<p>La descente se fait toute en douceur dans la poudreuse et hop, on remet les peaux pour refaire quelques mont\u00e9es et profiter encore de ce beau soleil\u00a0! D\u00e9sol\u00e9, pour ceux qui travaillaient !<\/p>\n<p><a href=\"https:\/\/www.montania-sport.com\/blog\/wp-content\/uploads\/2013\/02\/20130122_0947141.jpg\"><img loading=\"lazy\" decoding=\"async\" class=\"alignnone wp-image-584 size-medium\" src=\"https:\/\/www.montania-sport.com\/blog\/wp-content\/uploads\/2013\/02\/20130122_0947141-300x225.jpg\" alt=\"\" width=\"300\" height=\"225\" srcset=\"https:\/\/www.montania-sport.com\/blog\/wp-content\/uploads\/2013\/02\/20130122_0947141-300x225.jpg 300w, https:\/\/www.montania-sport.com\/blog\/wp-content\/uploads\/2013\/02\/20130122_0947141.jpg 800w\" sizes=\"(max-width: 300px) 100vw, 300px\" \/><\/a><\/p>\n<p>Pour ceux qui ne connaissent pas le coin, il faut faire attention aux buissons qui sont souvent tr\u00e8s \u00e9pineux (merci Fabien\u00a0!). Ce serait dommage d\u2019arracher sa doudoune\u00a0!<\/p>\n<p>Pour les curieux de d\u00e9couvrir un site sympa \u00e0 une petite demi-heure de Chamb\u00e9ry, voici\u00a0un petit topo\u00a0:<\/p>\n<ul>\n<li>Route\u00a0: de Chamb\u00e9ry, prendre direction St-Jean d\u2019Arvey, puis Station Aillons-Mag\u00e9riaz par le col des Pr\u00e9s (D206), et Aillons-Station\u00a0;<\/li>\n<\/ul>\n<ul>\n<li>Rando\u00a0: Plusieurs itin\u00e9raires de mont\u00e9es sont possibles. Le plus classique commence sur la piste dam\u00e9e, et se poursuit en hors piste sur le haut (\u00e0 cot\u00e9 de la piste noire non dam\u00e9e). Par contre, sur le versant Sud depuis le col du Fr\u00eane, la mont\u00e9e est nettement plus agr\u00e9able puisque que aucune piste n\u2019existe de ce cot\u00e9 (id\u00e9al pour faire une deuxi\u00e8me mont\u00e9e).<\/li>\n<\/ul>\n<ul>\n<li>Cette rando est praticable m\u00eame en cas de l\u00e9ger mauvais temps, et peut se faire \u00e9galement en raquettes \u00e0 neige.<\/li>\n<\/ul>\n<p style=\"text-align: right;\">Alexandre DG<\/p>\n<p><a href=\"https:\/\/www.montania-sport.com\/blog\/wp-content\/uploads\/2013\/02\/20130122_095531.jpg\"><img loading=\"lazy\" decoding=\"async\" class=\"alignnone wp-image-585 size-medium\" src=\"https:\/\/www.montania-sport.com\/blog\/wp-content\/uploads\/2013\/02\/20130122_095531-300x225.jpg\" alt=\"\" width=\"300\" height=\"225\" srcset=\"https:\/\/www.montania-sport.com\/blog\/wp-content\/uploads\/2013\/02\/20130122_095531-300x225.jpg 300w, https:\/\/www.montania-sport.com\/blog\/wp-content\/uploads\/2013\/02\/20130122_095531.jpg 800w\" sizes=\"(max-width: 300px) 100vw, 300px\" \/><\/a><\/p>\n","protected":false},"excerpt":{"rendered":"<p>Mardi 22 Janvier 6h du matin : les yeux grands ouverts dans le lit, dehors les \u00e9toiles brillent&#8230; Yes, il va faire beau\u00a0! Avec la neige fra\u00eechement tomb\u00e9e la veille, la journ\u00e9e s\u2019annonce id\u00e9ale pour faire de belles traces\u00a0sur le Mont Morbi\u00e9 ! Il va falloir faire vite pour \u00eatre le premier sur les skis\u00a0!<\/p>\n","protected":false},"author":2,"featured_media":0,"comment_status":"open","ping_status":"closed","sticky":false,"template":"","format":"standard","meta":{"site-sidebar-layout":"default","site-content-layout":"default","ast-global-header-display":"","ast-main-header-display":"","ast-hfb-above-header-display":"","ast-hfb-below-header-display":"","ast-hfb-mobile-header-display":"","site-post-title":"","ast-breadcrumbs-content":"","ast-featured-img":"","footer-sml-layout":"","theme-transparent-header-meta":"","adv-header-id-meta":"","stick-header-meta":"","header-above-stick-meta":"","header-main-stick-meta":"","header-below-stick-meta":"","_jetpack_memberships_contains_paid_content":false,"footnotes":""},"categories":[33],"tags":[],"class_list":["post-579","post","type-post","status-publish","format-standard","hentry","category-sorties-montagne"],"yoast_head":"<!-- This site is optimized with the Yoast SEO plugin v24.4 - https:\/\/yoast.com\/wordpress\/plugins\/seo\/ -->\n<title>Le Mont Morbier en Ski de Rando par Alex - Blog Montania Sport<\/title>\n<meta name=\"robots\" content=\"index, follow, max-snippet:-1, max-image-preview:large, max-video-preview:-1\" \/>\n<link rel=\"canonical\" href=\"https:\/\/www.montania-sport.com\/blog\/le-mont-morbier-en-ski-de-rando\/\" \/>\n<meta property=\"og:locale\" content=\"fr_FR\" \/>\n<meta property=\"og:type\" content=\"article\" \/>\n<meta property=\"og:title\" content=\"Le Mont Morbier en Ski de Rando par Alex - Blog Montania Sport\" \/>\n<meta property=\"og:description\" content=\"Mardi 22 Janvier 6h du matin : les yeux grands ouverts dans le lit, dehors les \u00e9toiles brillent&#8230; Yes, il va faire beau\u00a0! Avec la neige fra\u00eechement tomb\u00e9e la veille, la journ\u00e9e s\u2019annonce id\u00e9ale pour faire de belles traces\u00a0sur le Mont Morbi\u00e9 ! Il va falloir faire vite pour \u00eatre le premier sur les skis\u00a0!\" \/>\n<meta property=\"og:url\" content=\"https:\/\/www.montania-sport.com\/blog\/le-mont-morbier-en-ski-de-rando\/\" \/>\n<meta property=\"og:site_name\" content=\"Blog Montania Sport\" \/>\n<meta property=\"article:publisher\" content=\"https:\/\/www.facebook.com\/Montania.Sport\" \/>\n<meta property=\"article:published_time\" content=\"2013-02-01T18:19:10+00:00\" \/>\n<meta property=\"article:modified_time\" content=\"2023-06-13T14:27:02+00:00\" \/>\n<meta property=\"og:image\" content=\"https:\/\/storage.googleapis.com\/asdoria-shared-2.appspot.com\/wp-montania-prod\/1\/2013\/02\/20130122_093636-300x225.jpg\" \/>\n<meta name=\"author\" content=\"cedric\" \/>\n<meta name=\"twitter:card\" content=\"summary_large_image\" \/>\n<meta name=\"twitter:creator\" content=\"@MontaniaSport\" \/>\n<meta name=\"twitter:site\" content=\"@MontaniaSport\" \/>\n<meta name=\"twitter:label1\" content=\"\u00c9crit par\" \/>\n\t<meta name=\"twitter:data1\" content=\"cedric\" \/>\n\t<meta name=\"twitter:label2\" content=\"Dur\u00e9e de lecture estim\u00e9e\" \/>\n\t<meta name=\"twitter:data2\" content=\"3 minutes\" \/>\n<script type=\"application\/ld+json\" class=\"yoast-schema-graph\">{\"@context\":\"https:\/\/schema.org\",\"@graph\":[{\"@type\":\"Article\",\"@id\":\"https:\/\/www.montania-sport.com\/blog\/le-mont-morbier-en-ski-de-rando\/#article\",\"isPartOf\":{\"@id\":\"https:\/\/www.montania-sport.com\/blog\/le-mont-morbier-en-ski-de-rando\/\"},\"author\":{\"name\":\"cedric\",\"@id\":\"https:\/\/www.montania-sport.com\/blog\/#\/schema\/person\/eb15113f453620c1519f3f6a3886b250\"},\"headline\":\"Le Mont Morbier en Ski de Rando par Alex\",\"datePublished\":\"2013-02-01T18:19:10+00:00\",\"dateModified\":\"2023-06-13T14:27:02+00:00\",\"mainEntityOfPage\":{\"@id\":\"https:\/\/www.montania-sport.com\/blog\/le-mont-morbier-en-ski-de-rando\/\"},\"wordCount\":361,\"commentCount\":0,\"publisher\":{\"@id\":\"https:\/\/www.montania-sport.com\/blog\/#organization\"},\"image\":{\"@id\":\"https:\/\/www.montania-sport.com\/blog\/le-mont-morbier-en-ski-de-rando\/#primaryimage\"},\"thumbnailUrl\":\"https:\/\/www.montania-sport.com\/blog\/wp-content\/uploads\/2013\/02\/20130122_093636-300x225.jpg\",\"articleSection\":[\"Carnet de Courses\"],\"inLanguage\":\"fr-FR\",\"potentialAction\":[{\"@type\":\"CommentAction\",\"name\":\"Comment\",\"target\":[\"https:\/\/www.montania-sport.com\/blog\/le-mont-morbier-en-ski-de-rando\/#respond\"]}]},{\"@type\":\"WebPage\",\"@id\":\"https:\/\/www.montania-sport.com\/blog\/le-mont-morbier-en-ski-de-rando\/\",\"url\":\"https:\/\/www.montania-sport.com\/blog\/le-mont-morbier-en-ski-de-rando\/\",\"name\":\"Le Mont Morbier en Ski de Rando par Alex - Blog Montania Sport\",\"isPartOf\":{\"@id\":\"https:\/\/www.montania-sport.com\/blog\/#website\"},\"primaryImageOfPage\":{\"@id\":\"https:\/\/www.montania-sport.com\/blog\/le-mont-morbier-en-ski-de-rando\/#primaryimage\"},\"image\":{\"@id\":\"https:\/\/www.montania-sport.com\/blog\/le-mont-morbier-en-ski-de-rando\/#primaryimage\"},\"thumbnailUrl\":\"https:\/\/www.montania-sport.com\/blog\/wp-content\/uploads\/2013\/02\/20130122_093636-300x225.jpg\",\"datePublished\":\"2013-02-01T18:19:10+00:00\",\"dateModified\":\"2023-06-13T14:27:02+00:00\",\"breadcrumb\":{\"@id\":\"https:\/\/www.montania-sport.com\/blog\/le-mont-morbier-en-ski-de-rando\/#breadcrumb\"},\"inLanguage\":\"fr-FR\",\"potentialAction\":[{\"@type\":\"ReadAction\",\"target\":[\"https:\/\/www.montania-sport.com\/blog\/le-mont-morbier-en-ski-de-rando\/\"]}]},{\"@type\":\"ImageObject\",\"inLanguage\":\"fr-FR\",\"@id\":\"https:\/\/www.montania-sport.com\/blog\/le-mont-morbier-en-ski-de-rando\/#primaryimage\",\"url\":\"https:\/\/www.montania-sport.com\/blog\/wp-content\/uploads\/2013\/02\/20130122_093636.jpg\",\"contentUrl\":\"https:\/\/www.montania-sport.com\/blog\/wp-content\/uploads\/2013\/02\/20130122_093636.jpg\",\"width\":800,\"height\":600},{\"@type\":\"BreadcrumbList\",\"@id\":\"https:\/\/www.montania-sport.com\/blog\/le-mont-morbier-en-ski-de-rando\/#breadcrumb\",\"itemListElement\":[{\"@type\":\"ListItem\",\"position\":1,\"name\":\"Accueil\",\"item\":\"https:\/\/www.montania-sport.com\/blog\/\"},{\"@type\":\"ListItem\",\"position\":2,\"name\":\"Le Mont Morbier en Ski de Rando par Alex\"}]},{\"@type\":\"WebSite\",\"@id\":\"https:\/\/www.montania-sport.com\/blog\/#website\",\"url\":\"https:\/\/www.montania-sport.com\/blog\/\",\"name\":\"Blog Montania Sport\",\"description\":\"Blog Montania Sport\",\"publisher\":{\"@id\":\"https:\/\/www.montania-sport.com\/blog\/#organization\"},\"potentialAction\":[{\"@type\":\"SearchAction\",\"target\":{\"@type\":\"EntryPoint\",\"urlTemplate\":\"https:\/\/www.montania-sport.com\/blog\/?s={search_term_string}\"},\"query-input\":{\"@type\":\"PropertyValueSpecification\",\"valueRequired\":true,\"valueName\":\"search_term_string\"}}],\"inLanguage\":\"fr-FR\"},{\"@type\":\"Organization\",\"@id\":\"https:\/\/www.montania-sport.com\/blog\/#organization\",\"name\":\"Montania Sport\",\"url\":\"https:\/\/www.montania-sport.com\/blog\/\",\"logo\":{\"@type\":\"ImageObject\",\"inLanguage\":\"fr-FR\",\"@id\":\"https:\/\/www.montania-sport.com\/blog\/#\/schema\/logo\/image\/\",\"url\":\"https:\/\/www.montania-sport.com\/blog\/wp-content\/uploads\/2023\/04\/cropped-Logo-BLOG-2023-1200.png\",\"contentUrl\":\"https:\/\/www.montania-sport.com\/blog\/wp-content\/uploads\/2023\/04\/cropped-Logo-BLOG-2023-1200.png\",\"width\":1200,\"height\":645,\"caption\":\"Montania Sport\"},\"image\":{\"@id\":\"https:\/\/www.montania-sport.com\/blog\/#\/schema\/logo\/image\/\"},\"sameAs\":[\"https:\/\/www.facebook.com\/Montania.Sport\",\"https:\/\/x.com\/MontaniaSport\",\"https:\/\/www.instagram.com\/montania_sport\"]},{\"@type\":\"Person\",\"@id\":\"https:\/\/www.montania-sport.com\/blog\/#\/schema\/person\/eb15113f453620c1519f3f6a3886b250\",\"name\":\"cedric\",\"image\":{\"@type\":\"ImageObject\",\"inLanguage\":\"fr-FR\",\"@id\":\"https:\/\/www.montania-sport.com\/blog\/#\/schema\/person\/image\/\",\"url\":\"https:\/\/secure.gravatar.com\/avatar\/9851a6499bed921b62b2ae7c399fe8ce?s=96&d=mm&r=g\",\"contentUrl\":\"https:\/\/secure.gravatar.com\/avatar\/9851a6499bed921b62b2ae7c399fe8ce?s=96&d=mm&r=g\",\"caption\":\"cedric\"},\"url\":\"https:\/\/www.montania-sport.com\/blog\/author\/cedric\/\"}]}<\/script>\n<!-- \/ Yoast SEO plugin. -->","yoast_head_json":{"title":"Le Mont Morbier en Ski de Rando par Alex - Blog Montania Sport","robots":{"index":"index","follow":"follow","max-snippet":"max-snippet:-1","max-image-preview":"max-image-preview:large","max-video-preview":"max-video-preview:-1"},"canonical":"https:\/\/www.montania-sport.com\/blog\/le-mont-morbier-en-ski-de-rando\/","og_locale":"fr_FR","og_type":"article","og_title":"Le Mont Morbier en Ski de Rando par Alex - Blog Montania Sport","og_description":"Mardi 22 Janvier 6h du matin : les yeux grands ouverts dans le lit, dehors les \u00e9toiles brillent&#8230; Yes, il va faire beau\u00a0! Avec la neige fra\u00eechement tomb\u00e9e la veille, la journ\u00e9e s\u2019annonce id\u00e9ale pour faire de belles traces\u00a0sur le Mont Morbi\u00e9 ! Il va falloir faire vite pour \u00eatre le premier sur les skis\u00a0!","og_url":"https:\/\/www.montania-sport.com\/blog\/le-mont-morbier-en-ski-de-rando\/","og_site_name":"Blog Montania Sport","article_publisher":"https:\/\/www.facebook.com\/Montania.Sport","article_published_time":"2013-02-01T18:19:10+00:00","article_modified_time":"2023-06-13T14:27:02+00:00","og_image":[{"url":"https:\/\/storage.googleapis.com\/asdoria-shared-2.appspot.com\/wp-montania-prod\/1\/2013\/02\/20130122_093636-300x225.jpg","type":"","width":"","height":""}],"author":"cedric","twitter_card":"summary_large_image","twitter_creator":"@MontaniaSport","twitter_site":"@MontaniaSport","twitter_misc":{"\u00c9crit par":"cedric","Dur\u00e9e de lecture estim\u00e9e":"3 minutes"},"schema":{"@context":"https:\/\/schema.org","@graph":[{"@type":"Article","@id":"https:\/\/www.montania-sport.com\/blog\/le-mont-morbier-en-ski-de-rando\/#article","isPartOf":{"@id":"https:\/\/www.montania-sport.com\/blog\/le-mont-morbier-en-ski-de-rando\/"},"author":{"name":"cedric","@id":"https:\/\/www.montania-sport.com\/blog\/#\/schema\/person\/eb15113f453620c1519f3f6a3886b250"},"headline":"Le Mont Morbier en Ski de Rando par Alex","datePublished":"2013-02-01T18:19:10+00:00","dateModified":"2023-06-13T14:27:02+00:00","mainEntityOfPage":{"@id":"https:\/\/www.montania-sport.com\/blog\/le-mont-morbier-en-ski-de-rando\/"},"wordCount":361,"commentCount":0,"publisher":{"@id":"https:\/\/www.montania-sport.com\/blog\/#organization"},"image":{"@id":"https:\/\/www.montania-sport.com\/blog\/le-mont-morbier-en-ski-de-rando\/#primaryimage"},"thumbnailUrl":"https:\/\/www.montania-sport.com\/blog\/wp-content\/uploads\/2013\/02\/20130122_093636-300x225.jpg","articleSection":["Carnet de Courses"],"inLanguage":"fr-FR","potentialAction":[{"@type":"CommentAction","name":"Comment","target":["https:\/\/www.montania-sport.com\/blog\/le-mont-morbier-en-ski-de-rando\/#respond"]}]},{"@type":"WebPage","@id":"https:\/\/www.montania-sport.com\/blog\/le-mont-morbier-en-ski-de-rando\/","url":"https:\/\/www.montania-sport.com\/blog\/le-mont-morbier-en-ski-de-rando\/","name":"Le Mont Morbier en Ski de Rando par Alex - Blog Montania Sport","isPartOf":{"@id":"https:\/\/www.montania-sport.com\/blog\/#website"},"primaryImageOfPage":{"@id":"https:\/\/www.montania-sport.com\/blog\/le-mont-morbier-en-ski-de-rando\/#primaryimage"},"image":{"@id":"https:\/\/www.montania-sport.com\/blog\/le-mont-morbier-en-ski-de-rando\/#primaryimage"},"thumbnailUrl":"https:\/\/www.montania-sport.com\/blog\/wp-content\/uploads\/2013\/02\/20130122_093636-300x225.jpg","datePublished":"2013-02-01T18:19:10+00:00","dateModified":"2023-06-13T14:27:02+00:00","breadcrumb":{"@id":"https:\/\/www.montania-sport.com\/blog\/le-mont-morbier-en-ski-de-rando\/#breadcrumb"},"inLanguage":"fr-FR","potentialAction":[{"@type":"ReadAction","target":["https:\/\/www.montania-sport.com\/blog\/le-mont-morbier-en-ski-de-rando\/"]}]},{"@type":"ImageObject","inLanguage":"fr-FR","@id":"https:\/\/www.montania-sport.com\/blog\/le-mont-morbier-en-ski-de-rando\/#primaryimage","url":"https:\/\/www.montania-sport.com\/blog\/wp-content\/uploads\/2013\/02\/20130122_093636.jpg","contentUrl":"https:\/\/www.montania-sport.com\/blog\/wp-content\/uploads\/2013\/02\/20130122_093636.jpg","width":800,"height":600},{"@type":"BreadcrumbList","@id":"https:\/\/www.montania-sport.com\/blog\/le-mont-morbier-en-ski-de-rando\/#breadcrumb","itemListElement":[{"@type":"ListItem","position":1,"name":"Accueil","item":"https:\/\/www.montania-sport.com\/blog\/"},{"@type":"ListItem","position":2,"name":"Le Mont Morbier en Ski de Rando par Alex"}]},{"@type":"WebSite","@id":"https:\/\/www.montania-sport.com\/blog\/#website","url":"https:\/\/www.montania-sport.com\/blog\/","name":"Blog Montania Sport","description":"Blog Montania Sport","publisher":{"@id":"https:\/\/www.montania-sport.com\/blog\/#organization"},"potentialAction":[{"@type":"SearchAction","target":{"@type":"EntryPoint","urlTemplate":"https:\/\/www.montania-sport.com\/blog\/?s={search_term_string}"},"query-input":{"@type":"PropertyValueSpecification","valueRequired":true,"valueName":"search_term_string"}}],"inLanguage":"fr-FR"},{"@type":"Organization","@id":"https:\/\/www.montania-sport.com\/blog\/#organization","name":"Montania Sport","url":"https:\/\/www.montania-sport.com\/blog\/","logo":{"@type":"ImageObject","inLanguage":"fr-FR","@id":"https:\/\/www.montania-sport.com\/blog\/#\/schema\/logo\/image\/","url":"https:\/\/www.montania-sport.com\/blog\/wp-content\/uploads\/2023\/04\/cropped-Logo-BLOG-2023-1200.png","contentUrl":"https:\/\/www.montania-sport.com\/blog\/wp-content\/uploads\/2023\/04\/cropped-Logo-BLOG-2023-1200.png","width":1200,"height":645,"caption":"Montania Sport"},"image":{"@id":"https:\/\/www.montania-sport.com\/blog\/#\/schema\/logo\/image\/"},"sameAs":["https:\/\/www.facebook.com\/Montania.Sport","https:\/\/x.com\/MontaniaSport","https:\/\/www.instagram.com\/montania_sport"]},{"@type":"Person","@id":"https:\/\/www.montania-sport.com\/blog\/#\/schema\/person\/eb15113f453620c1519f3f6a3886b250","name":"cedric","image":{"@type":"ImageObject","inLanguage":"fr-FR","@id":"https:\/\/www.montania-sport.com\/blog\/#\/schema\/person\/image\/","url":"https:\/\/secure.gravatar.com\/avatar\/9851a6499bed921b62b2ae7c399fe8ce?s=96&d=mm&r=g","contentUrl":"https:\/\/secure.gravatar.com\/avatar\/9851a6499bed921b62b2ae7c399fe8ce?s=96&d=mm&r=g","caption":"cedric"},"url":"https:\/\/www.montania-sport.com\/blog\/author\/cedric\/"}]}},"jetpack_featured_media_url":"","jetpack_sharing_enabled":true,"jetpack-related-posts":[],"_links":{"self":[{"href":"https:\/\/www.montania-sport.com\/blog\/wp-json\/wp\/v2\/posts\/579","targetHints":{"allow":["GET"]}}],"collection":[{"href":"https:\/\/www.montania-sport.com\/blog\/wp-json\/wp\/v2\/posts"}],"about":[{"href":"https:\/\/www.montania-sport.com\/blog\/wp-json\/wp\/v2\/types\/post"}],"author":[{"embeddable":true,"href":"https:\/\/www.montania-sport.com\/blog\/wp-json\/wp\/v2\/users\/2"}],"replies":[{"embeddable":true,"href":"https:\/\/www.montania-sport.com\/blog\/wp-json\/wp\/v2\/comments?post=579"}],"version-history":[{"count":1,"href":"https:\/\/www.montania-sport.com\/blog\/wp-json\/wp\/v2\/posts\/579\/revisions"}],"predecessor-version":[{"id":32247,"href":"https:\/\/www.montania-sport.com\/blog\/wp-json\/wp\/v2\/posts\/579\/revisions\/32247"}],"wp:attachment":[{"href":"https:\/\/www.montania-sport.com\/blog\/wp-json\/wp\/v2\/media?parent=579"}],"wp:term":[{"taxonomy":"category","embeddable":true,"href":"https:\/\/www.montania-sport.com\/blog\/wp-json\/wp\/v2\/categories?post=579"},{"taxonomy":"post_tag","embeddable":true,"href":"https:\/\/www.montania-sport.com\/blog\/wp-json\/wp\/v2\/tags?post=579"}],"curies":[{"name":"wp","href":"https:\/\/api.w.org\/{rel}","templated":true}]}}