{"id":557,"date":"2013-01-07T17:47:04","date_gmt":"2013-01-07T16:47:04","guid":{"rendered":"https:\/\/www.montania-sport.com\/blog\/?p=557"},"modified":"2013-01-07T17:47:04","modified_gmt":"2013-01-07T16:47:04","slug":"championnats-de-france-de-ski-alpinisme-2013","status":"publish","type":"post","link":"https:\/\/www.montania-sport.com\/blog\/championnats-de-france-de-ski-alpinisme-2013\/","title":{"rendered":"Championnats de France de Ski Alpinisme 2013"},"content":{"rendered":"<p>Ce week-end, c\u2019est sous un grand ciel bleu que s\u2019est d\u00e9roul\u00e9e l\u2019\u00e9preuve individuelle des championnats de France \u00e0 Ar\u00eaches-Beaufort.<\/p>\n<p>De nombreux spectateurs s\u2019\u00e9taient donn\u00e9s rendez-vous au sommet des montagnes pour venir encourager les coureurs. L\u2019ambiance \u00e9tait digne d\u2019une \u00e9tape de la Pierra-Menta avec plusieurs centaines de spectateurs sur tout le parcours.<\/p>\n<p><img fetchpriority=\"high\" decoding=\"async\" class=\"aligncenter size-full wp-image-563\" alt=\"Tra\u00e7eurs\" src=\"https:\/\/www.montania-sport.com\/blog\/wp-content\/uploads\/2013\/01\/Tra\u00e7eurs.jpg\" width=\"512\" height=\"140\" srcset=\"https:\/\/www.montania-sport.com\/blog\/wp-content\/uploads\/2013\/01\/Tra\u00e7eurs.jpg 512w, https:\/\/www.montania-sport.com\/blog\/wp-content\/uploads\/2013\/01\/Tra\u00e7eurs-300x82.jpg 300w\" sizes=\"(max-width: 512px) 100vw, 512px\" \/><\/p>\n<p>&nbsp;<\/p>\n<p><!--more--><\/p>\n<p>&nbsp;<\/p>\n<figure id=\"attachment_559\" aria-describedby=\"caption-attachment-559\" style=\"width: 255px\" class=\"wp-caption aligncenter\"><img decoding=\"async\" class=\"size-medium wp-image-559\" alt=\"Alex au pied de la L\u00e9gette\" src=\"https:\/\/www.montania-sport.com\/blog\/wp-content\/uploads\/2013\/01\/Alex-au-pied-de-la-L\u00e9gette-255x340.jpg\" width=\"255\" height=\"340\" \/><figcaption id=\"caption-attachment-559\" class=\"wp-caption-text\">Alex au pied de la L\u00e9gette<\/figcaption><\/figure>\n<p>&nbsp;<\/p>\n<p>&nbsp;<\/p>\n<p>L\u2019accord\u00e9on et le bruit des cloches r\u00e9sonnent encore dans la t\u00eate des coureurs\u00a0!<\/p>\n<p>Vive le ski alpinisme\u00a0!<\/p>\n<figure id=\"attachment_561\" aria-describedby=\"caption-attachment-561\" style=\"width: 340px\" class=\"wp-caption aligncenter\"><img decoding=\"async\" class=\"size-medium wp-image-561\" alt=\"Ambiance sur la course \" src=\"https:\/\/www.montania-sport.com\/blog\/wp-content\/uploads\/2013\/01\/Ambiance-sur-la-course-340x226.jpg\" width=\"340\" height=\"226\" \/><figcaption id=\"caption-attachment-561\" class=\"wp-caption-text\">Ambiance sur la course<\/figcaption><\/figure>\n<p>&nbsp;<\/p>\n<p>&nbsp;<\/p>\n<p>&nbsp;<\/p>\n<p>&nbsp;<\/p>\n<p>&nbsp;<\/p>\n<p>Le parcours, compos\u00e9 de 5 mont\u00e9es pour 1700 D+, a \u00e9t\u00e9 organis\u00e9 de main de ma\u00eetre par le club d\u2019Ar\u00eaches-Beaufort (CMSAB). F\u00e9licitations et merci\u00a0!<\/p>\n<p>&nbsp;<\/p>\n<figure id=\"attachment_562\" aria-describedby=\"caption-attachment-562\" style=\"width: 340px\" class=\"wp-caption aligncenter\"><img loading=\"lazy\" decoding=\"async\" class=\"size-medium wp-image-562\" alt=\"Les tra\u00e7eurs \u00e0 l'aube  \" src=\"https:\/\/www.montania-sport.com\/blog\/wp-content\/uploads\/2013\/01\/Les-tra\u00e7eurs-\u00e0-laube-340x255.jpg\" width=\"340\" height=\"255\" \/><figcaption id=\"caption-attachment-562\" class=\"wp-caption-text\">Les tra\u00e7eurs \u00e0 l&rsquo;aube<\/figcaption><\/figure>\n<p>&nbsp;<\/p>\n<p>&nbsp;<\/p>\n<p>&nbsp;<\/p>\n<p>&nbsp;<\/p>\n<p>&nbsp;<\/p>\n<p>&nbsp;<\/p>\n<p>Les 270 skieurs engag\u00e9s ont offerts un beau spectacle avec de beaux combats et de belles performances sur ce parcours vari\u00e9 et technique. Les descentes \u00e9taient tr\u00e8s s\u00e9lectives avec des alternances rapides de neiges dures, crout\u00e9s ou poudreuse (ouf\u00a0!). Heureusement, gr\u00e2ce aux Dynastar Pierra Menta Pro, les descentes sont pass\u00e9es toutes en douceur mais \u00e0 vitesse grand V.<\/p>\n<p>&nbsp;<\/p>\n<p><img loading=\"lazy\" decoding=\"async\" class=\"aligncenter size-medium wp-image-558\" alt=\"William\" src=\"https:\/\/www.montania-sport.com\/blog\/wp-content\/uploads\/2013\/01\/William-255x340.jpg\" width=\"255\" height=\"340\" \/><\/p>\n<p>&nbsp;<\/p>\n<p>C\u00f4t\u00e9 course, William Bon-Mardion s\u2019impose devant les deux jeunes prometteurs Math\u00e9o Jacquemoud et Xavier Gachet. Chez les filles, Laetitia Roux l\u2019emporte devant l\u2019espoir Axelle Mollaret et Valentine Fabre.<\/p>\n<p><img loading=\"lazy\" decoding=\"async\" class=\"aligncenter size-medium wp-image-560\" alt=\"Alex\" src=\"https:\/\/www.montania-sport.com\/blog\/wp-content\/uploads\/2013\/01\/Alex-226x340.jpg\" width=\"226\" height=\"340\" \/><\/p>\n<p>&nbsp;<\/p>\n<p>&nbsp;<\/p>\n<p>&nbsp;<\/p>\n<p>&nbsp;<\/p>\n<p><strong>Alexandre, du team Montania, prend la 14<sup>\u00e8me<\/sup> place chez les s\u00e9nior<\/strong>.<\/p>\n<p>La prochaine comp\u00e9tition est fix\u00e9e Samedi prochain \u00e0 Doucy (73). A une petite heure du bassin Chamb\u00e9rien, n\u2019h\u00e9sitez pas \u00e0 venir participer ou encourager les coureurs et d\u00e9couvrir l\u2019ambiance d\u2019une course de ski alpinisme.<\/p>\n<p>A.DG<\/p>\n<p>&nbsp;<\/p>\n","protected":false},"excerpt":{"rendered":"<p>Ce week-end, c\u2019est sous un grand ciel bleu que s\u2019est d\u00e9roul\u00e9e l\u2019\u00e9preuve individuelle des championnats de France \u00e0 Ar\u00eaches-Beaufort. De nombreux spectateurs s\u2019\u00e9taient donn\u00e9s rendez-vous au sommet des montagnes pour venir encourager les coureurs. L\u2019ambiance \u00e9tait digne d\u2019une \u00e9tape de la Pierra-Menta avec plusieurs centaines de spectateurs sur tout le parcours. &nbsp;<\/p>\n","protected":false},"author":2,"featured_media":0,"comment_status":"open","ping_status":"closed","sticky":false,"template":"","format":"standard","meta":{"site-sidebar-layout":"default","site-content-layout":"default","ast-global-header-display":"","ast-main-header-display":"","ast-hfb-above-header-display":"","ast-hfb-below-header-display":"","ast-hfb-mobile-header-display":"","site-post-title":"","ast-breadcrumbs-content":"","ast-featured-img":"","footer-sml-layout":"","theme-transparent-header-meta":"","adv-header-id-meta":"","stick-header-meta":"","header-above-stick-meta":"","header-main-stick-meta":"","header-below-stick-meta":"","_jetpack_memberships_contains_paid_content":false,"footnotes":""},"categories":[33],"tags":[],"class_list":["post-557","post","type-post","status-publish","format-standard","hentry","category-sorties-montagne"],"yoast_head":"<!-- This site is optimized with the Yoast SEO plugin v24.4 - https:\/\/yoast.com\/wordpress\/plugins\/seo\/ -->\n<title>Championnats de France de Ski Alpinisme 2013 - Blog Montania Sport<\/title>\n<meta name=\"robots\" content=\"index, follow, max-snippet:-1, max-image-preview:large, max-video-preview:-1\" \/>\n<link rel=\"canonical\" href=\"https:\/\/www.montania-sport.com\/blog\/championnats-de-france-de-ski-alpinisme-2013\/\" \/>\n<meta property=\"og:locale\" content=\"fr_FR\" \/>\n<meta property=\"og:type\" content=\"article\" \/>\n<meta property=\"og:title\" content=\"Championnats de France de Ski Alpinisme 2013 - Blog Montania Sport\" \/>\n<meta property=\"og:description\" content=\"Ce week-end, c\u2019est sous un grand ciel bleu que s\u2019est d\u00e9roul\u00e9e l\u2019\u00e9preuve individuelle des championnats de France \u00e0 Ar\u00eaches-Beaufort. De nombreux spectateurs s\u2019\u00e9taient donn\u00e9s rendez-vous au sommet des montagnes pour venir encourager les coureurs. L\u2019ambiance \u00e9tait digne d\u2019une \u00e9tape de la Pierra-Menta avec plusieurs centaines de spectateurs sur tout le parcours. &nbsp;\" \/>\n<meta property=\"og:url\" content=\"https:\/\/www.montania-sport.com\/blog\/championnats-de-france-de-ski-alpinisme-2013\/\" \/>\n<meta property=\"og:site_name\" content=\"Blog Montania Sport\" \/>\n<meta property=\"article:publisher\" content=\"https:\/\/www.facebook.com\/Montania.Sport\" \/>\n<meta property=\"article:published_time\" content=\"2013-01-07T16:47:04+00:00\" \/>\n<meta property=\"og:image\" content=\"http:\/\/www.montania-sport.fr\/wp-content\/uploads\/2013\/01\/Ambiance-sur-la-course-340x226.jpg\" \/>\n<meta name=\"author\" content=\"cedric\" \/>\n<meta name=\"twitter:card\" content=\"summary_large_image\" \/>\n<meta name=\"twitter:creator\" content=\"@MontaniaSport\" \/>\n<meta name=\"twitter:site\" content=\"@MontaniaSport\" \/>\n<meta name=\"twitter:label1\" content=\"\u00c9crit par\" \/>\n\t<meta name=\"twitter:data1\" content=\"cedric\" \/>\n\t<meta name=\"twitter:label2\" content=\"Dur\u00e9e de lecture estim\u00e9e\" \/>\n\t<meta name=\"twitter:data2\" content=\"2 minutes\" \/>\n<script type=\"application\/ld+json\" class=\"yoast-schema-graph\">{\"@context\":\"https:\/\/schema.org\",\"@graph\":[{\"@type\":\"Article\",\"@id\":\"https:\/\/www.montania-sport.com\/blog\/championnats-de-france-de-ski-alpinisme-2013\/#article\",\"isPartOf\":{\"@id\":\"https:\/\/www.montania-sport.com\/blog\/championnats-de-france-de-ski-alpinisme-2013\/\"},\"author\":{\"name\":\"cedric\",\"@id\":\"https:\/\/www.montania-sport.com\/blog\/#\/schema\/person\/eb15113f453620c1519f3f6a3886b250\"},\"headline\":\"Championnats de France de Ski Alpinisme 2013\",\"datePublished\":\"2013-01-07T16:47:04+00:00\",\"mainEntityOfPage\":{\"@id\":\"https:\/\/www.montania-sport.com\/blog\/championnats-de-france-de-ski-alpinisme-2013\/\"},\"wordCount\":321,\"commentCount\":0,\"publisher\":{\"@id\":\"https:\/\/www.montania-sport.com\/blog\/#organization\"},\"image\":{\"@id\":\"https:\/\/www.montania-sport.com\/blog\/championnats-de-france-de-ski-alpinisme-2013\/#primaryimage\"},\"thumbnailUrl\":\"https:\/\/www.montania-sport.com\/blog\/wp-content\/uploads\/2013\/01\/Ambiance-sur-la-course-340x226.jpg\",\"articleSection\":[\"Carnet de Courses\"],\"inLanguage\":\"fr-FR\",\"potentialAction\":[{\"@type\":\"CommentAction\",\"name\":\"Comment\",\"target\":[\"https:\/\/www.montania-sport.com\/blog\/championnats-de-france-de-ski-alpinisme-2013\/#respond\"]}]},{\"@type\":\"WebPage\",\"@id\":\"https:\/\/www.montania-sport.com\/blog\/championnats-de-france-de-ski-alpinisme-2013\/\",\"url\":\"https:\/\/www.montania-sport.com\/blog\/championnats-de-france-de-ski-alpinisme-2013\/\",\"name\":\"Championnats de France de Ski Alpinisme 2013 - Blog Montania Sport\",\"isPartOf\":{\"@id\":\"https:\/\/www.montania-sport.com\/blog\/#website\"},\"primaryImageOfPage\":{\"@id\":\"https:\/\/www.montania-sport.com\/blog\/championnats-de-france-de-ski-alpinisme-2013\/#primaryimage\"},\"image\":{\"@id\":\"https:\/\/www.montania-sport.com\/blog\/championnats-de-france-de-ski-alpinisme-2013\/#primaryimage\"},\"thumbnailUrl\":\"https:\/\/www.montania-sport.com\/blog\/wp-content\/uploads\/2013\/01\/Ambiance-sur-la-course-340x226.jpg\",\"datePublished\":\"2013-01-07T16:47:04+00:00\",\"breadcrumb\":{\"@id\":\"https:\/\/www.montania-sport.com\/blog\/championnats-de-france-de-ski-alpinisme-2013\/#breadcrumb\"},\"inLanguage\":\"fr-FR\",\"potentialAction\":[{\"@type\":\"ReadAction\",\"target\":[\"https:\/\/www.montania-sport.com\/blog\/championnats-de-france-de-ski-alpinisme-2013\/\"]}]},{\"@type\":\"ImageObject\",\"inLanguage\":\"fr-FR\",\"@id\":\"https:\/\/www.montania-sport.com\/blog\/championnats-de-france-de-ski-alpinisme-2013\/#primaryimage\",\"url\":\"https:\/\/www.montania-sport.com\/blog\/wp-content\/uploads\/2013\/01\/Ambiance-sur-la-course.jpg\",\"contentUrl\":\"https:\/\/www.montania-sport.com\/blog\/wp-content\/uploads\/2013\/01\/Ambiance-sur-la-course.jpg\",\"width\":480,\"height\":320,\"caption\":\"Ambiance sur la course\"},{\"@type\":\"BreadcrumbList\",\"@id\":\"https:\/\/www.montania-sport.com\/blog\/championnats-de-france-de-ski-alpinisme-2013\/#breadcrumb\",\"itemListElement\":[{\"@type\":\"ListItem\",\"position\":1,\"name\":\"Accueil\",\"item\":\"https:\/\/www.montania-sport.com\/blog\/\"},{\"@type\":\"ListItem\",\"position\":2,\"name\":\"Championnats de France de Ski Alpinisme 2013\"}]},{\"@type\":\"WebSite\",\"@id\":\"https:\/\/www.montania-sport.com\/blog\/#website\",\"url\":\"https:\/\/www.montania-sport.com\/blog\/\",\"name\":\"Blog Montania Sport\",\"description\":\"Blog Montania Sport\",\"publisher\":{\"@id\":\"https:\/\/www.montania-sport.com\/blog\/#organization\"},\"potentialAction\":[{\"@type\":\"SearchAction\",\"target\":{\"@type\":\"EntryPoint\",\"urlTemplate\":\"https:\/\/www.montania-sport.com\/blog\/?s={search_term_string}\"},\"query-input\":{\"@type\":\"PropertyValueSpecification\",\"valueRequired\":true,\"valueName\":\"search_term_string\"}}],\"inLanguage\":\"fr-FR\"},{\"@type\":\"Organization\",\"@id\":\"https:\/\/www.montania-sport.com\/blog\/#organization\",\"name\":\"Montania Sport\",\"url\":\"https:\/\/www.montania-sport.com\/blog\/\",\"logo\":{\"@type\":\"ImageObject\",\"inLanguage\":\"fr-FR\",\"@id\":\"https:\/\/www.montania-sport.com\/blog\/#\/schema\/logo\/image\/\",\"url\":\"https:\/\/www.montania-sport.com\/blog\/wp-content\/uploads\/2023\/04\/cropped-Logo-BLOG-2023-1200.png\",\"contentUrl\":\"https:\/\/www.montania-sport.com\/blog\/wp-content\/uploads\/2023\/04\/cropped-Logo-BLOG-2023-1200.png\",\"width\":1200,\"height\":645,\"caption\":\"Montania Sport\"},\"image\":{\"@id\":\"https:\/\/www.montania-sport.com\/blog\/#\/schema\/logo\/image\/\"},\"sameAs\":[\"https:\/\/www.facebook.com\/Montania.Sport\",\"https:\/\/x.com\/MontaniaSport\",\"https:\/\/www.instagram.com\/montania_sport\"]},{\"@type\":\"Person\",\"@id\":\"https:\/\/www.montania-sport.com\/blog\/#\/schema\/person\/eb15113f453620c1519f3f6a3886b250\",\"name\":\"cedric\",\"image\":{\"@type\":\"ImageObject\",\"inLanguage\":\"fr-FR\",\"@id\":\"https:\/\/www.montania-sport.com\/blog\/#\/schema\/person\/image\/\",\"url\":\"https:\/\/secure.gravatar.com\/avatar\/9851a6499bed921b62b2ae7c399fe8ce?s=96&d=mm&r=g\",\"contentUrl\":\"https:\/\/secure.gravatar.com\/avatar\/9851a6499bed921b62b2ae7c399fe8ce?s=96&d=mm&r=g\",\"caption\":\"cedric\"},\"url\":\"https:\/\/www.montania-sport.com\/blog\/author\/cedric\/\"}]}<\/script>\n<!-- \/ Yoast SEO plugin. -->","yoast_head_json":{"title":"Championnats de France de Ski Alpinisme 2013 - Blog Montania Sport","robots":{"index":"index","follow":"follow","max-snippet":"max-snippet:-1","max-image-preview":"max-image-preview:large","max-video-preview":"max-video-preview:-1"},"canonical":"https:\/\/www.montania-sport.com\/blog\/championnats-de-france-de-ski-alpinisme-2013\/","og_locale":"fr_FR","og_type":"article","og_title":"Championnats de France de Ski Alpinisme 2013 - Blog Montania Sport","og_description":"Ce week-end, c\u2019est sous un grand ciel bleu que s\u2019est d\u00e9roul\u00e9e l\u2019\u00e9preuve individuelle des championnats de France \u00e0 Ar\u00eaches-Beaufort. De nombreux spectateurs s\u2019\u00e9taient donn\u00e9s rendez-vous au sommet des montagnes pour venir encourager les coureurs. L\u2019ambiance \u00e9tait digne d\u2019une \u00e9tape de la Pierra-Menta avec plusieurs centaines de spectateurs sur tout le parcours. &nbsp;","og_url":"https:\/\/www.montania-sport.com\/blog\/championnats-de-france-de-ski-alpinisme-2013\/","og_site_name":"Blog Montania Sport","article_publisher":"https:\/\/www.facebook.com\/Montania.Sport","article_published_time":"2013-01-07T16:47:04+00:00","og_image":[{"url":"http:\/\/www.montania-sport.fr\/wp-content\/uploads\/2013\/01\/Ambiance-sur-la-course-340x226.jpg","type":"","width":"","height":""}],"author":"cedric","twitter_card":"summary_large_image","twitter_creator":"@MontaniaSport","twitter_site":"@MontaniaSport","twitter_misc":{"\u00c9crit par":"cedric","Dur\u00e9e de lecture estim\u00e9e":"2 minutes"},"schema":{"@context":"https:\/\/schema.org","@graph":[{"@type":"Article","@id":"https:\/\/www.montania-sport.com\/blog\/championnats-de-france-de-ski-alpinisme-2013\/#article","isPartOf":{"@id":"https:\/\/www.montania-sport.com\/blog\/championnats-de-france-de-ski-alpinisme-2013\/"},"author":{"name":"cedric","@id":"https:\/\/www.montania-sport.com\/blog\/#\/schema\/person\/eb15113f453620c1519f3f6a3886b250"},"headline":"Championnats de France de Ski Alpinisme 2013","datePublished":"2013-01-07T16:47:04+00:00","mainEntityOfPage":{"@id":"https:\/\/www.montania-sport.com\/blog\/championnats-de-france-de-ski-alpinisme-2013\/"},"wordCount":321,"commentCount":0,"publisher":{"@id":"https:\/\/www.montania-sport.com\/blog\/#organization"},"image":{"@id":"https:\/\/www.montania-sport.com\/blog\/championnats-de-france-de-ski-alpinisme-2013\/#primaryimage"},"thumbnailUrl":"https:\/\/www.montania-sport.com\/blog\/wp-content\/uploads\/2013\/01\/Ambiance-sur-la-course-340x226.jpg","articleSection":["Carnet de Courses"],"inLanguage":"fr-FR","potentialAction":[{"@type":"CommentAction","name":"Comment","target":["https:\/\/www.montania-sport.com\/blog\/championnats-de-france-de-ski-alpinisme-2013\/#respond"]}]},{"@type":"WebPage","@id":"https:\/\/www.montania-sport.com\/blog\/championnats-de-france-de-ski-alpinisme-2013\/","url":"https:\/\/www.montania-sport.com\/blog\/championnats-de-france-de-ski-alpinisme-2013\/","name":"Championnats de France de Ski Alpinisme 2013 - Blog Montania Sport","isPartOf":{"@id":"https:\/\/www.montania-sport.com\/blog\/#website"},"primaryImageOfPage":{"@id":"https:\/\/www.montania-sport.com\/blog\/championnats-de-france-de-ski-alpinisme-2013\/#primaryimage"},"image":{"@id":"https:\/\/www.montania-sport.com\/blog\/championnats-de-france-de-ski-alpinisme-2013\/#primaryimage"},"thumbnailUrl":"https:\/\/www.montania-sport.com\/blog\/wp-content\/uploads\/2013\/01\/Ambiance-sur-la-course-340x226.jpg","datePublished":"2013-01-07T16:47:04+00:00","breadcrumb":{"@id":"https:\/\/www.montania-sport.com\/blog\/championnats-de-france-de-ski-alpinisme-2013\/#breadcrumb"},"inLanguage":"fr-FR","potentialAction":[{"@type":"ReadAction","target":["https:\/\/www.montania-sport.com\/blog\/championnats-de-france-de-ski-alpinisme-2013\/"]}]},{"@type":"ImageObject","inLanguage":"fr-FR","@id":"https:\/\/www.montania-sport.com\/blog\/championnats-de-france-de-ski-alpinisme-2013\/#primaryimage","url":"https:\/\/www.montania-sport.com\/blog\/wp-content\/uploads\/2013\/01\/Ambiance-sur-la-course.jpg","contentUrl":"https:\/\/www.montania-sport.com\/blog\/wp-content\/uploads\/2013\/01\/Ambiance-sur-la-course.jpg","width":480,"height":320,"caption":"Ambiance sur la course"},{"@type":"BreadcrumbList","@id":"https:\/\/www.montania-sport.com\/blog\/championnats-de-france-de-ski-alpinisme-2013\/#breadcrumb","itemListElement":[{"@type":"ListItem","position":1,"name":"Accueil","item":"https:\/\/www.montania-sport.com\/blog\/"},{"@type":"ListItem","position":2,"name":"Championnats de France de Ski Alpinisme 2013"}]},{"@type":"WebSite","@id":"https:\/\/www.montania-sport.com\/blog\/#website","url":"https:\/\/www.montania-sport.com\/blog\/","name":"Blog Montania Sport","description":"Blog Montania Sport","publisher":{"@id":"https:\/\/www.montania-sport.com\/blog\/#organization"},"potentialAction":[{"@type":"SearchAction","target":{"@type":"EntryPoint","urlTemplate":"https:\/\/www.montania-sport.com\/blog\/?s={search_term_string}"},"query-input":{"@type":"PropertyValueSpecification","valueRequired":true,"valueName":"search_term_string"}}],"inLanguage":"fr-FR"},{"@type":"Organization","@id":"https:\/\/www.montania-sport.com\/blog\/#organization","name":"Montania Sport","url":"https:\/\/www.montania-sport.com\/blog\/","logo":{"@type":"ImageObject","inLanguage":"fr-FR","@id":"https:\/\/www.montania-sport.com\/blog\/#\/schema\/logo\/image\/","url":"https:\/\/www.montania-sport.com\/blog\/wp-content\/uploads\/2023\/04\/cropped-Logo-BLOG-2023-1200.png","contentUrl":"https:\/\/www.montania-sport.com\/blog\/wp-content\/uploads\/2023\/04\/cropped-Logo-BLOG-2023-1200.png","width":1200,"height":645,"caption":"Montania Sport"},"image":{"@id":"https:\/\/www.montania-sport.com\/blog\/#\/schema\/logo\/image\/"},"sameAs":["https:\/\/www.facebook.com\/Montania.Sport","https:\/\/x.com\/MontaniaSport","https:\/\/www.instagram.com\/montania_sport"]},{"@type":"Person","@id":"https:\/\/www.montania-sport.com\/blog\/#\/schema\/person\/eb15113f453620c1519f3f6a3886b250","name":"cedric","image":{"@type":"ImageObject","inLanguage":"fr-FR","@id":"https:\/\/www.montania-sport.com\/blog\/#\/schema\/person\/image\/","url":"https:\/\/secure.gravatar.com\/avatar\/9851a6499bed921b62b2ae7c399fe8ce?s=96&d=mm&r=g","contentUrl":"https:\/\/secure.gravatar.com\/avatar\/9851a6499bed921b62b2ae7c399fe8ce?s=96&d=mm&r=g","caption":"cedric"},"url":"https:\/\/www.montania-sport.com\/blog\/author\/cedric\/"}]}},"jetpack_featured_media_url":"","jetpack_sharing_enabled":true,"jetpack-related-posts":[],"_links":{"self":[{"href":"https:\/\/www.montania-sport.com\/blog\/wp-json\/wp\/v2\/posts\/557","targetHints":{"allow":["GET"]}}],"collection":[{"href":"https:\/\/www.montania-sport.com\/blog\/wp-json\/wp\/v2\/posts"}],"about":[{"href":"https:\/\/www.montania-sport.com\/blog\/wp-json\/wp\/v2\/types\/post"}],"author":[{"embeddable":true,"href":"https:\/\/www.montania-sport.com\/blog\/wp-json\/wp\/v2\/users\/2"}],"replies":[{"embeddable":true,"href":"https:\/\/www.montania-sport.com\/blog\/wp-json\/wp\/v2\/comments?post=557"}],"version-history":[{"count":0,"href":"https:\/\/www.montania-sport.com\/blog\/wp-json\/wp\/v2\/posts\/557\/revisions"}],"wp:attachment":[{"href":"https:\/\/www.montania-sport.com\/blog\/wp-json\/wp\/v2\/media?parent=557"}],"wp:term":[{"taxonomy":"category","embeddable":true,"href":"https:\/\/www.montania-sport.com\/blog\/wp-json\/wp\/v2\/categories?post=557"},{"taxonomy":"post_tag","embeddable":true,"href":"https:\/\/www.montania-sport.com\/blog\/wp-json\/wp\/v2\/tags?post=557"}],"curies":[{"name":"wp","href":"https:\/\/api.w.org\/{rel}","templated":true}]}}