{"id":4988,"date":"2014-06-03T10:55:55","date_gmt":"2014-06-03T09:55:55","guid":{"rendered":"https:\/\/www.montania-sport.com\/blog\/?p=4988"},"modified":"2018-10-25T19:09:23","modified_gmt":"2018-10-25T18:09:23","slug":"expedition-environnementale-mont-elbrouz-recyclage-dechets","status":"publish","type":"post","link":"https:\/\/www.montania-sport.com\/blog\/expedition-environnementale-mont-elbrouz-recyclage-dechets\/","title":{"rendered":"Exp\u00e9dition environnementale au Mont Elbrouz, le recyclage des d\u00e9chets prend de l&rsquo;altitude"},"content":{"rendered":"<h2>Le <a href=\"http:\/\/fr.wikipedia.org\/wiki\/Elbrouz\" target=\"_blank\" rel=\"noopener noreferrer\">Mont Elbrouz<\/a>, 5642m d&rsquo;altitude, situ\u00e9 dans le massif du Caucase, plus haut sommet d&rsquo;Europe devant le Mont Blanc, va accueillir en ao\u00fbt 2014 une exp\u00e9dition environnementale compos\u00e9e de 3 passionn\u00e9s de montagne. L&rsquo;objectif est clair : ramasser les poubelles et organiser le <a href=\"http:\/\/fr.wikipedia.org\/wiki\/Recyclage\" target=\"_blank\" rel=\"noopener noreferrer\">recyclage\u00a0des d\u00e9chets<\/a>\u00a0trouv\u00e9s lors de l&rsquo;ascension du Mont Elbrouz. Une tr\u00e8s belle initiative qui nous donne envie de la partager !<\/h2>\n<h3>Une exp\u00e9dition r\u00e9ussie !<\/h3>\n<div class=\"ast-oembed-container\" style=\"height: 100%;\"><iframe title=\"Exp\u00e9dition de nettoyage du Mont Elbrouz 2014\" src=\"https:\/\/player.vimeo.com\/video\/111621644?dnt=1&amp;app_id=122963\" width=\"500\" height=\"281\" frameborder=\"0\" allow=\"autoplay; fullscreen; picture-in-picture; clipboard-write\"><\/iframe><\/div>\n<h3>Les 2 objectifs de cette exp\u00e9dition au Mont Elbrouz<\/h3>\n<h4>1. Nettoyer le Mont Elbrouz<\/h4>\n<p>L&rsquo;objectif est de <strong>ramasser les d\u00e9chets<\/strong> (plastiques, bo\u00eetes de conserve, emballages, piles\u2026) qui polluent le chemin d\u2019acc\u00e8s, les campements, et la voie normale d\u2019ascension du Mont Elbrouz. Au-del\u00e0 de la pollution que repr\u00e9sentent ces d\u00e9tritus dans un cadre majestueux de haute-montagne, certains de ces d\u00e9chets ont un r\u00e9el impact sur l\u2019environnement. A titre d\u2019exemple, les piles contiennent des substances chimiques toxiques : plomb, zinc, mercure, lithium, mangan\u00e8se, cadmium, nickel.<!--more--><\/p>\n<blockquote><p><strong>\u00ab\u00a0Abandonn\u00e9e dans la nature, une pile peut polluer jusqu\u2019\u00e0 1 m\u00e8tre-cube\u00a0de terre et 400 litres d&rsquo;eau pendant 50 ans.\u00a0\u00bb<\/strong><\/p><\/blockquote>\n<p>Les sacs de d\u00e9chets seront remis aux gardiens du parc national qui ont install\u00e9 des points de collecte au pied de la montagne. Quant aux d\u00e9chets toxiques (piles, ampoules et m\u00e9dicaments), ils seront ramen\u00e9s en France pour garantir un traitement respectueux de l\u2019environnement et une tra\u00e7abilit\u00e9 parfaite de leur valorisation.<\/p>\n<figure id=\"attachment_4997\" aria-describedby=\"caption-attachment-4997\" style=\"width: 474px\" class=\"wp-caption aligncenter\"><img fetchpriority=\"high\" decoding=\"async\" class=\"wp-image-4997 size-large\" src=\"https:\/\/www.montania-sport.com\/blog\/wp-content\/uploads\/2014\/06\/13-20080106_2398-1024x768.jpg\" alt=\"Ramassage des d\u00e9chets en montagne par Breffni Bolze\" width=\"474\" height=\"356\" srcset=\"https:\/\/www.montania-sport.com\/blog\/wp-content\/uploads\/2014\/06\/13-20080106_2398-1024x768.jpg 1024w, https:\/\/www.montania-sport.com\/blog\/wp-content\/uploads\/2014\/06\/13-20080106_2398-300x225.jpg 300w\" sizes=\"(max-width: 474px) 100vw, 474px\" \/><figcaption id=\"caption-attachment-4997\" class=\"wp-caption-text\">Ramassage des d\u00e9chets en montagne par Breffni Bolze<\/figcaption><\/figure>\n<h4>2. Sensibiliser le public fran\u00e7ais au recyclage des d\u00e9chets<\/h4>\n<p><span style=\"color: #000000;\">Les Fran\u00e7ais ont pris l\u2019habitude depuis plusieurs ann\u00e9es de <strong>recycler<\/strong> les bouteilles en <strong>verre<\/strong>, les <strong>journaux<\/strong>, les magazines, et plus r\u00e9cemment leurs emballages (<strong>plastiques<\/strong>, <strong>cartons<\/strong>, <strong>canettes<\/strong>\u2026). Les performances de tri atteintes sont respectables, mais pourraient encore \u00eatre am\u00e9lior\u00e9es avec une participation plus large et plus active de la population. Concernant les piles et les accumulateurs, les DEEE (d\u00e9chets d\u2019\u00e9quipements \u00e9lectriques et \u00e9lectroniques comme les <strong>ordinateurs<\/strong> ou les <strong>t\u00e9l\u00e9phones<\/strong>), les lampes et les m\u00e9dicaments, les fili\u00e8res de recyclage mises en place sont plus r\u00e9centes et manquent de visibilit\u00e9 aupr\u00e8s des citoyens et consommateurs. Ainsi, leurs taux de recyclage restent faibles. Le nettoyage du Mont Elbrouz est une action symbolique qui permettra d\u2019<strong>attirer l\u2019attention des Fran\u00e7ais sur le tri de leurs d\u00e9chets<\/strong>. L\u2019image d\u2019une nature sauvage pollu\u00e9e ne laissera pas indiff\u00e9rent le citoyen qui s\u2019interrogera sur le devenir de ses propres d\u00e9chets produits au quotidien.\u00a0<\/span><\/p>\n<h3>Un contexte favorable gr\u00e2ce aux JO de Sotchi 2014<\/h3>\n<p>Nos trois protagonistes ont\u00a0choisi de mener cette exp\u00e9dition durant l\u2019\u00e9t\u00e9 2014 : le contexte m\u00e9diatique sera particuli\u00e8rement favorable quelques mois apr\u00e8s les <strong><a href=\"http:\/\/fr.wikipedia.org\/wiki\/Jeux_olympiques_d'hiver_de_2014\" target=\"_blank\" rel=\"noopener noreferrer\">Jeux Olympiques\u00a0de Sotchi<\/a><\/strong> qui se sont d\u00e9roul\u00e9s dans le Caucase, dont le Mont Elbrouz est le point culminant.<\/p>\n<figure id=\"attachment_4998\" aria-describedby=\"caption-attachment-4998\" style=\"width: 474px\" class=\"wp-caption aligncenter\"><img decoding=\"async\" class=\"wp-image-4998 size-large\" src=\"https:\/\/www.montania-sport.com\/blog\/wp-content\/uploads\/2014\/06\/JO-Sotchi-1024x576.jpg\" alt=\"La flamme olympique des JO de Sotchi a \u00e9t\u00e9 allum\u00e9e au sommet du mont Elbrouz. \u00a9 Belga image\" width=\"474\" height=\"267\" srcset=\"https:\/\/www.montania-sport.com\/blog\/wp-content\/uploads\/2014\/06\/JO-Sotchi-1024x576.jpg 1024w, https:\/\/www.montania-sport.com\/blog\/wp-content\/uploads\/2014\/06\/JO-Sotchi-300x169.jpg 300w, https:\/\/www.montania-sport.com\/blog\/wp-content\/uploads\/2014\/06\/JO-Sotchi.jpg 1248w\" sizes=\"(max-width: 474px) 100vw, 474px\" \/><figcaption id=\"caption-attachment-4998\" class=\"wp-caption-text\">La flamme olympique des JO de Sotchi a \u00e9t\u00e9 allum\u00e9e au sommet du mont Elbrouz. \u00a9 Belga image<\/figcaption><\/figure>\n<h3>Deux ing\u00e9nieurs et un champion du monde de ski<\/h3>\n<h4>Breffni\u00a0Bolze<\/h4>\n<p><strong>Ing\u00e9nieur en environnement<\/strong>, Breffni Bolze est sp\u00e9cialis\u00e9 dans la gestion des d\u00e9chets. Dipl\u00f4m\u00e9 de l\u2019\u00c9cole Centrale de Lyon et de l\u2019\u00c9cole Nationale du G\u00e9nie Rural, des Eaux et For\u00eats (ENGREF). En 2000, 2002 et 2003, il est chef de trois exp\u00e9ditions de nettoyage du camp de base du<strong> <a href=\"http:\/\/fr.wikipedia.org\/wiki\/Dhaulagiri\" target=\"_blank\" rel=\"noopener noreferrer\">Dhaulagiri<\/a><\/strong> (8167 m, N\u00e9pal). En avril 2005, il participe \u00e0 l\u2019\u00e9vacuation des d\u00e9chets collect\u00e9s sur l\u2019<a href=\"http:\/\/fr.wikipedia.org\/wiki\/\u00cele_de_Clipperton\" target=\"_blank\" rel=\"noopener noreferrer\"><strong>Ile de Clipperton<\/strong><\/a> (Oc\u00e9an Pacifique), un projet qu\u2019il a co-organis\u00e9 avec le m\u00e9decin et explorateur <a href=\"http:\/\/www.jeanlouisetienne.com\" target=\"_blank\" rel=\"noopener noreferrer\"><strong>Jean-Louis ETIENNE<\/strong><\/a>. En janvier 2008, il nettoie une voie d\u2019ascension de l\u2019<a href=\"http:\/\/fr.wikipedia.org\/wiki\/Aconcagua\" target=\"_blank\" rel=\"noopener noreferrer\"><strong>Aconcagua<\/strong><\/a> (6962 m, Argentine) avec son ami champion de ski de vitesse Philippe GOITSCHEL.<\/p>\n<figure id=\"attachment_5000\" aria-describedby=\"caption-attachment-5000\" style=\"width: 650px\" class=\"wp-caption aligncenter\"><img decoding=\"async\" class=\"size-full wp-image-5000\" src=\"https:\/\/www.montania-sport.com\/blog\/wp-content\/uploads\/2014\/06\/equipe-elbrouz-respect-planet.jpg\" alt=\"Exp\u00e9dition au mont Elbrouz : Jean-Fran\u00e7ois Rossillon, Breffni Bolze, Philippe Goitschel.\" width=\"650\" height=\"475\" srcset=\"https:\/\/www.montania-sport.com\/blog\/wp-content\/uploads\/2014\/06\/equipe-elbrouz-respect-planet.jpg 650w, https:\/\/www.montania-sport.com\/blog\/wp-content\/uploads\/2014\/06\/equipe-elbrouz-respect-planet-300x219.jpg 300w\" sizes=\"(max-width: 650px) 100vw, 650px\" \/><figcaption id=\"caption-attachment-5000\" class=\"wp-caption-text\">Exp\u00e9dition au mont Elbrouz : Jean-Fran\u00e7ois Rossillon, Breffni Bolze, Philippe Goitschel.<\/figcaption><\/figure>\n<h4>Jean-Fran\u00e7ois\u00a0Rossillon<\/h4>\n<p><strong>Ing\u00e9nieur<\/strong>, sp\u00e9cialis\u00e9 dans le domaine de la <strong>collecte s\u00e9lective<\/strong> et du <strong>recyclage des d\u00e9chets<\/strong>, en particulier les plastiques. Dipl\u00f4m\u00e9 de l\u2019Institut Sup\u00e9rieur d\u2019Agriculture Rh\u00f4ne Alpes. D\u00e9veloppeur de la collecte s\u00e9lective en France \u00e0 titre professionnel, il a initi\u00e9 la mise en place du <a href=\"http:\/\/fr.wikipedia.org\/wiki\/Tri_s\u00e9lectif\" target=\"_blank\" rel=\"noopener noreferrer\"><strong>tri des d\u00e9chets<\/strong><\/a> en vue de leur recyclage <strong>sur des \u00e9v\u00e9nements sportifs ou culturels<\/strong> comme certaines \u00e9tapes du Tour de France, le Marathon de Lyon, la course Marseille-Cassis ou encore Jazz \u00e0 Vienne.<\/p>\n<figure id=\"attachment_4999\" aria-describedby=\"caption-attachment-4999\" style=\"width: 265px\" class=\"wp-caption alignleft\"><img loading=\"lazy\" decoding=\"async\" class=\"wp-image-4999\" src=\"https:\/\/www.montania-sport.com\/blog\/wp-content\/uploads\/2014\/06\/philippe-goitschel-record-monde-vitesse-250-254x340.jpg\" alt=\"Philippe Goitschel, record du monde de KL (kilom\u00e8tre lanc\u00e9) en 2002 avec 250 km\/heure...\" width=\"265\" height=\"353\" \/><figcaption id=\"caption-attachment-4999\" class=\"wp-caption-text\">Philippe Goitschel, record du monde de KL (kilom\u00e8tre lanc\u00e9) en 2002 avec 250 km\/heure&#8230;<\/figcaption><\/figure>\n<h4>Philippe\u00a0Goitschel<\/h4>\n<p><strong>Entra\u00eeneur de ski alpin<\/strong> et professeur de golf. Multi-recordman, <strong>champion du monde<\/strong> et vainqueur de la coupe du monde de <a href=\"http:\/\/fr.wikipedia.org\/wiki\/Ski_de_vitesse\" target=\"_blank\" rel=\"noopener noreferrer\"><strong>ski de vitesse (Kilom\u00e8tre Lanc\u00e9)<\/strong><\/a>. M\u00e9daille d\u2019argent aux Jeux Olympiques d\u2019Albertville (1992). Fondateur du collectif \u00ab Respect-Planet \u00bb pour le nettoyage de sites naturels\u00a0:\u00a0<strong><a href=\"http:\/\/www.respect-planet.com\" target=\"_blank\" rel=\"noopener noreferrer\">www.respect-planet.com<\/a><\/strong>.<strong>\u00a0<\/strong>En avril 2007, il collecte 250 piles et batteries sur l\u2019itin\u00e9raire du tour du Dhaulagiri (8 167 m, N\u00e9pal). Le nettoyage s\u2019est d\u00e9roul\u00e9 jusqu&rsquo;\u00e0 6 000 m d\u2019altitude. En janvier 2008, avec Breffni BOLZE, il nettoie la voie des Polonais sur l\u2019Aconcagua (6 962 m, Argentine). 300 kg de d\u00e9chets ont \u00e9t\u00e9 collect\u00e9s. En septembre 2008, avec Breffni BOLZE et Vincent VACHETTE, il descend dans le Gouffre Berger (-1122 m, Is\u00e8re) pour \u00e9valuer la quantit\u00e9 de d\u00e9chets stock\u00e9s dans la cavit\u00e9.<\/p>\n<h3>Pourquoi le Mont Elbrouz ?<\/h3>\n<p>Le\u00a0Mont Elbrouz, 5642 m d&rsquo;altitude, point culminant de l\u2019Europe, situ\u00e9 dans le Nord Caucase. Il\u00a0compte parmi les \u00ab\u00a0Sept Sommets du monde\u00a0\u00bb. Le Mont Elbrouz est une <strong>montagne embl\u00e9matique \u00e9quip\u00e9e de remont\u00e9es m\u00e9caniques et dont l\u2019ascension ne pr\u00e9sente pas de difficult\u00e9s techniques particuli\u00e8res<\/strong>. Par cons\u00e9quent, elle est fortement fr\u00e9quent\u00e9e par des touristes et des alpinistes. Malgr\u00e9 les efforts des autorit\u00e9s locales pour maintenir la montagne propre, notamment avec la cr\u00e9ation d\u2019un parc national en 1986, des d\u00e9chets abandonn\u00e9s par des touristes de toutes nationalit\u00e9s polluent l\u2019itin\u00e9raire d\u2019ascension.<\/p>\n<figure id=\"attachment_5002\" aria-describedby=\"caption-attachment-5002\" style=\"width: 150px\" class=\"wp-caption aligncenter\"><img loading=\"lazy\" decoding=\"async\" class=\"wp-image-5002 size-thumbnail\" src=\"https:\/\/www.montania-sport.com\/blog\/wp-content\/uploads\/2014\/06\/Carte-Elbrouz-150x150.jpg\" alt=\"Carte du Mont elbrouz et situation g\u00e9ographique\" width=\"150\" height=\"150\" \/><figcaption id=\"caption-attachment-5002\" class=\"wp-caption-text\">Carte du Mont elbrouz et situation g\u00e9ographique<\/figcaption><\/figure>\n<h3>Les sept sommets du monde<\/h3>\n<p>Les <a href=\"http:\/\/fr.wikipedia.org\/wiki\/Sept_sommets\" target=\"_blank\" rel=\"noopener noreferrer\"><strong>\u00ab Sept Sommets \u00bb<\/strong><\/a> des sept continents sont : l&rsquo;Everest (8848 m) pour l&rsquo;Asie, l&rsquo;Aconcagua (6962 m) pour l&rsquo;Am\u00e9rique du Sud, le Kilimandjaro (5894 m) pour l&rsquo;Afrique, le MacKinley (6194 m) pour l&rsquo;Am\u00e9rique du Nord, le Mont Elbrouz\u00a0(5642 m) pour l&rsquo;Europe, le Vinson (5140 m) pour l&rsquo;Antarctique, et la Pyramide de Carstensz (4884 m) pour l&rsquo;Oc\u00e9anie.<\/p>\n<p>En 1986, <a href=\"http:\/\/fr.wikipedia.org\/wiki\/Reinhold_Messner\" target=\"_blank\" rel=\"noopener noreferrer\">Reinhold MESSNER<\/a> est le premier homme \u00e0 gravir ces sept sommets. Jean-Pierre FRACHON est le premier Fran\u00e7ais \u00e0 encha\u00eener les 7 sommets, en 1991. La premi\u00e8re femme \u00e0 r\u00e9aliser le record est la Japonaise Junko Tabei en 1992, quelques mois avant la fran\u00e7aise <a href=\"http:\/\/fr.wikipedia.org\/wiki\/Christine_Janin\" target=\"_blank\" rel=\"noopener noreferrer\">Christine JANIN<\/a>.<\/p>\n<div class=\"page\" title=\"Page 8\">\n<figure id=\"attachment_5004\" aria-describedby=\"caption-attachment-5004\" style=\"width: 474px\" class=\"wp-caption aligncenter\"><img loading=\"lazy\" decoding=\"async\" class=\"wp-image-5004 size-large\" src=\"https:\/\/www.montania-sport.com\/blog\/wp-content\/uploads\/2014\/06\/seven-summits-1024x469.png\" alt=\"Les sept sommets du monde, dont le Mont Elbrouz. \u00a9 PathToEverest\" width=\"474\" height=\"217\" srcset=\"https:\/\/www.montania-sport.com\/blog\/wp-content\/uploads\/2014\/06\/seven-summits-1024x469.png 1024w, https:\/\/www.montania-sport.com\/blog\/wp-content\/uploads\/2014\/06\/seven-summits-300x137.png 300w, https:\/\/www.montania-sport.com\/blog\/wp-content\/uploads\/2014\/06\/seven-summits.png 1879w\" sizes=\"(max-width: 474px) 100vw, 474px\" \/><figcaption id=\"caption-attachment-5004\" class=\"wp-caption-text\">Les sept sommets du monde, dont le Mont Elbrouz. \u00a9 PathToEverest<\/figcaption><\/figure>\n<\/div>\n<h3>Planning de l&rsquo;exp\u00e9dition<\/h3>\n<p>Mai, juin, juillet : annonce du projet aux contacts\u00a0de la presse.<\/p>\n<p>Mi-ao\u00fbt, avant le d\u00e9part de l\u2019exp\u00e9dition : diffusion d\u2019un communiqu\u00e9 de presse r\u00e9dig\u00e9 avec les partenaires pour d\u00e9voiler le projet aux m\u00e9dias.<\/p>\n<p>Pendant l\u2019exp\u00e9dition, <strong>du 21 au 31 ao\u00fbt 2014<\/strong> : informations sur l\u2019\u00e9tat d\u2019avancement du projet. Il sera\u00a0envisageable de communiquer en direct depuis le Mont Elbrouz via satellite.<\/p>\n<p>D\u00e9but septembre, au retour de l\u2019exp\u00e9dition : diffusion d\u2019un communiqu\u00e9 de presse, possibilit\u00e9 d\u2019intervenir au cours de conf\u00e9rences sur sollicitation des sponsors ou des m\u00e9dias.<\/p>\n<h3><span style=\"color: #000000;\">Pour soutenir l&rsquo;exp\u00e9dition de nettoyage du Mont Elbrouz<\/span><\/h3>\n<p><span style=\"color: #000000;\">La France assiste aujourd\u2019hui, notamment avec la <strong><a href=\"http:\/\/www.developpement-durable.gouv.fr\/-La-conference-environnementale,7324-.html\" target=\"_blank\" rel=\"noopener noreferrer\">Conf\u00e9rence Environnementale<\/a><\/strong>, \u00e0 une prise de conscience collective de la fragilit\u00e9 de notre plan\u00e8te. Mais la plupart des Fran\u00e7ais n\u2019ont pas encore franchi le pas de changer leur comportement individuel pour r\u00e9duire leurs impacts sur l\u2019environnement. Des op\u00e9rations symboliques et exemplaires comme celle-ci contribuent \u00e0 <strong>faire \u00e9voluer les mentalit\u00e9s et les comportements<\/strong>. Nous vous invitons \u00e0 participer \u00e0 cette aventure environnementale.<\/span><\/p>\n<p>Rejoignez Breffni, Jean-Fran\u00e7ois et Philippe sur <a href=\"https:\/\/www.facebook.com\/pages\/Exp\u00e9dition-environnementale-au-Mont-Elbrouz-Ao\u00fbt-2014\/1435330146716422?ref=nf\" target=\"_blank\" rel=\"noopener noreferrer\"><strong>Facebook<\/strong><\/a> !<\/p>\n<p>Pour plus de renseignements sur\u00a0un contact <strong>presse<\/strong> ou sur un\u00a0<strong>partenariat<\/strong> :<\/p>\n<p><strong>b.bolze(at)gmail(point)com<\/strong><\/p>\n<figure id=\"attachment_5006\" aria-describedby=\"caption-attachment-5006\" style=\"width: 150px\" class=\"wp-caption aligncenter\"><a href=\"https:\/\/www.facebook.com\/pages\/Exp\u00e9dition-environnementale-au-Mont-Elbrouz-Ao\u00fbt-2014\/1435330146716422?ref=nf\" target=\"_blank\" rel=\"noopener noreferrer\"><img loading=\"lazy\" decoding=\"async\" class=\"wp-image-5006 size-thumbnail\" src=\"https:\/\/www.montania-sport.com\/blog\/wp-content\/uploads\/2014\/06\/Logo-Nettoyage-Mont-Elbrouz-150x150.jpg\" alt=\"Soutenez l'exp\u00e9dition &quot;Nettoyage du Mont Elbrouz&quot; !\" width=\"150\" height=\"150\" \/><\/a><figcaption id=\"caption-attachment-5006\" class=\"wp-caption-text\">Soutenez l&rsquo;exp\u00e9dition \u00ab\u00a0Nettoyage du Mont Elbrouz\u00a0\u00bb !<\/figcaption><\/figure>\n<p>&nbsp;<\/p>\n","protected":false},"excerpt":{"rendered":"<p>Le Mont Elbrouz, 5642m d&rsquo;altitude, situ\u00e9 dans le massif du Caucase, plus haut sommet d&rsquo;Europe devant le Mont Blanc, va accueillir en ao\u00fbt 2014 une exp\u00e9dition environnementale compos\u00e9e de 3 passionn\u00e9s de montagne. L&rsquo;objectif est clair : ramasser les poubelles et organiser le recyclage\u00a0des d\u00e9chets\u00a0trouv\u00e9s lors de l&rsquo;ascension du Mont Elbrouz. Une tr\u00e8s belle initiative &hellip;<\/p>\n<p class=\"read-more\"> <a class=\"\" href=\"https:\/\/www.montania-sport.com\/blog\/expedition-environnementale-mont-elbrouz-recyclage-dechets\/\"> <span class=\"screen-reader-text\">Exp\u00e9dition environnementale au Mont Elbrouz, le recyclage des d\u00e9chets prend de l&rsquo;altitude<\/span> Lire la suite\u00a0\u00bb<\/a><\/p>\n","protected":false},"author":2,"featured_media":7786,"comment_status":"open","ping_status":"closed","sticky":false,"template":"","format":"standard","meta":{"site-sidebar-layout":"default","site-content-layout":"default","ast-global-header-display":"","ast-main-header-display":"","ast-hfb-above-header-display":"","ast-hfb-below-header-display":"","ast-hfb-mobile-header-display":"","site-post-title":"","ast-breadcrumbs-content":"","ast-featured-img":"","footer-sml-layout":"","theme-transparent-header-meta":"","adv-header-id-meta":"","stick-header-meta":"","header-above-stick-meta":"","header-main-stick-meta":"","header-below-stick-meta":"","_jetpack_memberships_contains_paid_content":false,"footnotes":""},"categories":[10],"tags":[],"class_list":["post-4988","post","type-post","status-publish","format-standard","has-post-thumbnail","hentry","category-actualites-du-magasin-nouveautes"],"yoast_head":"<!-- This site is optimized with the Yoast SEO plugin v24.4 - https:\/\/yoast.com\/wordpress\/plugins\/seo\/ -->\n<title>Exp\u00e9dition au Mont Elbrouz, recyclage des d\u00e9chets en altitude<\/title>\n<meta name=\"description\" content=\"Ramassage et tri des d\u00e9chets au Mont Elbrouz, 5642m d&#039;altitude, situ\u00e9 dans le massif du Caucase, plus haut sommet d&#039;Europe devant le Mont Blanc.\" \/>\n<meta name=\"robots\" content=\"index, follow, max-snippet:-1, max-image-preview:large, max-video-preview:-1\" \/>\n<link rel=\"canonical\" href=\"https:\/\/www.montania-sport.com\/blog\/expedition-environnementale-mont-elbrouz-recyclage-dechets\/\" \/>\n<meta property=\"og:locale\" content=\"fr_FR\" \/>\n<meta property=\"og:type\" content=\"article\" \/>\n<meta property=\"og:title\" content=\"Exp\u00e9dition au Mont Elbrouz, recyclage des d\u00e9chets en altitude\" \/>\n<meta property=\"og:description\" content=\"Ramassage et tri des d\u00e9chets au Mont Elbrouz, 5642m d&#039;altitude, situ\u00e9 dans le massif du Caucase, plus haut sommet d&#039;Europe devant le Mont Blanc.\" \/>\n<meta property=\"og:url\" content=\"https:\/\/www.montania-sport.com\/blog\/expedition-environnementale-mont-elbrouz-recyclage-dechets\/\" \/>\n<meta property=\"og:site_name\" content=\"Blog Montania Sport\" \/>\n<meta property=\"article:publisher\" content=\"https:\/\/www.facebook.com\/Montania.Sport\" \/>\n<meta property=\"article:published_time\" content=\"2014-06-03T09:55:55+00:00\" \/>\n<meta property=\"article:modified_time\" content=\"2018-10-25T18:09:23+00:00\" \/>\n<meta property=\"og:image\" content=\"https:\/\/www.montania-sport.com\/blog\/wp-content\/uploads\/2014\/06\/Photo-Mont-Elbrouz.jpg\" \/>\n\t<meta property=\"og:image:width\" content=\"1920\" \/>\n\t<meta property=\"og:image:height\" content=\"1277\" \/>\n\t<meta property=\"og:image:type\" content=\"image\/jpeg\" \/>\n<meta name=\"author\" content=\"cedric\" \/>\n<meta name=\"twitter:card\" content=\"summary_large_image\" \/>\n<meta name=\"twitter:creator\" content=\"@MontaniaSport\" \/>\n<meta name=\"twitter:site\" content=\"@MontaniaSport\" \/>\n<meta name=\"twitter:label1\" content=\"\u00c9crit par\" \/>\n\t<meta name=\"twitter:data1\" content=\"cedric\" \/>\n\t<meta name=\"twitter:label2\" content=\"Dur\u00e9e de lecture estim\u00e9e\" \/>\n\t<meta name=\"twitter:data2\" content=\"7 minutes\" \/>\n<script type=\"application\/ld+json\" class=\"yoast-schema-graph\">{\"@context\":\"https:\/\/schema.org\",\"@graph\":[{\"@type\":\"Article\",\"@id\":\"https:\/\/www.montania-sport.com\/blog\/expedition-environnementale-mont-elbrouz-recyclage-dechets\/#article\",\"isPartOf\":{\"@id\":\"https:\/\/www.montania-sport.com\/blog\/expedition-environnementale-mont-elbrouz-recyclage-dechets\/\"},\"author\":{\"name\":\"cedric\",\"@id\":\"https:\/\/www.montania-sport.com\/blog\/#\/schema\/person\/eb15113f453620c1519f3f6a3886b250\"},\"headline\":\"Exp\u00e9dition environnementale au Mont Elbrouz, le recyclage des d\u00e9chets prend de l&rsquo;altitude\",\"datePublished\":\"2014-06-03T09:55:55+00:00\",\"dateModified\":\"2018-10-25T18:09:23+00:00\",\"mainEntityOfPage\":{\"@id\":\"https:\/\/www.montania-sport.com\/blog\/expedition-environnementale-mont-elbrouz-recyclage-dechets\/\"},\"wordCount\":1392,\"commentCount\":0,\"publisher\":{\"@id\":\"https:\/\/www.montania-sport.com\/blog\/#organization\"},\"image\":{\"@id\":\"https:\/\/www.montania-sport.com\/blog\/expedition-environnementale-mont-elbrouz-recyclage-dechets\/#primaryimage\"},\"thumbnailUrl\":\"https:\/\/www.montania-sport.com\/blog\/wp-content\/uploads\/2014\/06\/Photo-Mont-Elbrouz.jpg\",\"articleSection\":[\"Actus du Magasin \/ Nouveaut\u00e9s\"],\"inLanguage\":\"fr-FR\",\"potentialAction\":[{\"@type\":\"CommentAction\",\"name\":\"Comment\",\"target\":[\"https:\/\/www.montania-sport.com\/blog\/expedition-environnementale-mont-elbrouz-recyclage-dechets\/#respond\"]}]},{\"@type\":\"WebPage\",\"@id\":\"https:\/\/www.montania-sport.com\/blog\/expedition-environnementale-mont-elbrouz-recyclage-dechets\/\",\"url\":\"https:\/\/www.montania-sport.com\/blog\/expedition-environnementale-mont-elbrouz-recyclage-dechets\/\",\"name\":\"Exp\u00e9dition au Mont Elbrouz, recyclage des d\u00e9chets en altitude\",\"isPartOf\":{\"@id\":\"https:\/\/www.montania-sport.com\/blog\/#website\"},\"primaryImageOfPage\":{\"@id\":\"https:\/\/www.montania-sport.com\/blog\/expedition-environnementale-mont-elbrouz-recyclage-dechets\/#primaryimage\"},\"image\":{\"@id\":\"https:\/\/www.montania-sport.com\/blog\/expedition-environnementale-mont-elbrouz-recyclage-dechets\/#primaryimage\"},\"thumbnailUrl\":\"https:\/\/www.montania-sport.com\/blog\/wp-content\/uploads\/2014\/06\/Photo-Mont-Elbrouz.jpg\",\"datePublished\":\"2014-06-03T09:55:55+00:00\",\"dateModified\":\"2018-10-25T18:09:23+00:00\",\"description\":\"Ramassage et tri des d\u00e9chets au Mont Elbrouz, 5642m d'altitude, situ\u00e9 dans le massif du Caucase, plus haut sommet d'Europe devant le Mont Blanc.\",\"breadcrumb\":{\"@id\":\"https:\/\/www.montania-sport.com\/blog\/expedition-environnementale-mont-elbrouz-recyclage-dechets\/#breadcrumb\"},\"inLanguage\":\"fr-FR\",\"potentialAction\":[{\"@type\":\"ReadAction\",\"target\":[\"https:\/\/www.montania-sport.com\/blog\/expedition-environnementale-mont-elbrouz-recyclage-dechets\/\"]}]},{\"@type\":\"ImageObject\",\"inLanguage\":\"fr-FR\",\"@id\":\"https:\/\/www.montania-sport.com\/blog\/expedition-environnementale-mont-elbrouz-recyclage-dechets\/#primaryimage\",\"url\":\"https:\/\/www.montania-sport.com\/blog\/wp-content\/uploads\/2014\/06\/Photo-Mont-Elbrouz.jpg\",\"contentUrl\":\"https:\/\/www.montania-sport.com\/blog\/wp-content\/uploads\/2014\/06\/Photo-Mont-Elbrouz.jpg\",\"width\":1920,\"height\":1277},{\"@type\":\"BreadcrumbList\",\"@id\":\"https:\/\/www.montania-sport.com\/blog\/expedition-environnementale-mont-elbrouz-recyclage-dechets\/#breadcrumb\",\"itemListElement\":[{\"@type\":\"ListItem\",\"position\":1,\"name\":\"Accueil\",\"item\":\"https:\/\/www.montania-sport.com\/blog\/\"},{\"@type\":\"ListItem\",\"position\":2,\"name\":\"Exp\u00e9dition environnementale au Mont Elbrouz, le recyclage des d\u00e9chets prend de l&rsquo;altitude\"}]},{\"@type\":\"WebSite\",\"@id\":\"https:\/\/www.montania-sport.com\/blog\/#website\",\"url\":\"https:\/\/www.montania-sport.com\/blog\/\",\"name\":\"Blog Montania Sport\",\"description\":\"Blog Montania Sport\",\"publisher\":{\"@id\":\"https:\/\/www.montania-sport.com\/blog\/#organization\"},\"potentialAction\":[{\"@type\":\"SearchAction\",\"target\":{\"@type\":\"EntryPoint\",\"urlTemplate\":\"https:\/\/www.montania-sport.com\/blog\/?s={search_term_string}\"},\"query-input\":{\"@type\":\"PropertyValueSpecification\",\"valueRequired\":true,\"valueName\":\"search_term_string\"}}],\"inLanguage\":\"fr-FR\"},{\"@type\":\"Organization\",\"@id\":\"https:\/\/www.montania-sport.com\/blog\/#organization\",\"name\":\"Montania Sport\",\"url\":\"https:\/\/www.montania-sport.com\/blog\/\",\"logo\":{\"@type\":\"ImageObject\",\"inLanguage\":\"fr-FR\",\"@id\":\"https:\/\/www.montania-sport.com\/blog\/#\/schema\/logo\/image\/\",\"url\":\"https:\/\/www.montania-sport.com\/blog\/wp-content\/uploads\/2023\/04\/cropped-Logo-BLOG-2023-1200.png\",\"contentUrl\":\"https:\/\/www.montania-sport.com\/blog\/wp-content\/uploads\/2023\/04\/cropped-Logo-BLOG-2023-1200.png\",\"width\":1200,\"height\":645,\"caption\":\"Montania Sport\"},\"image\":{\"@id\":\"https:\/\/www.montania-sport.com\/blog\/#\/schema\/logo\/image\/\"},\"sameAs\":[\"https:\/\/www.facebook.com\/Montania.Sport\",\"https:\/\/x.com\/MontaniaSport\",\"https:\/\/www.instagram.com\/montania_sport\"]},{\"@type\":\"Person\",\"@id\":\"https:\/\/www.montania-sport.com\/blog\/#\/schema\/person\/eb15113f453620c1519f3f6a3886b250\",\"name\":\"cedric\",\"image\":{\"@type\":\"ImageObject\",\"inLanguage\":\"fr-FR\",\"@id\":\"https:\/\/www.montania-sport.com\/blog\/#\/schema\/person\/image\/\",\"url\":\"https:\/\/secure.gravatar.com\/avatar\/9851a6499bed921b62b2ae7c399fe8ce?s=96&d=mm&r=g\",\"contentUrl\":\"https:\/\/secure.gravatar.com\/avatar\/9851a6499bed921b62b2ae7c399fe8ce?s=96&d=mm&r=g\",\"caption\":\"cedric\"},\"url\":\"https:\/\/www.montania-sport.com\/blog\/author\/cedric\/\"}]}<\/script>\n<!-- \/ Yoast SEO plugin. -->","yoast_head_json":{"title":"Exp\u00e9dition au Mont Elbrouz, recyclage des d\u00e9chets en altitude","description":"Ramassage et tri des d\u00e9chets au Mont Elbrouz, 5642m d'altitude, situ\u00e9 dans le massif du Caucase, plus haut sommet d'Europe devant le Mont Blanc.","robots":{"index":"index","follow":"follow","max-snippet":"max-snippet:-1","max-image-preview":"max-image-preview:large","max-video-preview":"max-video-preview:-1"},"canonical":"https:\/\/www.montania-sport.com\/blog\/expedition-environnementale-mont-elbrouz-recyclage-dechets\/","og_locale":"fr_FR","og_type":"article","og_title":"Exp\u00e9dition au Mont Elbrouz, recyclage des d\u00e9chets en altitude","og_description":"Ramassage et tri des d\u00e9chets au Mont Elbrouz, 5642m d'altitude, situ\u00e9 dans le massif du Caucase, plus haut sommet d'Europe devant le Mont Blanc.","og_url":"https:\/\/www.montania-sport.com\/blog\/expedition-environnementale-mont-elbrouz-recyclage-dechets\/","og_site_name":"Blog Montania Sport","article_publisher":"https:\/\/www.facebook.com\/Montania.Sport","article_published_time":"2014-06-03T09:55:55+00:00","article_modified_time":"2018-10-25T18:09:23+00:00","og_image":[{"width":1920,"height":1277,"url":"https:\/\/www.montania-sport.com\/blog\/wp-content\/uploads\/2014\/06\/Photo-Mont-Elbrouz.jpg","type":"image\/jpeg"}],"author":"cedric","twitter_card":"summary_large_image","twitter_creator":"@MontaniaSport","twitter_site":"@MontaniaSport","twitter_misc":{"\u00c9crit par":"cedric","Dur\u00e9e de lecture estim\u00e9e":"7 minutes"},"schema":{"@context":"https:\/\/schema.org","@graph":[{"@type":"Article","@id":"https:\/\/www.montania-sport.com\/blog\/expedition-environnementale-mont-elbrouz-recyclage-dechets\/#article","isPartOf":{"@id":"https:\/\/www.montania-sport.com\/blog\/expedition-environnementale-mont-elbrouz-recyclage-dechets\/"},"author":{"name":"cedric","@id":"https:\/\/www.montania-sport.com\/blog\/#\/schema\/person\/eb15113f453620c1519f3f6a3886b250"},"headline":"Exp\u00e9dition environnementale au Mont Elbrouz, le recyclage des d\u00e9chets prend de l&rsquo;altitude","datePublished":"2014-06-03T09:55:55+00:00","dateModified":"2018-10-25T18:09:23+00:00","mainEntityOfPage":{"@id":"https:\/\/www.montania-sport.com\/blog\/expedition-environnementale-mont-elbrouz-recyclage-dechets\/"},"wordCount":1392,"commentCount":0,"publisher":{"@id":"https:\/\/www.montania-sport.com\/blog\/#organization"},"image":{"@id":"https:\/\/www.montania-sport.com\/blog\/expedition-environnementale-mont-elbrouz-recyclage-dechets\/#primaryimage"},"thumbnailUrl":"https:\/\/www.montania-sport.com\/blog\/wp-content\/uploads\/2014\/06\/Photo-Mont-Elbrouz.jpg","articleSection":["Actus du Magasin \/ Nouveaut\u00e9s"],"inLanguage":"fr-FR","potentialAction":[{"@type":"CommentAction","name":"Comment","target":["https:\/\/www.montania-sport.com\/blog\/expedition-environnementale-mont-elbrouz-recyclage-dechets\/#respond"]}]},{"@type":"WebPage","@id":"https:\/\/www.montania-sport.com\/blog\/expedition-environnementale-mont-elbrouz-recyclage-dechets\/","url":"https:\/\/www.montania-sport.com\/blog\/expedition-environnementale-mont-elbrouz-recyclage-dechets\/","name":"Exp\u00e9dition au Mont Elbrouz, recyclage des d\u00e9chets en altitude","isPartOf":{"@id":"https:\/\/www.montania-sport.com\/blog\/#website"},"primaryImageOfPage":{"@id":"https:\/\/www.montania-sport.com\/blog\/expedition-environnementale-mont-elbrouz-recyclage-dechets\/#primaryimage"},"image":{"@id":"https:\/\/www.montania-sport.com\/blog\/expedition-environnementale-mont-elbrouz-recyclage-dechets\/#primaryimage"},"thumbnailUrl":"https:\/\/www.montania-sport.com\/blog\/wp-content\/uploads\/2014\/06\/Photo-Mont-Elbrouz.jpg","datePublished":"2014-06-03T09:55:55+00:00","dateModified":"2018-10-25T18:09:23+00:00","description":"Ramassage et tri des d\u00e9chets au Mont Elbrouz, 5642m d'altitude, situ\u00e9 dans le massif du Caucase, plus haut sommet d'Europe devant le Mont Blanc.","breadcrumb":{"@id":"https:\/\/www.montania-sport.com\/blog\/expedition-environnementale-mont-elbrouz-recyclage-dechets\/#breadcrumb"},"inLanguage":"fr-FR","potentialAction":[{"@type":"ReadAction","target":["https:\/\/www.montania-sport.com\/blog\/expedition-environnementale-mont-elbrouz-recyclage-dechets\/"]}]},{"@type":"ImageObject","inLanguage":"fr-FR","@id":"https:\/\/www.montania-sport.com\/blog\/expedition-environnementale-mont-elbrouz-recyclage-dechets\/#primaryimage","url":"https:\/\/www.montania-sport.com\/blog\/wp-content\/uploads\/2014\/06\/Photo-Mont-Elbrouz.jpg","contentUrl":"https:\/\/www.montania-sport.com\/blog\/wp-content\/uploads\/2014\/06\/Photo-Mont-Elbrouz.jpg","width":1920,"height":1277},{"@type":"BreadcrumbList","@id":"https:\/\/www.montania-sport.com\/blog\/expedition-environnementale-mont-elbrouz-recyclage-dechets\/#breadcrumb","itemListElement":[{"@type":"ListItem","position":1,"name":"Accueil","item":"https:\/\/www.montania-sport.com\/blog\/"},{"@type":"ListItem","position":2,"name":"Exp\u00e9dition environnementale au Mont Elbrouz, le recyclage des d\u00e9chets prend de l&rsquo;altitude"}]},{"@type":"WebSite","@id":"https:\/\/www.montania-sport.com\/blog\/#website","url":"https:\/\/www.montania-sport.com\/blog\/","name":"Blog Montania Sport","description":"Blog Montania Sport","publisher":{"@id":"https:\/\/www.montania-sport.com\/blog\/#organization"},"potentialAction":[{"@type":"SearchAction","target":{"@type":"EntryPoint","urlTemplate":"https:\/\/www.montania-sport.com\/blog\/?s={search_term_string}"},"query-input":{"@type":"PropertyValueSpecification","valueRequired":true,"valueName":"search_term_string"}}],"inLanguage":"fr-FR"},{"@type":"Organization","@id":"https:\/\/www.montania-sport.com\/blog\/#organization","name":"Montania Sport","url":"https:\/\/www.montania-sport.com\/blog\/","logo":{"@type":"ImageObject","inLanguage":"fr-FR","@id":"https:\/\/www.montania-sport.com\/blog\/#\/schema\/logo\/image\/","url":"https:\/\/www.montania-sport.com\/blog\/wp-content\/uploads\/2023\/04\/cropped-Logo-BLOG-2023-1200.png","contentUrl":"https:\/\/www.montania-sport.com\/blog\/wp-content\/uploads\/2023\/04\/cropped-Logo-BLOG-2023-1200.png","width":1200,"height":645,"caption":"Montania Sport"},"image":{"@id":"https:\/\/www.montania-sport.com\/blog\/#\/schema\/logo\/image\/"},"sameAs":["https:\/\/www.facebook.com\/Montania.Sport","https:\/\/x.com\/MontaniaSport","https:\/\/www.instagram.com\/montania_sport"]},{"@type":"Person","@id":"https:\/\/www.montania-sport.com\/blog\/#\/schema\/person\/eb15113f453620c1519f3f6a3886b250","name":"cedric","image":{"@type":"ImageObject","inLanguage":"fr-FR","@id":"https:\/\/www.montania-sport.com\/blog\/#\/schema\/person\/image\/","url":"https:\/\/secure.gravatar.com\/avatar\/9851a6499bed921b62b2ae7c399fe8ce?s=96&d=mm&r=g","contentUrl":"https:\/\/secure.gravatar.com\/avatar\/9851a6499bed921b62b2ae7c399fe8ce?s=96&d=mm&r=g","caption":"cedric"},"url":"https:\/\/www.montania-sport.com\/blog\/author\/cedric\/"}]}},"jetpack_featured_media_url":"https:\/\/www.montania-sport.com\/blog\/wp-content\/uploads\/2014\/06\/Photo-Mont-Elbrouz.jpg","jetpack_sharing_enabled":true,"jetpack-related-posts":[],"_links":{"self":[{"href":"https:\/\/www.montania-sport.com\/blog\/wp-json\/wp\/v2\/posts\/4988","targetHints":{"allow":["GET"]}}],"collection":[{"href":"https:\/\/www.montania-sport.com\/blog\/wp-json\/wp\/v2\/posts"}],"about":[{"href":"https:\/\/www.montania-sport.com\/blog\/wp-json\/wp\/v2\/types\/post"}],"author":[{"embeddable":true,"href":"https:\/\/www.montania-sport.com\/blog\/wp-json\/wp\/v2\/users\/2"}],"replies":[{"embeddable":true,"href":"https:\/\/www.montania-sport.com\/blog\/wp-json\/wp\/v2\/comments?post=4988"}],"version-history":[{"count":0,"href":"https:\/\/www.montania-sport.com\/blog\/wp-json\/wp\/v2\/posts\/4988\/revisions"}],"wp:featuredmedia":[{"embeddable":true,"href":"https:\/\/www.montania-sport.com\/blog\/wp-json\/wp\/v2\/media\/7786"}],"wp:attachment":[{"href":"https:\/\/www.montania-sport.com\/blog\/wp-json\/wp\/v2\/media?parent=4988"}],"wp:term":[{"taxonomy":"category","embeddable":true,"href":"https:\/\/www.montania-sport.com\/blog\/wp-json\/wp\/v2\/categories?post=4988"},{"taxonomy":"post_tag","embeddable":true,"href":"https:\/\/www.montania-sport.com\/blog\/wp-json\/wp\/v2\/tags?post=4988"}],"curies":[{"name":"wp","href":"https:\/\/api.w.org\/{rel}","templated":true}]}}