{"id":38144,"date":"2025-06-06T15:25:18","date_gmt":"2025-06-06T14:25:18","guid":{"rendered":"https:\/\/www.montania-sport.com\/blog\/?p=38144"},"modified":"2025-06-17T15:11:50","modified_gmt":"2025-06-17T14:11:50","slug":"voyager-a-velo-en-montagne-gerer-le-denivele-et-lautonomie","status":"publish","type":"post","link":"https:\/\/www.montania-sport.com\/blog\/voyager-a-velo-en-montagne-gerer-le-denivele-et-lautonomie\/","title":{"rendered":"Voyager \u00e0 v\u00e9lo en montagne : g\u00e9rer le d\u00e9nivel\u00e9 et l\u2019autonomie"},"content":{"rendered":"\n<p>Le voyage \u00e0 v\u00e9lo attire de plus en plus d\u2019amateurs de libert\u00e9 et de nature. Mais lorsque l\u2019on aborde les massifs montagneux comme les Alpes ou les Pyr\u00e9n\u00e9es, la gestion du d\u00e9nivel\u00e9 et de l\u2019autonomie devient un v\u00e9ritable enjeu. Voici quelques conseils pour bien vous \u00e9quiper et profiter de vos aventures alpines !<\/p>\n\n\n\n<!--more-->\n\n\n\n<h2 class=\"wp-block-heading\">1. Choisir son itin\u00e9raire en montagne<\/h2>\n\n\n\n<p>Quand on part \u00e0 v\u00e9lo en montagne, bien choisir son itin\u00e9raire, c\u2019est d\u00e9j\u00e0 faire la moiti\u00e9 du chemin. Contrairement aux parcours en plaine, ici, le d\u00e9nivel\u00e9 change tout. Une \u00e9tape courte sur la carte peut devenir tr\u00e8s exigeante si elle encha\u00eene les cols ou les pentes raides. Mieux vaut donc prendre le temps de regarder le profil altim\u00e9trique, le type de route (goudron, piste, sentier), et de rep\u00e9rer les points d\u2019eau et les options pour dormir ou se ravitailler. On vous conseille de commencer simple : des \u00e9tapes pas trop longues, autour de 1 000 m de d\u00e9nivel\u00e9 positif par jour, histoire de garder du plaisir dans l\u2019effort. Avec les bons outils et bonnes applis (Komoot, Strava, OpenRunner), on peut construire un parcours qui colle \u00e0 ses envies et \u00e0 son niveau, tout en laissant un peu de place \u00e0 l\u2019impr\u00e9vu ! C\u2019est aussi \u00e7a, l\u2019aventure \u00e0 v\u00e9lo en montagne !<br \/><br \/>\ud83d\udc49 Retrouvez nos cartes et livres topos \u00ab\u00a0Voyages \u00e0 v\u00e9lo\u00a0\u00bb juste ici : <a href=\"https:\/\/www.montania-sport.com\/7791-cartes-et-livres-voyages-a-velo\" target=\"_blank\" rel=\"noreferrer noopener\">https:\/\/www.montania-sport.com\/7791-cartes-et-livres-voyages-a-velo<\/a><\/p>\n\n\n\n<hr class=\"wp-block-separator has-alpha-channel-opacity\"\/>\n\n\n\n<h2 class=\"wp-block-heading\">2. G\u00e9rer son autonomie : eau, nourriture, \u00e9nergie<\/h2>\n\n\n\n<p>En montagne, l\u2019autonomie, c\u2019est la cl\u00e9 pour rouler l\u2019esprit libre. Une fois lanc\u00e9 sur les petites routes ou les pistes d&rsquo;altitude, les villages se font rares, les fontaines aussi. Il faut donc pr\u00e9voir suffisamment d\u2019eau, surtout en \u00e9t\u00e9 : au moins deux bidons, et une poche \u00e0 eau si l\u2019\u00e9tape est longue ou si vous bivouaquez. C\u00f4t\u00e9 nourriture, on mise sur le simple et l\u2019efficace : fruits secs, barres \u00e9nerg\u00e9tiques, pain, fromage, quelques plats faciles \u00e0 pr\u00e9parer si vous avez un r\u00e9chaud. L\u2019objectif : garder de l\u2019\u00e9nergie sans alourdir les sacoches. Pour l\u2019\u00e9lectronique (GPS, t\u00e9l\u00e9phone, frontale\u2026), une batterie externe est indispensable, voir un petit panneau solaire ou une dynamo de moyeu si vous partez plusieurs jours. Et si vous \u00eates en VAE, anticipez les points de recharge et roulez autant que possible en mode \u00ab\u00a0\u00e9co\u00a0\u00bb. En g\u00e9rant bien votre autonomie, vous gagnez en libert\u00e9 et en s\u00e9r\u00e9nit\u00e9, m\u00eame sur les plus beaux itin\u00e9raires alpins.<\/p>\n\n\n\n<figure class=\"wp-block-gallery has-nested-images columns-default is-cropped wp-block-gallery-1 is-layout-flex wp-block-gallery-is-layout-flex\">\n<figure class=\"wp-block-image size-large\"><img fetchpriority=\"high\" decoding=\"async\" width=\"735\" height=\"735\" data-id=\"38257\" src=\"https:\/\/www.montania-sport.com\/blog\/wp-content\/uploads\/2025\/06\/dynamo.jpg\" alt=\"\" class=\"wp-image-38257\" srcset=\"https:\/\/www.montania-sport.com\/blog\/wp-content\/uploads\/2025\/06\/dynamo.jpg 735w, https:\/\/www.montania-sport.com\/blog\/wp-content\/uploads\/2025\/06\/dynamo-300x300.jpg 300w, https:\/\/www.montania-sport.com\/blog\/wp-content\/uploads\/2025\/06\/dynamo-150x150.jpg 150w\" sizes=\"(max-width: 735px) 100vw, 735px\" \/><\/figure>\n\n\n\n<figure class=\"wp-block-image size-large\"><img decoding=\"async\" width=\"819\" height=\"1024\" data-id=\"38255\" src=\"https:\/\/www.montania-sport.com\/blog\/wp-content\/uploads\/2025\/06\/voyager-nutrition-819x1024.jpg\" alt=\"\" class=\"wp-image-38255\" srcset=\"https:\/\/www.montania-sport.com\/blog\/wp-content\/uploads\/2025\/06\/voyager-nutrition-819x1024.jpg 819w, https:\/\/www.montania-sport.com\/blog\/wp-content\/uploads\/2025\/06\/voyager-nutrition-240x300.jpg 240w, https:\/\/www.montania-sport.com\/blog\/wp-content\/uploads\/2025\/06\/voyager-nutrition-768x960.jpg 768w, https:\/\/www.montania-sport.com\/blog\/wp-content\/uploads\/2025\/06\/voyager-nutrition.jpg 1080w\" sizes=\"(max-width: 819px) 100vw, 819px\" \/><\/figure>\n\n\n\n<figure class=\"wp-block-image size-large\"><img decoding=\"async\" width=\"800\" height=\"800\" data-id=\"38256\" src=\"https:\/\/www.montania-sport.com\/blog\/wp-content\/uploads\/2025\/06\/batterie.jpg\" alt=\"\" class=\"wp-image-38256\" srcset=\"https:\/\/www.montania-sport.com\/blog\/wp-content\/uploads\/2025\/06\/batterie.jpg 800w, https:\/\/www.montania-sport.com\/blog\/wp-content\/uploads\/2025\/06\/batterie-300x300.jpg 300w, https:\/\/www.montania-sport.com\/blog\/wp-content\/uploads\/2025\/06\/batterie-150x150.jpg 150w, https:\/\/www.montania-sport.com\/blog\/wp-content\/uploads\/2025\/06\/batterie-768x768.jpg 768w\" sizes=\"(max-width: 800px) 100vw, 800px\" \/><\/figure>\n<\/figure>\n\n\n\n<p>\ud83d\udc49 Retrouvez les plats lyophilis\u00e9s \/ d\u00e9shydrat\u00e9s juste ici : <a href=\"https:\/\/www.montania-sport.com\/7130-nutrition-plats-lyophilises-ou-deshydrates\" target=\"_blank\" rel=\"noreferrer noopener\">https:\/\/www.montania-sport.com\/7130-nutrition-plats-lyophilises-ou-deshydrates<\/a><\/p>\n\n\n\n<hr class=\"wp-block-separator has-alpha-channel-opacity\"\/>\n\n\n\n<h2 class=\"wp-block-heading\">3. Optimiser son chargement<\/h2>\n\n\n\n<p>Quand on part plusieurs jours \u00e0 v\u00e9lo en montagne, chaque gramme compte. Monter un col avec 15 kg de bagages, ce n\u2019est pas la m\u00eame histoire qu\u2019avec un v\u00e9lo all\u00e9g\u00e9 et bien \u00e9quilibr\u00e9. L\u2019id\u00e9al, c\u2019est de voyager l\u00e9ger et malin. Posez-vous la question pour chaque objet : <em>\u201cEst-ce que j\u2019en aurai vraiment besoin chaque jour ?\u201d<\/em> C\u00f4t\u00e9 organisation, les sacoches de bikepacking (fix\u00e9es directement sur le cadre, la tige de selle ou le guidon) permettent de r\u00e9partir le poids sans porte-bagages lourd, tout en gardant un v\u00e9lo maniable. Rangez les affaires lourdes au plus bas et au centre du v\u00e9lo pour un meilleur \u00e9quilibre, et mettez ce qui doit rester accessible (veste, nourriture, carte\u2026) \u00e0 port\u00e9e de main. Pensez aussi \u00e0 la polyvalence : un v\u00eatement chaud peut faire office de coussin, une popote peut contenir votre trousse de toilette. Moins, c\u2019est mieux, surtout quand les lacets s\u2019encha\u00eenent sur 1000 m\u00e8tres de d\u00e9nivel\u00e9 !<\/p>\n\n\n\n<figure class=\"wp-block-gallery has-nested-images columns-default is-cropped wp-block-gallery-2 is-layout-flex wp-block-gallery-is-layout-flex\">\n<figure class=\"wp-block-image size-large\"><img loading=\"lazy\" decoding=\"async\" width=\"1024\" height=\"1024\" data-id=\"38264\" src=\"https:\/\/www.montania-sport.com\/blog\/wp-content\/uploads\/2025\/06\/optimiser-lequipement-1-1024x1024.jpg\" alt=\"\" class=\"wp-image-38264\" srcset=\"https:\/\/www.montania-sport.com\/blog\/wp-content\/uploads\/2025\/06\/optimiser-lequipement-1-1024x1024.jpg 1024w, https:\/\/www.montania-sport.com\/blog\/wp-content\/uploads\/2025\/06\/optimiser-lequipement-1-300x300.jpg 300w, https:\/\/www.montania-sport.com\/blog\/wp-content\/uploads\/2025\/06\/optimiser-lequipement-1-150x150.jpg 150w, https:\/\/www.montania-sport.com\/blog\/wp-content\/uploads\/2025\/06\/optimiser-lequipement-1-768x768.jpg 768w, https:\/\/www.montania-sport.com\/blog\/wp-content\/uploads\/2025\/06\/optimiser-lequipement-1.jpg 1080w\" sizes=\"(max-width: 1024px) 100vw, 1024px\" \/><\/figure>\n\n\n\n<figure class=\"wp-block-image size-large\"><img loading=\"lazy\" decoding=\"async\" width=\"1024\" height=\"1024\" data-id=\"38263\" src=\"https:\/\/www.montania-sport.com\/blog\/wp-content\/uploads\/2025\/06\/optimiser-lequipement-2-1024x1024.jpg\" alt=\"\" class=\"wp-image-38263\" srcset=\"https:\/\/www.montania-sport.com\/blog\/wp-content\/uploads\/2025\/06\/optimiser-lequipement-2-1024x1024.jpg 1024w, https:\/\/www.montania-sport.com\/blog\/wp-content\/uploads\/2025\/06\/optimiser-lequipement-2-300x300.jpg 300w, https:\/\/www.montania-sport.com\/blog\/wp-content\/uploads\/2025\/06\/optimiser-lequipement-2-150x150.jpg 150w, https:\/\/www.montania-sport.com\/blog\/wp-content\/uploads\/2025\/06\/optimiser-lequipement-2-768x768.jpg 768w, https:\/\/www.montania-sport.com\/blog\/wp-content\/uploads\/2025\/06\/optimiser-lequipement-2.jpg 1080w\" sizes=\"(max-width: 1024px) 100vw, 1024px\" \/><\/figure>\n<\/figure>\n\n\n\n<p>\ud83d\udc49 Retrouvez les sacoches de v\u00e9lo Ortlieb, Vaude&#8230;juste ici : <a href=\"https:\/\/www.montania-sport.com\/7777-sacoches-de-velo\" target=\"_blank\" rel=\"noreferrer noopener\">https:\/\/www.montania-sport.com\/7777-sacoches-de-velo<\/a><\/p>\n\n\n\n<hr class=\"wp-block-separator has-alpha-channel-opacity\"\/>\n\n\n\n<h2 class=\"wp-block-heading\">4. Bien s\u2019\u00e9quiper pour l\u2019altitude<\/h2>\n\n\n\n<p>Rouler en altitude, c\u2019est une exp\u00e9rience unique\u2026 mais \u00e7a demande un \u00e9quipement bien pens\u00e9. M\u00eame en plein \u00e9t\u00e9, les temp\u00e9ratures peuvent chuter brutalement au-dessus de 2000 m\u00e8tres, surtout en cas de vent ou de changement m\u00e9t\u00e9o. Il est donc essentiel d\u2019avoir des v\u00eatements adapt\u00e9s \u00e0 la montagne, l\u00e9gers mais efficaces : une veste coupe-vent imperm\u00e9able, une doudoune compressible, des gants fins et un tour de cou font partie des indispensables, m\u00eame sur une \u00e9tape annonc\u00e9e \u201censoleill\u00e9e\u201d. Le soleil en altitude peut aussi \u00eatre tra\u00eetre : lunettes cat\u00e9gorie 3, cr\u00e8me solaire haute protection et casquette sous le casque sont vos meilleurs alli\u00e9s. Et c\u00f4t\u00e9 effort, n\u2019oubliez pas que l\u2019altitude peut accentuer la fatigue : g\u00e9rez votre rythme, hydratez-vous souvent, et pr\u00e9voyez des encas r\u00e9guliers. Avec le bon \u00e9quipement, les grands cols deviennent des moments de pur plaisir !<\/p>\n\n\n\n<figure class=\"wp-block-image aligncenter size-large is-resized\"><img loading=\"lazy\" decoding=\"async\" width=\"1024\" height=\"768\" src=\"https:\/\/www.montania-sport.com\/blog\/wp-content\/uploads\/2025\/06\/bien-sequiper-1024x768.jpeg\" alt=\"\" class=\"wp-image-38265\" style=\"aspect-ratio:1;object-fit:cover;width:469px;height:auto\" srcset=\"https:\/\/www.montania-sport.com\/blog\/wp-content\/uploads\/2025\/06\/bien-sequiper-1024x768.jpeg 1024w, https:\/\/www.montania-sport.com\/blog\/wp-content\/uploads\/2025\/06\/bien-sequiper-300x225.jpeg 300w, https:\/\/www.montania-sport.com\/blog\/wp-content\/uploads\/2025\/06\/bien-sequiper-768x576.jpeg 768w, https:\/\/www.montania-sport.com\/blog\/wp-content\/uploads\/2025\/06\/bien-sequiper-1536x1152.jpeg 1536w, https:\/\/www.montania-sport.com\/blog\/wp-content\/uploads\/2025\/06\/bien-sequiper.jpeg 1890w\" sizes=\"(max-width: 1024px) 100vw, 1024px\" \/><\/figure>\n\n\n\n<p>\ud83d\udc49 Retrouvez des v\u00eatements techniques de v\u00e9lo (Gorebikewear, Vaude&#8230;) juste ici : <a href=\"https:\/\/www.montania-sport.com\/7779-vetements-velo\" target=\"_blank\" rel=\"noreferrer noopener\">https:\/\/www.montania-sport.com\/7779-vetements-velo<\/a><\/p>\n\n\n\n<hr class=\"wp-block-separator has-alpha-channel-opacity\"\/>\n\n\n\n<h2 class=\"wp-block-heading\">5. Et si on bivouaque ?<\/h2>\n\n\n\n<p>Le bivouac \u00e0 v\u00e9lo en montagne, c\u2019est le luxe de la libert\u00e9 : poser sa tente au bord d\u2019un lac d\u2019altitude, se r\u00e9veiller face aux sommets\u2026 mais \u00e7a se pr\u00e9pare un minimum. Avant tout, pensez \u00e0 v\u00e9rifier la r\u00e9glementation locale : dans certains parcs naturels, le bivouac est tol\u00e9r\u00e9 sous conditions (apr\u00e8s 19h, d\u00e9part avant 9h, pas de feu, etc.). <br \/>C\u00f4t\u00e9 mat\u00e9riel, on mise sur du l\u00e9ger et compact : tente l\u00e9g\u00e8re, tarp ou bivy bag selon la m\u00e9t\u00e9o, sac de couchage adapt\u00e9 aux temp\u00e9ratures nocturnes (m\u00eame en \u00e9t\u00e9, il peut faire 0\u202f\u00b0C \u00e0 2 000 m), et matelas isolant pour \u00e9viter de perdre la chaleur par le sol. Pr\u00e9voir aussi un petit r\u00e9chaud \u00e0 gaz pour cuisiner un plat chaud, surtout apr\u00e8s une grosse \u00e9tape. Et bien s\u00fbr, on laisse le lieu propre, sans trace de son passage. <br \/>Le bivouac, c\u2019est un retour \u00e0 l\u2019essentiel, parfait pour se reconnecter \u00e0 la nature\u2026 et \u00e0 soi-m\u00eame !<\/p>\n\n\n\n<p>\ud83d\udc49 Retrouvez notre espace \u00ab\u00a0Tentes &amp; Bivouac\u00a0\u00bb juste ici : <a href=\"https:\/\/www.montania-sport.com\/7084-espace-tentes-bivouac-sac-de-couchage-matelas-rechaud\" target=\"_blank\" rel=\"noreferrer noopener\">https:\/\/www.montania-sport.com\/7084-espace-tentes-bivouac-sac-de-couchage-matelas-rechaud<\/a><\/p>\n\n\n\n<figure class=\"wp-block-image aligncenter size-large is-resized\"><img loading=\"lazy\" decoding=\"async\" width=\"1024\" height=\"1024\" src=\"https:\/\/www.montania-sport.com\/blog\/wp-content\/uploads\/2025\/06\/velo-voyage-montagne-1024x1024.jpg\" alt=\"\" class=\"wp-image-38268\" style=\"width:575px;height:auto\" srcset=\"https:\/\/www.montania-sport.com\/blog\/wp-content\/uploads\/2025\/06\/velo-voyage-montagne-1024x1024.jpg 1024w, https:\/\/www.montania-sport.com\/blog\/wp-content\/uploads\/2025\/06\/velo-voyage-montagne-300x300.jpg 300w, https:\/\/www.montania-sport.com\/blog\/wp-content\/uploads\/2025\/06\/velo-voyage-montagne-150x150.jpg 150w, https:\/\/www.montania-sport.com\/blog\/wp-content\/uploads\/2025\/06\/velo-voyage-montagne-768x768.jpg 768w, https:\/\/www.montania-sport.com\/blog\/wp-content\/uploads\/2025\/06\/velo-voyage-montagne.jpg 1080w\" sizes=\"(max-width: 1024px) 100vw, 1024px\" \/><\/figure>\n\n\n\n<p>\u27a1\ufe0f Pour ne pas perdre de temps sur le choix de votre matelas, lisez \u00e9galement notre article \u00ab\u00a0Les 5 meilleurs matelas de bivouac\u00a0\u00bb  : <a href=\"https:\/\/www.montania-sport.com\/blog\/les-5-meilleurs-matelas-de-bivouac\/\" target=\"_blank\" rel=\"noreferrer noopener\">https:\/\/www.montania-sport.com\/blog\/les-5-meilleurs-matelas-de-bivouac\/<\/a><\/p>\n\n\n\n<p>\u27a1\ufe0f Dans le cas o\u00f9 vous auriez besoin d&rsquo;aide pour choisir votre tente Bikepacking, vous pouvez vous r\u00e9f\u00e9rer \u00e0 notre article Guide \u00ab\u00a0Quelle tente choisir pour faire du bikepacking ?\u00a0\u00bb : <a href=\"https:\/\/www.montania-sport.com\/blog\/quelle-tente-choisir-pour-faire-du-bikepacking\/\" target=\"_blank\" rel=\"noreferrer noopener\">https:\/\/www.montania-sport.com\/blog\/quelle-tente-choisir-pour-faire-du-bikepacking\/<\/a><\/p>\n\n\n\n<hr class=\"wp-block-separator has-alpha-channel-opacity\"\/>\n\n\n\n<h2 class=\"wp-block-heading\">FAQ \u2013 Questions fr\u00e9quentes sur les voyages \u00e0 v\u00e9lo<\/h2>\n\n\n\n<h3 class=\"wp-block-heading\">Peut-on voyager \u00e0 v\u00e9lo sur les sentiers de randonn\u00e9e ?<\/h3>\n\n\n\n<p>Cela d\u00e9pend du type de sentier. Certains sentiers balis\u00e9s sont autoris\u00e9s aux VTT et v\u00e9los en itin\u00e9rance, d&rsquo;autres sont strictement r\u00e9serv\u00e9s aux pi\u00e9tons. Renseignez-vous toujours aupr\u00e8s des offices de tourisme ou sur les cartes IGN. Respecter les r\u00e8gles locales permet de pr\u00e9server les sentiers et d\u2019\u00e9viter les conflits d\u2019usage.<\/p>\n\n\n\n<h3 class=\"wp-block-heading\">Quelle est la charge maximale conseill\u00e9e pour un voyage \u00e0 v\u00e9lo ?<\/h3>\n\n\n\n<p>En g\u00e9n\u00e9ral, mieux vaut ne pas d\u00e9passer 15 \u00e0 20 kg de bagages (hors v\u00e9lo) pour rester maniable, surtout en mont\u00e9e. Un chargement trop lourd fatigue plus vite et rend le v\u00e9lo instable. L\u2019id\u00e9al est de voyager l\u00e9ger et bien organis\u00e9, avec du mat\u00e9riel technique, compact et polyvalent.<\/p>\n\n\n\n<h3 class=\"wp-block-heading\">Quel est le meilleur syst\u00e8me pour filtrer l\u2019eau en montagne ?<\/h3>\n\n\n\n<p><a href=\"https:\/\/www.montania-sport.com\/7285-filtre-purification-eau\" target=\"_blank\" rel=\"noreferrer noopener\">Un filtre \u00e0 eau portable (type Hydrapak, Water-to-go)<\/a> est tr\u00e8s efficace et l\u00e9ger. Il permet de boire l\u2019eau des ruisseaux, des rivi\u00e8res, des fontaines non surveill\u00e9es et lacs en toute s\u00e9curit\u00e9. En cas d&rsquo;urgence, les <strong>pastilles de purification<\/strong> type Micropur peuvent aussi d\u00e9panner. <\/p>\n\n\n\n<h3 class=\"wp-block-heading\">Que faire en cas de pluie ou d\u2019orage en altitude ?<\/h3>\n\n\n\n<p>En cas de pluie, \u00e9quipez-vous d\u2019une veste imperm\u00e9able et prot\u00e9gez vos affaires dans des sacs \u00e9tanches si ce n&rsquo;est pas d\u00e9j\u00e0 fait. En cas d\u2019orage, descendez rapidement d\u2019altitude, \u00e9vitez les cr\u00eates, les arbres isol\u00e9s et les zones expos\u00e9es. Il vaut mieux s\u2019abriter temporairement que de continuer dans des conditions dangereuses.<\/p>\n\n\n\n<hr class=\"wp-block-separator has-alpha-channel-opacity\"\/>\n\n\n\n<h2 class=\"wp-block-heading\">Montania Sport, sp\u00e9cialiste du v\u00e9lo de voyage<\/h2>\n\n\n\n<figure class=\"wp-block-image aligncenter is-resized\"><img loading=\"lazy\" decoding=\"async\" width=\"250\" height=\"250\" src=\"https:\/\/www.montania-sport.com\/blog\/wp-content\/uploads\/2023\/04\/cropped-logo-avis-rond-250-2021.png\" alt=\"logo-avis-montania-sport\" class=\"wp-image-31483\" style=\"width:134px;height:auto\" srcset=\"https:\/\/www.montania-sport.com\/blog\/wp-content\/uploads\/2023\/04\/cropped-logo-avis-rond-250-2021.png 250w, https:\/\/www.montania-sport.com\/blog\/wp-content\/uploads\/2023\/04\/cropped-logo-avis-rond-250-2021-150x150.png 150w, https:\/\/www.montania-sport.com\/blog\/wp-content\/uploads\/2023\/04\/cropped-logo-avis-rond-250-2021-221x221.png 221w\" sizes=\"(max-width: 250px) 100vw, 250px\" \/><\/figure>\n\n\n\n<p>Sp\u00e9cialiste du v\u00e9lo de voyage, Montania Sport propose un large choix de v\u00e9los con\u00e7us pour l\u2019itin\u00e9rance, v\u00eatements et accessoires pour vivre pleinement votre passion du v\u00e9lo et de l\u2019itin\u00e9rance. Une \u00e9quipe de passionn\u00e9s vous accompagne avec des conseils d\u2019experts adapt\u00e9s \u00e0 vos besoins et \u00e0 votre niveau.<\/p>\n\n\n\n<p>\u27a1\ufe0f Vous pouvez d\u00e9couvrir ici tout notre espace V\u00e9los de Voyage (v\u00e9los, chaussures, casques, v\u00eatements, sacoches, antivo, porte-bagages\u2026) :<br \/>&nbsp;<a href=\"https:\/\/www.montania-sport.com\/7085-espace-velos-de-voyage-trekking-vtc-vtt-gravel\" target=\"_blank\" rel=\"noreferrer noopener\">https:\/\/www.montania-sport.com\/7085-espace-velos-de-voyage-trekking-vtc-vtt-gravel<\/a><\/p>\n\n\n\n<hr class=\"wp-block-separator has-alpha-channel-opacity\"\/>\n\n\n\n<p>Merci de votre lecture,<\/p>\n\n\n\n<p>Hugo<\/p>\n","protected":false},"excerpt":{"rendered":"<p>Le voyage \u00e0 v\u00e9lo attire de plus en plus d\u2019amateurs de libert\u00e9 et de nature. Mais lorsque l\u2019on aborde les massifs montagneux comme les Alpes ou les Pyr\u00e9n\u00e9es, la gestion du d\u00e9nivel\u00e9 et de l\u2019autonomie devient un v\u00e9ritable enjeu. Voici quelques conseils pour bien vous \u00e9quiper et profiter de vos aventures alpines !<\/p>\n","protected":false},"author":2,"featured_media":38270,"comment_status":"open","ping_status":"open","sticky":false,"template":"","format":"standard","meta":{"site-sidebar-layout":"default","site-content-layout":"default","ast-global-header-display":"","ast-main-header-display":"","ast-hfb-above-header-display":"","ast-hfb-below-header-display":"","ast-hfb-mobile-header-display":"","site-post-title":"","ast-breadcrumbs-content":"","ast-featured-img":"","footer-sml-layout":"","theme-transparent-header-meta":"","adv-header-id-meta":"","stick-header-meta":"","header-above-stick-meta":"","header-main-stick-meta":"","header-below-stick-meta":"","_jetpack_memberships_contains_paid_content":false,"footnotes":""},"categories":[3],"tags":[1114,763,1115,1113,956],"class_list":["post-38144","post","type-post","status-publish","format-standard","has-post-thumbnail","hentry","category-les-fiches-conseils-montania","tag-bikepacking","tag-bivouac","tag-velo","tag-velo-trekking","tag-voyages-a-velo"],"yoast_head":"<!-- This site is optimized with the Yoast SEO plugin v24.4 - https:\/\/yoast.com\/wordpress\/plugins\/seo\/ -->\n<title>Voyager \u00e0 v\u00e9lo en montagne : g\u00e9rer le d\u00e9nivel\u00e9 et l\u2019autonomie - Blog Montania Sport<\/title>\n<meta name=\"description\" content=\"Voyager \u00e0 v\u00e9lo en montagne : conseils pratiques, optimiser son autonomie, s\u2019\u00e9quiper l\u00e9ger et rouler en altitude en toute s\u00e9curit\u00e9 -&gt;\" \/>\n<meta name=\"robots\" content=\"index, follow, max-snippet:-1, max-image-preview:large, max-video-preview:-1\" \/>\n<link rel=\"canonical\" href=\"https:\/\/www.montania-sport.com\/blog\/voyager-a-velo-en-montagne-gerer-le-denivele-et-lautonomie\/\" \/>\n<meta property=\"og:locale\" content=\"fr_FR\" \/>\n<meta property=\"og:type\" content=\"article\" \/>\n<meta property=\"og:title\" content=\"Voyager \u00e0 v\u00e9lo en montagne : g\u00e9rer le d\u00e9nivel\u00e9 et l\u2019autonomie - Blog Montania Sport\" \/>\n<meta property=\"og:description\" content=\"Voyager \u00e0 v\u00e9lo en montagne : conseils pratiques, optimiser son autonomie, s\u2019\u00e9quiper l\u00e9ger et rouler en altitude en toute s\u00e9curit\u00e9 -&gt;\" \/>\n<meta property=\"og:url\" content=\"https:\/\/www.montania-sport.com\/blog\/voyager-a-velo-en-montagne-gerer-le-denivele-et-lautonomie\/\" \/>\n<meta property=\"og:site_name\" content=\"Blog Montania Sport\" \/>\n<meta property=\"article:publisher\" content=\"https:\/\/www.facebook.com\/Montania.Sport\" \/>\n<meta property=\"article:published_time\" content=\"2025-06-06T14:25:18+00:00\" \/>\n<meta property=\"article:modified_time\" content=\"2025-06-17T14:11:50+00:00\" \/>\n<meta property=\"og:image\" content=\"https:\/\/www.montania-sport.com\/blog\/wp-content\/uploads\/2025\/06\/Velo-voyage-en-montagne.jpeg\" \/>\n\t<meta property=\"og:image:width\" content=\"1890\" \/>\n\t<meta property=\"og:image:height\" content=\"1417\" \/>\n\t<meta property=\"og:image:type\" content=\"image\/jpeg\" \/>\n<meta name=\"author\" content=\"cedric\" \/>\n<meta name=\"twitter:card\" content=\"summary_large_image\" \/>\n<meta name=\"twitter:creator\" content=\"@MontaniaSport\" \/>\n<meta name=\"twitter:site\" content=\"@MontaniaSport\" \/>\n<meta name=\"twitter:label1\" content=\"\u00c9crit par\" \/>\n\t<meta name=\"twitter:data1\" content=\"cedric\" \/>\n\t<meta name=\"twitter:label2\" content=\"Dur\u00e9e de lecture estim\u00e9e\" \/>\n\t<meta name=\"twitter:data2\" content=\"9 minutes\" \/>\n<script type=\"application\/ld+json\" class=\"yoast-schema-graph\">{\"@context\":\"https:\/\/schema.org\",\"@graph\":[{\"@type\":\"Article\",\"@id\":\"https:\/\/www.montania-sport.com\/blog\/voyager-a-velo-en-montagne-gerer-le-denivele-et-lautonomie\/#article\",\"isPartOf\":{\"@id\":\"https:\/\/www.montania-sport.com\/blog\/voyager-a-velo-en-montagne-gerer-le-denivele-et-lautonomie\/\"},\"author\":{\"name\":\"cedric\",\"@id\":\"https:\/\/www.montania-sport.com\/blog\/#\/schema\/person\/eb15113f453620c1519f3f6a3886b250\"},\"headline\":\"Voyager \u00e0 v\u00e9lo en montagne : g\u00e9rer le d\u00e9nivel\u00e9 et l\u2019autonomie\",\"datePublished\":\"2025-06-06T14:25:18+00:00\",\"dateModified\":\"2025-06-17T14:11:50+00:00\",\"mainEntityOfPage\":{\"@id\":\"https:\/\/www.montania-sport.com\/blog\/voyager-a-velo-en-montagne-gerer-le-denivele-et-lautonomie\/\"},\"wordCount\":1438,\"commentCount\":0,\"publisher\":{\"@id\":\"https:\/\/www.montania-sport.com\/blog\/#organization\"},\"image\":{\"@id\":\"https:\/\/www.montania-sport.com\/blog\/voyager-a-velo-en-montagne-gerer-le-denivele-et-lautonomie\/#primaryimage\"},\"thumbnailUrl\":\"https:\/\/www.montania-sport.com\/blog\/wp-content\/uploads\/2025\/06\/Velo-voyage-en-montagne.jpeg\",\"keywords\":[\"Bikepacking\",\"Bivouac\",\"V\u00e9lo\",\"V\u00e9lo trekking\",\"Voyages \u00e0 v\u00e9lo\"],\"articleSection\":[\"Fiches Conseils Montania\"],\"inLanguage\":\"fr-FR\",\"potentialAction\":[{\"@type\":\"CommentAction\",\"name\":\"Comment\",\"target\":[\"https:\/\/www.montania-sport.com\/blog\/voyager-a-velo-en-montagne-gerer-le-denivele-et-lautonomie\/#respond\"]}]},{\"@type\":\"WebPage\",\"@id\":\"https:\/\/www.montania-sport.com\/blog\/voyager-a-velo-en-montagne-gerer-le-denivele-et-lautonomie\/\",\"url\":\"https:\/\/www.montania-sport.com\/blog\/voyager-a-velo-en-montagne-gerer-le-denivele-et-lautonomie\/\",\"name\":\"Voyager \u00e0 v\u00e9lo en montagne : g\u00e9rer le d\u00e9nivel\u00e9 et l\u2019autonomie - Blog Montania Sport\",\"isPartOf\":{\"@id\":\"https:\/\/www.montania-sport.com\/blog\/#website\"},\"primaryImageOfPage\":{\"@id\":\"https:\/\/www.montania-sport.com\/blog\/voyager-a-velo-en-montagne-gerer-le-denivele-et-lautonomie\/#primaryimage\"},\"image\":{\"@id\":\"https:\/\/www.montania-sport.com\/blog\/voyager-a-velo-en-montagne-gerer-le-denivele-et-lautonomie\/#primaryimage\"},\"thumbnailUrl\":\"https:\/\/www.montania-sport.com\/blog\/wp-content\/uploads\/2025\/06\/Velo-voyage-en-montagne.jpeg\",\"datePublished\":\"2025-06-06T14:25:18+00:00\",\"dateModified\":\"2025-06-17T14:11:50+00:00\",\"description\":\"Voyager \u00e0 v\u00e9lo en montagne : conseils pratiques, optimiser son autonomie, s\u2019\u00e9quiper l\u00e9ger et rouler en altitude en toute s\u00e9curit\u00e9 ->\",\"breadcrumb\":{\"@id\":\"https:\/\/www.montania-sport.com\/blog\/voyager-a-velo-en-montagne-gerer-le-denivele-et-lautonomie\/#breadcrumb\"},\"inLanguage\":\"fr-FR\",\"potentialAction\":[{\"@type\":\"ReadAction\",\"target\":[\"https:\/\/www.montania-sport.com\/blog\/voyager-a-velo-en-montagne-gerer-le-denivele-et-lautonomie\/\"]}]},{\"@type\":\"ImageObject\",\"inLanguage\":\"fr-FR\",\"@id\":\"https:\/\/www.montania-sport.com\/blog\/voyager-a-velo-en-montagne-gerer-le-denivele-et-lautonomie\/#primaryimage\",\"url\":\"https:\/\/www.montania-sport.com\/blog\/wp-content\/uploads\/2025\/06\/Velo-voyage-en-montagne.jpeg\",\"contentUrl\":\"https:\/\/www.montania-sport.com\/blog\/wp-content\/uploads\/2025\/06\/Velo-voyage-en-montagne.jpeg\",\"width\":1890,\"height\":1417},{\"@type\":\"BreadcrumbList\",\"@id\":\"https:\/\/www.montania-sport.com\/blog\/voyager-a-velo-en-montagne-gerer-le-denivele-et-lautonomie\/#breadcrumb\",\"itemListElement\":[{\"@type\":\"ListItem\",\"position\":1,\"name\":\"Accueil\",\"item\":\"https:\/\/www.montania-sport.com\/blog\/\"},{\"@type\":\"ListItem\",\"position\":2,\"name\":\"Voyager \u00e0 v\u00e9lo en montagne : g\u00e9rer le d\u00e9nivel\u00e9 et l\u2019autonomie\"}]},{\"@type\":\"WebSite\",\"@id\":\"https:\/\/www.montania-sport.com\/blog\/#website\",\"url\":\"https:\/\/www.montania-sport.com\/blog\/\",\"name\":\"Blog Montania Sport\",\"description\":\"Blog Montania Sport\",\"publisher\":{\"@id\":\"https:\/\/www.montania-sport.com\/blog\/#organization\"},\"potentialAction\":[{\"@type\":\"SearchAction\",\"target\":{\"@type\":\"EntryPoint\",\"urlTemplate\":\"https:\/\/www.montania-sport.com\/blog\/?s={search_term_string}\"},\"query-input\":{\"@type\":\"PropertyValueSpecification\",\"valueRequired\":true,\"valueName\":\"search_term_string\"}}],\"inLanguage\":\"fr-FR\"},{\"@type\":\"Organization\",\"@id\":\"https:\/\/www.montania-sport.com\/blog\/#organization\",\"name\":\"Montania Sport\",\"url\":\"https:\/\/www.montania-sport.com\/blog\/\",\"logo\":{\"@type\":\"ImageObject\",\"inLanguage\":\"fr-FR\",\"@id\":\"https:\/\/www.montania-sport.com\/blog\/#\/schema\/logo\/image\/\",\"url\":\"https:\/\/www.montania-sport.com\/blog\/wp-content\/uploads\/2023\/04\/cropped-Logo-BLOG-2023-1200.png\",\"contentUrl\":\"https:\/\/www.montania-sport.com\/blog\/wp-content\/uploads\/2023\/04\/cropped-Logo-BLOG-2023-1200.png\",\"width\":1200,\"height\":645,\"caption\":\"Montania Sport\"},\"image\":{\"@id\":\"https:\/\/www.montania-sport.com\/blog\/#\/schema\/logo\/image\/\"},\"sameAs\":[\"https:\/\/www.facebook.com\/Montania.Sport\",\"https:\/\/x.com\/MontaniaSport\",\"https:\/\/www.instagram.com\/montania_sport\"]},{\"@type\":\"Person\",\"@id\":\"https:\/\/www.montania-sport.com\/blog\/#\/schema\/person\/eb15113f453620c1519f3f6a3886b250\",\"name\":\"cedric\",\"image\":{\"@type\":\"ImageObject\",\"inLanguage\":\"fr-FR\",\"@id\":\"https:\/\/www.montania-sport.com\/blog\/#\/schema\/person\/image\/\",\"url\":\"https:\/\/secure.gravatar.com\/avatar\/9851a6499bed921b62b2ae7c399fe8ce?s=96&d=mm&r=g\",\"contentUrl\":\"https:\/\/secure.gravatar.com\/avatar\/9851a6499bed921b62b2ae7c399fe8ce?s=96&d=mm&r=g\",\"caption\":\"cedric\"},\"url\":\"https:\/\/www.montania-sport.com\/blog\/author\/cedric\/\"}]}<\/script>\n<!-- \/ Yoast SEO plugin. -->","yoast_head_json":{"title":"Voyager \u00e0 v\u00e9lo en montagne : g\u00e9rer le d\u00e9nivel\u00e9 et l\u2019autonomie - Blog Montania Sport","description":"Voyager \u00e0 v\u00e9lo en montagne : conseils pratiques, optimiser son autonomie, s\u2019\u00e9quiper l\u00e9ger et rouler en altitude en toute s\u00e9curit\u00e9 ->","robots":{"index":"index","follow":"follow","max-snippet":"max-snippet:-1","max-image-preview":"max-image-preview:large","max-video-preview":"max-video-preview:-1"},"canonical":"https:\/\/www.montania-sport.com\/blog\/voyager-a-velo-en-montagne-gerer-le-denivele-et-lautonomie\/","og_locale":"fr_FR","og_type":"article","og_title":"Voyager \u00e0 v\u00e9lo en montagne : g\u00e9rer le d\u00e9nivel\u00e9 et l\u2019autonomie - Blog Montania Sport","og_description":"Voyager \u00e0 v\u00e9lo en montagne : conseils pratiques, optimiser son autonomie, s\u2019\u00e9quiper l\u00e9ger et rouler en altitude en toute s\u00e9curit\u00e9 ->","og_url":"https:\/\/www.montania-sport.com\/blog\/voyager-a-velo-en-montagne-gerer-le-denivele-et-lautonomie\/","og_site_name":"Blog Montania Sport","article_publisher":"https:\/\/www.facebook.com\/Montania.Sport","article_published_time":"2025-06-06T14:25:18+00:00","article_modified_time":"2025-06-17T14:11:50+00:00","og_image":[{"width":1890,"height":1417,"url":"https:\/\/www.montania-sport.com\/blog\/wp-content\/uploads\/2025\/06\/Velo-voyage-en-montagne.jpeg","type":"image\/jpeg"}],"author":"cedric","twitter_card":"summary_large_image","twitter_creator":"@MontaniaSport","twitter_site":"@MontaniaSport","twitter_misc":{"\u00c9crit par":"cedric","Dur\u00e9e de lecture estim\u00e9e":"9 minutes"},"schema":{"@context":"https:\/\/schema.org","@graph":[{"@type":"Article","@id":"https:\/\/www.montania-sport.com\/blog\/voyager-a-velo-en-montagne-gerer-le-denivele-et-lautonomie\/#article","isPartOf":{"@id":"https:\/\/www.montania-sport.com\/blog\/voyager-a-velo-en-montagne-gerer-le-denivele-et-lautonomie\/"},"author":{"name":"cedric","@id":"https:\/\/www.montania-sport.com\/blog\/#\/schema\/person\/eb15113f453620c1519f3f6a3886b250"},"headline":"Voyager \u00e0 v\u00e9lo en montagne : g\u00e9rer le d\u00e9nivel\u00e9 et l\u2019autonomie","datePublished":"2025-06-06T14:25:18+00:00","dateModified":"2025-06-17T14:11:50+00:00","mainEntityOfPage":{"@id":"https:\/\/www.montania-sport.com\/blog\/voyager-a-velo-en-montagne-gerer-le-denivele-et-lautonomie\/"},"wordCount":1438,"commentCount":0,"publisher":{"@id":"https:\/\/www.montania-sport.com\/blog\/#organization"},"image":{"@id":"https:\/\/www.montania-sport.com\/blog\/voyager-a-velo-en-montagne-gerer-le-denivele-et-lautonomie\/#primaryimage"},"thumbnailUrl":"https:\/\/www.montania-sport.com\/blog\/wp-content\/uploads\/2025\/06\/Velo-voyage-en-montagne.jpeg","keywords":["Bikepacking","Bivouac","V\u00e9lo","V\u00e9lo trekking","Voyages \u00e0 v\u00e9lo"],"articleSection":["Fiches Conseils Montania"],"inLanguage":"fr-FR","potentialAction":[{"@type":"CommentAction","name":"Comment","target":["https:\/\/www.montania-sport.com\/blog\/voyager-a-velo-en-montagne-gerer-le-denivele-et-lautonomie\/#respond"]}]},{"@type":"WebPage","@id":"https:\/\/www.montania-sport.com\/blog\/voyager-a-velo-en-montagne-gerer-le-denivele-et-lautonomie\/","url":"https:\/\/www.montania-sport.com\/blog\/voyager-a-velo-en-montagne-gerer-le-denivele-et-lautonomie\/","name":"Voyager \u00e0 v\u00e9lo en montagne : g\u00e9rer le d\u00e9nivel\u00e9 et l\u2019autonomie - Blog Montania Sport","isPartOf":{"@id":"https:\/\/www.montania-sport.com\/blog\/#website"},"primaryImageOfPage":{"@id":"https:\/\/www.montania-sport.com\/blog\/voyager-a-velo-en-montagne-gerer-le-denivele-et-lautonomie\/#primaryimage"},"image":{"@id":"https:\/\/www.montania-sport.com\/blog\/voyager-a-velo-en-montagne-gerer-le-denivele-et-lautonomie\/#primaryimage"},"thumbnailUrl":"https:\/\/www.montania-sport.com\/blog\/wp-content\/uploads\/2025\/06\/Velo-voyage-en-montagne.jpeg","datePublished":"2025-06-06T14:25:18+00:00","dateModified":"2025-06-17T14:11:50+00:00","description":"Voyager \u00e0 v\u00e9lo en montagne : conseils pratiques, optimiser son autonomie, s\u2019\u00e9quiper l\u00e9ger et rouler en altitude en toute s\u00e9curit\u00e9 ->","breadcrumb":{"@id":"https:\/\/www.montania-sport.com\/blog\/voyager-a-velo-en-montagne-gerer-le-denivele-et-lautonomie\/#breadcrumb"},"inLanguage":"fr-FR","potentialAction":[{"@type":"ReadAction","target":["https:\/\/www.montania-sport.com\/blog\/voyager-a-velo-en-montagne-gerer-le-denivele-et-lautonomie\/"]}]},{"@type":"ImageObject","inLanguage":"fr-FR","@id":"https:\/\/www.montania-sport.com\/blog\/voyager-a-velo-en-montagne-gerer-le-denivele-et-lautonomie\/#primaryimage","url":"https:\/\/www.montania-sport.com\/blog\/wp-content\/uploads\/2025\/06\/Velo-voyage-en-montagne.jpeg","contentUrl":"https:\/\/www.montania-sport.com\/blog\/wp-content\/uploads\/2025\/06\/Velo-voyage-en-montagne.jpeg","width":1890,"height":1417},{"@type":"BreadcrumbList","@id":"https:\/\/www.montania-sport.com\/blog\/voyager-a-velo-en-montagne-gerer-le-denivele-et-lautonomie\/#breadcrumb","itemListElement":[{"@type":"ListItem","position":1,"name":"Accueil","item":"https:\/\/www.montania-sport.com\/blog\/"},{"@type":"ListItem","position":2,"name":"Voyager \u00e0 v\u00e9lo en montagne : g\u00e9rer le d\u00e9nivel\u00e9 et l\u2019autonomie"}]},{"@type":"WebSite","@id":"https:\/\/www.montania-sport.com\/blog\/#website","url":"https:\/\/www.montania-sport.com\/blog\/","name":"Blog Montania Sport","description":"Blog Montania Sport","publisher":{"@id":"https:\/\/www.montania-sport.com\/blog\/#organization"},"potentialAction":[{"@type":"SearchAction","target":{"@type":"EntryPoint","urlTemplate":"https:\/\/www.montania-sport.com\/blog\/?s={search_term_string}"},"query-input":{"@type":"PropertyValueSpecification","valueRequired":true,"valueName":"search_term_string"}}],"inLanguage":"fr-FR"},{"@type":"Organization","@id":"https:\/\/www.montania-sport.com\/blog\/#organization","name":"Montania Sport","url":"https:\/\/www.montania-sport.com\/blog\/","logo":{"@type":"ImageObject","inLanguage":"fr-FR","@id":"https:\/\/www.montania-sport.com\/blog\/#\/schema\/logo\/image\/","url":"https:\/\/www.montania-sport.com\/blog\/wp-content\/uploads\/2023\/04\/cropped-Logo-BLOG-2023-1200.png","contentUrl":"https:\/\/www.montania-sport.com\/blog\/wp-content\/uploads\/2023\/04\/cropped-Logo-BLOG-2023-1200.png","width":1200,"height":645,"caption":"Montania Sport"},"image":{"@id":"https:\/\/www.montania-sport.com\/blog\/#\/schema\/logo\/image\/"},"sameAs":["https:\/\/www.facebook.com\/Montania.Sport","https:\/\/x.com\/MontaniaSport","https:\/\/www.instagram.com\/montania_sport"]},{"@type":"Person","@id":"https:\/\/www.montania-sport.com\/blog\/#\/schema\/person\/eb15113f453620c1519f3f6a3886b250","name":"cedric","image":{"@type":"ImageObject","inLanguage":"fr-FR","@id":"https:\/\/www.montania-sport.com\/blog\/#\/schema\/person\/image\/","url":"https:\/\/secure.gravatar.com\/avatar\/9851a6499bed921b62b2ae7c399fe8ce?s=96&d=mm&r=g","contentUrl":"https:\/\/secure.gravatar.com\/avatar\/9851a6499bed921b62b2ae7c399fe8ce?s=96&d=mm&r=g","caption":"cedric"},"url":"https:\/\/www.montania-sport.com\/blog\/author\/cedric\/"}]}},"jetpack_featured_media_url":"https:\/\/www.montania-sport.com\/blog\/wp-content\/uploads\/2025\/06\/Velo-voyage-en-montagne.jpeg","jetpack_sharing_enabled":true,"jetpack-related-posts":[],"_links":{"self":[{"href":"https:\/\/www.montania-sport.com\/blog\/wp-json\/wp\/v2\/posts\/38144","targetHints":{"allow":["GET"]}}],"collection":[{"href":"https:\/\/www.montania-sport.com\/blog\/wp-json\/wp\/v2\/posts"}],"about":[{"href":"https:\/\/www.montania-sport.com\/blog\/wp-json\/wp\/v2\/types\/post"}],"author":[{"embeddable":true,"href":"https:\/\/www.montania-sport.com\/blog\/wp-json\/wp\/v2\/users\/2"}],"replies":[{"embeddable":true,"href":"https:\/\/www.montania-sport.com\/blog\/wp-json\/wp\/v2\/comments?post=38144"}],"version-history":[{"count":17,"href":"https:\/\/www.montania-sport.com\/blog\/wp-json\/wp\/v2\/posts\/38144\/revisions"}],"predecessor-version":[{"id":38447,"href":"https:\/\/www.montania-sport.com\/blog\/wp-json\/wp\/v2\/posts\/38144\/revisions\/38447"}],"wp:featuredmedia":[{"embeddable":true,"href":"https:\/\/www.montania-sport.com\/blog\/wp-json\/wp\/v2\/media\/38270"}],"wp:attachment":[{"href":"https:\/\/www.montania-sport.com\/blog\/wp-json\/wp\/v2\/media?parent=38144"}],"wp:term":[{"taxonomy":"category","embeddable":true,"href":"https:\/\/www.montania-sport.com\/blog\/wp-json\/wp\/v2\/categories?post=38144"},{"taxonomy":"post_tag","embeddable":true,"href":"https:\/\/www.montania-sport.com\/blog\/wp-json\/wp\/v2\/tags?post=38144"}],"curies":[{"name":"wp","href":"https:\/\/api.w.org\/{rel}","templated":true}]}}