{"id":37340,"date":"2025-03-17T15:13:59","date_gmt":"2025-03-17T14:13:59","guid":{"rendered":"https:\/\/www.montania-sport.com\/blog\/?p=37340"},"modified":"2025-04-18T13:20:02","modified_gmt":"2025-04-18T12:20:02","slug":"la-traversee-du-beaufortain-en-ski-de-rando-par-noe-rogier","status":"publish","type":"post","link":"https:\/\/www.montania-sport.com\/blog\/la-traversee-du-beaufortain-en-ski-de-rando-par-noe-rogier\/","title":{"rendered":"La travers\u00e9e du Beaufortain en ski de rando par No\u00e9 Rogier"},"content":{"rendered":"\n<p>Au mois de f\u00e9vrier 2024, No\u00e9 Rogier et son ami L\u00e9o se sont lanc\u00e9s sur la travers\u00e9e du Beaufortain en ski de rando. Un d\u00e9fi magnifique de 5500d+ et environ 60km, entre Albertville et Bourg-Saint-Maurice, en passant par les sommets mythiques du massif. Conclue en 14h, cette aventure a, pour No\u00e9, sonn\u00e9e comme un retour \u00e0 l&rsquo;essentiel de sa pratique du ski de rando.<\/p>\n\n\n\n<!--more-->\n\n\n\n<h2 class=\"wp-block-heading\">La travers\u00e9e du Beaufortain en ski de rando<\/h2>\n\n\n\n<p>Apr\u00e8s de nombreuses ann\u00e9es consacr\u00e9es \u00e0 la comp\u00e9tition de ski alpinisme, j&rsquo;ai d\u00e9cid\u00e9 de mettre en \u00ab\u00a0stand by\u00a0\u00bb le haut-niveau cet hiver. J&rsquo;avais besoin de me retrouver, de reprendre du plaisir et surtout retrouver un \u00e9quilibre&nbsp;de vie stable. Cela devenait primordial. Ce qui m&rsquo;anime, c&rsquo;est de me retrouver&nbsp;en montagne, avec le soleil comme guide plut\u00f4t que la montre. C&rsquo;est ce qui s&rsquo;est pass\u00e9 le 5 f\u00e9vrier dernier, o\u00f9 avec mon ami L\u00e9o,&nbsp; nous avons eu une id\u00e9e plut\u00f4t farfelue.<\/p>\n\n\n\n<figure class=\"wp-block-image aligncenter size-large is-resized\"><img fetchpriority=\"high\" decoding=\"async\" width=\"1024\" height=\"505\" src=\"https:\/\/www.montania-sport.com\/blog\/wp-content\/uploads\/2025\/03\/trace-de-la-traversee-du-beaufortain-1024x505.png\" alt=\"\" class=\"wp-image-37374\" style=\"width:693px;height:auto\" srcset=\"https:\/\/www.montania-sport.com\/blog\/wp-content\/uploads\/2025\/03\/trace-de-la-traversee-du-beaufortain-1024x505.png 1024w, https:\/\/www.montania-sport.com\/blog\/wp-content\/uploads\/2025\/03\/trace-de-la-traversee-du-beaufortain-300x148.png 300w, https:\/\/www.montania-sport.com\/blog\/wp-content\/uploads\/2025\/03\/trace-de-la-traversee-du-beaufortain-768x379.png 768w, https:\/\/www.montania-sport.com\/blog\/wp-content\/uploads\/2025\/03\/trace-de-la-traversee-du-beaufortain-1536x758.png 1536w, https:\/\/www.montania-sport.com\/blog\/wp-content\/uploads\/2025\/03\/trace-de-la-traversee-du-beaufortain-2048x1010.png 2048w\" sizes=\"(max-width: 1024px) 100vw, 1024px\" \/><\/figure>\n\n\n\n<p>L&rsquo;anticyclone s&rsquo;\u00e9tait install\u00e9 depuis&nbsp;quelques jours et nous cherchions \u00e0 occuper notre prochaine journ\u00e9e de cong\u00e9. Les&nbsp;id\u00e9es de sorties \u00e9tait larges, allant de la Grande Faille du P\u00e9cloz dans les Bauges, \u00e0 la pointe de la Terrasse dans le Beaufortain. Notre cerveau et notre esprit \u00e9taient&nbsp;seulement perturb\u00e9s par ces conditions exceptionnelles. L&rsquo;id\u00e9e me vient alors de faire la travers\u00e9e du Beaufortain par les sommets. Je r\u00eavais de cette travers\u00e9e depuis un petit moment mais je n&rsquo;avais jamais&nbsp;os\u00e9 sauter le pas et m&rsquo;y lancer, ne sachant pas si j&rsquo;allais \u00eatre capable d&rsquo;arriver au bout. Partir&nbsp;d&rsquo;Albertville et revenir \u00e0 Bourg Saint Maurice c&rsquo;est d\u00e9j\u00e0 long en voiture alors&nbsp;imaginez en ski ! Je partage cette id\u00e9e ironiquement \u00e0 L\u00e9o, pariant qu&rsquo;il n&rsquo;acceptera pas. Par surprise je re\u00e7ois une r\u00e9ponse positive de sa part. J&rsquo;ai l&rsquo;impression de m&rsquo;\u00eatre un peu emball\u00e9 en lui proposant cette travers\u00e9e du Beaufortain et je tente de l&rsquo;orienter vers une autre sortie un peu plus cool. Mais L\u00e9o ne l\u00e2che pas l&rsquo;affaire et me convainc donc de partir d&rsquo;Albertville le lendemain matin.<\/p>\n\n\n\n<p>En rentrant \u00e0 la maison apr\u00e8s le travail, je pr\u00e9pare m\u00e9thodiquement mes affaires, de fa\u00e7on \u00e0 n&#8217;emporter que le n\u00e9cessaire pour ne pas \u00eatre trop alourdi. Il est \u00e0 pr\u00e9sent 21h. Une soupe et au lit, c&rsquo;est pas \u00e7a qu&rsquo;on dit ?&nbsp;Dernier petit message \u00e0 L\u00e9o avant de dormir : \u00ab\u00a0oublie qu&rsquo;on n&rsquo;a aucune chance, vas-y&nbsp;fonce. On ne sait jamais, sur un malentendu \u00e7a peut passer.\u00a0\u00bb Certains auront la r\u00e9f\u00e9rence ;)<\/p>\n\n\n\n<p>R\u00e9veil \u00e0 3h00, inutile de vous faire un dessin de ma t\u00eate. Vous aurez compris qu&rsquo;\u00e0 cette heure l\u00e0, je n&rsquo;ai qu&rsquo;une envie, c&rsquo;est de me remettre sous la couette. Mais pas le&nbsp;choix, maintenant il faut assumer. 5h du matin sur le parking de Pierre Grange, c&rsquo;est&nbsp;l&rsquo;heure du grand d\u00e9part avec mon L\u00e9o. Baskets au pieds, skis sur le sac et les&nbsp;frontales allum\u00e9es, nous sommes pr\u00eats \u00e0 manger (ou pas) cette premi\u00e8re longue mont\u00e9e jusqu&rsquo;\u00e0 la Roche Pourrie. Quelques heures plus tard, nous arrivons sur la belle ar\u00eate de la Roche Pourrie en m\u00eame temps que les premiers rayons du soleil. Tout le bassin&nbsp;d&rsquo;Albertville et le massif des Aravis s&rsquo;\u00e9clairent, le spectacle est grandiose. Quel privil\u00e8ge de vivre ce genre de moment ! On est juste&nbsp;heureux d&rsquo;\u00eatre ici, au calme en montagne, et de voir se profiler une belle journ\u00e9e de ski.&nbsp;<\/p>\n\n\n\n<figure class=\"wp-block-image aligncenter size-large is-resized\"><img decoding=\"async\" width=\"768\" height=\"1024\" src=\"https:\/\/www.montania-sport.com\/blog\/wp-content\/uploads\/2025\/03\/lever-du-jour-sur-la-traversee-du-beaufortain-768x1024.jpeg\" alt=\"\" class=\"wp-image-37373\" style=\"width:415px;height:auto\" srcset=\"https:\/\/www.montania-sport.com\/blog\/wp-content\/uploads\/2025\/03\/lever-du-jour-sur-la-traversee-du-beaufortain-768x1024.jpeg 768w, https:\/\/www.montania-sport.com\/blog\/wp-content\/uploads\/2025\/03\/lever-du-jour-sur-la-traversee-du-beaufortain-225x300.jpeg 225w, https:\/\/www.montania-sport.com\/blog\/wp-content\/uploads\/2025\/03\/lever-du-jour-sur-la-traversee-du-beaufortain-1152x1536.jpeg 1152w, https:\/\/www.montania-sport.com\/blog\/wp-content\/uploads\/2025\/03\/lever-du-jour-sur-la-traversee-du-beaufortain-1536x2048.jpeg 1536w, https:\/\/www.montania-sport.com\/blog\/wp-content\/uploads\/2025\/03\/lever-du-jour-sur-la-traversee-du-beaufortain.jpeg 1920w\" sizes=\"(max-width: 768px) 100vw, 768px\" \/><\/figure>\n\n\n\n<p>Motiv\u00e9s comme jamais apr\u00e8s ce beau lever de soleil, nous continuons notre petit&nbsp;bonhomme de chemin jusqu&rsquo;au Pas de l&rsquo;Ane, col qui se situe juste en amont du&nbsp;Mont Mirantin et qui ouvre les portes de Ar\u00eaches-Beaufort et de ses sommets.&nbsp; C&rsquo;est cool de monter mais il faut bien descendre \u00e0 un moment ! C&rsquo;est&nbsp;euphorique que nous nous \u00e9lan\u00e7ons dans la premi\u00e8re descente du jour. Les&nbsp; chutes de neiges de la semaine pr\u00e9c\u00e9dente nous avaient laiss\u00e9 encore quelques pentes en poudreuse, c&rsquo;est litt\u00e9ralement une \u00ab\u00a0r\u00e9galade\u00a0\u00bb. On repeaute et c&rsquo;est parti pour la Pointe&nbsp;de la Grande Journ\u00e9e, avant de rejoindre la Pointe Lavouet et de descendre son petit couloir. On se laisse ensuite glisser jusqu&rsquo;au col de la Bathie. Nous avons d\u00e9j\u00e0 presque 3000d+ dans les pattes mais l&rsquo;\u00e9quipe est toujours debout. Pas le temps de s&rsquo;arr\u00eater boire le caf\u00e9 !<\/p>\n\n\n\n<figure class=\"wp-block-gallery has-nested-images columns-default is-cropped wp-block-gallery-1 is-layout-flex wp-block-gallery-is-layout-flex\">\n<figure class=\"wp-block-image size-large\"><a href=\"https:\/\/www.montania-sport.com\/blog\/wp-content\/uploads\/2025\/03\/arete-sur-traversee-du-beaufortain.jpeg\"><img decoding=\"async\" width=\"768\" height=\"1024\" data-id=\"37364\" src=\"https:\/\/www.montania-sport.com\/blog\/wp-content\/uploads\/2025\/03\/arete-sur-traversee-du-beaufortain-768x1024.jpeg\" alt=\"\" class=\"wp-image-37364\" srcset=\"https:\/\/www.montania-sport.com\/blog\/wp-content\/uploads\/2025\/03\/arete-sur-traversee-du-beaufortain-768x1024.jpeg 768w, https:\/\/www.montania-sport.com\/blog\/wp-content\/uploads\/2025\/03\/arete-sur-traversee-du-beaufortain-225x300.jpeg 225w, https:\/\/www.montania-sport.com\/blog\/wp-content\/uploads\/2025\/03\/arete-sur-traversee-du-beaufortain.jpeg 960w\" sizes=\"(max-width: 768px) 100vw, 768px\" \/><\/a><\/figure>\n\n\n\n<figure class=\"wp-block-image size-large\"><a href=\"https:\/\/www.montania-sport.com\/blog\/wp-content\/uploads\/2025\/03\/traversee-du-beaufortain-en-ski-de-rando-2.jpeg\"><img loading=\"lazy\" decoding=\"async\" width=\"768\" height=\"1024\" data-id=\"37369\" src=\"https:\/\/www.montania-sport.com\/blog\/wp-content\/uploads\/2025\/03\/traversee-du-beaufortain-en-ski-de-rando-2-768x1024.jpeg\" alt=\"\" class=\"wp-image-37369\" srcset=\"https:\/\/www.montania-sport.com\/blog\/wp-content\/uploads\/2025\/03\/traversee-du-beaufortain-en-ski-de-rando-2-768x1024.jpeg 768w, https:\/\/www.montania-sport.com\/blog\/wp-content\/uploads\/2025\/03\/traversee-du-beaufortain-en-ski-de-rando-2-225x300.jpeg 225w, https:\/\/www.montania-sport.com\/blog\/wp-content\/uploads\/2025\/03\/traversee-du-beaufortain-en-ski-de-rando-2.jpeg 960w\" sizes=\"(max-width: 768px) 100vw, 768px\" \/><\/a><\/figure>\n<\/figure>\n\n\n\n<p>Le court passage sur les pistes de ski d&rsquo;Ar\u00eaches s&rsquo;av\u00e8re \u00eatre un moment un peu difficile pour L\u00e9o. Je m&rsquo;inqui\u00e8te un peu pour lui car la route est encore longue. Nous en sommes \u00e0 peine \u00e0 la&nbsp; moiti\u00e9 ! Mais apr\u00e8s quelques barres de c\u00e9r\u00e9ales, l&rsquo;\u00e9nergie revient et nous arrivons au pied de la mythique ar\u00eate&nbsp;du Grand Mont. Ce f\u00fbt un joli moment de bonheur. Quel pied de pouvoir partager cette ar\u00eate avec L\u00e9o ! On profite du sommet pour manger un bout et se reposer quelques instants. <\/p>\n\n\n\n<p>Il est 12h30. La moiti\u00e9 de la travers\u00e9e est faite alors nous n&rsquo;avons plus le choix : oblig\u00e9s d&rsquo;aller au bout ! La deuxi\u00e8me partie de l&rsquo;itin\u00e9raire est une&nbsp;travers\u00e9e plate relativement longue jusqu&rsquo;\u00e0 la Pierra Menta. Le soleil tape fort l&rsquo;apr\u00e8s-midi et nos Camel-backs commencent \u00e0 \u00eatre \u00e0 secs. En rigolant, on se dit qu&rsquo;on va quand m\u00eame pas finir par se transformer en&nbsp;chameaux ! Heureusement pour nous, le refuge de la Coire approche et on peut se d\u00e9salt\u00e9rer et refaire le plein gr\u00e2ce \u00e0 une belle source juste \u00e0 c\u00f4t\u00e9. Regonfl\u00e9s \u00e0 bloc, on se dit que l&rsquo;on va pouvoir aller au bout de cette histoire !<\/p>\n\n\n\n<figure class=\"wp-block-gallery has-nested-images columns-default is-cropped wp-block-gallery-2 is-layout-flex wp-block-gallery-is-layout-flex\">\n<figure class=\"wp-block-image size-large\"><a href=\"https:\/\/www.montania-sport.com\/blog\/wp-content\/uploads\/2025\/03\/traversee-du-beaufortain-en-ski-de-rando.jpeg\"><img loading=\"lazy\" decoding=\"async\" width=\"768\" height=\"1024\" data-id=\"37363\" src=\"https:\/\/www.montania-sport.com\/blog\/wp-content\/uploads\/2025\/03\/traversee-du-beaufortain-en-ski-de-rando-768x1024.jpeg\" alt=\"\" class=\"wp-image-37363\" srcset=\"https:\/\/www.montania-sport.com\/blog\/wp-content\/uploads\/2025\/03\/traversee-du-beaufortain-en-ski-de-rando-768x1024.jpeg 768w, https:\/\/www.montania-sport.com\/blog\/wp-content\/uploads\/2025\/03\/traversee-du-beaufortain-en-ski-de-rando-225x300.jpeg 225w, https:\/\/www.montania-sport.com\/blog\/wp-content\/uploads\/2025\/03\/traversee-du-beaufortain-en-ski-de-rando.jpeg 960w\" sizes=\"(max-width: 768px) 100vw, 768px\" \/><\/a><\/figure>\n\n\n\n<figure class=\"wp-block-image size-large\"><a href=\"https:\/\/www.montania-sport.com\/blog\/wp-content\/uploads\/2025\/03\/fin-de-journee-sur-la-traversee-du-beaufortain.jpeg\"><img loading=\"lazy\" decoding=\"async\" width=\"768\" height=\"1024\" data-id=\"37368\" src=\"https:\/\/www.montania-sport.com\/blog\/wp-content\/uploads\/2025\/03\/fin-de-journee-sur-la-traversee-du-beaufortain-768x1024.jpeg\" alt=\"\" class=\"wp-image-37368\" srcset=\"https:\/\/www.montania-sport.com\/blog\/wp-content\/uploads\/2025\/03\/fin-de-journee-sur-la-traversee-du-beaufortain-768x1024.jpeg 768w, https:\/\/www.montania-sport.com\/blog\/wp-content\/uploads\/2025\/03\/fin-de-journee-sur-la-traversee-du-beaufortain-225x300.jpeg 225w, https:\/\/www.montania-sport.com\/blog\/wp-content\/uploads\/2025\/03\/fin-de-journee-sur-la-traversee-du-beaufortain.jpeg 960w\" sizes=\"(max-width: 768px) 100vw, 768px\" \/><\/a><\/figure>\n<\/figure>\n\n\n\n<p>Sur les coups de 16h, on passe au pied de la Pierra Menta. L\u00e9o, qui n&rsquo;\u00e9tait jamais venu dans le coin, en prend plein les yeux ! On&nbsp;aper\u00e7oit quelques personnes sur la terrasse du refuge de Presset. Eux ont finit leur journ\u00e9e et s&rsquo;offrent un bain de soleil. Nous, il nous reste encore au moins 1000d+&nbsp;pour atteindre la Pointe de la Combe Neuve, dernier sommet de la travers\u00e9e du Beaufortain. Nous devrions y arriver juste avant le coucher de soleil, g\u00e9nial ! Nos jambes commencent \u00e0 \u00eatre&nbsp;bien lourdes et le pas s&rsquo;est bien ralenti. On rentre dans le mode automatique,&nbsp;afin de garder le peu d&rsquo;\u00e9nergie qui nous reste ! Le froid arrive peu \u00e0 peu. Il est 17h lorsqu&rsquo;on arrive au dernier col&nbsp;de notre aventure et les derni\u00e8res lueurs du jours&nbsp;sont au rendez-vous comme pr\u00e9vu.  Assis sur un bout de rocher, on contemple la trace et les sommets parcourus depuis ce matin. Le&nbsp;Grand Mont parait tellement loin, et pourtant ce n&rsquo;\u00e9tait que la moiti\u00e9 ! <\/p>\n\n\n\n<p>Maintenant, c&rsquo;est fini ! Enfin presque. On&nbsp;termine nos derni\u00e8res barres et le paquet de bonbons, puis on se lance du c\u00f4t\u00e9 de la Tarentaise pour 2000d-. Apr\u00e8s 14h, 5500d+ et quelques coups de soleil, on retrouve le van de L\u00e9o, contents de&nbsp;nous !&nbsp;&nbsp;C&rsquo;\u00e9tait une tr\u00e8s belle journ\u00e9e, dont je me souviendrai ! Le fait de skier sans se prendre la t\u00eate dans un cadre aussi magnifique que sauvage comme le Beaufortain, c&rsquo;est vraiment ce qui m&rsquo;anime. On a su profiter de l&rsquo;instant pr\u00e9sent, ce qui est parfois difficile de nos jours, mais tellement important ! J&rsquo;esp\u00e8re que mon r\u00e9cit vous invite \u00e0 vivre ce genre d&rsquo;aventure qui nous ram\u00e8ne simplement \u00e0 l&rsquo;essentiel : passer des belles journ\u00e9es en montagne.<\/p>\n\n\n\n<figure class=\"wp-block-gallery has-nested-images columns-default is-cropped wp-block-gallery-3 is-layout-flex wp-block-gallery-is-layout-flex\">\n<figure class=\"wp-block-image size-large\"><a href=\"https:\/\/www.montania-sport.com\/blog\/wp-content\/uploads\/2025\/03\/coucher-de-soleil-sur-la-traversee-du-beaufortain.jpeg\"><img loading=\"lazy\" decoding=\"async\" width=\"576\" height=\"1024\" data-id=\"37361\" src=\"https:\/\/www.montania-sport.com\/blog\/wp-content\/uploads\/2025\/03\/coucher-de-soleil-sur-la-traversee-du-beaufortain-576x1024.jpeg\" alt=\"\" class=\"wp-image-37361\" srcset=\"https:\/\/www.montania-sport.com\/blog\/wp-content\/uploads\/2025\/03\/coucher-de-soleil-sur-la-traversee-du-beaufortain-576x1024.jpeg 576w, https:\/\/www.montania-sport.com\/blog\/wp-content\/uploads\/2025\/03\/coucher-de-soleil-sur-la-traversee-du-beaufortain-169x300.jpeg 169w, https:\/\/www.montania-sport.com\/blog\/wp-content\/uploads\/2025\/03\/coucher-de-soleil-sur-la-traversee-du-beaufortain.jpeg 720w\" sizes=\"(max-width: 576px) 100vw, 576px\" \/><\/a><\/figure>\n\n\n\n<figure class=\"wp-block-image size-large\"><a href=\"https:\/\/www.montania-sport.com\/blog\/wp-content\/uploads\/2025\/03\/arrivee-a-bourg-saint-maurice-apres-la-traversee-du-beaufortain.jpeg\"><img loading=\"lazy\" decoding=\"async\" width=\"768\" height=\"1024\" data-id=\"37362\" src=\"https:\/\/www.montania-sport.com\/blog\/wp-content\/uploads\/2025\/03\/arrivee-a-bourg-saint-maurice-apres-la-traversee-du-beaufortain-768x1024.jpeg\" alt=\"\" class=\"wp-image-37362\" srcset=\"https:\/\/www.montania-sport.com\/blog\/wp-content\/uploads\/2025\/03\/arrivee-a-bourg-saint-maurice-apres-la-traversee-du-beaufortain-768x1024.jpeg 768w, https:\/\/www.montania-sport.com\/blog\/wp-content\/uploads\/2025\/03\/arrivee-a-bourg-saint-maurice-apres-la-traversee-du-beaufortain-225x300.jpeg 225w, https:\/\/www.montania-sport.com\/blog\/wp-content\/uploads\/2025\/03\/arrivee-a-bourg-saint-maurice-apres-la-traversee-du-beaufortain.jpeg 960w\" sizes=\"(max-width: 768px) 100vw, 768px\" \/><\/a><\/figure>\n<\/figure>\n\n\n\n<hr class=\"wp-block-separator has-alpha-channel-opacity\"\/>\n\n\n\n<p>Merci beaucoup pour ton r\u00e9cit No\u00e9, et bravo pour cette magnifique travers\u00e9e du Beaufortain ! Vous pouvez retrouver son compte Instagram juste ici : <a href=\"https:\/\/www.instagram.com\/noerogier\/\" target=\"_blank\" rel=\"noreferrer noopener\">https:\/\/www.instagram.com\/noerogier\/<\/a><\/p>\n\n\n\n<figure class=\"wp-block-embed is-type-rich is-provider-instagram wp-block-embed-instagram\"><div class=\"wp-block-embed__wrapper\">\n<blockquote class=\"instagram-media\" data-instgrm-captioned data-instgrm-permalink=\"https:\/\/www.instagram.com\/reel\/DFvZajxoTvV\/?utm_source=ig_embed&amp;utm_campaign=loading\" data-instgrm-version=\"14\" style=\" background:#FFF; border:0; border-radius:3px; box-shadow:0 0 1px 0 rgba(0,0,0,0.5),0 1px 10px 0 rgba(0,0,0,0.15); margin: 1px; max-width:500px; min-width:326px; padding:0; width:99.375%; width:-webkit-calc(100% - 2px); width:calc(100% - 2px);\"><div style=\"padding:16px;\"> <a href=\"https:\/\/www.instagram.com\/reel\/DFvZajxoTvV\/?utm_source=ig_embed&amp;utm_campaign=loading\" style=\" background:#FFFFFF; line-height:0; padding:0 0; text-align:center; text-decoration:none; width:100%;\" target=\"_blank\"> <div style=\" display: flex; flex-direction: row; align-items: center;\"> <div style=\"background-color: #F4F4F4; border-radius: 50%; flex-grow: 0; height: 40px; margin-right: 14px; width: 40px;\"><\/div> <div style=\"display: flex; flex-direction: column; flex-grow: 1; justify-content: center;\"> <div style=\" background-color: #F4F4F4; border-radius: 4px; flex-grow: 0; height: 14px; margin-bottom: 6px; width: 100px;\"><\/div> <div style=\" background-color: #F4F4F4; border-radius: 4px; flex-grow: 0; height: 14px; width: 60px;\"><\/div><\/div><\/div><div style=\"padding: 19% 0;\"><\/div> <div style=\"display:block; height:50px; margin:0 auto 12px; width:50px;\"><svg width=\"50px\" height=\"50px\" viewBox=\"0 0 60 60\" version=\"1.1\" xmlns=\"https:\/\/www.w3.org\/2000\/svg\" xmlns:xlink=\"https:\/\/www.w3.org\/1999\/xlink\"><g stroke=\"none\" stroke-width=\"1\" fill=\"none\" fill-rule=\"evenodd\"><g transform=\"translate(-511.000000, -20.000000)\" fill=\"#000000\"><g><path d=\"M556.869,30.41 C554.814,30.41 553.148,32.076 553.148,34.131 C553.148,36.186 554.814,37.852 556.869,37.852 C558.924,37.852 560.59,36.186 560.59,34.131 C560.59,32.076 558.924,30.41 556.869,30.41 M541,60.657 C535.114,60.657 530.342,55.887 530.342,50 C530.342,44.114 535.114,39.342 541,39.342 C546.887,39.342 551.658,44.114 551.658,50 C551.658,55.887 546.887,60.657 541,60.657 M541,33.886 C532.1,33.886 524.886,41.1 524.886,50 C524.886,58.899 532.1,66.113 541,66.113 C549.9,66.113 557.115,58.899 557.115,50 C557.115,41.1 549.9,33.886 541,33.886 M565.378,62.101 C565.244,65.022 564.756,66.606 564.346,67.663 C563.803,69.06 563.154,70.057 562.106,71.106 C561.058,72.155 560.06,72.803 558.662,73.347 C557.607,73.757 556.021,74.244 553.102,74.378 C549.944,74.521 548.997,74.552 541,74.552 C533.003,74.552 532.056,74.521 528.898,74.378 C525.979,74.244 524.393,73.757 523.338,73.347 C521.94,72.803 520.942,72.155 519.894,71.106 C518.846,70.057 518.197,69.06 517.654,67.663 C517.244,66.606 516.755,65.022 516.623,62.101 C516.479,58.943 516.448,57.996 516.448,50 C516.448,42.003 516.479,41.056 516.623,37.899 C516.755,34.978 517.244,33.391 517.654,32.338 C518.197,30.938 518.846,29.942 519.894,28.894 C520.942,27.846 521.94,27.196 523.338,26.654 C524.393,26.244 525.979,25.756 528.898,25.623 C532.057,25.479 533.004,25.448 541,25.448 C548.997,25.448 549.943,25.479 553.102,25.623 C556.021,25.756 557.607,26.244 558.662,26.654 C560.06,27.196 561.058,27.846 562.106,28.894 C563.154,29.942 563.803,30.938 564.346,32.338 C564.756,33.391 565.244,34.978 565.378,37.899 C565.522,41.056 565.552,42.003 565.552,50 C565.552,57.996 565.522,58.943 565.378,62.101 M570.82,37.631 C570.674,34.438 570.167,32.258 569.425,30.349 C568.659,28.377 567.633,26.702 565.965,25.035 C564.297,23.368 562.623,22.342 560.652,21.575 C558.743,20.834 556.562,20.326 553.369,20.18 C550.169,20.033 549.148,20 541,20 C532.853,20 531.831,20.033 528.631,20.18 C525.438,20.326 523.257,20.834 521.349,21.575 C519.376,22.342 517.703,23.368 516.035,25.035 C514.368,26.702 513.342,28.377 512.574,30.349 C511.834,32.258 511.326,34.438 511.181,37.631 C511.035,40.831 511,41.851 511,50 C511,58.147 511.035,59.17 511.181,62.369 C511.326,65.562 511.834,67.743 512.574,69.651 C513.342,71.625 514.368,73.296 516.035,74.965 C517.703,76.634 519.376,77.658 521.349,78.425 C523.257,79.167 525.438,79.673 528.631,79.82 C531.831,79.965 532.853,80.001 541,80.001 C549.148,80.001 550.169,79.965 553.369,79.82 C556.562,79.673 558.743,79.167 560.652,78.425 C562.623,77.658 564.297,76.634 565.965,74.965 C567.633,73.296 568.659,71.625 569.425,69.651 C570.167,67.743 570.674,65.562 570.82,62.369 C570.966,59.17 571,58.147 571,50 C571,41.851 570.966,40.831 570.82,37.631\"><\/path><\/g><\/g><\/g><\/svg><\/div><div style=\"padding-top: 8px;\"> <div style=\" color:#3897f0; font-family:Arial,sans-serif; font-size:14px; font-style:normal; font-weight:550; line-height:18px;\">View this post on Instagram<\/div><\/div><div style=\"padding: 12.5% 0;\"><\/div> <div style=\"display: flex; flex-direction: row; margin-bottom: 14px; align-items: center;\"><div> <div style=\"background-color: #F4F4F4; border-radius: 50%; height: 12.5px; width: 12.5px; transform: translateX(0px) translateY(7px);\"><\/div> <div style=\"background-color: #F4F4F4; height: 12.5px; transform: rotate(-45deg) translateX(3px) translateY(1px); width: 12.5px; flex-grow: 0; margin-right: 14px; margin-left: 2px;\"><\/div> <div style=\"background-color: #F4F4F4; border-radius: 50%; height: 12.5px; width: 12.5px; transform: translateX(9px) translateY(-18px);\"><\/div><\/div><div style=\"margin-left: 8px;\"> <div style=\" background-color: #F4F4F4; border-radius: 50%; flex-grow: 0; height: 20px; width: 20px;\"><\/div> <div style=\" width: 0; height: 0; border-top: 2px solid transparent; border-left: 6px solid #f4f4f4; border-bottom: 2px solid transparent; transform: translateX(16px) translateY(-4px) rotate(30deg)\"><\/div><\/div><div style=\"margin-left: auto;\"> <div style=\" width: 0px; border-top: 8px solid #F4F4F4; border-right: 8px solid transparent; transform: translateY(16px);\"><\/div> <div style=\" background-color: #F4F4F4; flex-grow: 0; height: 12px; width: 16px; transform: translateY(-4px);\"><\/div> <div style=\" width: 0; height: 0; border-top: 8px solid #F4F4F4; border-left: 8px solid transparent; transform: translateY(-4px) translateX(8px);\"><\/div><\/div><\/div> <div style=\"display: flex; flex-direction: column; flex-grow: 1; justify-content: center; margin-bottom: 24px;\"> <div style=\" background-color: #F4F4F4; border-radius: 4px; flex-grow: 0; height: 14px; margin-bottom: 6px; width: 224px;\"><\/div> <div style=\" background-color: #F4F4F4; border-radius: 4px; flex-grow: 0; height: 14px; width: 144px;\"><\/div><\/div><\/a><p style=\" color:#c9c8cd; font-family:Arial,sans-serif; font-size:14px; line-height:17px; margin-bottom:0; margin-top:8px; overflow:hidden; padding:8px 0 7px; text-align:center; text-overflow:ellipsis; white-space:nowrap;\"><a href=\"https:\/\/www.instagram.com\/reel\/DFvZajxoTvV\/?utm_source=ig_embed&amp;utm_campaign=loading\" style=\" color:#c9c8cd; font-family:Arial,sans-serif; font-size:14px; font-style:normal; font-weight:normal; line-height:17px; text-decoration:none;\" target=\"_blank\">A post shared by N o \u00e9  R o g i e r (@noerogier)<\/a><\/p><\/div><\/blockquote><script async src=\"\/\/platform.instagram.com\/en_US\/embeds.js\"><\/script>\n<\/div><\/figure>\n\n\n\n<hr class=\"wp-block-separator has-alpha-channel-opacity\"\/>\n\n\n\n<h2 class=\"wp-block-heading\">Montania Sport, sp\u00e9cialiste du ski de rando depuis 20 ans<\/h2>\n\n\n\n<figure data-wp-context=\"{&quot;imageId&quot;:&quot;69f3d651e4a9b&quot;}\" data-wp-interactive=\"core\/image\" class=\"wp-block-image aligncenter size-full is-resized wp-lightbox-container\"><img loading=\"lazy\" decoding=\"async\" width=\"250\" height=\"250\" data-wp-class--hide=\"state.isContentHidden\" data-wp-class--show=\"state.isContentVisible\" data-wp-init=\"callbacks.setButtonStyles\" data-wp-on-async--click=\"actions.showLightbox\" data-wp-on-async--load=\"callbacks.setButtonStyles\" data-wp-on-async-window--resize=\"callbacks.setButtonStyles\" src=\"https:\/\/www.montania-sport.com\/blog\/wp-content\/uploads\/2023\/04\/cropped-logo-avis-rond-250-2021.png\" alt=\"logo-avis-montania-sport\" class=\"wp-image-31483\" style=\"width:104px;height:auto\" srcset=\"https:\/\/www.montania-sport.com\/blog\/wp-content\/uploads\/2023\/04\/cropped-logo-avis-rond-250-2021.png 250w, https:\/\/www.montania-sport.com\/blog\/wp-content\/uploads\/2023\/04\/cropped-logo-avis-rond-250-2021-150x150.png 150w, https:\/\/www.montania-sport.com\/blog\/wp-content\/uploads\/2023\/04\/cropped-logo-avis-rond-250-2021-221x221.png 221w\" sizes=\"(max-width: 250px) 100vw, 250px\" \/><button\n\t\t\tclass=\"lightbox-trigger\"\n\t\t\ttype=\"button\"\n\t\t\taria-haspopup=\"dialog\"\n\t\t\taria-label=\"Agrandir l\u2019image\u00a0: logo-avis-montania-sport\"\n\t\t\tdata-wp-init=\"callbacks.initTriggerButton\"\n\t\t\tdata-wp-on-async--click=\"actions.showLightbox\"\n\t\t\tdata-wp-style--right=\"state.imageButtonRight\"\n\t\t\tdata-wp-style--top=\"state.imageButtonTop\"\n\t\t>\n\t\t\t<svg xmlns=\"http:\/\/www.w3.org\/2000\/svg\" width=\"12\" height=\"12\" fill=\"none\" viewBox=\"0 0 12 12\">\n\t\t\t\t<path fill=\"#fff\" d=\"M2 0a2 2 0 0 0-2 2v2h1.5V2a.5.5 0 0 1 .5-.5h2V0H2Zm2 10.5H2a.5.5 0 0 1-.5-.5V8H0v2a2 2 0 0 0 2 2h2v-1.5ZM8 12v-1.5h2a.5.5 0 0 0 .5-.5V8H12v2a2 2 0 0 1-2 2H8Zm2-12a2 2 0 0 1 2 2v2h-1.5V2a.5.5 0 0 0-.5-.5H8V0h2Z\" \/>\n\t\t\t<\/svg>\n\t\t<\/button><\/figure>\n\n\n\n<p>Sp\u00e9cialiste du ski de randonn\u00e9e depuis 20 ans, Montania Sport propose un large choix de mat\u00e9riel, v\u00eatements et accessoires de ski de rando pour vivre pleinement votre passion de la montagne. Une \u00e9quipe de passionn\u00e9s vous accompagne avec des conseils d&rsquo;experts adapt\u00e9s \u00e0 vos besoins et \u00e0 votre niveau. <\/p>\n\n\n\n<p>\u27a1\ufe0f Vous pouvez consulter ici notre espace ski de rando (packs ski, chaussures, b\u00e2tons, DVA, sacs avalanches, casques, gants, peaux au m\u00e8tre etc&#8230;) : <a href=\"https:\/\/www.montania-sport.com\/7051-espace-ski-de-randonnee-chambery-packs-chaussures-dva-airbag\" target=\"_blank\" rel=\"noreferrer noopener\">https:\/\/www.montania-sport.com\/7051-espace-ski-de-randonnee-chambery-packs-chaussures-dva-airbag<\/a><\/p>\n\n\n\n<hr class=\"wp-block-separator has-alpha-channel-opacity\"\/>\n\n\n\n<p>Merci de votre lecture et \u00e0 tr\u00e8s vite sur les skis ! <\/p>\n\n\n\n<p>Hugo<\/p>\n","protected":false},"excerpt":{"rendered":"<p>Au mois de f\u00e9vrier 2024, No\u00e9 Rogier et son ami L\u00e9o se sont lanc\u00e9s sur la travers\u00e9e du Beaufortain en ski de rando. Un d\u00e9fi magnifique de 5500d+ et environ 60km, entre Albertville et Bourg-Saint-Maurice, en passant par les sommets mythiques du massif. Conclue en 14h, cette aventure a, pour No\u00e9, sonn\u00e9e comme un retour &hellip;<\/p>\n<p class=\"read-more\"> <a class=\"\" href=\"https:\/\/www.montania-sport.com\/blog\/la-traversee-du-beaufortain-en-ski-de-rando-par-noe-rogier\/\"> <span class=\"screen-reader-text\">La travers\u00e9e du Beaufortain en ski de rando par No\u00e9 Rogier<\/span> Lire la suite\u00a0\u00bb<\/a><\/p>\n","protected":false},"author":16,"featured_media":37365,"comment_status":"open","ping_status":"open","sticky":false,"template":"","format":"standard","meta":{"site-sidebar-layout":"default","site-content-layout":"default","ast-global-header-display":"","ast-main-header-display":"","ast-hfb-above-header-display":"","ast-hfb-below-header-display":"","ast-hfb-mobile-header-display":"","site-post-title":"","ast-breadcrumbs-content":"","ast-featured-img":"","footer-sml-layout":"","theme-transparent-header-meta":"","adv-header-id-meta":"","stick-header-meta":"","header-above-stick-meta":"","header-main-stick-meta":"","header-below-stick-meta":"","_jetpack_memberships_contains_paid_content":false,"footnotes":""},"categories":[33],"tags":[],"class_list":["post-37340","post","type-post","status-publish","format-standard","has-post-thumbnail","hentry","category-sorties-montagne"],"yoast_head":"<!-- This site is optimized with the Yoast SEO plugin v24.4 - https:\/\/yoast.com\/wordpress\/plugins\/seo\/ -->\n<title>La travers\u00e9e du Beaufortain en ski de rando par No\u00e9 Rogier - Blog Montania Sport<\/title>\n<meta name=\"description\" content=\"No\u00e9 Rogier et son ami L\u00e9o se sont lanc\u00e9s sur la travers\u00e9e du Beaufortain en ski de rando. Un d\u00e9fi magnifique de 5500d+ conclu en 14h -&gt;\" \/>\n<meta name=\"robots\" content=\"index, follow, max-snippet:-1, max-image-preview:large, max-video-preview:-1\" \/>\n<link rel=\"canonical\" href=\"https:\/\/www.montania-sport.com\/blog\/la-traversee-du-beaufortain-en-ski-de-rando-par-noe-rogier\/\" \/>\n<meta property=\"og:locale\" content=\"fr_FR\" \/>\n<meta property=\"og:type\" content=\"article\" \/>\n<meta property=\"og:title\" content=\"La travers\u00e9e du Beaufortain en ski de rando par No\u00e9 Rogier - Blog Montania Sport\" \/>\n<meta property=\"og:description\" content=\"No\u00e9 Rogier et son ami L\u00e9o se sont lanc\u00e9s sur la travers\u00e9e du Beaufortain en ski de rando. Un d\u00e9fi magnifique de 5500d+ conclu en 14h -&gt;\" \/>\n<meta property=\"og:url\" content=\"https:\/\/www.montania-sport.com\/blog\/la-traversee-du-beaufortain-en-ski-de-rando-par-noe-rogier\/\" \/>\n<meta property=\"og:site_name\" content=\"Blog Montania Sport\" \/>\n<meta property=\"article:publisher\" content=\"https:\/\/www.facebook.com\/Montania.Sport\" \/>\n<meta property=\"article:published_time\" content=\"2025-03-17T14:13:59+00:00\" \/>\n<meta property=\"article:modified_time\" content=\"2025-04-18T12:20:02+00:00\" \/>\n<meta property=\"og:image\" content=\"https:\/\/www.montania-sport.com\/blog\/wp-content\/uploads\/2025\/03\/la-traversee-du-beaufortain-en-ski-de-rando-par-noe-rogier.jpeg\" \/>\n\t<meta property=\"og:image:width\" content=\"1890\" \/>\n\t<meta property=\"og:image:height\" content=\"1417\" \/>\n\t<meta property=\"og:image:type\" content=\"image\/jpeg\" \/>\n<meta name=\"author\" content=\"Hugo\" \/>\n<meta name=\"twitter:card\" content=\"summary_large_image\" \/>\n<meta name=\"twitter:creator\" content=\"@MontaniaSport\" \/>\n<meta name=\"twitter:site\" content=\"@MontaniaSport\" \/>\n<meta name=\"twitter:label1\" content=\"\u00c9crit par\" \/>\n\t<meta name=\"twitter:data1\" content=\"Hugo\" \/>\n\t<meta name=\"twitter:label2\" content=\"Dur\u00e9e de lecture estim\u00e9e\" \/>\n\t<meta name=\"twitter:data2\" content=\"9 minutes\" \/>\n<script type=\"application\/ld+json\" class=\"yoast-schema-graph\">{\"@context\":\"https:\/\/schema.org\",\"@graph\":[{\"@type\":\"Article\",\"@id\":\"https:\/\/www.montania-sport.com\/blog\/la-traversee-du-beaufortain-en-ski-de-rando-par-noe-rogier\/#article\",\"isPartOf\":{\"@id\":\"https:\/\/www.montania-sport.com\/blog\/la-traversee-du-beaufortain-en-ski-de-rando-par-noe-rogier\/\"},\"author\":{\"name\":\"Hugo\",\"@id\":\"https:\/\/www.montania-sport.com\/blog\/#\/schema\/person\/c933c30e5159a4e5b8aa41e772beadf5\"},\"headline\":\"La travers\u00e9e du Beaufortain en ski de rando par No\u00e9 Rogier\",\"datePublished\":\"2025-03-17T14:13:59+00:00\",\"dateModified\":\"2025-04-18T12:20:02+00:00\",\"mainEntityOfPage\":{\"@id\":\"https:\/\/www.montania-sport.com\/blog\/la-traversee-du-beaufortain-en-ski-de-rando-par-noe-rogier\/\"},\"wordCount\":1444,\"commentCount\":0,\"publisher\":{\"@id\":\"https:\/\/www.montania-sport.com\/blog\/#organization\"},\"image\":{\"@id\":\"https:\/\/www.montania-sport.com\/blog\/la-traversee-du-beaufortain-en-ski-de-rando-par-noe-rogier\/#primaryimage\"},\"thumbnailUrl\":\"https:\/\/www.montania-sport.com\/blog\/wp-content\/uploads\/2025\/03\/la-traversee-du-beaufortain-en-ski-de-rando-par-noe-rogier.jpeg\",\"articleSection\":[\"Carnet de Courses\"],\"inLanguage\":\"fr-FR\",\"potentialAction\":[{\"@type\":\"CommentAction\",\"name\":\"Comment\",\"target\":[\"https:\/\/www.montania-sport.com\/blog\/la-traversee-du-beaufortain-en-ski-de-rando-par-noe-rogier\/#respond\"]}]},{\"@type\":\"WebPage\",\"@id\":\"https:\/\/www.montania-sport.com\/blog\/la-traversee-du-beaufortain-en-ski-de-rando-par-noe-rogier\/\",\"url\":\"https:\/\/www.montania-sport.com\/blog\/la-traversee-du-beaufortain-en-ski-de-rando-par-noe-rogier\/\",\"name\":\"La travers\u00e9e du Beaufortain en ski de rando par No\u00e9 Rogier - Blog Montania Sport\",\"isPartOf\":{\"@id\":\"https:\/\/www.montania-sport.com\/blog\/#website\"},\"primaryImageOfPage\":{\"@id\":\"https:\/\/www.montania-sport.com\/blog\/la-traversee-du-beaufortain-en-ski-de-rando-par-noe-rogier\/#primaryimage\"},\"image\":{\"@id\":\"https:\/\/www.montania-sport.com\/blog\/la-traversee-du-beaufortain-en-ski-de-rando-par-noe-rogier\/#primaryimage\"},\"thumbnailUrl\":\"https:\/\/www.montania-sport.com\/blog\/wp-content\/uploads\/2025\/03\/la-traversee-du-beaufortain-en-ski-de-rando-par-noe-rogier.jpeg\",\"datePublished\":\"2025-03-17T14:13:59+00:00\",\"dateModified\":\"2025-04-18T12:20:02+00:00\",\"description\":\"No\u00e9 Rogier et son ami L\u00e9o se sont lanc\u00e9s sur la travers\u00e9e du Beaufortain en ski de rando. Un d\u00e9fi magnifique de 5500d+ conclu en 14h ->\",\"breadcrumb\":{\"@id\":\"https:\/\/www.montania-sport.com\/blog\/la-traversee-du-beaufortain-en-ski-de-rando-par-noe-rogier\/#breadcrumb\"},\"inLanguage\":\"fr-FR\",\"potentialAction\":[{\"@type\":\"ReadAction\",\"target\":[\"https:\/\/www.montania-sport.com\/blog\/la-traversee-du-beaufortain-en-ski-de-rando-par-noe-rogier\/\"]}]},{\"@type\":\"ImageObject\",\"inLanguage\":\"fr-FR\",\"@id\":\"https:\/\/www.montania-sport.com\/blog\/la-traversee-du-beaufortain-en-ski-de-rando-par-noe-rogier\/#primaryimage\",\"url\":\"https:\/\/www.montania-sport.com\/blog\/wp-content\/uploads\/2025\/03\/la-traversee-du-beaufortain-en-ski-de-rando-par-noe-rogier.jpeg\",\"contentUrl\":\"https:\/\/www.montania-sport.com\/blog\/wp-content\/uploads\/2025\/03\/la-traversee-du-beaufortain-en-ski-de-rando-par-noe-rogier.jpeg\",\"width\":1890,\"height\":1417,\"caption\":\"La travers\u00e9e du Beaufortain en ski de rando par No\u00e9 Rogier\"},{\"@type\":\"BreadcrumbList\",\"@id\":\"https:\/\/www.montania-sport.com\/blog\/la-traversee-du-beaufortain-en-ski-de-rando-par-noe-rogier\/#breadcrumb\",\"itemListElement\":[{\"@type\":\"ListItem\",\"position\":1,\"name\":\"Accueil\",\"item\":\"https:\/\/www.montania-sport.com\/blog\/\"},{\"@type\":\"ListItem\",\"position\":2,\"name\":\"La travers\u00e9e du Beaufortain en ski de rando par No\u00e9 Rogier\"}]},{\"@type\":\"WebSite\",\"@id\":\"https:\/\/www.montania-sport.com\/blog\/#website\",\"url\":\"https:\/\/www.montania-sport.com\/blog\/\",\"name\":\"Blog Montania Sport\",\"description\":\"Blog Montania Sport\",\"publisher\":{\"@id\":\"https:\/\/www.montania-sport.com\/blog\/#organization\"},\"potentialAction\":[{\"@type\":\"SearchAction\",\"target\":{\"@type\":\"EntryPoint\",\"urlTemplate\":\"https:\/\/www.montania-sport.com\/blog\/?s={search_term_string}\"},\"query-input\":{\"@type\":\"PropertyValueSpecification\",\"valueRequired\":true,\"valueName\":\"search_term_string\"}}],\"inLanguage\":\"fr-FR\"},{\"@type\":\"Organization\",\"@id\":\"https:\/\/www.montania-sport.com\/blog\/#organization\",\"name\":\"Montania Sport\",\"url\":\"https:\/\/www.montania-sport.com\/blog\/\",\"logo\":{\"@type\":\"ImageObject\",\"inLanguage\":\"fr-FR\",\"@id\":\"https:\/\/www.montania-sport.com\/blog\/#\/schema\/logo\/image\/\",\"url\":\"https:\/\/www.montania-sport.com\/blog\/wp-content\/uploads\/2023\/04\/cropped-Logo-BLOG-2023-1200.png\",\"contentUrl\":\"https:\/\/www.montania-sport.com\/blog\/wp-content\/uploads\/2023\/04\/cropped-Logo-BLOG-2023-1200.png\",\"width\":1200,\"height\":645,\"caption\":\"Montania Sport\"},\"image\":{\"@id\":\"https:\/\/www.montania-sport.com\/blog\/#\/schema\/logo\/image\/\"},\"sameAs\":[\"https:\/\/www.facebook.com\/Montania.Sport\",\"https:\/\/x.com\/MontaniaSport\",\"https:\/\/www.instagram.com\/montania_sport\"]},{\"@type\":\"Person\",\"@id\":\"https:\/\/www.montania-sport.com\/blog\/#\/schema\/person\/c933c30e5159a4e5b8aa41e772beadf5\",\"name\":\"Hugo\",\"image\":{\"@type\":\"ImageObject\",\"inLanguage\":\"fr-FR\",\"@id\":\"https:\/\/www.montania-sport.com\/blog\/#\/schema\/person\/image\/\",\"url\":\"https:\/\/secure.gravatar.com\/avatar\/9f8bff9fa481ae20ba98a9185066805e?s=96&d=mm&r=g\",\"contentUrl\":\"https:\/\/secure.gravatar.com\/avatar\/9f8bff9fa481ae20ba98a9185066805e?s=96&d=mm&r=g\",\"caption\":\"Hugo\"},\"url\":\"https:\/\/www.montania-sport.com\/blog\/author\/david\/\"}]}<\/script>\n<!-- \/ Yoast SEO plugin. -->","yoast_head_json":{"title":"La travers\u00e9e du Beaufortain en ski de rando par No\u00e9 Rogier - Blog Montania Sport","description":"No\u00e9 Rogier et son ami L\u00e9o se sont lanc\u00e9s sur la travers\u00e9e du Beaufortain en ski de rando. Un d\u00e9fi magnifique de 5500d+ conclu en 14h ->","robots":{"index":"index","follow":"follow","max-snippet":"max-snippet:-1","max-image-preview":"max-image-preview:large","max-video-preview":"max-video-preview:-1"},"canonical":"https:\/\/www.montania-sport.com\/blog\/la-traversee-du-beaufortain-en-ski-de-rando-par-noe-rogier\/","og_locale":"fr_FR","og_type":"article","og_title":"La travers\u00e9e du Beaufortain en ski de rando par No\u00e9 Rogier - Blog Montania Sport","og_description":"No\u00e9 Rogier et son ami L\u00e9o se sont lanc\u00e9s sur la travers\u00e9e du Beaufortain en ski de rando. Un d\u00e9fi magnifique de 5500d+ conclu en 14h ->","og_url":"https:\/\/www.montania-sport.com\/blog\/la-traversee-du-beaufortain-en-ski-de-rando-par-noe-rogier\/","og_site_name":"Blog Montania Sport","article_publisher":"https:\/\/www.facebook.com\/Montania.Sport","article_published_time":"2025-03-17T14:13:59+00:00","article_modified_time":"2025-04-18T12:20:02+00:00","og_image":[{"width":1890,"height":1417,"url":"https:\/\/www.montania-sport.com\/blog\/wp-content\/uploads\/2025\/03\/la-traversee-du-beaufortain-en-ski-de-rando-par-noe-rogier.jpeg","type":"image\/jpeg"}],"author":"Hugo","twitter_card":"summary_large_image","twitter_creator":"@MontaniaSport","twitter_site":"@MontaniaSport","twitter_misc":{"\u00c9crit par":"Hugo","Dur\u00e9e de lecture estim\u00e9e":"9 minutes"},"schema":{"@context":"https:\/\/schema.org","@graph":[{"@type":"Article","@id":"https:\/\/www.montania-sport.com\/blog\/la-traversee-du-beaufortain-en-ski-de-rando-par-noe-rogier\/#article","isPartOf":{"@id":"https:\/\/www.montania-sport.com\/blog\/la-traversee-du-beaufortain-en-ski-de-rando-par-noe-rogier\/"},"author":{"name":"Hugo","@id":"https:\/\/www.montania-sport.com\/blog\/#\/schema\/person\/c933c30e5159a4e5b8aa41e772beadf5"},"headline":"La travers\u00e9e du Beaufortain en ski de rando par No\u00e9 Rogier","datePublished":"2025-03-17T14:13:59+00:00","dateModified":"2025-04-18T12:20:02+00:00","mainEntityOfPage":{"@id":"https:\/\/www.montania-sport.com\/blog\/la-traversee-du-beaufortain-en-ski-de-rando-par-noe-rogier\/"},"wordCount":1444,"commentCount":0,"publisher":{"@id":"https:\/\/www.montania-sport.com\/blog\/#organization"},"image":{"@id":"https:\/\/www.montania-sport.com\/blog\/la-traversee-du-beaufortain-en-ski-de-rando-par-noe-rogier\/#primaryimage"},"thumbnailUrl":"https:\/\/www.montania-sport.com\/blog\/wp-content\/uploads\/2025\/03\/la-traversee-du-beaufortain-en-ski-de-rando-par-noe-rogier.jpeg","articleSection":["Carnet de Courses"],"inLanguage":"fr-FR","potentialAction":[{"@type":"CommentAction","name":"Comment","target":["https:\/\/www.montania-sport.com\/blog\/la-traversee-du-beaufortain-en-ski-de-rando-par-noe-rogier\/#respond"]}]},{"@type":"WebPage","@id":"https:\/\/www.montania-sport.com\/blog\/la-traversee-du-beaufortain-en-ski-de-rando-par-noe-rogier\/","url":"https:\/\/www.montania-sport.com\/blog\/la-traversee-du-beaufortain-en-ski-de-rando-par-noe-rogier\/","name":"La travers\u00e9e du Beaufortain en ski de rando par No\u00e9 Rogier - Blog Montania Sport","isPartOf":{"@id":"https:\/\/www.montania-sport.com\/blog\/#website"},"primaryImageOfPage":{"@id":"https:\/\/www.montania-sport.com\/blog\/la-traversee-du-beaufortain-en-ski-de-rando-par-noe-rogier\/#primaryimage"},"image":{"@id":"https:\/\/www.montania-sport.com\/blog\/la-traversee-du-beaufortain-en-ski-de-rando-par-noe-rogier\/#primaryimage"},"thumbnailUrl":"https:\/\/www.montania-sport.com\/blog\/wp-content\/uploads\/2025\/03\/la-traversee-du-beaufortain-en-ski-de-rando-par-noe-rogier.jpeg","datePublished":"2025-03-17T14:13:59+00:00","dateModified":"2025-04-18T12:20:02+00:00","description":"No\u00e9 Rogier et son ami L\u00e9o se sont lanc\u00e9s sur la travers\u00e9e du Beaufortain en ski de rando. Un d\u00e9fi magnifique de 5500d+ conclu en 14h ->","breadcrumb":{"@id":"https:\/\/www.montania-sport.com\/blog\/la-traversee-du-beaufortain-en-ski-de-rando-par-noe-rogier\/#breadcrumb"},"inLanguage":"fr-FR","potentialAction":[{"@type":"ReadAction","target":["https:\/\/www.montania-sport.com\/blog\/la-traversee-du-beaufortain-en-ski-de-rando-par-noe-rogier\/"]}]},{"@type":"ImageObject","inLanguage":"fr-FR","@id":"https:\/\/www.montania-sport.com\/blog\/la-traversee-du-beaufortain-en-ski-de-rando-par-noe-rogier\/#primaryimage","url":"https:\/\/www.montania-sport.com\/blog\/wp-content\/uploads\/2025\/03\/la-traversee-du-beaufortain-en-ski-de-rando-par-noe-rogier.jpeg","contentUrl":"https:\/\/www.montania-sport.com\/blog\/wp-content\/uploads\/2025\/03\/la-traversee-du-beaufortain-en-ski-de-rando-par-noe-rogier.jpeg","width":1890,"height":1417,"caption":"La travers\u00e9e du Beaufortain en ski de rando par No\u00e9 Rogier"},{"@type":"BreadcrumbList","@id":"https:\/\/www.montania-sport.com\/blog\/la-traversee-du-beaufortain-en-ski-de-rando-par-noe-rogier\/#breadcrumb","itemListElement":[{"@type":"ListItem","position":1,"name":"Accueil","item":"https:\/\/www.montania-sport.com\/blog\/"},{"@type":"ListItem","position":2,"name":"La travers\u00e9e du Beaufortain en ski de rando par No\u00e9 Rogier"}]},{"@type":"WebSite","@id":"https:\/\/www.montania-sport.com\/blog\/#website","url":"https:\/\/www.montania-sport.com\/blog\/","name":"Blog Montania Sport","description":"Blog Montania Sport","publisher":{"@id":"https:\/\/www.montania-sport.com\/blog\/#organization"},"potentialAction":[{"@type":"SearchAction","target":{"@type":"EntryPoint","urlTemplate":"https:\/\/www.montania-sport.com\/blog\/?s={search_term_string}"},"query-input":{"@type":"PropertyValueSpecification","valueRequired":true,"valueName":"search_term_string"}}],"inLanguage":"fr-FR"},{"@type":"Organization","@id":"https:\/\/www.montania-sport.com\/blog\/#organization","name":"Montania Sport","url":"https:\/\/www.montania-sport.com\/blog\/","logo":{"@type":"ImageObject","inLanguage":"fr-FR","@id":"https:\/\/www.montania-sport.com\/blog\/#\/schema\/logo\/image\/","url":"https:\/\/www.montania-sport.com\/blog\/wp-content\/uploads\/2023\/04\/cropped-Logo-BLOG-2023-1200.png","contentUrl":"https:\/\/www.montania-sport.com\/blog\/wp-content\/uploads\/2023\/04\/cropped-Logo-BLOG-2023-1200.png","width":1200,"height":645,"caption":"Montania Sport"},"image":{"@id":"https:\/\/www.montania-sport.com\/blog\/#\/schema\/logo\/image\/"},"sameAs":["https:\/\/www.facebook.com\/Montania.Sport","https:\/\/x.com\/MontaniaSport","https:\/\/www.instagram.com\/montania_sport"]},{"@type":"Person","@id":"https:\/\/www.montania-sport.com\/blog\/#\/schema\/person\/c933c30e5159a4e5b8aa41e772beadf5","name":"Hugo","image":{"@type":"ImageObject","inLanguage":"fr-FR","@id":"https:\/\/www.montania-sport.com\/blog\/#\/schema\/person\/image\/","url":"https:\/\/secure.gravatar.com\/avatar\/9f8bff9fa481ae20ba98a9185066805e?s=96&d=mm&r=g","contentUrl":"https:\/\/secure.gravatar.com\/avatar\/9f8bff9fa481ae20ba98a9185066805e?s=96&d=mm&r=g","caption":"Hugo"},"url":"https:\/\/www.montania-sport.com\/blog\/author\/david\/"}]}},"jetpack_featured_media_url":"https:\/\/www.montania-sport.com\/blog\/wp-content\/uploads\/2025\/03\/la-traversee-du-beaufortain-en-ski-de-rando-par-noe-rogier.jpeg","jetpack_sharing_enabled":true,"jetpack-related-posts":[],"_links":{"self":[{"href":"https:\/\/www.montania-sport.com\/blog\/wp-json\/wp\/v2\/posts\/37340","targetHints":{"allow":["GET"]}}],"collection":[{"href":"https:\/\/www.montania-sport.com\/blog\/wp-json\/wp\/v2\/posts"}],"about":[{"href":"https:\/\/www.montania-sport.com\/blog\/wp-json\/wp\/v2\/types\/post"}],"author":[{"embeddable":true,"href":"https:\/\/www.montania-sport.com\/blog\/wp-json\/wp\/v2\/users\/16"}],"replies":[{"embeddable":true,"href":"https:\/\/www.montania-sport.com\/blog\/wp-json\/wp\/v2\/comments?post=37340"}],"version-history":[{"count":25,"href":"https:\/\/www.montania-sport.com\/blog\/wp-json\/wp\/v2\/posts\/37340\/revisions"}],"predecessor-version":[{"id":37772,"href":"https:\/\/www.montania-sport.com\/blog\/wp-json\/wp\/v2\/posts\/37340\/revisions\/37772"}],"wp:featuredmedia":[{"embeddable":true,"href":"https:\/\/www.montania-sport.com\/blog\/wp-json\/wp\/v2\/media\/37365"}],"wp:attachment":[{"href":"https:\/\/www.montania-sport.com\/blog\/wp-json\/wp\/v2\/media?parent=37340"}],"wp:term":[{"taxonomy":"category","embeddable":true,"href":"https:\/\/www.montania-sport.com\/blog\/wp-json\/wp\/v2\/categories?post=37340"},{"taxonomy":"post_tag","embeddable":true,"href":"https:\/\/www.montania-sport.com\/blog\/wp-json\/wp\/v2\/tags?post=37340"}],"curies":[{"name":"wp","href":"https:\/\/api.w.org\/{rel}","templated":true}]}}