{"id":37038,"date":"2025-01-21T17:51:04","date_gmt":"2025-01-21T16:51:04","guid":{"rendered":"https:\/\/www.montania-sport.com\/blog\/?p=37038"},"modified":"2025-04-18T13:14:29","modified_gmt":"2025-04-18T12:14:29","slug":"le-couloir-lagarde-en-ski-de-rando","status":"publish","type":"post","link":"https:\/\/www.montania-sport.com\/blog\/le-couloir-lagarde-en-ski-de-rando\/","title":{"rendered":"Le couloir Lagarde en ski de rando"},"content":{"rendered":"\n<p>En f\u00e9vrier 2024, Niels Cochard et Tom, un ami moniteur de ski, sont all\u00e9s grimper le couloir Lagarde, en pleine face Nord des Droites dans le massif du Mont-Blanc. Apr\u00e8s une belle demi-journ\u00e9e d&rsquo;ascension, la cord\u00e9e a retrouv\u00e9 le soleil au sommet, avant de plonger jusqu&rsquo;\u00e0 la gare de Montenvers sur une belle pente ensoleill\u00e9e. Une belle journ\u00e9e d&rsquo;alpinisme ! D\u00e9couvrez le r\u00e9cit de cette belle course, illustr\u00e9 par de superbes photos d&rsquo;ambiance.<\/p>\n\n\n\n<!--more-->\n\n\n\n<h2 class=\"wp-block-heading\">Le couloir Lagarde <\/h2>\n\n\n\n<figure class=\"wp-block-table\"><table class=\"has-fixed-layout\"><tbody><tr><td class=\"has-text-align-left\" data-align=\"left\">Type de rochers<\/td><td class=\"has-text-align-center\" data-align=\"center\">Granit<\/td><\/tr><tr><td class=\"has-text-align-left\" data-align=\"left\">Cotations<\/td><td class=\"has-text-align-center\" data-align=\"center\">&nbsp;TD&nbsp;IV&nbsp;P3&nbsp;4&nbsp;M4+&nbsp;<\/td><\/tr><tr><td class=\"has-text-align-left\" data-align=\"left\">Altitude<\/td><td class=\"has-text-align-center\" data-align=\"center\">2700&nbsp;m&nbsp;\/&nbsp;4001&nbsp;m<\/td><\/tr><tr><td class=\"has-text-align-left\" data-align=\"left\">D\u00e9nivel\u00e9 positif<\/td><td class=\"has-text-align-center\" data-align=\"center\">1300m<\/td><\/tr><tr><td class=\"has-text-align-left\" data-align=\"left\">D\u00e9nivel\u00e9 de l&rsquo;approche<\/td><td class=\"has-text-align-center\" data-align=\"center\">300m<\/td><\/tr><\/tbody><\/table><\/figure>\n\n\n\n<figure data-wp-context=\"{&quot;imageId&quot;:&quot;69f5cba04d56e&quot;}\" data-wp-interactive=\"core\/image\" class=\"wp-block-image aligncenter size-full is-resized wp-lightbox-container\"><img fetchpriority=\"high\" decoding=\"async\" width=\"400\" height=\"343\" data-wp-class--hide=\"state.isContentHidden\" data-wp-class--show=\"state.isContentVisible\" data-wp-init=\"callbacks.setButtonStyles\" data-wp-on-async--click=\"actions.showLightbox\" data-wp-on-async--load=\"callbacks.setButtonStyles\" data-wp-on-async-window--resize=\"callbacks.setButtonStyles\" src=\"https:\/\/www.montania-sport.com\/blog\/wp-content\/uploads\/2025\/01\/couloir-lagarde-@camptocamp.jpg\" alt=\"\" class=\"wp-image-37055\" style=\"width:370px;height:auto\" srcset=\"https:\/\/www.montania-sport.com\/blog\/wp-content\/uploads\/2025\/01\/couloir-lagarde-@camptocamp.jpg 400w, https:\/\/www.montania-sport.com\/blog\/wp-content\/uploads\/2025\/01\/couloir-lagarde-@camptocamp-300x257.jpg 300w\" sizes=\"(max-width: 400px) 100vw, 400px\" \/><button\n\t\t\tclass=\"lightbox-trigger\"\n\t\t\ttype=\"button\"\n\t\t\taria-haspopup=\"dialog\"\n\t\t\taria-label=\"Agrandir l\u2018image\"\n\t\t\tdata-wp-init=\"callbacks.initTriggerButton\"\n\t\t\tdata-wp-on-async--click=\"actions.showLightbox\"\n\t\t\tdata-wp-style--right=\"state.imageButtonRight\"\n\t\t\tdata-wp-style--top=\"state.imageButtonTop\"\n\t\t>\n\t\t\t<svg xmlns=\"http:\/\/www.w3.org\/2000\/svg\" width=\"12\" height=\"12\" fill=\"none\" viewBox=\"0 0 12 12\">\n\t\t\t\t<path fill=\"#fff\" d=\"M2 0a2 2 0 0 0-2 2v2h1.5V2a.5.5 0 0 1 .5-.5h2V0H2Zm2 10.5H2a.5.5 0 0 1-.5-.5V8H0v2a2 2 0 0 0 2 2h2v-1.5ZM8 12v-1.5h2a.5.5 0 0 0 .5-.5V8H12v2a2 2 0 0 1-2 2H8Zm2-12a2 2 0 0 1 2 2v2h-1.5V2a.5.5 0 0 0-.5-.5H8V0h2Z\" \/>\n\t\t\t<\/svg>\n\t\t<\/button><figcaption class=\"wp-element-caption\">En vert (2), la voie directe du couloir Lagarde<\/figcaption><\/figure>\n\n\n\n<h2 class=\"wp-block-heading\">Le couloir Lagarde en ski de randonn\u00e9e, de Niels Cochard<\/h2>\n\n\n\n<p>F\u00e9vrier 2024. Un puissant anticyclone est install\u00e9 dans les Alpes depuis plus d&rsquo;une semaine. Il fait 11 degr\u00e9s \u00e0 Chamonix, et malgr\u00e9 la saison qui bat son plein nous ne pouvons d\u00e9tourner les yeux de la haute montagne et de ces faces qui ont l&rsquo;air d&rsquo;\u00eatres en conditions parfaites. De la neige et de la glace juste comme qu&rsquo;il faut, un temps radieux qui se prolonge et des temp\u00e9ratures pas du tout abominables pour la saison. Lorsque Tom, un ami moniteur de ski, me propose d&rsquo;aller voir le couloir Lagarde, en face Nord des Droites, je ne peux qu&rsquo;approuver cette id\u00e9e. L&rsquo;objectif est d&rsquo;aller dormir au refuge d&rsquo;Argenti\u00e8re puis de partir au petit jour pour escalader cette grande et majestueuse face Nord, avant de redescendre \u00e0 ski face Sud pour rejoindre la Mer de Glace puis la vall\u00e9e.<\/p>\n\n\n\n<figure data-wp-context=\"{&quot;imageId&quot;:&quot;69f5cba04da1c&quot;}\" data-wp-interactive=\"core\/image\" class=\"wp-block-image aligncenter size-large is-resized wp-lightbox-container\"><img decoding=\"async\" width=\"850\" height=\"1024\" data-wp-class--hide=\"state.isContentHidden\" data-wp-class--show=\"state.isContentVisible\" data-wp-init=\"callbacks.setButtonStyles\" data-wp-on-async--click=\"actions.showLightbox\" data-wp-on-async--load=\"callbacks.setButtonStyles\" data-wp-on-async-window--resize=\"callbacks.setButtonStyles\" src=\"https:\/\/www.montania-sport.com\/blog\/wp-content\/uploads\/2025\/01\/La-Rimaye-850x1024.jpg\" alt=\"\" class=\"wp-image-37049\" style=\"width:538px;height:auto\" srcset=\"https:\/\/www.montania-sport.com\/blog\/wp-content\/uploads\/2025\/01\/La-Rimaye-850x1024.jpg 850w, https:\/\/www.montania-sport.com\/blog\/wp-content\/uploads\/2025\/01\/La-Rimaye-249x300.jpg 249w, https:\/\/www.montania-sport.com\/blog\/wp-content\/uploads\/2025\/01\/La-Rimaye-768x925.jpg 768w, https:\/\/www.montania-sport.com\/blog\/wp-content\/uploads\/2025\/01\/La-Rimaye.jpg 1080w\" sizes=\"(max-width: 850px) 100vw, 850px\" \/><button\n\t\t\tclass=\"lightbox-trigger\"\n\t\t\ttype=\"button\"\n\t\t\taria-haspopup=\"dialog\"\n\t\t\taria-label=\"Agrandir l\u2018image\"\n\t\t\tdata-wp-init=\"callbacks.initTriggerButton\"\n\t\t\tdata-wp-on-async--click=\"actions.showLightbox\"\n\t\t\tdata-wp-style--right=\"state.imageButtonRight\"\n\t\t\tdata-wp-style--top=\"state.imageButtonTop\"\n\t\t>\n\t\t\t<svg xmlns=\"http:\/\/www.w3.org\/2000\/svg\" width=\"12\" height=\"12\" fill=\"none\" viewBox=\"0 0 12 12\">\n\t\t\t\t<path fill=\"#fff\" d=\"M2 0a2 2 0 0 0-2 2v2h1.5V2a.5.5 0 0 1 .5-.5h2V0H2Zm2 10.5H2a.5.5 0 0 1-.5-.5V8H0v2a2 2 0 0 0 2 2h2v-1.5ZM8 12v-1.5h2a.5.5 0 0 0 .5-.5V8H12v2a2 2 0 0 1-2 2H8Zm2-12a2 2 0 0 1 2 2v2h-1.5V2a.5.5 0 0 0-.5-.5H8V0h2Z\" \/>\n\t\t\t<\/svg>\n\t\t<\/button><figcaption class=\"wp-element-caption\">Le passage de la rimaye, de nuit.<\/figcaption><\/figure>\n\n\n\n<p>Aussit\u00f4t dit, aussit\u00f4t fait ! Nous avions deux jours de dispo en commun \u00e0 la fin de la semaine et nous voici donc partis en direction du refuge. Une fois arriv\u00e9s, nous ne pouvons nous emp\u00eacher d&rsquo;\u00eatre impressionn\u00e9s par la grandeur de la face, mais rassur\u00e9s par les conditions qui ont effectivement l&rsquo;air formidables pour la saison. C&rsquo;est maintenant l&rsquo;impatience d\u2019en d\u00e9coudre qui prend le dessus. Apr\u00e8s une courte nuit de sommeil dans un refuge surcharg\u00e9s, nous voici partis dans l&rsquo;obscurit\u00e9 totale, seulement \u00e9clair\u00e9s par le faisceau de nos frontales en direction du pied de la face. Le passage de la rimaye repr\u00e9sente d\u00e9j\u00e0 un premier crux. Apr\u00e8s une courte travers\u00e9e sur la gauche, nous voici au pied de la principale difficult\u00e9 de la journ\u00e9e : un grand mur de neige couic. Nous enfon\u00e7ons les broches en les poussant \u00e0 la main sur une grosse soixantaine de m\u00e8tres et cela nous am\u00e8ne dans le couloir o\u00f9 nous trouvons un bout de glace pour poser un relais.<\/p>\n\n\n\n<figure class=\"wp-block-gallery has-nested-images columns-default is-cropped wp-block-gallery-1 is-layout-flex wp-block-gallery-is-layout-flex\">\n<figure data-wp-context=\"{&quot;imageId&quot;:&quot;69f5cba04ddf2&quot;}\" data-wp-interactive=\"core\/image\" class=\"wp-block-image size-large wp-lightbox-container\"><img decoding=\"async\" width=\"827\" height=\"1024\" data-wp-class--hide=\"state.isContentHidden\" data-wp-class--show=\"state.isContentVisible\" data-wp-init=\"callbacks.setButtonStyles\" data-wp-on-async--click=\"actions.showLightbox\" data-wp-on-async--load=\"callbacks.setButtonStyles\" data-wp-on-async-window--resize=\"callbacks.setButtonStyles\" data-id=\"37043\" src=\"https:\/\/www.montania-sport.com\/blog\/wp-content\/uploads\/2025\/01\/en-haut-du-couloir-lagarde-avant-le-mixte-827x1024.jpg\" alt=\"\" class=\"wp-image-37043\" srcset=\"https:\/\/www.montania-sport.com\/blog\/wp-content\/uploads\/2025\/01\/en-haut-du-couloir-lagarde-avant-le-mixte-827x1024.jpg 827w, https:\/\/www.montania-sport.com\/blog\/wp-content\/uploads\/2025\/01\/en-haut-du-couloir-lagarde-avant-le-mixte-242x300.jpg 242w, https:\/\/www.montania-sport.com\/blog\/wp-content\/uploads\/2025\/01\/en-haut-du-couloir-lagarde-avant-le-mixte-768x951.jpg 768w, https:\/\/www.montania-sport.com\/blog\/wp-content\/uploads\/2025\/01\/en-haut-du-couloir-lagarde-avant-le-mixte.jpg 1080w\" sizes=\"(max-width: 827px) 100vw, 827px\" \/><button\n\t\t\tclass=\"lightbox-trigger\"\n\t\t\ttype=\"button\"\n\t\t\taria-haspopup=\"dialog\"\n\t\t\taria-label=\"Agrandir l\u2018image\"\n\t\t\tdata-wp-init=\"callbacks.initTriggerButton\"\n\t\t\tdata-wp-on-async--click=\"actions.showLightbox\"\n\t\t\tdata-wp-style--right=\"state.imageButtonRight\"\n\t\t\tdata-wp-style--top=\"state.imageButtonTop\"\n\t\t>\n\t\t\t<svg xmlns=\"http:\/\/www.w3.org\/2000\/svg\" width=\"12\" height=\"12\" fill=\"none\" viewBox=\"0 0 12 12\">\n\t\t\t\t<path fill=\"#fff\" d=\"M2 0a2 2 0 0 0-2 2v2h1.5V2a.5.5 0 0 1 .5-.5h2V0H2Zm2 10.5H2a.5.5 0 0 1-.5-.5V8H0v2a2 2 0 0 0 2 2h2v-1.5ZM8 12v-1.5h2a.5.5 0 0 0 .5-.5V8H12v2a2 2 0 0 1-2 2H8Zm2-12a2 2 0 0 1 2 2v2h-1.5V2a.5.5 0 0 0-.5-.5H8V0h2Z\" \/>\n\t\t\t<\/svg>\n\t\t<\/button><\/figure>\n\n\n\n<figure data-wp-context=\"{&quot;imageId&quot;:&quot;69f5cba04e140&quot;}\" data-wp-interactive=\"core\/image\" class=\"wp-block-image size-large wp-lightbox-container\"><img loading=\"lazy\" decoding=\"async\" width=\"831\" height=\"1024\" data-wp-class--hide=\"state.isContentHidden\" data-wp-class--show=\"state.isContentVisible\" data-wp-init=\"callbacks.setButtonStyles\" data-wp-on-async--click=\"actions.showLightbox\" data-wp-on-async--load=\"callbacks.setButtonStyles\" data-wp-on-async-window--resize=\"callbacks.setButtonStyles\" data-id=\"37044\" src=\"https:\/\/www.montania-sport.com\/blog\/wp-content\/uploads\/2025\/01\/arrivee-au-sommet-du-couloir-lagarde-sur-larete-de-neige-831x1024.jpg\" alt=\"\" class=\"wp-image-37044\" srcset=\"https:\/\/www.montania-sport.com\/blog\/wp-content\/uploads\/2025\/01\/arrivee-au-sommet-du-couloir-lagarde-sur-larete-de-neige-831x1024.jpg 831w, https:\/\/www.montania-sport.com\/blog\/wp-content\/uploads\/2025\/01\/arrivee-au-sommet-du-couloir-lagarde-sur-larete-de-neige-243x300.jpg 243w, https:\/\/www.montania-sport.com\/blog\/wp-content\/uploads\/2025\/01\/arrivee-au-sommet-du-couloir-lagarde-sur-larete-de-neige-768x946.jpg 768w, https:\/\/www.montania-sport.com\/blog\/wp-content\/uploads\/2025\/01\/arrivee-au-sommet-du-couloir-lagarde-sur-larete-de-neige.jpg 1080w\" sizes=\"(max-width: 831px) 100vw, 831px\" \/><button\n\t\t\tclass=\"lightbox-trigger\"\n\t\t\ttype=\"button\"\n\t\t\taria-haspopup=\"dialog\"\n\t\t\taria-label=\"Agrandir l\u2018image\"\n\t\t\tdata-wp-init=\"callbacks.initTriggerButton\"\n\t\t\tdata-wp-on-async--click=\"actions.showLightbox\"\n\t\t\tdata-wp-style--right=\"state.imageButtonRight\"\n\t\t\tdata-wp-style--top=\"state.imageButtonTop\"\n\t\t>\n\t\t\t<svg xmlns=\"http:\/\/www.w3.org\/2000\/svg\" width=\"12\" height=\"12\" fill=\"none\" viewBox=\"0 0 12 12\">\n\t\t\t\t<path fill=\"#fff\" d=\"M2 0a2 2 0 0 0-2 2v2h1.5V2a.5.5 0 0 1 .5-.5h2V0H2Zm2 10.5H2a.5.5 0 0 1-.5-.5V8H0v2a2 2 0 0 0 2 2h2v-1.5ZM8 12v-1.5h2a.5.5 0 0 0 .5-.5V8H12v2a2 2 0 0 1-2 2H8Zm2-12a2 2 0 0 1 2 2v2h-1.5V2a.5.5 0 0 0-.5-.5H8V0h2Z\" \/>\n\t\t\t<\/svg>\n\t\t<\/button><\/figure>\n<\/figure>\n\n\n\n<p>Le jour se l\u00e8ve alors et nous voyons la trace qu&rsquo;H\u00e9lias Millerioux a laiss\u00e9 en y passant deux jours avant nous avec un client. Tom prend alors la t\u00eate des op\u00e9rations et remonte le couloir \u00e0 un rythme effr\u00e9n\u00e9 et nous voici d\u00e9j\u00e0 vers 10 heures du matin au pied du dernier ressaut mixte. Les temp\u00e9ratures sont en effet particuli\u00e8rement cl\u00e9mentes car \u00e0 presque 4000 m d&rsquo;altitude en ce d\u00e9but f\u00e9vrier nous sommes simplement en polaires et petites doudounes et malgr\u00e9 le manque de soleil nous n&rsquo;avons pas froid du tout. Je reprends la t\u00eate pour le dernier ressaut mixte ou une erreur d&rsquo;itin\u00e9raire de ma part nous fera perdre une bonne heure. \u00c0 la sortie du ressaut, Tom repasse devant pour la partie finale : une belle ar\u00eate de neige effil\u00e9e. Nous arrivons au sommet sur les coups de midi.<\/p>\n\n\n\n<figure data-wp-context=\"{&quot;imageId&quot;:&quot;69f5cba04edb5&quot;}\" data-wp-interactive=\"core\/image\" class=\"wp-block-image size-large wp-lightbox-container\"><img loading=\"lazy\" decoding=\"async\" width=\"1024\" height=\"744\" data-wp-class--hide=\"state.isContentHidden\" data-wp-class--show=\"state.isContentVisible\" data-wp-init=\"callbacks.setButtonStyles\" data-wp-on-async--click=\"actions.showLightbox\" data-wp-on-async--load=\"callbacks.setButtonStyles\" data-wp-on-async-window--resize=\"callbacks.setButtonStyles\" src=\"https:\/\/www.montania-sport.com\/blog\/wp-content\/uploads\/2025\/01\/le-sommet-1024x744.jpg\" alt=\"\" class=\"wp-image-37047\" srcset=\"https:\/\/www.montania-sport.com\/blog\/wp-content\/uploads\/2025\/01\/le-sommet-1024x744.jpg 1024w, https:\/\/www.montania-sport.com\/blog\/wp-content\/uploads\/2025\/01\/le-sommet-300x218.jpg 300w, https:\/\/www.montania-sport.com\/blog\/wp-content\/uploads\/2025\/01\/le-sommet-768x558.jpg 768w, https:\/\/www.montania-sport.com\/blog\/wp-content\/uploads\/2025\/01\/le-sommet.jpg 1080w\" sizes=\"(max-width: 1024px) 100vw, 1024px\" \/><button\n\t\t\tclass=\"lightbox-trigger\"\n\t\t\ttype=\"button\"\n\t\t\taria-haspopup=\"dialog\"\n\t\t\taria-label=\"Agrandir l\u2018image\"\n\t\t\tdata-wp-init=\"callbacks.initTriggerButton\"\n\t\t\tdata-wp-on-async--click=\"actions.showLightbox\"\n\t\t\tdata-wp-style--right=\"state.imageButtonRight\"\n\t\t\tdata-wp-style--top=\"state.imageButtonTop\"\n\t\t>\n\t\t\t<svg xmlns=\"http:\/\/www.w3.org\/2000\/svg\" width=\"12\" height=\"12\" fill=\"none\" viewBox=\"0 0 12 12\">\n\t\t\t\t<path fill=\"#fff\" d=\"M2 0a2 2 0 0 0-2 2v2h1.5V2a.5.5 0 0 1 .5-.5h2V0H2Zm2 10.5H2a.5.5 0 0 1-.5-.5V8H0v2a2 2 0 0 0 2 2h2v-1.5ZM8 12v-1.5h2a.5.5 0 0 0 .5-.5V8H12v2a2 2 0 0 1-2 2H8Zm2-12a2 2 0 0 1 2 2v2h-1.5V2a.5.5 0 0 0-.5-.5H8V0h2Z\" \/>\n\t\t\t<\/svg>\n\t\t<\/button><figcaption class=\"wp-element-caption\">Le sommet !<\/figcaption><\/figure>\n\n\n\n<p>L\u00e0-haut, la vue est tout simplement grandiose et nous sommes d&rsquo;autant plus heureux de retrouver le soleil. Rassur\u00e9s \u00e9galement que la course se soit bien pass\u00e9e et que nous n&rsquo;ayons pas explos\u00e9 les horaires. C&rsquo;\u00e9tait pour moi le doute principal en regardant tous les commentaires CampToCamp (ce qu&rsquo;il ne faut jamais faire) qui indiquaient des horaires extr\u00eames o\u00f9 les gens partaient \u00e0 4h du matin et arrivaient au refuge du Couvercle sur les coups de 2h du matin le lendemain. Pour notre part, nous sommes maintenant certains de r\u00e9ussir \u00e0 prendre le petit train du Montenvers qui nous ram\u00e8nera \u00e0 Chamonix dans l&rsquo;apr\u00e8s-midi sans difficult\u00e9.<\/p>\n\n\n\n<figure class=\"wp-block-gallery has-nested-images columns-default is-cropped wp-block-gallery-2 is-layout-flex wp-block-gallery-is-layout-flex\">\n<figure data-wp-context=\"{&quot;imageId&quot;:&quot;69f5cba04f14a&quot;}\" data-wp-interactive=\"core\/image\" class=\"wp-block-image size-large wp-lightbox-container\"><img loading=\"lazy\" decoding=\"async\" width=\"833\" height=\"1024\" data-wp-class--hide=\"state.isContentHidden\" data-wp-class--show=\"state.isContentVisible\" data-wp-init=\"callbacks.setButtonStyles\" data-wp-on-async--click=\"actions.showLightbox\" data-wp-on-async--load=\"callbacks.setButtonStyles\" data-wp-on-async-window--resize=\"callbacks.setButtonStyles\" data-id=\"37046\" src=\"https:\/\/www.montania-sport.com\/blog\/wp-content\/uploads\/2025\/01\/niels-redescendant-du-sommet-du-couloir-lagarde-833x1024.jpg\" alt=\"\" class=\"wp-image-37046\" srcset=\"https:\/\/www.montania-sport.com\/blog\/wp-content\/uploads\/2025\/01\/niels-redescendant-du-sommet-du-couloir-lagarde-833x1024.jpg 833w, https:\/\/www.montania-sport.com\/blog\/wp-content\/uploads\/2025\/01\/niels-redescendant-du-sommet-du-couloir-lagarde-244x300.jpg 244w, https:\/\/www.montania-sport.com\/blog\/wp-content\/uploads\/2025\/01\/niels-redescendant-du-sommet-du-couloir-lagarde-768x944.jpg 768w, https:\/\/www.montania-sport.com\/blog\/wp-content\/uploads\/2025\/01\/niels-redescendant-du-sommet-du-couloir-lagarde.jpg 1080w\" sizes=\"(max-width: 833px) 100vw, 833px\" \/><button\n\t\t\tclass=\"lightbox-trigger\"\n\t\t\ttype=\"button\"\n\t\t\taria-haspopup=\"dialog\"\n\t\t\taria-label=\"Agrandir l\u2018image\"\n\t\t\tdata-wp-init=\"callbacks.initTriggerButton\"\n\t\t\tdata-wp-on-async--click=\"actions.showLightbox\"\n\t\t\tdata-wp-style--right=\"state.imageButtonRight\"\n\t\t\tdata-wp-style--top=\"state.imageButtonTop\"\n\t\t>\n\t\t\t<svg xmlns=\"http:\/\/www.w3.org\/2000\/svg\" width=\"12\" height=\"12\" fill=\"none\" viewBox=\"0 0 12 12\">\n\t\t\t\t<path fill=\"#fff\" d=\"M2 0a2 2 0 0 0-2 2v2h1.5V2a.5.5 0 0 1 .5-.5h2V0H2Zm2 10.5H2a.5.5 0 0 1-.5-.5V8H0v2a2 2 0 0 0 2 2h2v-1.5ZM8 12v-1.5h2a.5.5 0 0 0 .5-.5V8H12v2a2 2 0 0 1-2 2H8Zm2-12a2 2 0 0 1 2 2v2h-1.5V2a.5.5 0 0 0-.5-.5H8V0h2Z\" \/>\n\t\t\t<\/svg>\n\t\t<\/button><figcaption class=\"wp-element-caption\">Ar\u00eate sommitale<\/figcaption><\/figure>\n\n\n\n<figure data-wp-context=\"{&quot;imageId&quot;:&quot;69f5cba04f525&quot;}\" data-wp-interactive=\"core\/image\" class=\"wp-block-image size-large wp-lightbox-container\"><img loading=\"lazy\" decoding=\"async\" width=\"820\" height=\"1024\" data-wp-class--hide=\"state.isContentHidden\" data-wp-class--show=\"state.isContentVisible\" data-wp-init=\"callbacks.setButtonStyles\" data-wp-on-async--click=\"actions.showLightbox\" data-wp-on-async--load=\"callbacks.setButtonStyles\" data-wp-on-async-window--resize=\"callbacks.setButtonStyles\" data-id=\"37045\" src=\"https:\/\/www.montania-sport.com\/blog\/wp-content\/uploads\/2025\/01\/niels-dans-les-rappels-pour-acceder-a-la-face-sud-du-couloir-lagarde-820x1024.jpg\" alt=\"\" class=\"wp-image-37045\" srcset=\"https:\/\/www.montania-sport.com\/blog\/wp-content\/uploads\/2025\/01\/niels-dans-les-rappels-pour-acceder-a-la-face-sud-du-couloir-lagarde-820x1024.jpg 820w, https:\/\/www.montania-sport.com\/blog\/wp-content\/uploads\/2025\/01\/niels-dans-les-rappels-pour-acceder-a-la-face-sud-du-couloir-lagarde-240x300.jpg 240w, https:\/\/www.montania-sport.com\/blog\/wp-content\/uploads\/2025\/01\/niels-dans-les-rappels-pour-acceder-a-la-face-sud-du-couloir-lagarde-768x959.jpg 768w, https:\/\/www.montania-sport.com\/blog\/wp-content\/uploads\/2025\/01\/niels-dans-les-rappels-pour-acceder-a-la-face-sud-du-couloir-lagarde.jpg 1071w\" sizes=\"(max-width: 820px) 100vw, 820px\" \/><button\n\t\t\tclass=\"lightbox-trigger\"\n\t\t\ttype=\"button\"\n\t\t\taria-haspopup=\"dialog\"\n\t\t\taria-label=\"Agrandir l\u2018image\"\n\t\t\tdata-wp-init=\"callbacks.initTriggerButton\"\n\t\t\tdata-wp-on-async--click=\"actions.showLightbox\"\n\t\t\tdata-wp-style--right=\"state.imageButtonRight\"\n\t\t\tdata-wp-style--top=\"state.imageButtonTop\"\n\t\t>\n\t\t\t<svg xmlns=\"http:\/\/www.w3.org\/2000\/svg\" width=\"12\" height=\"12\" fill=\"none\" viewBox=\"0 0 12 12\">\n\t\t\t\t<path fill=\"#fff\" d=\"M2 0a2 2 0 0 0-2 2v2h1.5V2a.5.5 0 0 1 .5-.5h2V0H2Zm2 10.5H2a.5.5 0 0 1-.5-.5V8H0v2a2 2 0 0 0 2 2h2v-1.5ZM8 12v-1.5h2a.5.5 0 0 0 .5-.5V8H12v2a2 2 0 0 1-2 2H8Zm2-12a2 2 0 0 1 2 2v2h-1.5V2a.5.5 0 0 0-.5-.5H8V0h2Z\" \/>\n\t\t\t<\/svg>\n\t\t<\/button><figcaption class=\"wp-element-caption\">Rappel au soleil \u2600\ufe0f<\/figcaption><\/figure>\n<\/figure>\n\n\n\n<p>Apr\u00e8s avoir tir\u00e9s quelques rappels plus \u00e9vidents que ce \u00e0 quoi nous nous attendions, nous pouvons enfin chausser les skis et descendre entre vieille poudre et moquette de printemps. Une de nos plus belles descentes de la saison alors qu&rsquo;en bas la neige se fait rare et qu&rsquo;une cro\u00fbte cartonn\u00e9e voir glac\u00e9e est notre quotidien depuis une dizaine de jours. Un r\u00eave !<\/p>\n\n\n\n<figure class=\"wp-block-gallery has-nested-images columns-default is-cropped wp-block-gallery-3 is-layout-flex wp-block-gallery-is-layout-flex\">\n<figure data-wp-context=\"{&quot;imageId&quot;:&quot;69f5cba04f9c3&quot;}\" data-wp-interactive=\"core\/image\" class=\"wp-block-image size-large wp-lightbox-container\"><img loading=\"lazy\" decoding=\"async\" width=\"828\" height=\"1024\" data-wp-class--hide=\"state.isContentHidden\" data-wp-class--show=\"state.isContentVisible\" data-wp-init=\"callbacks.setButtonStyles\" data-wp-on-async--click=\"actions.showLightbox\" data-wp-on-async--load=\"callbacks.setButtonStyles\" data-wp-on-async-window--resize=\"callbacks.setButtonStyles\" data-id=\"37041\" src=\"https:\/\/www.montania-sport.com\/blog\/wp-content\/uploads\/2025\/01\/niels-skie-en-face-sud-du-coulour-lagarde-2-828x1024.jpg\" alt=\"\" class=\"wp-image-37041\" srcset=\"https:\/\/www.montania-sport.com\/blog\/wp-content\/uploads\/2025\/01\/niels-skie-en-face-sud-du-coulour-lagarde-2-828x1024.jpg 828w, https:\/\/www.montania-sport.com\/blog\/wp-content\/uploads\/2025\/01\/niels-skie-en-face-sud-du-coulour-lagarde-2-243x300.jpg 243w, https:\/\/www.montania-sport.com\/blog\/wp-content\/uploads\/2025\/01\/niels-skie-en-face-sud-du-coulour-lagarde-2-768x949.jpg 768w, https:\/\/www.montania-sport.com\/blog\/wp-content\/uploads\/2025\/01\/niels-skie-en-face-sud-du-coulour-lagarde-2.jpg 1075w\" sizes=\"(max-width: 828px) 100vw, 828px\" \/><button\n\t\t\tclass=\"lightbox-trigger\"\n\t\t\ttype=\"button\"\n\t\t\taria-haspopup=\"dialog\"\n\t\t\taria-label=\"Agrandir l\u2018image\"\n\t\t\tdata-wp-init=\"callbacks.initTriggerButton\"\n\t\t\tdata-wp-on-async--click=\"actions.showLightbox\"\n\t\t\tdata-wp-style--right=\"state.imageButtonRight\"\n\t\t\tdata-wp-style--top=\"state.imageButtonTop\"\n\t\t>\n\t\t\t<svg xmlns=\"http:\/\/www.w3.org\/2000\/svg\" width=\"12\" height=\"12\" fill=\"none\" viewBox=\"0 0 12 12\">\n\t\t\t\t<path fill=\"#fff\" d=\"M2 0a2 2 0 0 0-2 2v2h1.5V2a.5.5 0 0 1 .5-.5h2V0H2Zm2 10.5H2a.5.5 0 0 1-.5-.5V8H0v2a2 2 0 0 0 2 2h2v-1.5ZM8 12v-1.5h2a.5.5 0 0 0 .5-.5V8H12v2a2 2 0 0 1-2 2H8Zm2-12a2 2 0 0 1 2 2v2h-1.5V2a.5.5 0 0 0-.5-.5H8V0h2Z\" \/>\n\t\t\t<\/svg>\n\t\t<\/button><\/figure>\n\n\n\n<figure data-wp-context=\"{&quot;imageId&quot;:&quot;69f5cba04fd16&quot;}\" data-wp-interactive=\"core\/image\" class=\"wp-block-image size-large wp-lightbox-container\"><img loading=\"lazy\" decoding=\"async\" width=\"1000\" height=\"1024\" data-wp-class--hide=\"state.isContentHidden\" data-wp-class--show=\"state.isContentVisible\" data-wp-init=\"callbacks.setButtonStyles\" data-wp-on-async--click=\"actions.showLightbox\" data-wp-on-async--load=\"callbacks.setButtonStyles\" data-wp-on-async-window--resize=\"callbacks.setButtonStyles\" data-id=\"37040\" src=\"https:\/\/www.montania-sport.com\/blog\/wp-content\/uploads\/2025\/01\/niels-skie-en-face-sud-du-coulour-lagarde-1000x1024.jpg\" alt=\"\" class=\"wp-image-37040\" srcset=\"https:\/\/www.montania-sport.com\/blog\/wp-content\/uploads\/2025\/01\/niels-skie-en-face-sud-du-coulour-lagarde-1000x1024.jpg 1000w, https:\/\/www.montania-sport.com\/blog\/wp-content\/uploads\/2025\/01\/niels-skie-en-face-sud-du-coulour-lagarde-293x300.jpg 293w, https:\/\/www.montania-sport.com\/blog\/wp-content\/uploads\/2025\/01\/niels-skie-en-face-sud-du-coulour-lagarde-768x786.jpg 768w, https:\/\/www.montania-sport.com\/blog\/wp-content\/uploads\/2025\/01\/niels-skie-en-face-sud-du-coulour-lagarde.jpg 1044w\" sizes=\"(max-width: 1000px) 100vw, 1000px\" \/><button\n\t\t\tclass=\"lightbox-trigger\"\n\t\t\ttype=\"button\"\n\t\t\taria-haspopup=\"dialog\"\n\t\t\taria-label=\"Agrandir l\u2018image\"\n\t\t\tdata-wp-init=\"callbacks.initTriggerButton\"\n\t\t\tdata-wp-on-async--click=\"actions.showLightbox\"\n\t\t\tdata-wp-style--right=\"state.imageButtonRight\"\n\t\t\tdata-wp-style--top=\"state.imageButtonTop\"\n\t\t>\n\t\t\t<svg xmlns=\"http:\/\/www.w3.org\/2000\/svg\" width=\"12\" height=\"12\" fill=\"none\" viewBox=\"0 0 12 12\">\n\t\t\t\t<path fill=\"#fff\" d=\"M2 0a2 2 0 0 0-2 2v2h1.5V2a.5.5 0 0 1 .5-.5h2V0H2Zm2 10.5H2a.5.5 0 0 1-.5-.5V8H0v2a2 2 0 0 0 2 2h2v-1.5ZM8 12v-1.5h2a.5.5 0 0 0 .5-.5V8H12v2a2 2 0 0 1-2 2H8Zm2-12a2 2 0 0 1 2 2v2h-1.5V2a.5.5 0 0 0-.5-.5H8V0h2Z\" \/>\n\t\t\t<\/svg>\n\t\t<\/button><\/figure>\n<\/figure>\n\n\n\n<p>En r\u00e9sum\u00e9, une journ\u00e9e id\u00e9ale : le bonheur de la montagne o\u00f9 tout roule et o\u00f9 la beaut\u00e9 des paysages et la joie de partager un bon moment avec un compagnon de cord\u00e9e est pour moi bien plus important qu&rsquo;une croix coch\u00e9e dans un carnet de course.&nbsp;<\/p>\n\n\n\n<hr class=\"wp-block-separator has-alpha-channel-opacity\"\/>\n\n\n\n<p>Merci beaucoup \u00e0 Niels pour le partage de cette jolie course ! Vous pouvez retrouvez son compte Instagram juste ici, o\u00f9 il partage des clich\u00e9s de montagne pris pendant ses courses : <a href=\"https:\/\/www.instagram.com\/niels.cochard_a.guide\/\" target=\"_blank\" rel=\"noreferrer noopener\">https:\/\/www.instagram.com\/niels.cochard_a.guide\/<\/a><\/p>\n\n\n\n<hr class=\"wp-block-separator has-alpha-channel-opacity\"\/>\n\n\n\n<h2 class=\"wp-block-heading\">Montania Sport, sp\u00e9cialiste du ski de rando depuis 20 ans<\/h2>\n\n\n\n<figure data-wp-context=\"{&quot;imageId&quot;:&quot;69f5cba05020f&quot;}\" data-wp-interactive=\"core\/image\" class=\"wp-block-image aligncenter size-full is-resized wp-lightbox-container\"><img loading=\"lazy\" decoding=\"async\" width=\"250\" height=\"250\" data-wp-class--hide=\"state.isContentHidden\" data-wp-class--show=\"state.isContentVisible\" data-wp-init=\"callbacks.setButtonStyles\" data-wp-on-async--click=\"actions.showLightbox\" data-wp-on-async--load=\"callbacks.setButtonStyles\" data-wp-on-async-window--resize=\"callbacks.setButtonStyles\" src=\"https:\/\/www.montania-sport.com\/blog\/wp-content\/uploads\/2023\/04\/cropped-logo-avis-rond-250-2021.png\" alt=\"logo-avis-montania-sport\" class=\"wp-image-31483\" style=\"width:104px;height:auto\" srcset=\"https:\/\/www.montania-sport.com\/blog\/wp-content\/uploads\/2023\/04\/cropped-logo-avis-rond-250-2021.png 250w, https:\/\/www.montania-sport.com\/blog\/wp-content\/uploads\/2023\/04\/cropped-logo-avis-rond-250-2021-150x150.png 150w, https:\/\/www.montania-sport.com\/blog\/wp-content\/uploads\/2023\/04\/cropped-logo-avis-rond-250-2021-221x221.png 221w\" sizes=\"(max-width: 250px) 100vw, 250px\" \/><button\n\t\t\tclass=\"lightbox-trigger\"\n\t\t\ttype=\"button\"\n\t\t\taria-haspopup=\"dialog\"\n\t\t\taria-label=\"Agrandir l\u2019image\u00a0: logo-avis-montania-sport\"\n\t\t\tdata-wp-init=\"callbacks.initTriggerButton\"\n\t\t\tdata-wp-on-async--click=\"actions.showLightbox\"\n\t\t\tdata-wp-style--right=\"state.imageButtonRight\"\n\t\t\tdata-wp-style--top=\"state.imageButtonTop\"\n\t\t>\n\t\t\t<svg xmlns=\"http:\/\/www.w3.org\/2000\/svg\" width=\"12\" height=\"12\" fill=\"none\" viewBox=\"0 0 12 12\">\n\t\t\t\t<path fill=\"#fff\" d=\"M2 0a2 2 0 0 0-2 2v2h1.5V2a.5.5 0 0 1 .5-.5h2V0H2Zm2 10.5H2a.5.5 0 0 1-.5-.5V8H0v2a2 2 0 0 0 2 2h2v-1.5ZM8 12v-1.5h2a.5.5 0 0 0 .5-.5V8H12v2a2 2 0 0 1-2 2H8Zm2-12a2 2 0 0 1 2 2v2h-1.5V2a.5.5 0 0 0-.5-.5H8V0h2Z\" \/>\n\t\t\t<\/svg>\n\t\t<\/button><\/figure>\n\n\n\n<p>Sp\u00e9cialiste du ski de randonn\u00e9e depuis 20 ans, Montania Sport propose un large choix de mat\u00e9riel, v\u00eatements et accessoires de ski de rando pour vivre pleinement votre passion de la montagne. Une \u00e9quipe de passionn\u00e9s vous accompagne avec des conseils d&rsquo;experts adapt\u00e9s \u00e0 vos besoins et \u00e0 votre niveau. <\/p>\n\n\n\n<p>\u27a1\ufe0f Vous pouvez consulter ici notre espace ski de rando (packs ski, chaussures, b\u00e2tons, DVA, sacs avalanches, casques, gants, peaux au m\u00e8tre etc&#8230;) : <a href=\"https:\/\/www.montania-sport.com\/7051-espace-ski-de-randonnee-chambery-packs-chaussures-dva-airbag\" target=\"_blank\" rel=\"noreferrer noopener\">https:\/\/www.montania-sport.com\/7051-espace-ski-de-randonnee-chambery-packs-chaussures-dva-airbag<\/a><\/p>\n\n\n\n<hr class=\"wp-block-separator has-alpha-channel-opacity\"\/>\n\n\n\n<p>Merci de votre lecture et \u00e0 tr\u00e8s vite sur les skis ! <\/p>\n\n\n\n<p>Hugo<\/p>\n","protected":false},"excerpt":{"rendered":"<p>En f\u00e9vrier 2024, Niels Cochard et Tom, un ami moniteur de ski, sont all\u00e9s grimper le couloir Lagarde, en pleine face Nord des Droites dans le massif du Mont-Blanc. Apr\u00e8s une belle demi-journ\u00e9e d&rsquo;ascension, la cord\u00e9e a retrouv\u00e9 le soleil au sommet, avant de plonger jusqu&rsquo;\u00e0 la gare de Montenvers sur une belle pente ensoleill\u00e9e. &hellip;<\/p>\n<p class=\"read-more\"> <a class=\"\" href=\"https:\/\/www.montania-sport.com\/blog\/le-couloir-lagarde-en-ski-de-rando\/\"> <span class=\"screen-reader-text\">Le couloir Lagarde en ski de rando<\/span> Lire la suite\u00a0\u00bb<\/a><\/p>\n","protected":false},"author":16,"featured_media":37042,"comment_status":"open","ping_status":"open","sticky":false,"template":"","format":"standard","meta":{"site-sidebar-layout":"default","site-content-layout":"default","ast-global-header-display":"","ast-main-header-display":"","ast-hfb-above-header-display":"","ast-hfb-below-header-display":"","ast-hfb-mobile-header-display":"","site-post-title":"","ast-breadcrumbs-content":"","ast-featured-img":"","footer-sml-layout":"","theme-transparent-header-meta":"","adv-header-id-meta":"","stick-header-meta":"","header-above-stick-meta":"","header-main-stick-meta":"","header-below-stick-meta":"","_jetpack_memberships_contains_paid_content":false,"footnotes":""},"categories":[33],"tags":[757,1143,761],"class_list":["post-37038","post","type-post","status-publish","format-standard","has-post-thumbnail","hentry","category-sorties-montagne","tag-alpinisme","tag-mont-blanc","tag-ski-de-randonnee"],"yoast_head":"<!-- This site is optimized with the Yoast SEO plugin v24.4 - https:\/\/yoast.com\/wordpress\/plugins\/seo\/ -->\n<title>Le couloir Lagarde en ski de rando - Blog Montania Sport<\/title>\n<meta name=\"description\" content=\"Niels Cochard est all\u00e9 grimper le couloir Lagarde, dans le massif du Mont-Blanc. D\u00e9couvrez son r\u00e9cit de course, illustr\u00e9 en photos -&gt;\" \/>\n<meta name=\"robots\" content=\"index, follow, max-snippet:-1, max-image-preview:large, max-video-preview:-1\" \/>\n<link rel=\"canonical\" href=\"https:\/\/www.montania-sport.com\/blog\/le-couloir-lagarde-en-ski-de-rando\/\" \/>\n<meta property=\"og:locale\" content=\"fr_FR\" \/>\n<meta property=\"og:type\" content=\"article\" \/>\n<meta property=\"og:title\" content=\"Le couloir Lagarde en ski de rando - Blog Montania Sport\" \/>\n<meta property=\"og:description\" content=\"Niels Cochard est all\u00e9 grimper le couloir Lagarde, dans le massif du Mont-Blanc. D\u00e9couvrez son r\u00e9cit de course, illustr\u00e9 en photos -&gt;\" \/>\n<meta property=\"og:url\" content=\"https:\/\/www.montania-sport.com\/blog\/le-couloir-lagarde-en-ski-de-rando\/\" \/>\n<meta property=\"og:site_name\" content=\"Blog Montania Sport\" \/>\n<meta property=\"article:publisher\" content=\"https:\/\/www.facebook.com\/Montania.Sport\" \/>\n<meta property=\"article:published_time\" content=\"2025-01-21T16:51:04+00:00\" \/>\n<meta property=\"article:modified_time\" content=\"2025-04-18T12:14:29+00:00\" \/>\n<meta property=\"og:image\" content=\"https:\/\/www.montania-sport.com\/blog\/wp-content\/uploads\/2025\/01\/Couloir-Lagarde-en-ski-de-randonnee.jpeg\" \/>\n\t<meta property=\"og:image:width\" content=\"1280\" \/>\n\t<meta property=\"og:image:height\" content=\"960\" \/>\n\t<meta property=\"og:image:type\" content=\"image\/jpeg\" \/>\n<meta name=\"author\" content=\"Hugo\" \/>\n<meta name=\"twitter:card\" content=\"summary_large_image\" \/>\n<meta name=\"twitter:creator\" content=\"@MontaniaSport\" \/>\n<meta name=\"twitter:site\" content=\"@MontaniaSport\" \/>\n<meta name=\"twitter:label1\" content=\"\u00c9crit par\" \/>\n\t<meta name=\"twitter:data1\" content=\"Hugo\" \/>\n\t<meta name=\"twitter:label2\" content=\"Dur\u00e9e de lecture estim\u00e9e\" \/>\n\t<meta name=\"twitter:data2\" content=\"1 minute\" \/>\n<script type=\"application\/ld+json\" class=\"yoast-schema-graph\">{\"@context\":\"https:\/\/schema.org\",\"@graph\":[{\"@type\":\"Article\",\"@id\":\"https:\/\/www.montania-sport.com\/blog\/le-couloir-lagarde-en-ski-de-rando\/#article\",\"isPartOf\":{\"@id\":\"https:\/\/www.montania-sport.com\/blog\/le-couloir-lagarde-en-ski-de-rando\/\"},\"author\":{\"name\":\"Hugo\",\"@id\":\"https:\/\/www.montania-sport.com\/blog\/#\/schema\/person\/c933c30e5159a4e5b8aa41e772beadf5\"},\"headline\":\"Le couloir Lagarde en ski de rando\",\"datePublished\":\"2025-01-21T16:51:04+00:00\",\"dateModified\":\"2025-04-18T12:14:29+00:00\",\"mainEntityOfPage\":{\"@id\":\"https:\/\/www.montania-sport.com\/blog\/le-couloir-lagarde-en-ski-de-rando\/\"},\"wordCount\":999,\"commentCount\":0,\"publisher\":{\"@id\":\"https:\/\/www.montania-sport.com\/blog\/#organization\"},\"image\":{\"@id\":\"https:\/\/www.montania-sport.com\/blog\/le-couloir-lagarde-en-ski-de-rando\/#primaryimage\"},\"thumbnailUrl\":\"https:\/\/www.montania-sport.com\/blog\/wp-content\/uploads\/2025\/01\/Couloir-Lagarde-en-ski-de-randonnee.jpeg\",\"keywords\":[\"Alpinisme\",\"Mont-Blanc\",\"Ski de randonn\u00e9e\"],\"articleSection\":[\"Carnet de Courses\"],\"inLanguage\":\"fr-FR\",\"potentialAction\":[{\"@type\":\"CommentAction\",\"name\":\"Comment\",\"target\":[\"https:\/\/www.montania-sport.com\/blog\/le-couloir-lagarde-en-ski-de-rando\/#respond\"]}]},{\"@type\":\"WebPage\",\"@id\":\"https:\/\/www.montania-sport.com\/blog\/le-couloir-lagarde-en-ski-de-rando\/\",\"url\":\"https:\/\/www.montania-sport.com\/blog\/le-couloir-lagarde-en-ski-de-rando\/\",\"name\":\"Le couloir Lagarde en ski de rando - Blog Montania Sport\",\"isPartOf\":{\"@id\":\"https:\/\/www.montania-sport.com\/blog\/#website\"},\"primaryImageOfPage\":{\"@id\":\"https:\/\/www.montania-sport.com\/blog\/le-couloir-lagarde-en-ski-de-rando\/#primaryimage\"},\"image\":{\"@id\":\"https:\/\/www.montania-sport.com\/blog\/le-couloir-lagarde-en-ski-de-rando\/#primaryimage\"},\"thumbnailUrl\":\"https:\/\/www.montania-sport.com\/blog\/wp-content\/uploads\/2025\/01\/Couloir-Lagarde-en-ski-de-randonnee.jpeg\",\"datePublished\":\"2025-01-21T16:51:04+00:00\",\"dateModified\":\"2025-04-18T12:14:29+00:00\",\"description\":\"Niels Cochard est all\u00e9 grimper le couloir Lagarde, dans le massif du Mont-Blanc. D\u00e9couvrez son r\u00e9cit de course, illustr\u00e9 en photos ->\",\"breadcrumb\":{\"@id\":\"https:\/\/www.montania-sport.com\/blog\/le-couloir-lagarde-en-ski-de-rando\/#breadcrumb\"},\"inLanguage\":\"fr-FR\",\"potentialAction\":[{\"@type\":\"ReadAction\",\"target\":[\"https:\/\/www.montania-sport.com\/blog\/le-couloir-lagarde-en-ski-de-rando\/\"]}]},{\"@type\":\"ImageObject\",\"inLanguage\":\"fr-FR\",\"@id\":\"https:\/\/www.montania-sport.com\/blog\/le-couloir-lagarde-en-ski-de-rando\/#primaryimage\",\"url\":\"https:\/\/www.montania-sport.com\/blog\/wp-content\/uploads\/2025\/01\/Couloir-Lagarde-en-ski-de-randonnee.jpeg\",\"contentUrl\":\"https:\/\/www.montania-sport.com\/blog\/wp-content\/uploads\/2025\/01\/Couloir-Lagarde-en-ski-de-randonnee.jpeg\",\"width\":1280,\"height\":960,\"caption\":\"Couloir Lagarde en ski de randonne\u0301e\"},{\"@type\":\"BreadcrumbList\",\"@id\":\"https:\/\/www.montania-sport.com\/blog\/le-couloir-lagarde-en-ski-de-rando\/#breadcrumb\",\"itemListElement\":[{\"@type\":\"ListItem\",\"position\":1,\"name\":\"Accueil\",\"item\":\"https:\/\/www.montania-sport.com\/blog\/\"},{\"@type\":\"ListItem\",\"position\":2,\"name\":\"Le couloir Lagarde en ski de rando\"}]},{\"@type\":\"WebSite\",\"@id\":\"https:\/\/www.montania-sport.com\/blog\/#website\",\"url\":\"https:\/\/www.montania-sport.com\/blog\/\",\"name\":\"Blog Montania Sport\",\"description\":\"Blog Montania Sport\",\"publisher\":{\"@id\":\"https:\/\/www.montania-sport.com\/blog\/#organization\"},\"potentialAction\":[{\"@type\":\"SearchAction\",\"target\":{\"@type\":\"EntryPoint\",\"urlTemplate\":\"https:\/\/www.montania-sport.com\/blog\/?s={search_term_string}\"},\"query-input\":{\"@type\":\"PropertyValueSpecification\",\"valueRequired\":true,\"valueName\":\"search_term_string\"}}],\"inLanguage\":\"fr-FR\"},{\"@type\":\"Organization\",\"@id\":\"https:\/\/www.montania-sport.com\/blog\/#organization\",\"name\":\"Montania Sport\",\"url\":\"https:\/\/www.montania-sport.com\/blog\/\",\"logo\":{\"@type\":\"ImageObject\",\"inLanguage\":\"fr-FR\",\"@id\":\"https:\/\/www.montania-sport.com\/blog\/#\/schema\/logo\/image\/\",\"url\":\"https:\/\/www.montania-sport.com\/blog\/wp-content\/uploads\/2023\/04\/cropped-Logo-BLOG-2023-1200.png\",\"contentUrl\":\"https:\/\/www.montania-sport.com\/blog\/wp-content\/uploads\/2023\/04\/cropped-Logo-BLOG-2023-1200.png\",\"width\":1200,\"height\":645,\"caption\":\"Montania Sport\"},\"image\":{\"@id\":\"https:\/\/www.montania-sport.com\/blog\/#\/schema\/logo\/image\/\"},\"sameAs\":[\"https:\/\/www.facebook.com\/Montania.Sport\",\"https:\/\/x.com\/MontaniaSport\",\"https:\/\/www.instagram.com\/montania_sport\"]},{\"@type\":\"Person\",\"@id\":\"https:\/\/www.montania-sport.com\/blog\/#\/schema\/person\/c933c30e5159a4e5b8aa41e772beadf5\",\"name\":\"Hugo\",\"image\":{\"@type\":\"ImageObject\",\"inLanguage\":\"fr-FR\",\"@id\":\"https:\/\/www.montania-sport.com\/blog\/#\/schema\/person\/image\/\",\"url\":\"https:\/\/secure.gravatar.com\/avatar\/9f8bff9fa481ae20ba98a9185066805e?s=96&d=mm&r=g\",\"contentUrl\":\"https:\/\/secure.gravatar.com\/avatar\/9f8bff9fa481ae20ba98a9185066805e?s=96&d=mm&r=g\",\"caption\":\"Hugo\"},\"url\":\"https:\/\/www.montania-sport.com\/blog\/author\/david\/\"}]}<\/script>\n<!-- \/ Yoast SEO plugin. -->","yoast_head_json":{"title":"Le couloir Lagarde en ski de rando - Blog Montania Sport","description":"Niels Cochard est all\u00e9 grimper le couloir Lagarde, dans le massif du Mont-Blanc. D\u00e9couvrez son r\u00e9cit de course, illustr\u00e9 en photos ->","robots":{"index":"index","follow":"follow","max-snippet":"max-snippet:-1","max-image-preview":"max-image-preview:large","max-video-preview":"max-video-preview:-1"},"canonical":"https:\/\/www.montania-sport.com\/blog\/le-couloir-lagarde-en-ski-de-rando\/","og_locale":"fr_FR","og_type":"article","og_title":"Le couloir Lagarde en ski de rando - Blog Montania Sport","og_description":"Niels Cochard est all\u00e9 grimper le couloir Lagarde, dans le massif du Mont-Blanc. D\u00e9couvrez son r\u00e9cit de course, illustr\u00e9 en photos ->","og_url":"https:\/\/www.montania-sport.com\/blog\/le-couloir-lagarde-en-ski-de-rando\/","og_site_name":"Blog Montania Sport","article_publisher":"https:\/\/www.facebook.com\/Montania.Sport","article_published_time":"2025-01-21T16:51:04+00:00","article_modified_time":"2025-04-18T12:14:29+00:00","og_image":[{"width":1280,"height":960,"url":"https:\/\/www.montania-sport.com\/blog\/wp-content\/uploads\/2025\/01\/Couloir-Lagarde-en-ski-de-randonnee.jpeg","type":"image\/jpeg"}],"author":"Hugo","twitter_card":"summary_large_image","twitter_creator":"@MontaniaSport","twitter_site":"@MontaniaSport","twitter_misc":{"\u00c9crit par":"Hugo","Dur\u00e9e de lecture estim\u00e9e":"1 minute"},"schema":{"@context":"https:\/\/schema.org","@graph":[{"@type":"Article","@id":"https:\/\/www.montania-sport.com\/blog\/le-couloir-lagarde-en-ski-de-rando\/#article","isPartOf":{"@id":"https:\/\/www.montania-sport.com\/blog\/le-couloir-lagarde-en-ski-de-rando\/"},"author":{"name":"Hugo","@id":"https:\/\/www.montania-sport.com\/blog\/#\/schema\/person\/c933c30e5159a4e5b8aa41e772beadf5"},"headline":"Le couloir Lagarde en ski de rando","datePublished":"2025-01-21T16:51:04+00:00","dateModified":"2025-04-18T12:14:29+00:00","mainEntityOfPage":{"@id":"https:\/\/www.montania-sport.com\/blog\/le-couloir-lagarde-en-ski-de-rando\/"},"wordCount":999,"commentCount":0,"publisher":{"@id":"https:\/\/www.montania-sport.com\/blog\/#organization"},"image":{"@id":"https:\/\/www.montania-sport.com\/blog\/le-couloir-lagarde-en-ski-de-rando\/#primaryimage"},"thumbnailUrl":"https:\/\/www.montania-sport.com\/blog\/wp-content\/uploads\/2025\/01\/Couloir-Lagarde-en-ski-de-randonnee.jpeg","keywords":["Alpinisme","Mont-Blanc","Ski de randonn\u00e9e"],"articleSection":["Carnet de Courses"],"inLanguage":"fr-FR","potentialAction":[{"@type":"CommentAction","name":"Comment","target":["https:\/\/www.montania-sport.com\/blog\/le-couloir-lagarde-en-ski-de-rando\/#respond"]}]},{"@type":"WebPage","@id":"https:\/\/www.montania-sport.com\/blog\/le-couloir-lagarde-en-ski-de-rando\/","url":"https:\/\/www.montania-sport.com\/blog\/le-couloir-lagarde-en-ski-de-rando\/","name":"Le couloir Lagarde en ski de rando - Blog Montania Sport","isPartOf":{"@id":"https:\/\/www.montania-sport.com\/blog\/#website"},"primaryImageOfPage":{"@id":"https:\/\/www.montania-sport.com\/blog\/le-couloir-lagarde-en-ski-de-rando\/#primaryimage"},"image":{"@id":"https:\/\/www.montania-sport.com\/blog\/le-couloir-lagarde-en-ski-de-rando\/#primaryimage"},"thumbnailUrl":"https:\/\/www.montania-sport.com\/blog\/wp-content\/uploads\/2025\/01\/Couloir-Lagarde-en-ski-de-randonnee.jpeg","datePublished":"2025-01-21T16:51:04+00:00","dateModified":"2025-04-18T12:14:29+00:00","description":"Niels Cochard est all\u00e9 grimper le couloir Lagarde, dans le massif du Mont-Blanc. D\u00e9couvrez son r\u00e9cit de course, illustr\u00e9 en photos ->","breadcrumb":{"@id":"https:\/\/www.montania-sport.com\/blog\/le-couloir-lagarde-en-ski-de-rando\/#breadcrumb"},"inLanguage":"fr-FR","potentialAction":[{"@type":"ReadAction","target":["https:\/\/www.montania-sport.com\/blog\/le-couloir-lagarde-en-ski-de-rando\/"]}]},{"@type":"ImageObject","inLanguage":"fr-FR","@id":"https:\/\/www.montania-sport.com\/blog\/le-couloir-lagarde-en-ski-de-rando\/#primaryimage","url":"https:\/\/www.montania-sport.com\/blog\/wp-content\/uploads\/2025\/01\/Couloir-Lagarde-en-ski-de-randonnee.jpeg","contentUrl":"https:\/\/www.montania-sport.com\/blog\/wp-content\/uploads\/2025\/01\/Couloir-Lagarde-en-ski-de-randonnee.jpeg","width":1280,"height":960,"caption":"Couloir Lagarde en ski de randonne\u0301e"},{"@type":"BreadcrumbList","@id":"https:\/\/www.montania-sport.com\/blog\/le-couloir-lagarde-en-ski-de-rando\/#breadcrumb","itemListElement":[{"@type":"ListItem","position":1,"name":"Accueil","item":"https:\/\/www.montania-sport.com\/blog\/"},{"@type":"ListItem","position":2,"name":"Le couloir Lagarde en ski de rando"}]},{"@type":"WebSite","@id":"https:\/\/www.montania-sport.com\/blog\/#website","url":"https:\/\/www.montania-sport.com\/blog\/","name":"Blog Montania Sport","description":"Blog Montania Sport","publisher":{"@id":"https:\/\/www.montania-sport.com\/blog\/#organization"},"potentialAction":[{"@type":"SearchAction","target":{"@type":"EntryPoint","urlTemplate":"https:\/\/www.montania-sport.com\/blog\/?s={search_term_string}"},"query-input":{"@type":"PropertyValueSpecification","valueRequired":true,"valueName":"search_term_string"}}],"inLanguage":"fr-FR"},{"@type":"Organization","@id":"https:\/\/www.montania-sport.com\/blog\/#organization","name":"Montania Sport","url":"https:\/\/www.montania-sport.com\/blog\/","logo":{"@type":"ImageObject","inLanguage":"fr-FR","@id":"https:\/\/www.montania-sport.com\/blog\/#\/schema\/logo\/image\/","url":"https:\/\/www.montania-sport.com\/blog\/wp-content\/uploads\/2023\/04\/cropped-Logo-BLOG-2023-1200.png","contentUrl":"https:\/\/www.montania-sport.com\/blog\/wp-content\/uploads\/2023\/04\/cropped-Logo-BLOG-2023-1200.png","width":1200,"height":645,"caption":"Montania Sport"},"image":{"@id":"https:\/\/www.montania-sport.com\/blog\/#\/schema\/logo\/image\/"},"sameAs":["https:\/\/www.facebook.com\/Montania.Sport","https:\/\/x.com\/MontaniaSport","https:\/\/www.instagram.com\/montania_sport"]},{"@type":"Person","@id":"https:\/\/www.montania-sport.com\/blog\/#\/schema\/person\/c933c30e5159a4e5b8aa41e772beadf5","name":"Hugo","image":{"@type":"ImageObject","inLanguage":"fr-FR","@id":"https:\/\/www.montania-sport.com\/blog\/#\/schema\/person\/image\/","url":"https:\/\/secure.gravatar.com\/avatar\/9f8bff9fa481ae20ba98a9185066805e?s=96&d=mm&r=g","contentUrl":"https:\/\/secure.gravatar.com\/avatar\/9f8bff9fa481ae20ba98a9185066805e?s=96&d=mm&r=g","caption":"Hugo"},"url":"https:\/\/www.montania-sport.com\/blog\/author\/david\/"}]}},"jetpack_featured_media_url":"https:\/\/www.montania-sport.com\/blog\/wp-content\/uploads\/2025\/01\/Couloir-Lagarde-en-ski-de-randonnee.jpeg","jetpack_sharing_enabled":true,"jetpack-related-posts":[],"_links":{"self":[{"href":"https:\/\/www.montania-sport.com\/blog\/wp-json\/wp\/v2\/posts\/37038","targetHints":{"allow":["GET"]}}],"collection":[{"href":"https:\/\/www.montania-sport.com\/blog\/wp-json\/wp\/v2\/posts"}],"about":[{"href":"https:\/\/www.montania-sport.com\/blog\/wp-json\/wp\/v2\/types\/post"}],"author":[{"embeddable":true,"href":"https:\/\/www.montania-sport.com\/blog\/wp-json\/wp\/v2\/users\/16"}],"replies":[{"embeddable":true,"href":"https:\/\/www.montania-sport.com\/blog\/wp-json\/wp\/v2\/comments?post=37038"}],"version-history":[{"count":25,"href":"https:\/\/www.montania-sport.com\/blog\/wp-json\/wp\/v2\/posts\/37038\/revisions"}],"predecessor-version":[{"id":37760,"href":"https:\/\/www.montania-sport.com\/blog\/wp-json\/wp\/v2\/posts\/37038\/revisions\/37760"}],"wp:featuredmedia":[{"embeddable":true,"href":"https:\/\/www.montania-sport.com\/blog\/wp-json\/wp\/v2\/media\/37042"}],"wp:attachment":[{"href":"https:\/\/www.montania-sport.com\/blog\/wp-json\/wp\/v2\/media?parent=37038"}],"wp:term":[{"taxonomy":"category","embeddable":true,"href":"https:\/\/www.montania-sport.com\/blog\/wp-json\/wp\/v2\/categories?post=37038"},{"taxonomy":"post_tag","embeddable":true,"href":"https:\/\/www.montania-sport.com\/blog\/wp-json\/wp\/v2\/tags?post=37038"}],"curies":[{"name":"wp","href":"https:\/\/api.w.org\/{rel}","templated":true}]}}