{"id":3607,"date":"2013-12-09T16:39:43","date_gmt":"2013-12-09T15:39:43","guid":{"rendered":"https:\/\/www.montania-sport.com\/blog\/?p=3607"},"modified":"2020-11-07T10:02:13","modified_gmt":"2020-11-07T09:02:13","slug":"test-corde-petzl-volta-9-2-par-montania","status":"publish","type":"post","link":"https:\/\/www.montania-sport.com\/blog\/test-corde-petzl-volta-9-2-par-montania\/","title":{"rendered":"En avant premi\u00e8re, test de la corde PETZL Dynamique Volta 9.2"},"content":{"rendered":"<p>PETZL pr\u00e9voit de d\u00e9voiler ses premi\u00e8res cordes dynamiques pour l&rsquo;escalade d\u00e8s janvier 2014.<br \/>\nAujourd&rsquo;hui, nous avons eu le plaisir de tester une des nouvelles cordes de leur gamme que vous retrouverez tr\u00e8s prochainement dans notre magasin Montania : la corde \u00e0 simple VOLTA 9.2mm, extr\u00eamement l\u00e9g\u00e8re et id\u00e9ale pour les pratiquants de haut niveau ainsi que tous ceux qui veulent une corde robuste et maniable.<\/p>\n<figure id=\"attachment_3628\" aria-describedby=\"caption-attachment-3628\" style=\"width: 474px\" class=\"wp-caption aligncenter\"><img fetchpriority=\"high\" decoding=\"async\" class=\"wp-image-3628 size-large\" title=\"Sorite test de la corde PETZL Volta 9.2 \u00e0 Vertilac\" src=\"https:\/\/www.montania-sport.com\/blog\/wp-content\/uploads\/2013\/12\/volta4-1024x792.png\" alt=\"Sorite test de la corde PETZL Volta 9.2 \u00e0 Vertilac\" width=\"474\" height=\"367\" srcset=\"https:\/\/www.montania-sport.com\/blog\/wp-content\/uploads\/2013\/12\/volta4-1024x792.png 1024w, https:\/\/www.montania-sport.com\/blog\/wp-content\/uploads\/2013\/12\/volta4-300x232.png 300w, https:\/\/www.montania-sport.com\/blog\/wp-content\/uploads\/2013\/12\/volta4.png 1200w\" sizes=\"(max-width: 474px) 100vw, 474px\" \/><figcaption id=\"caption-attachment-3628\" class=\"wp-caption-text\">Am\u00e9lie lors de Sortie Test de la corde dynamique PETZL Volta 9.2 \u00e0 la salle <a href=\"www.vertilac.fr\">Vertilac (73)<\/a><\/figcaption><\/figure>\n<p><!--more--><\/p>\n<p>Petzl poursuit son ascension sur la voie qui a toujours \u00e9t\u00e9 la sienne : proposer les meilleurs produits aux pratiquants de la verticalit\u00e9 en enrichissant son offre cette saison avec une gamme compl\u00e8te de cordes d&rsquo;escalade.<\/p>\n<h2>Corde dynamique Volta 9.2 de PETZL : Caract\u00e9ristiques Techniques<\/h2>\n<ul>\n<li>Longueur disponible : 50m &#8211; 60m &#8211; 70m &#8211; 80m et 100m<\/li>\n<li>Type (CE EN 892, UIAA) : multi-norme = corde \u00e0 simple, corde \u00e0 double, corde jumel\u00e9e<\/li>\n<li>Diam\u00e8tre : 9.2mm<\/li>\n<li>Poids au m\u00e8tre : 55g<\/li>\n<li>Pourcentage de la gaine : 42 %<\/li>\n<li>Nombre de chutes : 6 corde \u00e0 simple \/ 20 \u00e0 double \/ 30 jumel\u00e9e<\/li>\n<li>Allongement statique : 7.5 % corde \u00e0 simple \/ 7.5 % \u00e0 double \/ 6 % jumel\u00e9e<\/li>\n<li>Allongement dynamique : 33 % corde \u00e0 simple \/ 30 %&nbsp; \u00e0 double \/ 26 % jumel\u00e9e<\/li>\n<li>Force de choc : 8.6 kN corde \u00e0 simple \/ 6.8 kN \u00e0 double \/ 10.5 kN jumel\u00e9e<\/li>\n<li>Garantie 3 ans<\/li>\n<\/ul>\n<p>&nbsp;<\/p>\n<p style=\"text-align: center;\"><img decoding=\"async\" class=\"aligncenter wp-image-3611 size-large\" title=\"Corde dynamique PETZL Volta 9.2\" src=\"https:\/\/www.montania-sport.com\/blog\/wp-content\/uploads\/2013\/12\/volta2-1024x768.png\" alt=\"Corde dynamique PETZL Volta 9.2\" width=\"474\" height=\"356\" srcset=\"https:\/\/www.montania-sport.com\/blog\/wp-content\/uploads\/2013\/12\/volta2-1024x768.png 1024w, https:\/\/www.montania-sport.com\/blog\/wp-content\/uploads\/2013\/12\/volta2-300x225.png 300w, https:\/\/www.montania-sport.com\/blog\/wp-content\/uploads\/2013\/12\/volta2.png 1200w\" sizes=\"(max-width: 474px) 100vw, 474px\" \/><\/p>\n<h3>Sp\u00e9cificit\u00e9s de la Corde Petzl VOLTA 9.2 mm<\/h3>\n<p>La corde \u00e0 simple Volta 9.2 mm offre la l\u00e9g\u00e8ret\u00e9 n\u00e9cessaire aux pratiquants de haut niveau auxquels elle apporte, gr\u00e2ce \u00e0 son traitement Duratec Dry, un maximum de long\u00e9vit\u00e9 et de performance quelles que soient les conditions.<br \/>\nSa certification \u00e0 la fois : \u00e0 simple, \u00e0 double et jumel\u00e9e, lui permet des usages multiples afin d&rsquo;avoir un maximum de flexibilit\u00e9 en fonction du terrain.<\/p>\n<h3>Site de Production de la corde Volta 9.2 de PETZL :<\/h3>\n<p>Fabriqu\u00e9es par l&rsquo;usine de cordes Edelrid en Allemagne mais avec un cahier des charges \u00e9labor\u00e9 par Petzl.<br \/>\nLes cordes sont achemin\u00e9es \u00e0 Crolles en Is\u00e8re (38) pour y \u00eatre d\u00e9coup\u00e9es et lov\u00e9es sp\u00e9cifiquement.<br \/>\nUn nouveau produit Petzl tr\u00e8s s\u00fbr et qui nous inspire d\u00e8s \u00e0 pr\u00e9sent une grande confiance !<\/p>\n<p style=\"text-align: center;\"><img decoding=\"async\" class=\"aligncenter wp-image-3613 size-full\" title=\"Nouvelle Corde dynamique PETZL Volta 9.2 \" src=\"https:\/\/www.montania-sport.com\/blog\/wp-content\/uploads\/2013\/12\/volta3.png\" alt=\"Nouvelle Corde dynamique PETZL Volta 9.2 \" width=\"1000\" height=\"837\" srcset=\"https:\/\/www.montania-sport.com\/blog\/wp-content\/uploads\/2013\/12\/volta3.png 1000w, https:\/\/www.montania-sport.com\/blog\/wp-content\/uploads\/2013\/12\/volta3-300x251.png 300w\" sizes=\"(max-width: 1000px) 100vw, 1000px\" \/><\/p>\n<h3>Corde dynamique Volta 9.2 PETZL : pr\u00eate \u00e0 l&#8217;emploi<\/h3>\n<p><img loading=\"lazy\" decoding=\"async\" style=\"margin-right: 10px; margin-bottom: 10px;\" src=\"http:\/\/www.petzl.com\/files\/fckfiles\/image\/image-web\/picto-ready.jpg\" alt=\"ready\" width=\"42\" height=\"42\" align=\"left\"\/><\/p>\n<p><strong>Lovage ClimbReady<\/strong><br \/>\nLovage sp\u00e9cifique pour rendre la corde pr\u00eate \u00e0 l&#8217;emploi. \u00c9vite les mauvaises man\u0153uvres de d\u00e9pliage par l&rsquo;utilisateur et augmente la long\u00e9vit\u00e9.<\/p>\n<figure id=\"attachment_3630\" aria-describedby=\"caption-attachment-3630\" style=\"width: 474px\" class=\"wp-caption aligncenter\"><img loading=\"lazy\" decoding=\"async\" class=\"wp-image-3630 size-large\" title=\"Corde dynamique PETZL Volta 9.2 pr\u00eate \u00e0 l'emploi\" src=\"https:\/\/www.montania-sport.com\/blog\/wp-content\/uploads\/2013\/12\/volta6-1024x768.png\" alt=\"l'\u00e9quipe de testeur pour tester la corde Petzl Volta 9.2 en avant premi\u00e8re\" width=\"474\" height=\"356\" srcset=\"https:\/\/www.montania-sport.com\/blog\/wp-content\/uploads\/2013\/12\/volta6-1024x768.png 1024w, https:\/\/www.montania-sport.com\/blog\/wp-content\/uploads\/2013\/12\/volta6-300x225.png 300w, https:\/\/www.montania-sport.com\/blog\/wp-content\/uploads\/2013\/12\/volta6.png 1200w\" sizes=\"(max-width: 474px) 100vw, 474px\" \/><figcaption id=\"caption-attachment-3630\" class=\"wp-caption-text\">L&rsquo;\u00e9quipe de testeurs anim\u00e9e par Am\u00e9lie pour tester la corde Petzl Volta 9.2 en avant premi\u00e8re<\/figcaption><\/figure>\n<h3>Corde dynamique Volta 9.2 PETZL : durabilit\u00e9, performance et maniabilit\u00e9<\/h3>\n<p><strong>Traitement EverFlex<\/strong><br \/>\nTraitement thermique sp\u00e9cifique qui stabilise les fils et rend la corde plus homog\u00e8ne.<br \/>\nProcure une excellente prise en main et une maniabilit\u00e9 constante dans le temps.<\/p>\n<ul>\n<li>la durabilit\u00e9 dans la r\u00e9sistance aux chutes et \u00e0 l&rsquo;abrasion<\/li>\n<li>l&rsquo;optimisation de l\u2019allongement n\u00e9cessaire pour une force de choc souhait\u00e9e<\/li>\n<li>une excellente prise en main afin de gagner en fluidit\u00e9 dans les manipulations et l\u2019utilisation dans les appareils d\u2019assurage<\/li>\n<li>un poids optimal<\/li>\n<\/ul>\n<p style=\"text-align: center;\"><strong><img loading=\"lazy\" decoding=\"async\" class=\"aligncenter\" title=\"Corde dynamique PETZL Volta 9.2 PETZL FRANCE\" src=\"https:\/\/www.montania-sport.com\/blog\/wp-content\/uploads\/2013\/12\/volta8.png\" alt=\"Nouvelle Corde dynamique PETZL Volta 9.2 PETZL FRANCE\" width=\"500\" height=\"300\"\/><\/strong><\/p>\n<h3>Corde dynamique Volta 9.2 PETZL : marquage du milieu de la corde + finition<\/h3>\n<p style=\"margin-bottom: 3em;\"><strong>Marquage Middle Mark<\/strong><br \/>\nSignale le milieu de la corde pour faciliter les man\u0153uvres.<\/p>\n<p><strong>Finition UltraSonic Finish<\/strong><br \/>\nL\u2019\u00e2me et la gaine sont solidaris\u00e9es \u00e0 leurs extr\u00e9mit\u00e9s gr\u00e2ce \u00e0 une finition ultrason. Permets une plus grande durabilit\u00e9 et \u00e9vite l\u2019\u00e9clatement du bout de la corde.<\/p>\n<p style=\"text-align: center;\"><img loading=\"lazy\" decoding=\"async\" class=\"aligncenter wp-image-3634 size-large\" title=\"Corde dynamique PETZL Volta 9.2 marquage du milieur\" src=\"https:\/\/www.montania-sport.com\/blog\/wp-content\/uploads\/2013\/12\/volta9-1024x768.png\" alt=\"Corde dynamique PETZL Volta 9.2 marquage du milieur\" width=\"474\" height=\"356\" srcset=\"https:\/\/www.montania-sport.com\/blog\/wp-content\/uploads\/2013\/12\/volta9-1024x768.png 1024w, https:\/\/www.montania-sport.com\/blog\/wp-content\/uploads\/2013\/12\/volta9-300x225.png 300w, https:\/\/www.montania-sport.com\/blog\/wp-content\/uploads\/2013\/12\/volta9.png 1200w\" sizes=\"(max-width: 474px) 100vw, 474px\" \/><\/p>\n<h3>Corde dynamique Volta 9.2 PETZL : Traitement Duratec et fluidit\u00e9<\/h3>\n<p><strong>Traitement Duratec Dry<\/strong><br \/>\nTraitement hydrophobique, la corde est plus r\u00e9sistante \u00e0 l\u2019eau, la salet\u00e9 et \u00e0 l\u2019abrasion.<br \/>\nLa maniabilit\u00e9, la prise en main et les caract\u00e9ristiques se conservent plus longtemps dans des conditions froides et humides.<\/p>\n<figure id=\"attachment_3641\" aria-describedby=\"caption-attachment-3641\" style=\"width: 474px\" class=\"wp-caption aligncenter\"><img loading=\"lazy\" decoding=\"async\" class=\"wp-image-3641 size-large\" title=\"Corde dynamique PETZL Volta 9.2 traitement DURATEC DRY\" src=\"https:\/\/www.montania-sport.com\/blog\/wp-content\/uploads\/2013\/12\/volta11-1024x768.png\" alt=\"Corde dynamique PETZL Volta 9.2 traitement DURATEC DRY\" width=\"474\" height=\"356\" srcset=\"https:\/\/www.montania-sport.com\/blog\/wp-content\/uploads\/2013\/12\/volta11-1024x768.png 1024w, https:\/\/www.montania-sport.com\/blog\/wp-content\/uploads\/2013\/12\/volta11-300x225.png 300w, https:\/\/www.montania-sport.com\/blog\/wp-content\/uploads\/2013\/12\/volta11.png 1200w\" sizes=\"(max-width: 474px) 100vw, 474px\" \/><figcaption id=\"caption-attachment-3641\" class=\"wp-caption-text\">Traitement hydrophobe DURATEC DRY sur cordes Petzl<\/figcaption><\/figure>\n<p style=\"text-align: center;\"><img loading=\"lazy\" decoding=\"async\" class=\"aligncenter wp-image-3639 size-large\" title=\"Corde dynamique PETZL Volta 9.2 maniabilit\u00e9\" src=\"https:\/\/www.montania-sport.com\/blog\/wp-content\/uploads\/2013\/12\/volta10-1024x768.png\" alt=\"Corde dynamique PETZL Volta 9.2 maniabilit\u00e9\" width=\"474\" height=\"356\" srcset=\"https:\/\/www.montania-sport.com\/blog\/wp-content\/uploads\/2013\/12\/volta10-1024x768.png 1024w, https:\/\/www.montania-sport.com\/blog\/wp-content\/uploads\/2013\/12\/volta10-300x225.png 300w, https:\/\/www.montania-sport.com\/blog\/wp-content\/uploads\/2013\/12\/volta10.png 1200w\" sizes=\"(max-width: 474px) 100vw, 474px\" \/><\/p>\n<h2>L&rsquo;avis d&rsquo;Am\u00e9lie et de son \u00e9quipe de testeurs sur la corde Volta 9.2 de PETZL<\/h2>\n<p>\u00ab\u00a0&#8230;Une corde dynamique pr\u00eate \u00e0 l&#8217;emploi, pr\u00eate \u00e0 encaisser des chutes sans souci. Une excellente fluidit\u00e9 au toucher. Une tr\u00e8s bonne sensation dans la main au moment de clipper la corde dans les d\u00e9gaines. Maniabilit\u00e9 exquise dans les syst\u00e8mes d&rsquo;assurage, que ce soit avec un <a title=\"Reverso Petzl\" href=\"https:\/\/www.montania-sport.com\/fr\/petzl\/assureur-reverso-4-orange\">Reverso<\/a> ou un <a title=\"Grigri Bleu Petzl\" href=\"https:\/\/www.montania-sport.com\/fr\/petzl\/assureur-grigri-2-bleu\">Grigri<\/a>, la corde file agr\u00e9ablement bien dans le syst\u00e8me d&rsquo;assurage.<\/p>\n<p><strong>Extr\u00eamement l\u00e9g\u00e8re on ne l&rsquo;a sent pas en grimpant.<\/strong><br \/>\nC&rsquo;est une corde qui au premier regard inspire confiance, s\u00e9curit\u00e9 et sensation !<br \/>\nVivement le redoux pour un prochain test dans son \u00e9l\u00e9ment&#8230; en falaise &#8230; :) \u00a0\u00bb<\/p>\n<p><span style=\"text-decoration: underline;\">Am\u00e9lie.<\/span><\/p>\n<p>PS : Un Grand Merci \u00e0 toute l&rsquo;\u00e9quipe de testeur : B\u00e9go, R\u00e9mi, Ju pour votre dispo et votre bonne \u00e9nergie positive pour ce test de la corde Volta 9.2mm de PETZL.<\/p>\n<p style=\"text-align: center;\"><img loading=\"lazy\" decoding=\"async\" class=\"aligncenter wp-image-3640 size-full\" title=\"Corde dynamique PETZL Volta 9.2 avis montania\" src=\"https:\/\/www.montania-sport.com\/blog\/wp-content\/uploads\/2013\/12\/volta12.png\" alt=\"Corde dynamique PETZL Volta 9.2 avis montania\" width=\"924\" height=\"844\" srcset=\"https:\/\/www.montania-sport.com\/blog\/wp-content\/uploads\/2013\/12\/volta12.png 924w, https:\/\/www.montania-sport.com\/blog\/wp-content\/uploads\/2013\/12\/volta12-300x274.png 300w\" sizes=\"(max-width: 924px) 100vw, 924px\" \/><\/p>\n<hr \/>\n<p>Merci de votre lecture.<\/p>\n<p>Retrouvez toutes nos cordes d&rsquo;escalade et d&rsquo;alpinisme en vente dans notre magasin Montania Sport de Chamb\u00e9ry et sur notre boutique en ligne \u00e0 la rubrique Mat\u00e9riel Montagne\/Corde escalade et alpinisme ou en suivant le lien direct ici : <a href=\"https:\/\/www.montania-sport.com\/7175-corde-escalade-et-alpinisme\">https:\/\/www.montania-sport.com\/7175-corde-escalade-et-alpinisme<\/a><\/p>\n<p>A bient\u00f4t :-)<\/p>\n<p>C\u00e9dric<\/p>\n<p>&nbsp;<\/p>\n","protected":false},"excerpt":{"rendered":"<p>PETZL pr\u00e9voit de d\u00e9voiler ses premi\u00e8res cordes dynamiques pour l&rsquo;escalade d\u00e8s janvier 2014. Aujourd&rsquo;hui, nous avons eu le plaisir de tester une des nouvelles cordes de leur gamme que vous retrouverez tr\u00e8s prochainement dans notre magasin Montania : la corde \u00e0 simple VOLTA 9.2mm, extr\u00eamement l\u00e9g\u00e8re et id\u00e9ale pour les pratiquants de haut niveau ainsi &hellip;<\/p>\n<p class=\"read-more\"> <a class=\"\" href=\"https:\/\/www.montania-sport.com\/blog\/test-corde-petzl-volta-9-2-par-montania\/\"> <span class=\"screen-reader-text\">En avant premi\u00e8re, test de la corde PETZL Dynamique Volta 9.2<\/span> Lire la suite\u00a0\u00bb<\/a><\/p>\n","protected":false},"author":2,"featured_media":0,"comment_status":"open","ping_status":"closed","sticky":false,"template":"","format":"standard","meta":{"site-sidebar-layout":"default","site-content-layout":"default","ast-global-header-display":"","ast-main-header-display":"","ast-hfb-above-header-display":"","ast-hfb-below-header-display":"","ast-hfb-mobile-header-display":"","site-post-title":"","ast-breadcrumbs-content":"","ast-featured-img":"","footer-sml-layout":"","theme-transparent-header-meta":"","adv-header-id-meta":"","stick-header-meta":"","header-above-stick-meta":"","header-main-stick-meta":"","header-below-stick-meta":"","_jetpack_memberships_contains_paid_content":false,"footnotes":""},"categories":[61],"tags":[982,756,781,805],"class_list":["post-3607","post","type-post","status-publish","format-standard","hentry","category-comparatifs-et-test-matos","tag-corde","tag-escalade","tag-petzl","tag-test"],"yoast_head":"<!-- This site is optimized with the Yoast SEO plugin v24.4 - https:\/\/yoast.com\/wordpress\/plugins\/seo\/ -->\n<title>En avant premi\u00e8re, test de la corde PETZL Dynamique Volta 9.2 - Blog Montania Sport<\/title>\n<meta name=\"robots\" content=\"index, follow, max-snippet:-1, max-image-preview:large, max-video-preview:-1\" \/>\n<link rel=\"canonical\" href=\"https:\/\/www.montania-sport.com\/blog\/test-corde-petzl-volta-9-2-par-montania\/\" \/>\n<meta property=\"og:locale\" content=\"fr_FR\" \/>\n<meta property=\"og:type\" content=\"article\" \/>\n<meta property=\"og:title\" content=\"En avant premi\u00e8re, test de la corde PETZL Dynamique Volta 9.2 - Blog Montania Sport\" \/>\n<meta property=\"og:description\" content=\"PETZL pr\u00e9voit de d\u00e9voiler ses premi\u00e8res cordes dynamiques pour l&rsquo;escalade d\u00e8s janvier 2014. Aujourd&rsquo;hui, nous avons eu le plaisir de tester une des nouvelles cordes de leur gamme que vous retrouverez tr\u00e8s prochainement dans notre magasin Montania : la corde \u00e0 simple VOLTA 9.2mm, extr\u00eamement l\u00e9g\u00e8re et id\u00e9ale pour les pratiquants de haut niveau ainsi &hellip; En avant premi\u00e8re, test de la corde PETZL Dynamique Volta 9.2 Lire la suite\u00a0\u00bb\" \/>\n<meta property=\"og:url\" content=\"https:\/\/www.montania-sport.com\/blog\/test-corde-petzl-volta-9-2-par-montania\/\" \/>\n<meta property=\"og:site_name\" content=\"Blog Montania Sport\" \/>\n<meta property=\"article:publisher\" content=\"https:\/\/www.facebook.com\/Montania.Sport\" \/>\n<meta property=\"article:published_time\" content=\"2013-12-09T15:39:43+00:00\" \/>\n<meta property=\"article:modified_time\" content=\"2020-11-07T09:02:13+00:00\" \/>\n<meta property=\"og:image\" content=\"https:\/\/www.montania-sport.com\/blog\/wp-content\/uploads\/2013\/12\/volta4-1024x792.png\" \/>\n<meta name=\"author\" content=\"cedric\" \/>\n<meta name=\"twitter:card\" content=\"summary_large_image\" \/>\n<meta name=\"twitter:creator\" content=\"@MontaniaSport\" \/>\n<meta name=\"twitter:site\" content=\"@MontaniaSport\" \/>\n<meta name=\"twitter:label1\" content=\"\u00c9crit par\" \/>\n\t<meta name=\"twitter:data1\" content=\"cedric\" \/>\n\t<meta name=\"twitter:label2\" content=\"Dur\u00e9e de lecture estim\u00e9e\" \/>\n\t<meta name=\"twitter:data2\" content=\"4 minutes\" \/>\n<script type=\"application\/ld+json\" class=\"yoast-schema-graph\">{\"@context\":\"https:\/\/schema.org\",\"@graph\":[{\"@type\":\"Article\",\"@id\":\"https:\/\/www.montania-sport.com\/blog\/test-corde-petzl-volta-9-2-par-montania\/#article\",\"isPartOf\":{\"@id\":\"https:\/\/www.montania-sport.com\/blog\/test-corde-petzl-volta-9-2-par-montania\/\"},\"author\":{\"name\":\"cedric\",\"@id\":\"https:\/\/www.montania-sport.com\/blog\/#\/schema\/person\/eb15113f453620c1519f3f6a3886b250\"},\"headline\":\"En avant premi\u00e8re, test de la corde PETZL Dynamique Volta 9.2\",\"datePublished\":\"2013-12-09T15:39:43+00:00\",\"dateModified\":\"2020-11-07T09:02:13+00:00\",\"mainEntityOfPage\":{\"@id\":\"https:\/\/www.montania-sport.com\/blog\/test-corde-petzl-volta-9-2-par-montania\/\"},\"wordCount\":827,\"commentCount\":1,\"publisher\":{\"@id\":\"https:\/\/www.montania-sport.com\/blog\/#organization\"},\"image\":{\"@id\":\"https:\/\/www.montania-sport.com\/blog\/test-corde-petzl-volta-9-2-par-montania\/#primaryimage\"},\"thumbnailUrl\":\"https:\/\/www.montania-sport.com\/blog\/wp-content\/uploads\/2013\/12\/volta4-1024x792.png\",\"keywords\":[\"Corde\",\"Escalade\",\"Petzl\",\"Test\"],\"articleSection\":[\"Tests et Comparatifs\"],\"inLanguage\":\"fr-FR\",\"potentialAction\":[{\"@type\":\"CommentAction\",\"name\":\"Comment\",\"target\":[\"https:\/\/www.montania-sport.com\/blog\/test-corde-petzl-volta-9-2-par-montania\/#respond\"]}]},{\"@type\":\"WebPage\",\"@id\":\"https:\/\/www.montania-sport.com\/blog\/test-corde-petzl-volta-9-2-par-montania\/\",\"url\":\"https:\/\/www.montania-sport.com\/blog\/test-corde-petzl-volta-9-2-par-montania\/\",\"name\":\"En avant premi\u00e8re, test de la corde PETZL Dynamique Volta 9.2 - Blog Montania Sport\",\"isPartOf\":{\"@id\":\"https:\/\/www.montania-sport.com\/blog\/#website\"},\"primaryImageOfPage\":{\"@id\":\"https:\/\/www.montania-sport.com\/blog\/test-corde-petzl-volta-9-2-par-montania\/#primaryimage\"},\"image\":{\"@id\":\"https:\/\/www.montania-sport.com\/blog\/test-corde-petzl-volta-9-2-par-montania\/#primaryimage\"},\"thumbnailUrl\":\"https:\/\/www.montania-sport.com\/blog\/wp-content\/uploads\/2013\/12\/volta4-1024x792.png\",\"datePublished\":\"2013-12-09T15:39:43+00:00\",\"dateModified\":\"2020-11-07T09:02:13+00:00\",\"breadcrumb\":{\"@id\":\"https:\/\/www.montania-sport.com\/blog\/test-corde-petzl-volta-9-2-par-montania\/#breadcrumb\"},\"inLanguage\":\"fr-FR\",\"potentialAction\":[{\"@type\":\"ReadAction\",\"target\":[\"https:\/\/www.montania-sport.com\/blog\/test-corde-petzl-volta-9-2-par-montania\/\"]}]},{\"@type\":\"ImageObject\",\"inLanguage\":\"fr-FR\",\"@id\":\"https:\/\/www.montania-sport.com\/blog\/test-corde-petzl-volta-9-2-par-montania\/#primaryimage\",\"url\":\"https:\/\/www.montania-sport.com\/blog\/wp-content\/uploads\/2013\/12\/volta4.png\",\"contentUrl\":\"https:\/\/www.montania-sport.com\/blog\/wp-content\/uploads\/2013\/12\/volta4.png\",\"width\":1200,\"height\":928,\"caption\":\"Sorite test de la corde PETZL Volta 9.2 \u00e0 Vertilac\"},{\"@type\":\"BreadcrumbList\",\"@id\":\"https:\/\/www.montania-sport.com\/blog\/test-corde-petzl-volta-9-2-par-montania\/#breadcrumb\",\"itemListElement\":[{\"@type\":\"ListItem\",\"position\":1,\"name\":\"Accueil\",\"item\":\"https:\/\/www.montania-sport.com\/blog\/\"},{\"@type\":\"ListItem\",\"position\":2,\"name\":\"En avant premi\u00e8re, test de la corde PETZL Dynamique Volta 9.2\"}]},{\"@type\":\"WebSite\",\"@id\":\"https:\/\/www.montania-sport.com\/blog\/#website\",\"url\":\"https:\/\/www.montania-sport.com\/blog\/\",\"name\":\"Blog Montania Sport\",\"description\":\"Blog Montania Sport\",\"publisher\":{\"@id\":\"https:\/\/www.montania-sport.com\/blog\/#organization\"},\"potentialAction\":[{\"@type\":\"SearchAction\",\"target\":{\"@type\":\"EntryPoint\",\"urlTemplate\":\"https:\/\/www.montania-sport.com\/blog\/?s={search_term_string}\"},\"query-input\":{\"@type\":\"PropertyValueSpecification\",\"valueRequired\":true,\"valueName\":\"search_term_string\"}}],\"inLanguage\":\"fr-FR\"},{\"@type\":\"Organization\",\"@id\":\"https:\/\/www.montania-sport.com\/blog\/#organization\",\"name\":\"Montania Sport\",\"url\":\"https:\/\/www.montania-sport.com\/blog\/\",\"logo\":{\"@type\":\"ImageObject\",\"inLanguage\":\"fr-FR\",\"@id\":\"https:\/\/www.montania-sport.com\/blog\/#\/schema\/logo\/image\/\",\"url\":\"https:\/\/www.montania-sport.com\/blog\/wp-content\/uploads\/2023\/04\/cropped-Logo-BLOG-2023-1200.png\",\"contentUrl\":\"https:\/\/www.montania-sport.com\/blog\/wp-content\/uploads\/2023\/04\/cropped-Logo-BLOG-2023-1200.png\",\"width\":1200,\"height\":645,\"caption\":\"Montania Sport\"},\"image\":{\"@id\":\"https:\/\/www.montania-sport.com\/blog\/#\/schema\/logo\/image\/\"},\"sameAs\":[\"https:\/\/www.facebook.com\/Montania.Sport\",\"https:\/\/x.com\/MontaniaSport\",\"https:\/\/www.instagram.com\/montania_sport\"]},{\"@type\":\"Person\",\"@id\":\"https:\/\/www.montania-sport.com\/blog\/#\/schema\/person\/eb15113f453620c1519f3f6a3886b250\",\"name\":\"cedric\",\"image\":{\"@type\":\"ImageObject\",\"inLanguage\":\"fr-FR\",\"@id\":\"https:\/\/www.montania-sport.com\/blog\/#\/schema\/person\/image\/\",\"url\":\"https:\/\/secure.gravatar.com\/avatar\/9851a6499bed921b62b2ae7c399fe8ce?s=96&d=mm&r=g\",\"contentUrl\":\"https:\/\/secure.gravatar.com\/avatar\/9851a6499bed921b62b2ae7c399fe8ce?s=96&d=mm&r=g\",\"caption\":\"cedric\"},\"url\":\"https:\/\/www.montania-sport.com\/blog\/author\/cedric\/\"}]}<\/script>\n<!-- \/ Yoast SEO plugin. -->","yoast_head_json":{"title":"En avant premi\u00e8re, test de la corde PETZL Dynamique Volta 9.2 - Blog Montania Sport","robots":{"index":"index","follow":"follow","max-snippet":"max-snippet:-1","max-image-preview":"max-image-preview:large","max-video-preview":"max-video-preview:-1"},"canonical":"https:\/\/www.montania-sport.com\/blog\/test-corde-petzl-volta-9-2-par-montania\/","og_locale":"fr_FR","og_type":"article","og_title":"En avant premi\u00e8re, test de la corde PETZL Dynamique Volta 9.2 - Blog Montania Sport","og_description":"PETZL pr\u00e9voit de d\u00e9voiler ses premi\u00e8res cordes dynamiques pour l&rsquo;escalade d\u00e8s janvier 2014. Aujourd&rsquo;hui, nous avons eu le plaisir de tester une des nouvelles cordes de leur gamme que vous retrouverez tr\u00e8s prochainement dans notre magasin Montania : la corde \u00e0 simple VOLTA 9.2mm, extr\u00eamement l\u00e9g\u00e8re et id\u00e9ale pour les pratiquants de haut niveau ainsi &hellip; En avant premi\u00e8re, test de la corde PETZL Dynamique Volta 9.2 Lire la suite\u00a0\u00bb","og_url":"https:\/\/www.montania-sport.com\/blog\/test-corde-petzl-volta-9-2-par-montania\/","og_site_name":"Blog Montania Sport","article_publisher":"https:\/\/www.facebook.com\/Montania.Sport","article_published_time":"2013-12-09T15:39:43+00:00","article_modified_time":"2020-11-07T09:02:13+00:00","og_image":[{"url":"https:\/\/www.montania-sport.com\/blog\/wp-content\/uploads\/2013\/12\/volta4-1024x792.png","type":"","width":"","height":""}],"author":"cedric","twitter_card":"summary_large_image","twitter_creator":"@MontaniaSport","twitter_site":"@MontaniaSport","twitter_misc":{"\u00c9crit par":"cedric","Dur\u00e9e de lecture estim\u00e9e":"4 minutes"},"schema":{"@context":"https:\/\/schema.org","@graph":[{"@type":"Article","@id":"https:\/\/www.montania-sport.com\/blog\/test-corde-petzl-volta-9-2-par-montania\/#article","isPartOf":{"@id":"https:\/\/www.montania-sport.com\/blog\/test-corde-petzl-volta-9-2-par-montania\/"},"author":{"name":"cedric","@id":"https:\/\/www.montania-sport.com\/blog\/#\/schema\/person\/eb15113f453620c1519f3f6a3886b250"},"headline":"En avant premi\u00e8re, test de la corde PETZL Dynamique Volta 9.2","datePublished":"2013-12-09T15:39:43+00:00","dateModified":"2020-11-07T09:02:13+00:00","mainEntityOfPage":{"@id":"https:\/\/www.montania-sport.com\/blog\/test-corde-petzl-volta-9-2-par-montania\/"},"wordCount":827,"commentCount":1,"publisher":{"@id":"https:\/\/www.montania-sport.com\/blog\/#organization"},"image":{"@id":"https:\/\/www.montania-sport.com\/blog\/test-corde-petzl-volta-9-2-par-montania\/#primaryimage"},"thumbnailUrl":"https:\/\/www.montania-sport.com\/blog\/wp-content\/uploads\/2013\/12\/volta4-1024x792.png","keywords":["Corde","Escalade","Petzl","Test"],"articleSection":["Tests et Comparatifs"],"inLanguage":"fr-FR","potentialAction":[{"@type":"CommentAction","name":"Comment","target":["https:\/\/www.montania-sport.com\/blog\/test-corde-petzl-volta-9-2-par-montania\/#respond"]}]},{"@type":"WebPage","@id":"https:\/\/www.montania-sport.com\/blog\/test-corde-petzl-volta-9-2-par-montania\/","url":"https:\/\/www.montania-sport.com\/blog\/test-corde-petzl-volta-9-2-par-montania\/","name":"En avant premi\u00e8re, test de la corde PETZL Dynamique Volta 9.2 - Blog Montania Sport","isPartOf":{"@id":"https:\/\/www.montania-sport.com\/blog\/#website"},"primaryImageOfPage":{"@id":"https:\/\/www.montania-sport.com\/blog\/test-corde-petzl-volta-9-2-par-montania\/#primaryimage"},"image":{"@id":"https:\/\/www.montania-sport.com\/blog\/test-corde-petzl-volta-9-2-par-montania\/#primaryimage"},"thumbnailUrl":"https:\/\/www.montania-sport.com\/blog\/wp-content\/uploads\/2013\/12\/volta4-1024x792.png","datePublished":"2013-12-09T15:39:43+00:00","dateModified":"2020-11-07T09:02:13+00:00","breadcrumb":{"@id":"https:\/\/www.montania-sport.com\/blog\/test-corde-petzl-volta-9-2-par-montania\/#breadcrumb"},"inLanguage":"fr-FR","potentialAction":[{"@type":"ReadAction","target":["https:\/\/www.montania-sport.com\/blog\/test-corde-petzl-volta-9-2-par-montania\/"]}]},{"@type":"ImageObject","inLanguage":"fr-FR","@id":"https:\/\/www.montania-sport.com\/blog\/test-corde-petzl-volta-9-2-par-montania\/#primaryimage","url":"https:\/\/www.montania-sport.com\/blog\/wp-content\/uploads\/2013\/12\/volta4.png","contentUrl":"https:\/\/www.montania-sport.com\/blog\/wp-content\/uploads\/2013\/12\/volta4.png","width":1200,"height":928,"caption":"Sorite test de la corde PETZL Volta 9.2 \u00e0 Vertilac"},{"@type":"BreadcrumbList","@id":"https:\/\/www.montania-sport.com\/blog\/test-corde-petzl-volta-9-2-par-montania\/#breadcrumb","itemListElement":[{"@type":"ListItem","position":1,"name":"Accueil","item":"https:\/\/www.montania-sport.com\/blog\/"},{"@type":"ListItem","position":2,"name":"En avant premi\u00e8re, test de la corde PETZL Dynamique Volta 9.2"}]},{"@type":"WebSite","@id":"https:\/\/www.montania-sport.com\/blog\/#website","url":"https:\/\/www.montania-sport.com\/blog\/","name":"Blog Montania Sport","description":"Blog Montania Sport","publisher":{"@id":"https:\/\/www.montania-sport.com\/blog\/#organization"},"potentialAction":[{"@type":"SearchAction","target":{"@type":"EntryPoint","urlTemplate":"https:\/\/www.montania-sport.com\/blog\/?s={search_term_string}"},"query-input":{"@type":"PropertyValueSpecification","valueRequired":true,"valueName":"search_term_string"}}],"inLanguage":"fr-FR"},{"@type":"Organization","@id":"https:\/\/www.montania-sport.com\/blog\/#organization","name":"Montania Sport","url":"https:\/\/www.montania-sport.com\/blog\/","logo":{"@type":"ImageObject","inLanguage":"fr-FR","@id":"https:\/\/www.montania-sport.com\/blog\/#\/schema\/logo\/image\/","url":"https:\/\/www.montania-sport.com\/blog\/wp-content\/uploads\/2023\/04\/cropped-Logo-BLOG-2023-1200.png","contentUrl":"https:\/\/www.montania-sport.com\/blog\/wp-content\/uploads\/2023\/04\/cropped-Logo-BLOG-2023-1200.png","width":1200,"height":645,"caption":"Montania Sport"},"image":{"@id":"https:\/\/www.montania-sport.com\/blog\/#\/schema\/logo\/image\/"},"sameAs":["https:\/\/www.facebook.com\/Montania.Sport","https:\/\/x.com\/MontaniaSport","https:\/\/www.instagram.com\/montania_sport"]},{"@type":"Person","@id":"https:\/\/www.montania-sport.com\/blog\/#\/schema\/person\/eb15113f453620c1519f3f6a3886b250","name":"cedric","image":{"@type":"ImageObject","inLanguage":"fr-FR","@id":"https:\/\/www.montania-sport.com\/blog\/#\/schema\/person\/image\/","url":"https:\/\/secure.gravatar.com\/avatar\/9851a6499bed921b62b2ae7c399fe8ce?s=96&d=mm&r=g","contentUrl":"https:\/\/secure.gravatar.com\/avatar\/9851a6499bed921b62b2ae7c399fe8ce?s=96&d=mm&r=g","caption":"cedric"},"url":"https:\/\/www.montania-sport.com\/blog\/author\/cedric\/"}]}},"jetpack_featured_media_url":"","jetpack_sharing_enabled":true,"jetpack-related-posts":[],"_links":{"self":[{"href":"https:\/\/www.montania-sport.com\/blog\/wp-json\/wp\/v2\/posts\/3607","targetHints":{"allow":["GET"]}}],"collection":[{"href":"https:\/\/www.montania-sport.com\/blog\/wp-json\/wp\/v2\/posts"}],"about":[{"href":"https:\/\/www.montania-sport.com\/blog\/wp-json\/wp\/v2\/types\/post"}],"author":[{"embeddable":true,"href":"https:\/\/www.montania-sport.com\/blog\/wp-json\/wp\/v2\/users\/2"}],"replies":[{"embeddable":true,"href":"https:\/\/www.montania-sport.com\/blog\/wp-json\/wp\/v2\/comments?post=3607"}],"version-history":[{"count":0,"href":"https:\/\/www.montania-sport.com\/blog\/wp-json\/wp\/v2\/posts\/3607\/revisions"}],"wp:attachment":[{"href":"https:\/\/www.montania-sport.com\/blog\/wp-json\/wp\/v2\/media?parent=3607"}],"wp:term":[{"taxonomy":"category","embeddable":true,"href":"https:\/\/www.montania-sport.com\/blog\/wp-json\/wp\/v2\/categories?post=3607"},{"taxonomy":"post_tag","embeddable":true,"href":"https:\/\/www.montania-sport.com\/blog\/wp-json\/wp\/v2\/tags?post=3607"}],"curies":[{"name":"wp","href":"https:\/\/api.w.org\/{rel}","templated":true}]}}