{"id":35170,"date":"2024-10-05T15:00:00","date_gmt":"2024-10-05T14:00:00","guid":{"rendered":"https:\/\/www.montania-sport.com\/blog\/?p=35170"},"modified":"2025-01-10T14:47:36","modified_gmt":"2025-01-10T13:47:36","slug":"le-tour-des-dents-blanches-en-3-jours","status":"publish","type":"post","link":"https:\/\/www.montania-sport.com\/blog\/le-tour-des-dents-blanches-en-3-jours\/","title":{"rendered":"Le Tour des Dents Blanches en 3 jours"},"content":{"rendered":"\n<p>\u00c0 cheval entre la Suisse et la France, le Tour des Dents Blanches est une randonn\u00e9e de moyenne montagne r\u00e9put\u00e9e pour ses passages alpins, a\u00e9riens et la beaut\u00e9 de ses paysages. C\u00e9dric @Montania est all\u00e9 r\u00e9aliser ce bel itin\u00e9raire en 3 jours.<\/p>\n\n\n\n<!--more-->\n\n\n\n<h2 class=\"wp-block-heading\">Le Tour des Dents Blanches, qu&rsquo;est-ce que c&rsquo;est ?<\/h2>\n\n\n\n<p><strong>Les Dents Blanches<\/strong> composent une petite chaine de montagne situ\u00e9e \u00e0 la fronti\u00e8re franco-suisse, dont le point culminant est \u00e0 2759 m\u00e8tres. D&rsquo;une longueur variant entre 40 et 50 kilom\u00e8tres avec un d\u00e9nivel\u00e9 positif entre 3500 et 4000 m\u00e8tres, le <strong>Tour des Dents Blanches<\/strong> est une randonn\u00e9e r\u00e9put\u00e9e dans les Alpes. De tr\u00e8s beaux refuges s&rsquo;\u00e9chelonnent sur le parcours, ce qui permet de segmenter l&rsquo;itin\u00e9raire en plusieurs jours (4 \u00e0 5 jours en g\u00e9n\u00e9ral).<\/p>\n\n\n\n<figure data-wp-context=\"{&quot;imageId&quot;:&quot;69f01c0ca8233&quot;}\" data-wp-interactive=\"core\/image\" class=\"wp-block-image aligncenter size-large is-resized wp-lightbox-container\"><img fetchpriority=\"high\" decoding=\"async\" width=\"768\" height=\"1024\" data-wp-class--hide=\"state.isContentHidden\" data-wp-class--show=\"state.isContentVisible\" data-wp-init=\"callbacks.setButtonStyles\" data-wp-on-async--click=\"actions.showLightbox\" data-wp-on-async--load=\"callbacks.setButtonStyles\" data-wp-on-async-window--resize=\"callbacks.setButtonStyles\" src=\"https:\/\/www.montania-sport.com\/blog\/wp-content\/uploads\/2024\/10\/carte-ditineraire-autour-des-dents-blanches-768x1024.jpeg\" alt=\"\" class=\"wp-image-35296\" style=\"width:268px;height:357px\" srcset=\"https:\/\/www.montania-sport.com\/blog\/wp-content\/uploads\/2024\/10\/carte-ditineraire-autour-des-dents-blanches-768x1024.jpeg 768w, https:\/\/www.montania-sport.com\/blog\/wp-content\/uploads\/2024\/10\/carte-ditineraire-autour-des-dents-blanches-225x300.jpeg 225w, https:\/\/www.montania-sport.com\/blog\/wp-content\/uploads\/2024\/10\/carte-ditineraire-autour-des-dents-blanches.jpeg 960w\" sizes=\"(max-width: 768px) 100vw, 768px\" \/><button\n\t\t\tclass=\"lightbox-trigger\"\n\t\t\ttype=\"button\"\n\t\t\taria-haspopup=\"dialog\"\n\t\t\taria-label=\"Agrandir l\u2018image\"\n\t\t\tdata-wp-init=\"callbacks.initTriggerButton\"\n\t\t\tdata-wp-on-async--click=\"actions.showLightbox\"\n\t\t\tdata-wp-style--right=\"state.imageButtonRight\"\n\t\t\tdata-wp-style--top=\"state.imageButtonTop\"\n\t\t>\n\t\t\t<svg xmlns=\"http:\/\/www.w3.org\/2000\/svg\" width=\"12\" height=\"12\" fill=\"none\" viewBox=\"0 0 12 12\">\n\t\t\t\t<path fill=\"#fff\" d=\"M2 0a2 2 0 0 0-2 2v2h1.5V2a.5.5 0 0 1 .5-.5h2V0H2Zm2 10.5H2a.5.5 0 0 1-.5-.5V8H0v2a2 2 0 0 0 2 2h2v-1.5ZM8 12v-1.5h2a.5.5 0 0 0 .5-.5V8H12v2a2 2 0 0 1-2 2H8Zm2-12a2 2 0 0 1 2 2v2h-1.5V2a.5.5 0 0 0-.5-.5H8V0h2Z\" \/>\n\t\t\t<\/svg>\n\t\t<\/button><\/figure>\n\n\n\n<p>Le parcours pr\u00e9sente plusieurs passages bien \u00ab\u00a0alpins\u00a0\u00bb qui n\u00e9cessitent un certain pied montagnard, mais qui viennent dynamiser l&rsquo;itin\u00e9raire. Le point fort du Tour des Dents Blanches, ce sont ces paysages grandioses ! Vous vous sentirez totalement immerg\u00e9s en pleine Nature en traversant le col de Sageroux ou en passant pr\u00e8s du lac de la Vogealle. Avec une biodiversit\u00e9 tr\u00e8s pr\u00e9sente sur les abords des chemins (vous pourrez apercevoir des chamois, des bouquetins, des gypa\u00e8tes&#8230;) et la verticalit\u00e9 des sommets environnants, on se retrouve loin des foules, en pleine reconnexion avec vous-m\u00eame.<\/p>\n\n\n\n<p>Seul ou \u00e0 plusieurs, cette trace peut se faire depuis plusieurs points de d\u00e9part comme Sixt-Fer-\u00e0-Cheval, Samo\u00ebns ou encore Champ\u00e9ry, en Suisse.<\/p>\n\n\n\n<h2 class=\"wp-block-heading\">Le Tour des Dents Blanches de C\u00e9dric @Montania <\/h2>\n\n\n\n<p>Ayant la volont\u00e9 de vouloir s&rsquo;offrir une parenth\u00e8se montagnarde, C\u00e9dric @Montania a r\u00e9alis\u00e9 le Tour des Dents Blanches en 3 jours, avec trois amis. Profitant d&rsquo;une p\u00e9riode sans pluie, ils ont pu profiter de l&rsquo;itin\u00e9raire alpin qui commen\u00e7ait \u00e0 virer aux couleurs d&rsquo;automne. Une belle escapade de 3 jours, loin de la tourmente du quotidien, pour se reconnecter \u00e0 ce qui compte vraiment.<\/p>\n\n\n\n<h3 class=\"wp-block-heading\">Jour 1<\/h3>\n\n\n\n<p>Il est 10h lorsque nous nous \u00e9lan\u00e7ons du parking des Allamands, proche de Samo\u00ebns Village. Nous remontons le vallon de Bostan pour aller rejoindre la cr\u00eate de l&rsquo;Avouille, qui nous m\u00e8ne ensuite jusqu&rsquo;\u00e0 la t\u00eate de Bostan (2406m). Il est midi alors une pause s&rsquo;impose ! Une barre \u00e9nerg\u00e9tique plus tard, nous redescendons un peu pour rejoindre le col de Bostan (2290m) puis nous remontons jusqu&rsquo;au Pas du Taureau et son passage c\u00e2bl\u00e9, \u00e0 2555m d&rsquo;altitude. Toute cette travers\u00e9e est magnifique, en hors sentier cairn\u00e9 donc nous n&rsquo;avons pas eu de souci pour trouver la trace malgr\u00e9 pas mal de neige persistante. Nous avons pu observer de nombreux chamois dans les combes nord des \u00ab\u00a0Terres maudites\u00a0\u00bb, sous le pas de la Latte.<\/p>\n\n\n\n<figure class=\"wp-block-gallery aligncenter has-nested-images columns-default is-cropped wp-block-gallery-1 is-layout-flex wp-block-gallery-is-layout-flex\">\n<figure data-wp-context=\"{&quot;imageId&quot;:&quot;69f01c0ca88be&quot;}\" data-wp-interactive=\"core\/image\" class=\"wp-block-image size-large wp-lightbox-container\"><img decoding=\"async\" width=\"768\" height=\"1024\" data-wp-class--hide=\"state.isContentHidden\" data-wp-class--show=\"state.isContentVisible\" data-wp-init=\"callbacks.setButtonStyles\" data-wp-on-async--click=\"actions.showLightbox\" data-wp-on-async--load=\"callbacks.setButtonStyles\" data-wp-on-async-window--resize=\"callbacks.setButtonStyles\" data-id=\"35274\" src=\"https:\/\/www.montania-sport.com\/blog\/wp-content\/uploads\/2024\/10\/passage-cable-pour-faciliter-la-progression-768x1024.jpg\" alt=\"\" class=\"wp-image-35274\" srcset=\"https:\/\/www.montania-sport.com\/blog\/wp-content\/uploads\/2024\/10\/passage-cable-pour-faciliter-la-progression-768x1024.jpg 768w, https:\/\/www.montania-sport.com\/blog\/wp-content\/uploads\/2024\/10\/passage-cable-pour-faciliter-la-progression-225x300.jpg 225w, https:\/\/www.montania-sport.com\/blog\/wp-content\/uploads\/2024\/10\/passage-cable-pour-faciliter-la-progression-1152x1536.jpg 1152w, https:\/\/www.montania-sport.com\/blog\/wp-content\/uploads\/2024\/10\/passage-cable-pour-faciliter-la-progression.jpg 1200w\" sizes=\"(max-width: 768px) 100vw, 768px\" \/><button\n\t\t\tclass=\"lightbox-trigger\"\n\t\t\ttype=\"button\"\n\t\t\taria-haspopup=\"dialog\"\n\t\t\taria-label=\"Agrandir l\u2018image\"\n\t\t\tdata-wp-init=\"callbacks.initTriggerButton\"\n\t\t\tdata-wp-on-async--click=\"actions.showLightbox\"\n\t\t\tdata-wp-style--right=\"state.imageButtonRight\"\n\t\t\tdata-wp-style--top=\"state.imageButtonTop\"\n\t\t>\n\t\t\t<svg xmlns=\"http:\/\/www.w3.org\/2000\/svg\" width=\"12\" height=\"12\" fill=\"none\" viewBox=\"0 0 12 12\">\n\t\t\t\t<path fill=\"#fff\" d=\"M2 0a2 2 0 0 0-2 2v2h1.5V2a.5.5 0 0 1 .5-.5h2V0H2Zm2 10.5H2a.5.5 0 0 1-.5-.5V8H0v2a2 2 0 0 0 2 2h2v-1.5ZM8 12v-1.5h2a.5.5 0 0 0 .5-.5V8H12v2a2 2 0 0 1-2 2H8Zm2-12a2 2 0 0 1 2 2v2h-1.5V2a.5.5 0 0 0-.5-.5H8V0h2Z\" \/>\n\t\t\t<\/svg>\n\t\t<\/button><\/figure>\n\n\n\n<figure data-wp-context=\"{&quot;imageId&quot;:&quot;69f01c0ca8d78&quot;}\" data-wp-interactive=\"core\/image\" class=\"wp-block-image size-large wp-lightbox-container\"><img decoding=\"async\" width=\"768\" height=\"1024\" data-wp-class--hide=\"state.isContentHidden\" data-wp-class--show=\"state.isContentVisible\" data-wp-init=\"callbacks.setButtonStyles\" data-wp-on-async--click=\"actions.showLightbox\" data-wp-on-async--load=\"callbacks.setButtonStyles\" data-wp-on-async-window--resize=\"callbacks.setButtonStyles\" data-id=\"35299\" src=\"https:\/\/www.montania-sport.com\/blog\/wp-content\/uploads\/2024\/10\/img_9971-grande-768x1024.jpeg\" alt=\"\" class=\"wp-image-35299\" srcset=\"https:\/\/www.montania-sport.com\/blog\/wp-content\/uploads\/2024\/10\/img_9971-grande-768x1024.jpeg 768w, https:\/\/www.montania-sport.com\/blog\/wp-content\/uploads\/2024\/10\/img_9971-grande-225x300.jpeg 225w, https:\/\/www.montania-sport.com\/blog\/wp-content\/uploads\/2024\/10\/img_9971-grande.jpeg 960w\" sizes=\"(max-width: 768px) 100vw, 768px\" \/><button\n\t\t\tclass=\"lightbox-trigger\"\n\t\t\ttype=\"button\"\n\t\t\taria-haspopup=\"dialog\"\n\t\t\taria-label=\"Agrandir l\u2018image\"\n\t\t\tdata-wp-init=\"callbacks.initTriggerButton\"\n\t\t\tdata-wp-on-async--click=\"actions.showLightbox\"\n\t\t\tdata-wp-style--right=\"state.imageButtonRight\"\n\t\t\tdata-wp-style--top=\"state.imageButtonTop\"\n\t\t>\n\t\t\t<svg xmlns=\"http:\/\/www.w3.org\/2000\/svg\" width=\"12\" height=\"12\" fill=\"none\" viewBox=\"0 0 12 12\">\n\t\t\t\t<path fill=\"#fff\" d=\"M2 0a2 2 0 0 0-2 2v2h1.5V2a.5.5 0 0 1 .5-.5h2V0H2Zm2 10.5H2a.5.5 0 0 1-.5-.5V8H0v2a2 2 0 0 0 2 2h2v-1.5ZM8 12v-1.5h2a.5.5 0 0 0 .5-.5V8H12v2a2 2 0 0 1-2 2H8Zm2-12a2 2 0 0 1 2 2v2h-1.5V2a.5.5 0 0 0-.5-.5H8V0h2Z\" \/>\n\t\t\t<\/svg>\n\t\t<\/button><\/figure>\n<\/figure>\n\n\n\n<p>Depuis le Pas du Taureau, nous apercevons le lac de la Vogealle. Nous descendons rapidement sur le lac. Le ciel \u00e9tant bleu et la temp\u00e9rature agr\u00e9able, nous ne r\u00e9sistons pas \u00e0 l&rsquo;envie de faire un petit plouf ! <\/p>\n\n\n\n<p>Ensuite, nous n&rsquo;avons plus qu&rsquo;\u00e0 rejoindre le refuge de la Vogealle (1967m), quelques kilom\u00e8tres plus loin. Il est environ 15h30 lorsque nous arrivons et nous avons donc le temps de nous poser un peu apr\u00e8s une bonne journ\u00e9e de marche (env 1700d+ sur 13 kilom\u00e8tres !)<\/p>\n\n\n\n<figure class=\"wp-block-gallery has-nested-images columns-default is-cropped wp-block-gallery-2 is-layout-flex wp-block-gallery-is-layout-flex\">\n<figure data-wp-context=\"{&quot;imageId&quot;:&quot;69f01c0ca9aea&quot;}\" data-wp-interactive=\"core\/image\" class=\"wp-block-image size-large wp-lightbox-container\"><img loading=\"lazy\" decoding=\"async\" width=\"768\" height=\"1024\" data-wp-class--hide=\"state.isContentHidden\" data-wp-class--show=\"state.isContentVisible\" data-wp-init=\"callbacks.setButtonStyles\" data-wp-on-async--click=\"actions.showLightbox\" data-wp-on-async--load=\"callbacks.setButtonStyles\" data-wp-on-async-window--resize=\"callbacks.setButtonStyles\" data-id=\"35292\" src=\"https:\/\/www.montania-sport.com\/blog\/wp-content\/uploads\/2024\/10\/le-lac-de-la-vogealle-sur-le-tour-des-dents-blanches-768x1024.jpg\" alt=\"\" class=\"wp-image-35292\" srcset=\"https:\/\/www.montania-sport.com\/blog\/wp-content\/uploads\/2024\/10\/le-lac-de-la-vogealle-sur-le-tour-des-dents-blanches-768x1024.jpg 768w, https:\/\/www.montania-sport.com\/blog\/wp-content\/uploads\/2024\/10\/le-lac-de-la-vogealle-sur-le-tour-des-dents-blanches-225x300.jpg 225w, https:\/\/www.montania-sport.com\/blog\/wp-content\/uploads\/2024\/10\/le-lac-de-la-vogealle-sur-le-tour-des-dents-blanches-1152x1536.jpg 1152w, https:\/\/www.montania-sport.com\/blog\/wp-content\/uploads\/2024\/10\/le-lac-de-la-vogealle-sur-le-tour-des-dents-blanches.jpg 1200w\" sizes=\"(max-width: 768px) 100vw, 768px\" \/><button\n\t\t\tclass=\"lightbox-trigger\"\n\t\t\ttype=\"button\"\n\t\t\taria-haspopup=\"dialog\"\n\t\t\taria-label=\"Agrandir l\u2018image\"\n\t\t\tdata-wp-init=\"callbacks.initTriggerButton\"\n\t\t\tdata-wp-on-async--click=\"actions.showLightbox\"\n\t\t\tdata-wp-style--right=\"state.imageButtonRight\"\n\t\t\tdata-wp-style--top=\"state.imageButtonTop\"\n\t\t>\n\t\t\t<svg xmlns=\"http:\/\/www.w3.org\/2000\/svg\" width=\"12\" height=\"12\" fill=\"none\" viewBox=\"0 0 12 12\">\n\t\t\t\t<path fill=\"#fff\" d=\"M2 0a2 2 0 0 0-2 2v2h1.5V2a.5.5 0 0 1 .5-.5h2V0H2Zm2 10.5H2a.5.5 0 0 1-.5-.5V8H0v2a2 2 0 0 0 2 2h2v-1.5ZM8 12v-1.5h2a.5.5 0 0 0 .5-.5V8H12v2a2 2 0 0 1-2 2H8Zm2-12a2 2 0 0 1 2 2v2h-1.5V2a.5.5 0 0 0-.5-.5H8V0h2Z\" \/>\n\t\t\t<\/svg>\n\t\t<\/button><\/figure>\n\n\n\n<figure data-wp-context=\"{&quot;imageId&quot;:&quot;69f01c0ca9f13&quot;}\" data-wp-interactive=\"core\/image\" class=\"wp-block-image size-large wp-lightbox-container\"><img loading=\"lazy\" decoding=\"async\" width=\"768\" height=\"1024\" data-wp-class--hide=\"state.isContentHidden\" data-wp-class--show=\"state.isContentVisible\" data-wp-init=\"callbacks.setButtonStyles\" data-wp-on-async--click=\"actions.showLightbox\" data-wp-on-async--load=\"callbacks.setButtonStyles\" data-wp-on-async-window--resize=\"callbacks.setButtonStyles\" data-id=\"35262\" src=\"https:\/\/www.montania-sport.com\/blog\/wp-content\/uploads\/2024\/10\/le-lac-de-la-vogealle-sur-le-tour-des-dents-blanches-1-768x1024.jpg\" alt=\"\" class=\"wp-image-35262\" srcset=\"https:\/\/www.montania-sport.com\/blog\/wp-content\/uploads\/2024\/10\/le-lac-de-la-vogealle-sur-le-tour-des-dents-blanches-1-768x1024.jpg 768w, https:\/\/www.montania-sport.com\/blog\/wp-content\/uploads\/2024\/10\/le-lac-de-la-vogealle-sur-le-tour-des-dents-blanches-1-225x300.jpg 225w, https:\/\/www.montania-sport.com\/blog\/wp-content\/uploads\/2024\/10\/le-lac-de-la-vogealle-sur-le-tour-des-dents-blanches-1-1152x1536.jpg 1152w, https:\/\/www.montania-sport.com\/blog\/wp-content\/uploads\/2024\/10\/le-lac-de-la-vogealle-sur-le-tour-des-dents-blanches-1.jpg 1200w\" sizes=\"(max-width: 768px) 100vw, 768px\" \/><button\n\t\t\tclass=\"lightbox-trigger\"\n\t\t\ttype=\"button\"\n\t\t\taria-haspopup=\"dialog\"\n\t\t\taria-label=\"Agrandir l\u2018image\"\n\t\t\tdata-wp-init=\"callbacks.initTriggerButton\"\n\t\t\tdata-wp-on-async--click=\"actions.showLightbox\"\n\t\t\tdata-wp-style--right=\"state.imageButtonRight\"\n\t\t\tdata-wp-style--top=\"state.imageButtonTop\"\n\t\t>\n\t\t\t<svg xmlns=\"http:\/\/www.w3.org\/2000\/svg\" width=\"12\" height=\"12\" fill=\"none\" viewBox=\"0 0 12 12\">\n\t\t\t\t<path fill=\"#fff\" d=\"M2 0a2 2 0 0 0-2 2v2h1.5V2a.5.5 0 0 1 .5-.5h2V0H2Zm2 10.5H2a.5.5 0 0 1-.5-.5V8H0v2a2 2 0 0 0 2 2h2v-1.5ZM8 12v-1.5h2a.5.5 0 0 0 .5-.5V8H12v2a2 2 0 0 1-2 2H8Zm2-12a2 2 0 0 1 2 2v2h-1.5V2a.5.5 0 0 0-.5-.5H8V0h2Z\" \/>\n\t\t\t<\/svg>\n\t\t<\/button><\/figure>\n<\/figure>\n\n\n\n<h3 class=\"wp-block-heading\">Jour 2<\/h3>\n\n\n\n<p>Toujours le soleil ! Nous avions pr\u00e9vu les affaires de pluie dans le sac mais le ciel est toujours bleu lorsque nous partons du refuge de la Vogealle apr\u00e8s une bonne nuit. Direction la T\u00eate de la P\u00e9rua, \u00e0 2296 m\u00e8tres d&rsquo;altitude. Nous y parvenons sur les coups de 9h, puis suivons un sentier en balcon jusqu&rsquo;au col de Sageroux (2407m), puis la T\u00eate des Otans (2549m). Devant nous se dresse le Mont Ruan, qui pointe \u00e0 3056 m\u00e8tres d&rsquo;altitude. Fin de l&rsquo;\u00e9tape fran\u00e7aise et bascule c\u00f4t\u00e9 Suisse.<\/p>\n\n\n\n<figure class=\"wp-block-gallery has-nested-images columns-default is-cropped wp-block-gallery-3 is-layout-flex wp-block-gallery-is-layout-flex\">\n<figure data-wp-context=\"{&quot;imageId&quot;:&quot;69f01c0caa45d&quot;}\" data-wp-interactive=\"core\/image\" class=\"wp-block-image size-large wp-lightbox-container\"><img loading=\"lazy\" decoding=\"async\" width=\"768\" height=\"1024\" data-wp-class--hide=\"state.isContentHidden\" data-wp-class--show=\"state.isContentVisible\" data-wp-init=\"callbacks.setButtonStyles\" data-wp-on-async--click=\"actions.showLightbox\" data-wp-on-async--load=\"callbacks.setButtonStyles\" data-wp-on-async-window--resize=\"callbacks.setButtonStyles\" data-id=\"35294\" src=\"https:\/\/www.montania-sport.com\/blog\/wp-content\/uploads\/2024\/10\/passage-alpin-et-aerien-sur-le-tour-des-dents-blanches-768x1024.jpg\" alt=\"\" class=\"wp-image-35294\" srcset=\"https:\/\/www.montania-sport.com\/blog\/wp-content\/uploads\/2024\/10\/passage-alpin-et-aerien-sur-le-tour-des-dents-blanches-768x1024.jpg 768w, https:\/\/www.montania-sport.com\/blog\/wp-content\/uploads\/2024\/10\/passage-alpin-et-aerien-sur-le-tour-des-dents-blanches-225x300.jpg 225w, https:\/\/www.montania-sport.com\/blog\/wp-content\/uploads\/2024\/10\/passage-alpin-et-aerien-sur-le-tour-des-dents-blanches-1152x1536.jpg 1152w, https:\/\/www.montania-sport.com\/blog\/wp-content\/uploads\/2024\/10\/passage-alpin-et-aerien-sur-le-tour-des-dents-blanches.jpg 1200w\" sizes=\"(max-width: 768px) 100vw, 768px\" \/><button\n\t\t\tclass=\"lightbox-trigger\"\n\t\t\ttype=\"button\"\n\t\t\taria-haspopup=\"dialog\"\n\t\t\taria-label=\"Agrandir l\u2018image\"\n\t\t\tdata-wp-init=\"callbacks.initTriggerButton\"\n\t\t\tdata-wp-on-async--click=\"actions.showLightbox\"\n\t\t\tdata-wp-style--right=\"state.imageButtonRight\"\n\t\t\tdata-wp-style--top=\"state.imageButtonTop\"\n\t\t>\n\t\t\t<svg xmlns=\"http:\/\/www.w3.org\/2000\/svg\" width=\"12\" height=\"12\" fill=\"none\" viewBox=\"0 0 12 12\">\n\t\t\t\t<path fill=\"#fff\" d=\"M2 0a2 2 0 0 0-2 2v2h1.5V2a.5.5 0 0 1 .5-.5h2V0H2Zm2 10.5H2a.5.5 0 0 1-.5-.5V8H0v2a2 2 0 0 0 2 2h2v-1.5ZM8 12v-1.5h2a.5.5 0 0 0 .5-.5V8H12v2a2 2 0 0 1-2 2H8Zm2-12a2 2 0 0 1 2 2v2h-1.5V2a.5.5 0 0 0-.5-.5H8V0h2Z\" \/>\n\t\t\t<\/svg>\n\t\t<\/button><\/figure>\n\n\n\n<figure data-wp-context=\"{&quot;imageId&quot;:&quot;69f01c0caa8b7&quot;}\" data-wp-interactive=\"core\/image\" class=\"wp-block-image size-large wp-lightbox-container\"><img loading=\"lazy\" decoding=\"async\" width=\"768\" height=\"1024\" data-wp-class--hide=\"state.isContentHidden\" data-wp-class--show=\"state.isContentVisible\" data-wp-init=\"callbacks.setButtonStyles\" data-wp-on-async--click=\"actions.showLightbox\" data-wp-on-async--load=\"callbacks.setButtonStyles\" data-wp-on-async-window--resize=\"callbacks.setButtonStyles\" data-id=\"35266\" src=\"https:\/\/www.montania-sport.com\/blog\/wp-content\/uploads\/2024\/10\/passage-alpin-et-aerien-sur-le-tour-des-dents-blanches-3-768x1024.jpg\" alt=\"\" class=\"wp-image-35266\" srcset=\"https:\/\/www.montania-sport.com\/blog\/wp-content\/uploads\/2024\/10\/passage-alpin-et-aerien-sur-le-tour-des-dents-blanches-3-768x1024.jpg 768w, https:\/\/www.montania-sport.com\/blog\/wp-content\/uploads\/2024\/10\/passage-alpin-et-aerien-sur-le-tour-des-dents-blanches-3-225x300.jpg 225w, https:\/\/www.montania-sport.com\/blog\/wp-content\/uploads\/2024\/10\/passage-alpin-et-aerien-sur-le-tour-des-dents-blanches-3-1152x1536.jpg 1152w, https:\/\/www.montania-sport.com\/blog\/wp-content\/uploads\/2024\/10\/passage-alpin-et-aerien-sur-le-tour-des-dents-blanches-3.jpg 1200w\" sizes=\"(max-width: 768px) 100vw, 768px\" \/><button\n\t\t\tclass=\"lightbox-trigger\"\n\t\t\ttype=\"button\"\n\t\t\taria-haspopup=\"dialog\"\n\t\t\taria-label=\"Agrandir l\u2018image\"\n\t\t\tdata-wp-init=\"callbacks.initTriggerButton\"\n\t\t\tdata-wp-on-async--click=\"actions.showLightbox\"\n\t\t\tdata-wp-style--right=\"state.imageButtonRight\"\n\t\t\tdata-wp-style--top=\"state.imageButtonTop\"\n\t\t>\n\t\t\t<svg xmlns=\"http:\/\/www.w3.org\/2000\/svg\" width=\"12\" height=\"12\" fill=\"none\" viewBox=\"0 0 12 12\">\n\t\t\t\t<path fill=\"#fff\" d=\"M2 0a2 2 0 0 0-2 2v2h1.5V2a.5.5 0 0 1 .5-.5h2V0H2Zm2 10.5H2a.5.5 0 0 1-.5-.5V8H0v2a2 2 0 0 0 2 2h2v-1.5ZM8 12v-1.5h2a.5.5 0 0 0 .5-.5V8H12v2a2 2 0 0 1-2 2H8Zm2-12a2 2 0 0 1 2 2v2h-1.5V2a.5.5 0 0 0-.5-.5H8V0h2Z\" \/>\n\t\t\t<\/svg>\n\t\t<\/button><\/figure>\n\n\n\n<figure data-wp-context=\"{&quot;imageId&quot;:&quot;69f01c0caad00&quot;}\" data-wp-interactive=\"core\/image\" class=\"wp-block-image size-large wp-lightbox-container\"><img loading=\"lazy\" decoding=\"async\" width=\"768\" height=\"1024\" data-wp-class--hide=\"state.isContentHidden\" data-wp-class--show=\"state.isContentVisible\" data-wp-init=\"callbacks.setButtonStyles\" data-wp-on-async--click=\"actions.showLightbox\" data-wp-on-async--load=\"callbacks.setButtonStyles\" data-wp-on-async-window--resize=\"callbacks.setButtonStyles\" data-id=\"35267\" src=\"https:\/\/www.montania-sport.com\/blog\/wp-content\/uploads\/2024\/10\/passage-alpin-et-aerien-sur-le-tour-des-dents-blanches-2-768x1024.jpg\" alt=\"\" class=\"wp-image-35267\" srcset=\"https:\/\/www.montania-sport.com\/blog\/wp-content\/uploads\/2024\/10\/passage-alpin-et-aerien-sur-le-tour-des-dents-blanches-2-768x1024.jpg 768w, https:\/\/www.montania-sport.com\/blog\/wp-content\/uploads\/2024\/10\/passage-alpin-et-aerien-sur-le-tour-des-dents-blanches-2-225x300.jpg 225w, https:\/\/www.montania-sport.com\/blog\/wp-content\/uploads\/2024\/10\/passage-alpin-et-aerien-sur-le-tour-des-dents-blanches-2-1152x1536.jpg 1152w, https:\/\/www.montania-sport.com\/blog\/wp-content\/uploads\/2024\/10\/passage-alpin-et-aerien-sur-le-tour-des-dents-blanches-2.jpg 1200w\" sizes=\"(max-width: 768px) 100vw, 768px\" \/><button\n\t\t\tclass=\"lightbox-trigger\"\n\t\t\ttype=\"button\"\n\t\t\taria-haspopup=\"dialog\"\n\t\t\taria-label=\"Agrandir l\u2018image\"\n\t\t\tdata-wp-init=\"callbacks.initTriggerButton\"\n\t\t\tdata-wp-on-async--click=\"actions.showLightbox\"\n\t\t\tdata-wp-style--right=\"state.imageButtonRight\"\n\t\t\tdata-wp-style--top=\"state.imageButtonTop\"\n\t\t>\n\t\t\t<svg xmlns=\"http:\/\/www.w3.org\/2000\/svg\" width=\"12\" height=\"12\" fill=\"none\" viewBox=\"0 0 12 12\">\n\t\t\t\t<path fill=\"#fff\" d=\"M2 0a2 2 0 0 0-2 2v2h1.5V2a.5.5 0 0 1 .5-.5h2V0H2Zm2 10.5H2a.5.5 0 0 1-.5-.5V8H0v2a2 2 0 0 0 2 2h2v-1.5ZM8 12v-1.5h2a.5.5 0 0 0 .5-.5V8H12v2a2 2 0 0 1-2 2H8Zm2-12a2 2 0 0 1 2 2v2h-1.5V2a.5.5 0 0 0-.5-.5H8V0h2Z\" \/>\n\t\t\t<\/svg>\n\t\t<\/button><\/figure>\n<\/figure>\n\n\n\n<p>\u00c0 partir de l\u00e0, une \u00ab\u00a0fen\u00eatre\u00a0\u00bb nous am\u00e8ne sur une descente tr\u00e8s alpine avec des \u00e9chelles, des barreaux et des c\u00e2bles nous permettent de descendre les 100 m\u00e8tres de falaise nous s\u00e9parant de l&rsquo;entr\u00e9e dans les gorges de la Saufla. On dirait presque une portion de via-ferrata ! <\/p>\n\n\n\n<p>Nous continuons notre chemin Suisse jusqu&rsquo;au refuge de Bonavau, o\u00f9 une pause s&rsquo;impose. Une bi\u00e8re plus tard, nous remontons jusqu&rsquo;au signal de Bonavau (1710m) pour rejoindre les refuges de Barmaz (1490m) (ou la \u00ab\u00a0cantine\u00a0\u00bb comme disent les Suisses) des Dents Blanches (1492m).<\/p>\n\n\n\n<figure class=\"wp-block-gallery has-nested-images columns-default is-cropped wp-block-gallery-4 is-layout-flex wp-block-gallery-is-layout-flex\">\n<figure data-wp-context=\"{&quot;imageId&quot;:&quot;69f01c0cab22f&quot;}\" data-wp-interactive=\"core\/image\" class=\"wp-block-image size-large wp-lightbox-container\"><img loading=\"lazy\" decoding=\"async\" width=\"1024\" height=\"768\" data-wp-class--hide=\"state.isContentHidden\" data-wp-class--show=\"state.isContentVisible\" data-wp-init=\"callbacks.setButtonStyles\" data-wp-on-async--click=\"actions.showLightbox\" data-wp-on-async--load=\"callbacks.setButtonStyles\" data-wp-on-async-window--resize=\"callbacks.setButtonStyles\" data-id=\"35271\" src=\"https:\/\/www.montania-sport.com\/blog\/wp-content\/uploads\/2024\/10\/la-cantine-des-dents-blanches-1024x768.jpg\" alt=\"\" class=\"wp-image-35271\" srcset=\"https:\/\/www.montania-sport.com\/blog\/wp-content\/uploads\/2024\/10\/la-cantine-des-dents-blanches-1024x768.jpg 1024w, https:\/\/www.montania-sport.com\/blog\/wp-content\/uploads\/2024\/10\/la-cantine-des-dents-blanches-300x225.jpg 300w, https:\/\/www.montania-sport.com\/blog\/wp-content\/uploads\/2024\/10\/la-cantine-des-dents-blanches-768x576.jpg 768w, https:\/\/www.montania-sport.com\/blog\/wp-content\/uploads\/2024\/10\/la-cantine-des-dents-blanches-1536x1152.jpg 1536w, https:\/\/www.montania-sport.com\/blog\/wp-content\/uploads\/2024\/10\/la-cantine-des-dents-blanches.jpg 1600w\" sizes=\"(max-width: 1024px) 100vw, 1024px\" \/><button\n\t\t\tclass=\"lightbox-trigger\"\n\t\t\ttype=\"button\"\n\t\t\taria-haspopup=\"dialog\"\n\t\t\taria-label=\"Agrandir l\u2018image\"\n\t\t\tdata-wp-init=\"callbacks.initTriggerButton\"\n\t\t\tdata-wp-on-async--click=\"actions.showLightbox\"\n\t\t\tdata-wp-style--right=\"state.imageButtonRight\"\n\t\t\tdata-wp-style--top=\"state.imageButtonTop\"\n\t\t>\n\t\t\t<svg xmlns=\"http:\/\/www.w3.org\/2000\/svg\" width=\"12\" height=\"12\" fill=\"none\" viewBox=\"0 0 12 12\">\n\t\t\t\t<path fill=\"#fff\" d=\"M2 0a2 2 0 0 0-2 2v2h1.5V2a.5.5 0 0 1 .5-.5h2V0H2Zm2 10.5H2a.5.5 0 0 1-.5-.5V8H0v2a2 2 0 0 0 2 2h2v-1.5ZM8 12v-1.5h2a.5.5 0 0 0 .5-.5V8H12v2a2 2 0 0 1-2 2H8Zm2-12a2 2 0 0 1 2 2v2h-1.5V2a.5.5 0 0 0-.5-.5H8V0h2Z\" \/>\n\t\t\t<\/svg>\n\t\t<\/button><\/figure>\n\n\n\n<figure data-wp-context=\"{&quot;imageId&quot;:&quot;69f01c0cab65f&quot;}\" data-wp-interactive=\"core\/image\" class=\"wp-block-image size-large wp-lightbox-container\"><img loading=\"lazy\" decoding=\"async\" width=\"768\" height=\"1024\" data-wp-class--hide=\"state.isContentHidden\" data-wp-class--show=\"state.isContentVisible\" data-wp-init=\"callbacks.setButtonStyles\" data-wp-on-async--click=\"actions.showLightbox\" data-wp-on-async--load=\"callbacks.setButtonStyles\" data-wp-on-async-window--resize=\"callbacks.setButtonStyles\" data-id=\"35270\" src=\"https:\/\/www.montania-sport.com\/blog\/wp-content\/uploads\/2024\/10\/apres-leffort-le-reconfort-a-la-cantine-de-barmaz-768x1024.jpg\" alt=\"\" class=\"wp-image-35270\" srcset=\"https:\/\/www.montania-sport.com\/blog\/wp-content\/uploads\/2024\/10\/apres-leffort-le-reconfort-a-la-cantine-de-barmaz-768x1024.jpg 768w, https:\/\/www.montania-sport.com\/blog\/wp-content\/uploads\/2024\/10\/apres-leffort-le-reconfort-a-la-cantine-de-barmaz-225x300.jpg 225w, https:\/\/www.montania-sport.com\/blog\/wp-content\/uploads\/2024\/10\/apres-leffort-le-reconfort-a-la-cantine-de-barmaz-1152x1536.jpg 1152w, https:\/\/www.montania-sport.com\/blog\/wp-content\/uploads\/2024\/10\/apres-leffort-le-reconfort-a-la-cantine-de-barmaz.jpg 1200w\" sizes=\"(max-width: 768px) 100vw, 768px\" \/><button\n\t\t\tclass=\"lightbox-trigger\"\n\t\t\ttype=\"button\"\n\t\t\taria-haspopup=\"dialog\"\n\t\t\taria-label=\"Agrandir l\u2018image\"\n\t\t\tdata-wp-init=\"callbacks.initTriggerButton\"\n\t\t\tdata-wp-on-async--click=\"actions.showLightbox\"\n\t\t\tdata-wp-style--right=\"state.imageButtonRight\"\n\t\t\tdata-wp-style--top=\"state.imageButtonTop\"\n\t\t>\n\t\t\t<svg xmlns=\"http:\/\/www.w3.org\/2000\/svg\" width=\"12\" height=\"12\" fill=\"none\" viewBox=\"0 0 12 12\">\n\t\t\t\t<path fill=\"#fff\" d=\"M2 0a2 2 0 0 0-2 2v2h1.5V2a.5.5 0 0 1 .5-.5h2V0H2Zm2 10.5H2a.5.5 0 0 1-.5-.5V8H0v2a2 2 0 0 0 2 2h2v-1.5ZM8 12v-1.5h2a.5.5 0 0 0 .5-.5V8H12v2a2 2 0 0 1-2 2H8Zm2-12a2 2 0 0 1 2 2v2h-1.5V2a.5.5 0 0 0-.5-.5H8V0h2Z\" \/>\n\t\t\t<\/svg>\n\t\t<\/button><\/figure>\n<\/figure>\n\n\n\n<h3 class=\"wp-block-heading\">Jour 3<\/h3>\n\n\n\n<p>Dernier jour ! D\u00e9part \u00e0 8h du refuge des Dents Blanches apr\u00e8s une nuit bien r\u00e9paratrice. L&rsquo;objectif du jour est de rejoindre le col de Bostan (que nous avons gravi le premier jour) par un le Pas de la Bide (1835m) qui porte bien son nom ;-) <br \/>Nous y parvenons par des sentes tr\u00e8s sauvages et des vires superbes au milieu des falaises. Nous sommes accueillis par un troupeau de chamois au sommet du col de Bostan ! <\/p>\n\n\n\n<p>Ensuite, une longue descente par le vallon de Bostan nous ram\u00e8ne \u00e0 la voiture vers 11h, pile \u00e0 l&rsquo;heure pour une petite douche avant d&rsquo;aller d\u00e9guster une pizza \u00e0 Samo\u00ebns ;D<\/p>\n\n\n\n<figure class=\"wp-block-gallery has-nested-images columns-default is-cropped wp-block-gallery-5 is-layout-flex wp-block-gallery-is-layout-flex\">\n<figure data-wp-context=\"{&quot;imageId&quot;:&quot;69f01c0cabb83&quot;}\" data-wp-interactive=\"core\/image\" class=\"wp-block-image size-large wp-lightbox-container\"><img loading=\"lazy\" decoding=\"async\" width=\"768\" height=\"1024\" data-wp-class--hide=\"state.isContentHidden\" data-wp-class--show=\"state.isContentVisible\" data-wp-init=\"callbacks.setButtonStyles\" data-wp-on-async--click=\"actions.showLightbox\" data-wp-on-async--load=\"callbacks.setButtonStyles\" data-wp-on-async-window--resize=\"callbacks.setButtonStyles\" data-id=\"35290\" src=\"https:\/\/www.montania-sport.com\/blog\/wp-content\/uploads\/2024\/10\/sentier-en-balcon-sur-le-tour-des-dents-blanches-768x1024.jpg\" alt=\"\" class=\"wp-image-35290\" srcset=\"https:\/\/www.montania-sport.com\/blog\/wp-content\/uploads\/2024\/10\/sentier-en-balcon-sur-le-tour-des-dents-blanches-768x1024.jpg 768w, https:\/\/www.montania-sport.com\/blog\/wp-content\/uploads\/2024\/10\/sentier-en-balcon-sur-le-tour-des-dents-blanches-225x300.jpg 225w, https:\/\/www.montania-sport.com\/blog\/wp-content\/uploads\/2024\/10\/sentier-en-balcon-sur-le-tour-des-dents-blanches-1152x1536.jpg 1152w, https:\/\/www.montania-sport.com\/blog\/wp-content\/uploads\/2024\/10\/sentier-en-balcon-sur-le-tour-des-dents-blanches.jpg 1200w\" sizes=\"(max-width: 768px) 100vw, 768px\" \/><button\n\t\t\tclass=\"lightbox-trigger\"\n\t\t\ttype=\"button\"\n\t\t\taria-haspopup=\"dialog\"\n\t\t\taria-label=\"Agrandir l\u2018image\"\n\t\t\tdata-wp-init=\"callbacks.initTriggerButton\"\n\t\t\tdata-wp-on-async--click=\"actions.showLightbox\"\n\t\t\tdata-wp-style--right=\"state.imageButtonRight\"\n\t\t\tdata-wp-style--top=\"state.imageButtonTop\"\n\t\t>\n\t\t\t<svg xmlns=\"http:\/\/www.w3.org\/2000\/svg\" width=\"12\" height=\"12\" fill=\"none\" viewBox=\"0 0 12 12\">\n\t\t\t\t<path fill=\"#fff\" d=\"M2 0a2 2 0 0 0-2 2v2h1.5V2a.5.5 0 0 1 .5-.5h2V0H2Zm2 10.5H2a.5.5 0 0 1-.5-.5V8H0v2a2 2 0 0 0 2 2h2v-1.5ZM8 12v-1.5h2a.5.5 0 0 0 .5-.5V8H12v2a2 2 0 0 1-2 2H8Zm2-12a2 2 0 0 1 2 2v2h-1.5V2a.5.5 0 0 0-.5-.5H8V0h2Z\" \/>\n\t\t\t<\/svg>\n\t\t<\/button><\/figure>\n\n\n\n<figure data-wp-context=\"{&quot;imageId&quot;:&quot;69f01c0cabf75&quot;}\" data-wp-interactive=\"core\/image\" class=\"wp-block-image size-large wp-lightbox-container\"><img loading=\"lazy\" decoding=\"async\" width=\"768\" height=\"1024\" data-wp-class--hide=\"state.isContentHidden\" data-wp-class--show=\"state.isContentVisible\" data-wp-init=\"callbacks.setButtonStyles\" data-wp-on-async--click=\"actions.showLightbox\" data-wp-on-async--load=\"callbacks.setButtonStyles\" data-wp-on-async-window--resize=\"callbacks.setButtonStyles\" data-id=\"35289\" src=\"https:\/\/www.montania-sport.com\/blog\/wp-content\/uploads\/2024\/10\/quelques-passages-etroits-sur-le-chemin-768x1024.jpg\" alt=\"\" class=\"wp-image-35289\" srcset=\"https:\/\/www.montania-sport.com\/blog\/wp-content\/uploads\/2024\/10\/quelques-passages-etroits-sur-le-chemin-768x1024.jpg 768w, https:\/\/www.montania-sport.com\/blog\/wp-content\/uploads\/2024\/10\/quelques-passages-etroits-sur-le-chemin-225x300.jpg 225w, https:\/\/www.montania-sport.com\/blog\/wp-content\/uploads\/2024\/10\/quelques-passages-etroits-sur-le-chemin-1152x1536.jpg 1152w, https:\/\/www.montania-sport.com\/blog\/wp-content\/uploads\/2024\/10\/quelques-passages-etroits-sur-le-chemin.jpg 1200w\" sizes=\"(max-width: 768px) 100vw, 768px\" \/><button\n\t\t\tclass=\"lightbox-trigger\"\n\t\t\ttype=\"button\"\n\t\t\taria-haspopup=\"dialog\"\n\t\t\taria-label=\"Agrandir l\u2018image\"\n\t\t\tdata-wp-init=\"callbacks.initTriggerButton\"\n\t\t\tdata-wp-on-async--click=\"actions.showLightbox\"\n\t\t\tdata-wp-style--right=\"state.imageButtonRight\"\n\t\t\tdata-wp-style--top=\"state.imageButtonTop\"\n\t\t>\n\t\t\t<svg xmlns=\"http:\/\/www.w3.org\/2000\/svg\" width=\"12\" height=\"12\" fill=\"none\" viewBox=\"0 0 12 12\">\n\t\t\t\t<path fill=\"#fff\" d=\"M2 0a2 2 0 0 0-2 2v2h1.5V2a.5.5 0 0 1 .5-.5h2V0H2Zm2 10.5H2a.5.5 0 0 1-.5-.5V8H0v2a2 2 0 0 0 2 2h2v-1.5ZM8 12v-1.5h2a.5.5 0 0 0 .5-.5V8H12v2a2 2 0 0 1-2 2H8Zm2-12a2 2 0 0 1 2 2v2h-1.5V2a.5.5 0 0 0-.5-.5H8V0h2Z\" \/>\n\t\t\t<\/svg>\n\t\t<\/button><\/figure>\n<\/figure>\n\n\n\n<hr class=\"wp-block-separator has-alpha-channel-opacity\"\/>\n\n\n\n<h3 class=\"wp-block-heading\">Mon ressenti sur le Tour des Dents Blanches<\/h3>\n\n\n\n<p>Au final, nous avons parcouru presque 38 kilom\u00e8tres et 3700 m\u00e8tres de d\u00e9nivel\u00e9 pour faire ce Tour des Dents Blanches. Un bel itin\u00e9raire alpin et sauvage comme j&rsquo;aime !  Vous pouvez retrouver l&rsquo;itin\u00e9raire GPX de notre parcours juste ici : <a href=\"https:\/\/www.openrunner.com\/route-details\/20008785\" target=\"_blank\" rel=\"noreferrer noopener\">https:\/\/www.openrunner.com\/route-details\/20008785<\/a><\/p>\n\n\n\n<p>Je garde un super souvenir des refuges qui nous ont accueilli pour la nuit, tr\u00e8s agr\u00e9ables et confortables. Nous avons aussi appris que le personnel du refuge pouvait mettre votre pique-nique de la journ\u00e9e dans un tupperware vous appartenant. Une super initiative pour limiter les d\u00e9chets plastiques ! Ces m\u00eames refuges acceptent la carte bancaire, mais prenez toujours un peu d&rsquo;esp\u00e8ces sur vous car on ne sait jamais avec les r\u00e9seaux en Montagne ;-)<\/p>\n\n\n\n<figure data-wp-context=\"{&quot;imageId&quot;:&quot;69f01c0cac4d9&quot;}\" data-wp-interactive=\"core\/image\" class=\"wp-block-image size-large wp-lightbox-container\"><img loading=\"lazy\" decoding=\"async\" width=\"1024\" height=\"768\" data-wp-class--hide=\"state.isContentHidden\" data-wp-class--show=\"state.isContentVisible\" data-wp-init=\"callbacks.setButtonStyles\" data-wp-on-async--click=\"actions.showLightbox\" data-wp-on-async--load=\"callbacks.setButtonStyles\" data-wp-on-async-window--resize=\"callbacks.setButtonStyles\" src=\"https:\/\/www.montania-sport.com\/blog\/wp-content\/uploads\/2024\/10\/le-refuge-de-la-vogealle-1024x768.jpg\" alt=\"\" class=\"wp-image-35273\" srcset=\"https:\/\/www.montania-sport.com\/blog\/wp-content\/uploads\/2024\/10\/le-refuge-de-la-vogealle-1024x768.jpg 1024w, https:\/\/www.montania-sport.com\/blog\/wp-content\/uploads\/2024\/10\/le-refuge-de-la-vogealle-300x225.jpg 300w, https:\/\/www.montania-sport.com\/blog\/wp-content\/uploads\/2024\/10\/le-refuge-de-la-vogealle-768x576.jpg 768w, https:\/\/www.montania-sport.com\/blog\/wp-content\/uploads\/2024\/10\/le-refuge-de-la-vogealle-1536x1152.jpg 1536w, https:\/\/www.montania-sport.com\/blog\/wp-content\/uploads\/2024\/10\/le-refuge-de-la-vogealle.jpg 1600w\" sizes=\"(max-width: 1024px) 100vw, 1024px\" \/><button\n\t\t\tclass=\"lightbox-trigger\"\n\t\t\ttype=\"button\"\n\t\t\taria-haspopup=\"dialog\"\n\t\t\taria-label=\"Agrandir l\u2018image\"\n\t\t\tdata-wp-init=\"callbacks.initTriggerButton\"\n\t\t\tdata-wp-on-async--click=\"actions.showLightbox\"\n\t\t\tdata-wp-style--right=\"state.imageButtonRight\"\n\t\t\tdata-wp-style--top=\"state.imageButtonTop\"\n\t\t>\n\t\t\t<svg xmlns=\"http:\/\/www.w3.org\/2000\/svg\" width=\"12\" height=\"12\" fill=\"none\" viewBox=\"0 0 12 12\">\n\t\t\t\t<path fill=\"#fff\" d=\"M2 0a2 2 0 0 0-2 2v2h1.5V2a.5.5 0 0 1 .5-.5h2V0H2Zm2 10.5H2a.5.5 0 0 1-.5-.5V8H0v2a2 2 0 0 0 2 2h2v-1.5ZM8 12v-1.5h2a.5.5 0 0 0 .5-.5V8H12v2a2 2 0 0 1-2 2H8Zm2-12a2 2 0 0 1 2 2v2h-1.5V2a.5.5 0 0 0-.5-.5H8V0h2Z\" \/>\n\t\t\t<\/svg>\n\t\t<\/button><figcaption class=\"wp-element-caption\">Le refuge de la Vogealle<\/figcaption><\/figure>\n\n\n\n<p>David et St\u00e9fano \u00e9taient \u00e9quip\u00e9s en chaussures d&rsquo;approche tandis que R\u00e9mi et moi-m\u00eame \u00e9tions en chaussures de trail. Si nous avons gagn\u00e9 en confort et en amorti \u00e0 la descente, nous avons manqu\u00e9s de rigidit\u00e9 sur les parties techniques et de protection lorsque nous traversions les pierriers et n\u00e9v\u00e9s. Le mesh de nos chaussures de trail a beaucoup souffert du terrain rocailleux du parcours. Je pense que si je devais refaire cet itin\u00e9raire, j&rsquo;opterai plut\u00f4t pour une paire de chaussures d&rsquo;approche, plus robustes, rigides et durables ! Nous avons d&rsquo;ailleurs r\u00e9aliser un comparatif entre ces deux types de chaussures, disponible sur notre blog Montania : <a href=\"https:\/\/www.montania-sport.com\/blog\/chaussures-de-trail-ou-chaussures-dapproche-en-montagne\/\" target=\"_blank\" rel=\"noreferrer noopener\">https:\/\/www.montania-sport.com\/blog\/chaussures-de-trail-ou-chaussures-dapproche-en-montagne\/<\/a><\/p>\n\n\n\n<hr class=\"wp-block-separator has-alpha-channel-opacity\"\/>\n\n\n\n<h2 class=\"wp-block-heading\">Le mat\u00e9riel utilis\u00e9<\/h2>\n\n\n\n<ul class=\"wp-block-list\">\n<li><a href=\"https:\/\/www.montania-sport.com\/sac-a-dos-cilao\/17601-sac-a-dos-omega-30-moov-bleu-cilao-logo-vert.html\" target=\"_blank\" rel=\"noreferrer noopener\">Sac \u00e0 dos Omega 30 Cilao<\/a> (syst\u00e8me de coussin lombaire MOOV + double bretelle) = grand confort de portage !<\/li>\n\n\n\n<li><a href=\"https:\/\/www.montania-sport.com\/7141-drap-de-sac-sac-a-viande\" target=\"_blank\" rel=\"noreferrer noopener\">Sac \u00e0 viande en soie<\/a> pour dormir en refuge<\/li>\n\n\n\n<li><a href=\"https:\/\/www.montania-sport.com\/7159-veste-gore-tex-impermeable-hardshell\" target=\"_blank\" rel=\"noreferrer noopener\">Veste Goretex<\/a><\/li>\n\n\n\n<li><a href=\"https:\/\/www.montania-sport.com\/7604-doudounes-montagne\" target=\"_blank\" rel=\"noreferrer noopener\">Doudoune<\/a> montagne l\u00e9g\u00e8re<\/li>\n\n\n\n<li><a href=\"https:\/\/www.montania-sport.com\/7766-pantalons-impermeable-sur-pantalons\" target=\"_blank\" rel=\"noreferrer noopener\">Sur-pantalon imperm\u00e9able<\/a><\/li>\n\n\n\n<li><a href=\"https:\/\/www.montania-sport.com\/7171-bonnets-cagoules\" target=\"_blank\" rel=\"noreferrer noopener\">Bonnet<\/a> \/ <a href=\"https:\/\/www.montania-sport.com\/7169-casquette-chapeau\" target=\"_blank\" rel=\"noreferrer noopener\">Casquette<\/a><\/li>\n\n\n\n<li><a href=\"https:\/\/www.montania-sport.com\/7605-gants-et-moufles\" target=\"_blank\" rel=\"noreferrer noopener\">Gants fins<\/a><\/li>\n\n\n\n<li><a href=\"https:\/\/www.montania-sport.com\/7170-tour-de-cou\" target=\"_blank\" rel=\"noreferrer noopener\">Buff<\/a><\/li>\n\n\n\n<li><a href=\"https:\/\/www.montania-sport.com\/7722-collection-textile-laine-sensor\" target=\"_blank\" rel=\"noreferrer noopener\">Sous v\u00eatement en laine merino de la marque Sensor <\/a><\/li>\n\n\n\n<li><a href=\"https:\/\/www.montania-sport.com\/7700-veste-sans-manches-gilet\" target=\"_blank\" rel=\"noreferrer noopener\">Veste\/Gilet sans manches<\/a><\/li>\n\n\n\n<li><a href=\"https:\/\/www.montania-sport.com\/7654-tapis-de-randonnee-wildseat\" target=\"_blank\" rel=\"noreferrer noopener\">Tapis de randonn\u00e9e WildSeat (60g)<\/a><\/li>\n\n\n\n<li><a href=\"https:\/\/www.montania-sport.com\/7131-serviettes-et-accessoires-de-toilette\" target=\"_blank\" rel=\"noreferrer noopener\">Petite serviette microfibre Sea to Summit<\/a><\/li>\n\n\n\n<li><a href=\"https:\/\/www.montania-sport.com\/7190-batons-de-marche\" target=\"_blank\" rel=\"noreferrer noopener\">B\u00e2tons de marche<\/a> Black Diamond<\/li>\n<\/ul>\n\n\n\n<figure class=\"wp-block-gallery has-nested-images columns-default is-cropped wp-block-gallery-6 is-layout-flex wp-block-gallery-is-layout-flex\">\n<figure data-wp-context=\"{&quot;imageId&quot;:&quot;69f01c0cacb42&quot;}\" data-wp-interactive=\"core\/image\" class=\"wp-block-image size-large wp-lightbox-container\"><img loading=\"lazy\" decoding=\"async\" width=\"1024\" height=\"768\" data-wp-class--hide=\"state.isContentHidden\" data-wp-class--show=\"state.isContentVisible\" data-wp-init=\"callbacks.setButtonStyles\" data-wp-on-async--click=\"actions.showLightbox\" data-wp-on-async--load=\"callbacks.setButtonStyles\" data-wp-on-async-window--resize=\"callbacks.setButtonStyles\" data-id=\"35286\" src=\"https:\/\/www.montania-sport.com\/blog\/wp-content\/uploads\/2024\/10\/sac-a-dos-omega-de-la-marque-cilao-1024x768.jpg\" alt=\"\" class=\"wp-image-35286\" srcset=\"https:\/\/www.montania-sport.com\/blog\/wp-content\/uploads\/2024\/10\/sac-a-dos-omega-de-la-marque-cilao-1024x768.jpg 1024w, https:\/\/www.montania-sport.com\/blog\/wp-content\/uploads\/2024\/10\/sac-a-dos-omega-de-la-marque-cilao-300x225.jpg 300w, https:\/\/www.montania-sport.com\/blog\/wp-content\/uploads\/2024\/10\/sac-a-dos-omega-de-la-marque-cilao-768x576.jpg 768w, https:\/\/www.montania-sport.com\/blog\/wp-content\/uploads\/2024\/10\/sac-a-dos-omega-de-la-marque-cilao-1536x1152.jpg 1536w, https:\/\/www.montania-sport.com\/blog\/wp-content\/uploads\/2024\/10\/sac-a-dos-omega-de-la-marque-cilao.jpg 1600w\" sizes=\"(max-width: 1024px) 100vw, 1024px\" \/><button\n\t\t\tclass=\"lightbox-trigger\"\n\t\t\ttype=\"button\"\n\t\t\taria-haspopup=\"dialog\"\n\t\t\taria-label=\"Agrandir l\u2018image\"\n\t\t\tdata-wp-init=\"callbacks.initTriggerButton\"\n\t\t\tdata-wp-on-async--click=\"actions.showLightbox\"\n\t\t\tdata-wp-style--right=\"state.imageButtonRight\"\n\t\t\tdata-wp-style--top=\"state.imageButtonTop\"\n\t\t>\n\t\t\t<svg xmlns=\"http:\/\/www.w3.org\/2000\/svg\" width=\"12\" height=\"12\" fill=\"none\" viewBox=\"0 0 12 12\">\n\t\t\t\t<path fill=\"#fff\" d=\"M2 0a2 2 0 0 0-2 2v2h1.5V2a.5.5 0 0 1 .5-.5h2V0H2Zm2 10.5H2a.5.5 0 0 1-.5-.5V8H0v2a2 2 0 0 0 2 2h2v-1.5ZM8 12v-1.5h2a.5.5 0 0 0 .5-.5V8H12v2a2 2 0 0 1-2 2H8Zm2-12a2 2 0 0 1 2 2v2h-1.5V2a.5.5 0 0 0-.5-.5H8V0h2Z\" \/>\n\t\t\t<\/svg>\n\t\t<\/button><figcaption class=\"wp-element-caption\">Le sac \u00e0 dos Omega de la marque Cilao<\/figcaption><\/figure>\n<\/figure>\n\n\n\n<hr class=\"wp-block-separator has-alpha-channel-opacity\"\/>\n\n\n\n<p>Merci C\u00e9dric pour ce r\u00e9cit ! <\/p>\n\n\n\n<p>Vous pouvez consulter le site officiel des Dents Blanches pour avoir plus d&rsquo;informations sur cette jolie trace : <a href=\"https:\/\/tour-dentsblanches.com\/\" target=\"_blank\" rel=\"noreferrer noopener\">https:\/\/tour-dentsblanches.com\/<\/a><\/p>\n\n\n\n<p>Et si vous souhaitez vous \u00e9quiper pour un trek (en autonomie ou non) ou une randonn\u00e9e, vous pouvez retrouver la plupart des r\u00e9f\u00e9rences cit\u00e9es par C\u00e9dric dans notre univers Randonn\u00e9e \/ Trekking juste ici : <a href=\"https:\/\/www.montania-sport.com\/7083-espace-randonnee-trekkings-chambery\" target=\"_blank\" rel=\"noreferrer noopener\">https:\/\/www.montania-sport.com\/7083-espace-randonnee-trekkings-chambery<\/a><\/p>\n\n\n\n<hr class=\"wp-block-separator has-alpha-channel-opacity\"\/>\n\n\n\n<p>Merci de votre lecture,<\/p>\n\n\n\n<p>Hugo<\/p>\n\n\n<div class=\"wp-block-post-date\"><time datetime=\"2024-10-05T15:00:00+01:00\">5 octobre 2024<\/time><\/div>","protected":false},"excerpt":{"rendered":"<p>\u00c0 cheval entre la Suisse et la France, le Tour des Dents Blanches est une randonn\u00e9e de moyenne montagne r\u00e9put\u00e9e pour ses passages alpins, a\u00e9riens et la beaut\u00e9 de ses paysages. C\u00e9dric @Montania est all\u00e9 r\u00e9aliser ce bel itin\u00e9raire en 3 jours.<\/p>\n","protected":false},"author":16,"featured_media":35293,"comment_status":"open","ping_status":"open","sticky":false,"template":"","format":"standard","meta":{"site-sidebar-layout":"default","site-content-layout":"default","ast-global-header-display":"","ast-main-header-display":"","ast-hfb-above-header-display":"","ast-hfb-below-header-display":"","ast-hfb-mobile-header-display":"","site-post-title":"","ast-breadcrumbs-content":"","ast-featured-img":"","footer-sml-layout":"","theme-transparent-header-meta":"","adv-header-id-meta":"","stick-header-meta":"","header-above-stick-meta":"","header-main-stick-meta":"","header-below-stick-meta":"","_jetpack_memberships_contains_paid_content":false,"footnotes":""},"categories":[33],"tags":[783,1153,755,768,759],"class_list":["post-35170","post","type-post","status-publish","format-standard","has-post-thumbnail","hentry","category-sorties-montagne","tag-cilao","tag-dents-blanches","tag-randonnee","tag-sac-a-dos","tag-trekking"],"yoast_head":"<!-- This site is optimized with the Yoast SEO plugin v24.4 - https:\/\/yoast.com\/wordpress\/plugins\/seo\/ -->\n<title>Le Tour des Dents Blanches en 3 jours - Blog Montania Sport<\/title>\n<meta name=\"description\" content=\"Le Tour des Dents Blanches est r\u00e9put\u00e9 pour ses passages alpins et la beaut\u00e9 de ses paysages. C\u00e9dric @Montania en a fait le tour en 3 jours.\" \/>\n<meta name=\"robots\" content=\"index, follow, max-snippet:-1, max-image-preview:large, max-video-preview:-1\" \/>\n<link rel=\"canonical\" href=\"https:\/\/www.montania-sport.com\/blog\/le-tour-des-dents-blanches-en-3-jours\/\" \/>\n<meta property=\"og:locale\" content=\"fr_FR\" \/>\n<meta property=\"og:type\" content=\"article\" \/>\n<meta property=\"og:title\" content=\"Le Tour des Dents Blanches en 3 jours - Blog Montania Sport\" \/>\n<meta property=\"og:description\" content=\"Le Tour des Dents Blanches est r\u00e9put\u00e9 pour ses passages alpins et la beaut\u00e9 de ses paysages. C\u00e9dric @Montania en a fait le tour en 3 jours.\" \/>\n<meta property=\"og:url\" content=\"https:\/\/www.montania-sport.com\/blog\/le-tour-des-dents-blanches-en-3-jours\/\" \/>\n<meta property=\"og:site_name\" content=\"Blog Montania Sport\" \/>\n<meta property=\"article:publisher\" content=\"https:\/\/www.facebook.com\/Montania.Sport\" \/>\n<meta property=\"article:published_time\" content=\"2024-10-05T14:00:00+00:00\" \/>\n<meta property=\"article:modified_time\" content=\"2025-01-10T13:47:36+00:00\" \/>\n<meta property=\"og:image\" content=\"https:\/\/www.montania-sport.com\/blog\/wp-content\/uploads\/2024\/10\/le-tour-des-dents-blanches.jpg\" \/>\n\t<meta property=\"og:image:width\" content=\"1600\" \/>\n\t<meta property=\"og:image:height\" content=\"1200\" \/>\n\t<meta property=\"og:image:type\" content=\"image\/jpeg\" \/>\n<meta name=\"author\" content=\"Hugo\" \/>\n<meta name=\"twitter:card\" content=\"summary_large_image\" \/>\n<meta name=\"twitter:creator\" content=\"@MontaniaSport\" \/>\n<meta name=\"twitter:site\" content=\"@MontaniaSport\" \/>\n<meta name=\"twitter:label1\" content=\"\u00c9crit par\" \/>\n\t<meta name=\"twitter:data1\" content=\"Hugo\" \/>\n\t<meta name=\"twitter:label2\" content=\"Dur\u00e9e de lecture estim\u00e9e\" \/>\n\t<meta name=\"twitter:data2\" content=\"9 minutes\" \/>\n<script type=\"application\/ld+json\" class=\"yoast-schema-graph\">{\"@context\":\"https:\/\/schema.org\",\"@graph\":[{\"@type\":\"Article\",\"@id\":\"https:\/\/www.montania-sport.com\/blog\/le-tour-des-dents-blanches-en-3-jours\/#article\",\"isPartOf\":{\"@id\":\"https:\/\/www.montania-sport.com\/blog\/le-tour-des-dents-blanches-en-3-jours\/\"},\"author\":{\"name\":\"Hugo\",\"@id\":\"https:\/\/www.montania-sport.com\/blog\/#\/schema\/person\/c933c30e5159a4e5b8aa41e772beadf5\"},\"headline\":\"Le Tour des Dents Blanches en 3 jours\",\"datePublished\":\"2024-10-05T14:00:00+00:00\",\"dateModified\":\"2025-01-10T13:47:36+00:00\",\"mainEntityOfPage\":{\"@id\":\"https:\/\/www.montania-sport.com\/blog\/le-tour-des-dents-blanches-en-3-jours\/\"},\"wordCount\":1270,\"commentCount\":0,\"publisher\":{\"@id\":\"https:\/\/www.montania-sport.com\/blog\/#organization\"},\"image\":{\"@id\":\"https:\/\/www.montania-sport.com\/blog\/le-tour-des-dents-blanches-en-3-jours\/#primaryimage\"},\"thumbnailUrl\":\"https:\/\/www.montania-sport.com\/blog\/wp-content\/uploads\/2024\/10\/le-tour-des-dents-blanches.jpg\",\"keywords\":[\"Cilao\",\"Dents Blanches\",\"Randonn\u00e9e\",\"Sac \u00e0 dos\",\"Trekking\"],\"articleSection\":[\"Carnet de Courses\"],\"inLanguage\":\"fr-FR\",\"potentialAction\":[{\"@type\":\"CommentAction\",\"name\":\"Comment\",\"target\":[\"https:\/\/www.montania-sport.com\/blog\/le-tour-des-dents-blanches-en-3-jours\/#respond\"]}]},{\"@type\":\"WebPage\",\"@id\":\"https:\/\/www.montania-sport.com\/blog\/le-tour-des-dents-blanches-en-3-jours\/\",\"url\":\"https:\/\/www.montania-sport.com\/blog\/le-tour-des-dents-blanches-en-3-jours\/\",\"name\":\"Le Tour des Dents Blanches en 3 jours - Blog Montania Sport\",\"isPartOf\":{\"@id\":\"https:\/\/www.montania-sport.com\/blog\/#website\"},\"primaryImageOfPage\":{\"@id\":\"https:\/\/www.montania-sport.com\/blog\/le-tour-des-dents-blanches-en-3-jours\/#primaryimage\"},\"image\":{\"@id\":\"https:\/\/www.montania-sport.com\/blog\/le-tour-des-dents-blanches-en-3-jours\/#primaryimage\"},\"thumbnailUrl\":\"https:\/\/www.montania-sport.com\/blog\/wp-content\/uploads\/2024\/10\/le-tour-des-dents-blanches.jpg\",\"datePublished\":\"2024-10-05T14:00:00+00:00\",\"dateModified\":\"2025-01-10T13:47:36+00:00\",\"description\":\"Le Tour des Dents Blanches est r\u00e9put\u00e9 pour ses passages alpins et la beaut\u00e9 de ses paysages. C\u00e9dric @Montania en a fait le tour en 3 jours.\",\"breadcrumb\":{\"@id\":\"https:\/\/www.montania-sport.com\/blog\/le-tour-des-dents-blanches-en-3-jours\/#breadcrumb\"},\"inLanguage\":\"fr-FR\",\"potentialAction\":[{\"@type\":\"ReadAction\",\"target\":[\"https:\/\/www.montania-sport.com\/blog\/le-tour-des-dents-blanches-en-3-jours\/\"]}]},{\"@type\":\"ImageObject\",\"inLanguage\":\"fr-FR\",\"@id\":\"https:\/\/www.montania-sport.com\/blog\/le-tour-des-dents-blanches-en-3-jours\/#primaryimage\",\"url\":\"https:\/\/www.montania-sport.com\/blog\/wp-content\/uploads\/2024\/10\/le-tour-des-dents-blanches.jpg\",\"contentUrl\":\"https:\/\/www.montania-sport.com\/blog\/wp-content\/uploads\/2024\/10\/le-tour-des-dents-blanches.jpg\",\"width\":1600,\"height\":1200,\"caption\":\"Le Tour des Dents Blanches\"},{\"@type\":\"BreadcrumbList\",\"@id\":\"https:\/\/www.montania-sport.com\/blog\/le-tour-des-dents-blanches-en-3-jours\/#breadcrumb\",\"itemListElement\":[{\"@type\":\"ListItem\",\"position\":1,\"name\":\"Accueil\",\"item\":\"https:\/\/www.montania-sport.com\/blog\/\"},{\"@type\":\"ListItem\",\"position\":2,\"name\":\"Le Tour des Dents Blanches en 3 jours\"}]},{\"@type\":\"WebSite\",\"@id\":\"https:\/\/www.montania-sport.com\/blog\/#website\",\"url\":\"https:\/\/www.montania-sport.com\/blog\/\",\"name\":\"Blog Montania Sport\",\"description\":\"Blog Montania Sport\",\"publisher\":{\"@id\":\"https:\/\/www.montania-sport.com\/blog\/#organization\"},\"potentialAction\":[{\"@type\":\"SearchAction\",\"target\":{\"@type\":\"EntryPoint\",\"urlTemplate\":\"https:\/\/www.montania-sport.com\/blog\/?s={search_term_string}\"},\"query-input\":{\"@type\":\"PropertyValueSpecification\",\"valueRequired\":true,\"valueName\":\"search_term_string\"}}],\"inLanguage\":\"fr-FR\"},{\"@type\":\"Organization\",\"@id\":\"https:\/\/www.montania-sport.com\/blog\/#organization\",\"name\":\"Montania Sport\",\"url\":\"https:\/\/www.montania-sport.com\/blog\/\",\"logo\":{\"@type\":\"ImageObject\",\"inLanguage\":\"fr-FR\",\"@id\":\"https:\/\/www.montania-sport.com\/blog\/#\/schema\/logo\/image\/\",\"url\":\"https:\/\/www.montania-sport.com\/blog\/wp-content\/uploads\/2023\/04\/cropped-Logo-BLOG-2023-1200.png\",\"contentUrl\":\"https:\/\/www.montania-sport.com\/blog\/wp-content\/uploads\/2023\/04\/cropped-Logo-BLOG-2023-1200.png\",\"width\":1200,\"height\":645,\"caption\":\"Montania Sport\"},\"image\":{\"@id\":\"https:\/\/www.montania-sport.com\/blog\/#\/schema\/logo\/image\/\"},\"sameAs\":[\"https:\/\/www.facebook.com\/Montania.Sport\",\"https:\/\/x.com\/MontaniaSport\",\"https:\/\/www.instagram.com\/montania_sport\"]},{\"@type\":\"Person\",\"@id\":\"https:\/\/www.montania-sport.com\/blog\/#\/schema\/person\/c933c30e5159a4e5b8aa41e772beadf5\",\"name\":\"Hugo\",\"image\":{\"@type\":\"ImageObject\",\"inLanguage\":\"fr-FR\",\"@id\":\"https:\/\/www.montania-sport.com\/blog\/#\/schema\/person\/image\/\",\"url\":\"https:\/\/secure.gravatar.com\/avatar\/9f8bff9fa481ae20ba98a9185066805e?s=96&d=mm&r=g\",\"contentUrl\":\"https:\/\/secure.gravatar.com\/avatar\/9f8bff9fa481ae20ba98a9185066805e?s=96&d=mm&r=g\",\"caption\":\"Hugo\"},\"url\":\"https:\/\/www.montania-sport.com\/blog\/author\/david\/\"}]}<\/script>\n<!-- \/ Yoast SEO plugin. -->","yoast_head_json":{"title":"Le Tour des Dents Blanches en 3 jours - Blog Montania Sport","description":"Le Tour des Dents Blanches est r\u00e9put\u00e9 pour ses passages alpins et la beaut\u00e9 de ses paysages. C\u00e9dric @Montania en a fait le tour en 3 jours.","robots":{"index":"index","follow":"follow","max-snippet":"max-snippet:-1","max-image-preview":"max-image-preview:large","max-video-preview":"max-video-preview:-1"},"canonical":"https:\/\/www.montania-sport.com\/blog\/le-tour-des-dents-blanches-en-3-jours\/","og_locale":"fr_FR","og_type":"article","og_title":"Le Tour des Dents Blanches en 3 jours - Blog Montania Sport","og_description":"Le Tour des Dents Blanches est r\u00e9put\u00e9 pour ses passages alpins et la beaut\u00e9 de ses paysages. C\u00e9dric @Montania en a fait le tour en 3 jours.","og_url":"https:\/\/www.montania-sport.com\/blog\/le-tour-des-dents-blanches-en-3-jours\/","og_site_name":"Blog Montania Sport","article_publisher":"https:\/\/www.facebook.com\/Montania.Sport","article_published_time":"2024-10-05T14:00:00+00:00","article_modified_time":"2025-01-10T13:47:36+00:00","og_image":[{"width":1600,"height":1200,"url":"https:\/\/www.montania-sport.com\/blog\/wp-content\/uploads\/2024\/10\/le-tour-des-dents-blanches.jpg","type":"image\/jpeg"}],"author":"Hugo","twitter_card":"summary_large_image","twitter_creator":"@MontaniaSport","twitter_site":"@MontaniaSport","twitter_misc":{"\u00c9crit par":"Hugo","Dur\u00e9e de lecture estim\u00e9e":"9 minutes"},"schema":{"@context":"https:\/\/schema.org","@graph":[{"@type":"Article","@id":"https:\/\/www.montania-sport.com\/blog\/le-tour-des-dents-blanches-en-3-jours\/#article","isPartOf":{"@id":"https:\/\/www.montania-sport.com\/blog\/le-tour-des-dents-blanches-en-3-jours\/"},"author":{"name":"Hugo","@id":"https:\/\/www.montania-sport.com\/blog\/#\/schema\/person\/c933c30e5159a4e5b8aa41e772beadf5"},"headline":"Le Tour des Dents Blanches en 3 jours","datePublished":"2024-10-05T14:00:00+00:00","dateModified":"2025-01-10T13:47:36+00:00","mainEntityOfPage":{"@id":"https:\/\/www.montania-sport.com\/blog\/le-tour-des-dents-blanches-en-3-jours\/"},"wordCount":1270,"commentCount":0,"publisher":{"@id":"https:\/\/www.montania-sport.com\/blog\/#organization"},"image":{"@id":"https:\/\/www.montania-sport.com\/blog\/le-tour-des-dents-blanches-en-3-jours\/#primaryimage"},"thumbnailUrl":"https:\/\/www.montania-sport.com\/blog\/wp-content\/uploads\/2024\/10\/le-tour-des-dents-blanches.jpg","keywords":["Cilao","Dents Blanches","Randonn\u00e9e","Sac \u00e0 dos","Trekking"],"articleSection":["Carnet de Courses"],"inLanguage":"fr-FR","potentialAction":[{"@type":"CommentAction","name":"Comment","target":["https:\/\/www.montania-sport.com\/blog\/le-tour-des-dents-blanches-en-3-jours\/#respond"]}]},{"@type":"WebPage","@id":"https:\/\/www.montania-sport.com\/blog\/le-tour-des-dents-blanches-en-3-jours\/","url":"https:\/\/www.montania-sport.com\/blog\/le-tour-des-dents-blanches-en-3-jours\/","name":"Le Tour des Dents Blanches en 3 jours - Blog Montania Sport","isPartOf":{"@id":"https:\/\/www.montania-sport.com\/blog\/#website"},"primaryImageOfPage":{"@id":"https:\/\/www.montania-sport.com\/blog\/le-tour-des-dents-blanches-en-3-jours\/#primaryimage"},"image":{"@id":"https:\/\/www.montania-sport.com\/blog\/le-tour-des-dents-blanches-en-3-jours\/#primaryimage"},"thumbnailUrl":"https:\/\/www.montania-sport.com\/blog\/wp-content\/uploads\/2024\/10\/le-tour-des-dents-blanches.jpg","datePublished":"2024-10-05T14:00:00+00:00","dateModified":"2025-01-10T13:47:36+00:00","description":"Le Tour des Dents Blanches est r\u00e9put\u00e9 pour ses passages alpins et la beaut\u00e9 de ses paysages. C\u00e9dric @Montania en a fait le tour en 3 jours.","breadcrumb":{"@id":"https:\/\/www.montania-sport.com\/blog\/le-tour-des-dents-blanches-en-3-jours\/#breadcrumb"},"inLanguage":"fr-FR","potentialAction":[{"@type":"ReadAction","target":["https:\/\/www.montania-sport.com\/blog\/le-tour-des-dents-blanches-en-3-jours\/"]}]},{"@type":"ImageObject","inLanguage":"fr-FR","@id":"https:\/\/www.montania-sport.com\/blog\/le-tour-des-dents-blanches-en-3-jours\/#primaryimage","url":"https:\/\/www.montania-sport.com\/blog\/wp-content\/uploads\/2024\/10\/le-tour-des-dents-blanches.jpg","contentUrl":"https:\/\/www.montania-sport.com\/blog\/wp-content\/uploads\/2024\/10\/le-tour-des-dents-blanches.jpg","width":1600,"height":1200,"caption":"Le Tour des Dents Blanches"},{"@type":"BreadcrumbList","@id":"https:\/\/www.montania-sport.com\/blog\/le-tour-des-dents-blanches-en-3-jours\/#breadcrumb","itemListElement":[{"@type":"ListItem","position":1,"name":"Accueil","item":"https:\/\/www.montania-sport.com\/blog\/"},{"@type":"ListItem","position":2,"name":"Le Tour des Dents Blanches en 3 jours"}]},{"@type":"WebSite","@id":"https:\/\/www.montania-sport.com\/blog\/#website","url":"https:\/\/www.montania-sport.com\/blog\/","name":"Blog Montania Sport","description":"Blog Montania Sport","publisher":{"@id":"https:\/\/www.montania-sport.com\/blog\/#organization"},"potentialAction":[{"@type":"SearchAction","target":{"@type":"EntryPoint","urlTemplate":"https:\/\/www.montania-sport.com\/blog\/?s={search_term_string}"},"query-input":{"@type":"PropertyValueSpecification","valueRequired":true,"valueName":"search_term_string"}}],"inLanguage":"fr-FR"},{"@type":"Organization","@id":"https:\/\/www.montania-sport.com\/blog\/#organization","name":"Montania Sport","url":"https:\/\/www.montania-sport.com\/blog\/","logo":{"@type":"ImageObject","inLanguage":"fr-FR","@id":"https:\/\/www.montania-sport.com\/blog\/#\/schema\/logo\/image\/","url":"https:\/\/www.montania-sport.com\/blog\/wp-content\/uploads\/2023\/04\/cropped-Logo-BLOG-2023-1200.png","contentUrl":"https:\/\/www.montania-sport.com\/blog\/wp-content\/uploads\/2023\/04\/cropped-Logo-BLOG-2023-1200.png","width":1200,"height":645,"caption":"Montania Sport"},"image":{"@id":"https:\/\/www.montania-sport.com\/blog\/#\/schema\/logo\/image\/"},"sameAs":["https:\/\/www.facebook.com\/Montania.Sport","https:\/\/x.com\/MontaniaSport","https:\/\/www.instagram.com\/montania_sport"]},{"@type":"Person","@id":"https:\/\/www.montania-sport.com\/blog\/#\/schema\/person\/c933c30e5159a4e5b8aa41e772beadf5","name":"Hugo","image":{"@type":"ImageObject","inLanguage":"fr-FR","@id":"https:\/\/www.montania-sport.com\/blog\/#\/schema\/person\/image\/","url":"https:\/\/secure.gravatar.com\/avatar\/9f8bff9fa481ae20ba98a9185066805e?s=96&d=mm&r=g","contentUrl":"https:\/\/secure.gravatar.com\/avatar\/9f8bff9fa481ae20ba98a9185066805e?s=96&d=mm&r=g","caption":"Hugo"},"url":"https:\/\/www.montania-sport.com\/blog\/author\/david\/"}]}},"jetpack_featured_media_url":"https:\/\/www.montania-sport.com\/blog\/wp-content\/uploads\/2024\/10\/le-tour-des-dents-blanches.jpg","jetpack_sharing_enabled":true,"jetpack-related-posts":[],"_links":{"self":[{"href":"https:\/\/www.montania-sport.com\/blog\/wp-json\/wp\/v2\/posts\/35170","targetHints":{"allow":["GET"]}}],"collection":[{"href":"https:\/\/www.montania-sport.com\/blog\/wp-json\/wp\/v2\/posts"}],"about":[{"href":"https:\/\/www.montania-sport.com\/blog\/wp-json\/wp\/v2\/types\/post"}],"author":[{"embeddable":true,"href":"https:\/\/www.montania-sport.com\/blog\/wp-json\/wp\/v2\/users\/16"}],"replies":[{"embeddable":true,"href":"https:\/\/www.montania-sport.com\/blog\/wp-json\/wp\/v2\/comments?post=35170"}],"version-history":[{"count":35,"href":"https:\/\/www.montania-sport.com\/blog\/wp-json\/wp\/v2\/posts\/35170\/revisions"}],"predecessor-version":[{"id":36964,"href":"https:\/\/www.montania-sport.com\/blog\/wp-json\/wp\/v2\/posts\/35170\/revisions\/36964"}],"wp:featuredmedia":[{"embeddable":true,"href":"https:\/\/www.montania-sport.com\/blog\/wp-json\/wp\/v2\/media\/35293"}],"wp:attachment":[{"href":"https:\/\/www.montania-sport.com\/blog\/wp-json\/wp\/v2\/media?parent=35170"}],"wp:term":[{"taxonomy":"category","embeddable":true,"href":"https:\/\/www.montania-sport.com\/blog\/wp-json\/wp\/v2\/categories?post=35170"},{"taxonomy":"post_tag","embeddable":true,"href":"https:\/\/www.montania-sport.com\/blog\/wp-json\/wp\/v2\/tags?post=35170"}],"curies":[{"name":"wp","href":"https:\/\/api.w.org\/{rel}","templated":true}]}}