{"id":34997,"date":"2024-09-26T15:35:07","date_gmt":"2024-09-26T14:35:07","guid":{"rendered":"https:\/\/www.montania-sport.com\/blog\/?p=34997"},"modified":"2025-01-10T14:54:19","modified_gmt":"2025-01-10T13:54:19","slug":"trek-tour-des-glaciers-de-la-vanoise-en-4-jours","status":"publish","type":"post","link":"https:\/\/www.montania-sport.com\/blog\/trek-tour-des-glaciers-de-la-vanoise-en-4-jours\/","title":{"rendered":"Trek : Tour des Glaciers de la Vanoise en 4 jours"},"content":{"rendered":"\n<p>Le Tour des Glaciers de la Vanoise, entre alpages et neiges \u00e9ternelles, faisait r\u00eaver Lohan @Montania depuis quelques temps. Accompagn\u00e9 par deux amis, il a entrepris de r\u00e9aliser cet itin\u00e9raire en 4 jours. Un joli trek sauvage sublim\u00e9 par les couleurs automnales !<\/p>\n\n\n\n<h2 class=\"wp-block-heading\">Jour 1 : Pralognan la Vanoise &#8211; Refuge du col de la Vanoise<\/h2>\n\n\n\n<p>Premi\u00e8re \u00e9tape ! D\u00e9part de Pralognan la Vanoise sur les coups de 11h pour rejoindre le refuge du col de la Vanoise, \u00e0 2517m. Une ascension de 1100 m\u00e8tres de d\u00e9nivel\u00e9 nous attend. Nous laissons derri\u00e8re nous les installations du domaine skiable \u00e0 partir de 2000m et entamons une petite mont\u00e9e vers le lac des Vaches. <\/p>\n\n\n\n<figure class=\"wp-block-gallery has-nested-images columns-default is-cropped wp-block-gallery-1 is-layout-flex wp-block-gallery-is-layout-flex\">\n<figure data-wp-context=\"{&quot;imageId&quot;:&quot;69f286816edad&quot;}\" data-wp-interactive=\"core\/image\" class=\"wp-block-image aligncenter size-large wp-lightbox-container\"><img fetchpriority=\"high\" decoding=\"async\" width=\"1024\" height=\"768\" data-wp-class--hide=\"state.isContentHidden\" data-wp-class--show=\"state.isContentVisible\" data-wp-init=\"callbacks.setButtonStyles\" data-wp-on-async--click=\"actions.showLightbox\" data-wp-on-async--load=\"callbacks.setButtonStyles\" data-wp-on-async-window--resize=\"callbacks.setButtonStyles\" data-id=\"35017\" src=\"https:\/\/www.montania-sport.com\/blog\/wp-content\/uploads\/2024\/09\/traversee-du-fameux-lac-des-vaches-point-de-passage-du-tour-des-glaciers-de-la-vanoise-1024x768.jpg\" alt=\"\" class=\"wp-image-35017\" srcset=\"https:\/\/www.montania-sport.com\/blog\/wp-content\/uploads\/2024\/09\/traversee-du-fameux-lac-des-vaches-point-de-passage-du-tour-des-glaciers-de-la-vanoise-1024x768.jpg 1024w, https:\/\/www.montania-sport.com\/blog\/wp-content\/uploads\/2024\/09\/traversee-du-fameux-lac-des-vaches-point-de-passage-du-tour-des-glaciers-de-la-vanoise-300x225.jpg 300w, https:\/\/www.montania-sport.com\/blog\/wp-content\/uploads\/2024\/09\/traversee-du-fameux-lac-des-vaches-point-de-passage-du-tour-des-glaciers-de-la-vanoise-768x576.jpg 768w, https:\/\/www.montania-sport.com\/blog\/wp-content\/uploads\/2024\/09\/traversee-du-fameux-lac-des-vaches-point-de-passage-du-tour-des-glaciers-de-la-vanoise-1536x1152.jpg 1536w, https:\/\/www.montania-sport.com\/blog\/wp-content\/uploads\/2024\/09\/traversee-du-fameux-lac-des-vaches-point-de-passage-du-tour-des-glaciers-de-la-vanoise.jpg 1600w\" sizes=\"(max-width: 1024px) 100vw, 1024px\" \/><button\n\t\t\tclass=\"lightbox-trigger\"\n\t\t\ttype=\"button\"\n\t\t\taria-haspopup=\"dialog\"\n\t\t\taria-label=\"Agrandir l\u2018image\"\n\t\t\tdata-wp-init=\"callbacks.initTriggerButton\"\n\t\t\tdata-wp-on-async--click=\"actions.showLightbox\"\n\t\t\tdata-wp-style--right=\"state.imageButtonRight\"\n\t\t\tdata-wp-style--top=\"state.imageButtonTop\"\n\t\t>\n\t\t\t<svg xmlns=\"http:\/\/www.w3.org\/2000\/svg\" width=\"12\" height=\"12\" fill=\"none\" viewBox=\"0 0 12 12\">\n\t\t\t\t<path fill=\"#fff\" d=\"M2 0a2 2 0 0 0-2 2v2h1.5V2a.5.5 0 0 1 .5-.5h2V0H2Zm2 10.5H2a.5.5 0 0 1-.5-.5V8H0v2a2 2 0 0 0 2 2h2v-1.5ZM8 12v-1.5h2a.5.5 0 0 0 .5-.5V8H12v2a2 2 0 0 1-2 2H8Zm2-12a2 2 0 0 1 2 2v2h-1.5V2a.5.5 0 0 0-.5-.5H8V0h2Z\" \/>\n\t\t\t<\/svg>\n\t\t<\/button><\/figure>\n\n\n\n<figure data-wp-context=\"{&quot;imageId&quot;:&quot;69f286816f41d&quot;}\" data-wp-interactive=\"core\/image\" class=\"wp-block-image aligncenter size-large wp-lightbox-container\"><img decoding=\"async\" width=\"1024\" height=\"498\" data-wp-class--hide=\"state.isContentHidden\" data-wp-class--show=\"state.isContentVisible\" data-wp-init=\"callbacks.setButtonStyles\" data-wp-on-async--click=\"actions.showLightbox\" data-wp-on-async--load=\"callbacks.setButtonStyles\" data-wp-on-async-window--resize=\"callbacks.setButtonStyles\" data-id=\"35016\" src=\"https:\/\/www.montania-sport.com\/blog\/wp-content\/uploads\/2024\/09\/la-grande-casse-et-la-pointe-de-la-rechasse-1024x498.jpg\" alt=\"\" class=\"wp-image-35016\" srcset=\"https:\/\/www.montania-sport.com\/blog\/wp-content\/uploads\/2024\/09\/la-grande-casse-et-la-pointe-de-la-rechasse-1024x498.jpg 1024w, https:\/\/www.montania-sport.com\/blog\/wp-content\/uploads\/2024\/09\/la-grande-casse-et-la-pointe-de-la-rechasse-300x146.jpg 300w, https:\/\/www.montania-sport.com\/blog\/wp-content\/uploads\/2024\/09\/la-grande-casse-et-la-pointe-de-la-rechasse-768x373.jpg 768w, https:\/\/www.montania-sport.com\/blog\/wp-content\/uploads\/2024\/09\/la-grande-casse-et-la-pointe-de-la-rechasse-1536x747.jpg 1536w, https:\/\/www.montania-sport.com\/blog\/wp-content\/uploads\/2024\/09\/la-grande-casse-et-la-pointe-de-la-rechasse.jpg 1600w\" sizes=\"(max-width: 1024px) 100vw, 1024px\" \/><button\n\t\t\tclass=\"lightbox-trigger\"\n\t\t\ttype=\"button\"\n\t\t\taria-haspopup=\"dialog\"\n\t\t\taria-label=\"Agrandir l\u2018image\"\n\t\t\tdata-wp-init=\"callbacks.initTriggerButton\"\n\t\t\tdata-wp-on-async--click=\"actions.showLightbox\"\n\t\t\tdata-wp-style--right=\"state.imageButtonRight\"\n\t\t\tdata-wp-style--top=\"state.imageButtonTop\"\n\t\t>\n\t\t\t<svg xmlns=\"http:\/\/www.w3.org\/2000\/svg\" width=\"12\" height=\"12\" fill=\"none\" viewBox=\"0 0 12 12\">\n\t\t\t\t<path fill=\"#fff\" d=\"M2 0a2 2 0 0 0-2 2v2h1.5V2a.5.5 0 0 1 .5-.5h2V0H2Zm2 10.5H2a.5.5 0 0 1-.5-.5V8H0v2a2 2 0 0 0 2 2h2v-1.5ZM8 12v-1.5h2a.5.5 0 0 0 .5-.5V8H12v2a2 2 0 0 1-2 2H8Zm2-12a2 2 0 0 1 2 2v2h-1.5V2a.5.5 0 0 0-.5-.5H8V0h2Z\" \/>\n\t\t\t<\/svg>\n\t\t<\/button><\/figure>\n<\/figure>\n\n\n\n<p>La progression est facile, malgr\u00e9 la neige pr\u00e9sente sur le sentier en quantit\u00e9 variable. Le lac des Vaches nous apparait enneig\u00e9 et nous traversons sur les fameuses dalles en pierre du milieu. Le col de la Vanoise est rapidement franchi et nous arrivons au refuge. <\/p>\n\n\n\n<figure data-wp-context=\"{&quot;imageId&quot;:&quot;69f286817078d&quot;}\" data-wp-interactive=\"core\/image\" class=\"wp-block-image aligncenter size-large wp-lightbox-container\"><img decoding=\"async\" width=\"1024\" height=\"768\" data-wp-class--hide=\"state.isContentHidden\" data-wp-class--show=\"state.isContentVisible\" data-wp-init=\"callbacks.setButtonStyles\" data-wp-on-async--click=\"actions.showLightbox\" data-wp-on-async--load=\"callbacks.setButtonStyles\" data-wp-on-async-window--resize=\"callbacks.setButtonStyles\" src=\"https:\/\/www.montania-sport.com\/blog\/wp-content\/uploads\/2024\/09\/le-refuge-du-col-de-la-vanoise-point-de-passage-du-tour-des-glaciers-de-la-vanoise-1024x768.jpeg\" alt=\"\" class=\"wp-image-35108\" srcset=\"https:\/\/www.montania-sport.com\/blog\/wp-content\/uploads\/2024\/09\/le-refuge-du-col-de-la-vanoise-point-de-passage-du-tour-des-glaciers-de-la-vanoise-1024x768.jpeg 1024w, https:\/\/www.montania-sport.com\/blog\/wp-content\/uploads\/2024\/09\/le-refuge-du-col-de-la-vanoise-point-de-passage-du-tour-des-glaciers-de-la-vanoise-300x225.jpeg 300w, https:\/\/www.montania-sport.com\/blog\/wp-content\/uploads\/2024\/09\/le-refuge-du-col-de-la-vanoise-point-de-passage-du-tour-des-glaciers-de-la-vanoise-768x576.jpeg 768w, https:\/\/www.montania-sport.com\/blog\/wp-content\/uploads\/2024\/09\/le-refuge-du-col-de-la-vanoise-point-de-passage-du-tour-des-glaciers-de-la-vanoise.jpeg 1280w\" sizes=\"(max-width: 1024px) 100vw, 1024px\" \/><button\n\t\t\tclass=\"lightbox-trigger\"\n\t\t\ttype=\"button\"\n\t\t\taria-haspopup=\"dialog\"\n\t\t\taria-label=\"Agrandir l\u2018image\"\n\t\t\tdata-wp-init=\"callbacks.initTriggerButton\"\n\t\t\tdata-wp-on-async--click=\"actions.showLightbox\"\n\t\t\tdata-wp-style--right=\"state.imageButtonRight\"\n\t\t\tdata-wp-style--top=\"state.imageButtonTop\"\n\t\t>\n\t\t\t<svg xmlns=\"http:\/\/www.w3.org\/2000\/svg\" width=\"12\" height=\"12\" fill=\"none\" viewBox=\"0 0 12 12\">\n\t\t\t\t<path fill=\"#fff\" d=\"M2 0a2 2 0 0 0-2 2v2h1.5V2a.5.5 0 0 1 .5-.5h2V0H2Zm2 10.5H2a.5.5 0 0 1-.5-.5V8H0v2a2 2 0 0 0 2 2h2v-1.5ZM8 12v-1.5h2a.5.5 0 0 0 .5-.5V8H12v2a2 2 0 0 1-2 2H8Zm2-12a2 2 0 0 1 2 2v2h-1.5V2a.5.5 0 0 0-.5-.5H8V0h2Z\" \/>\n\t\t\t<\/svg>\n\t\t<\/button><\/figure>\n\n\n\n<p>En voyant qu&rsquo;il nous reste un peu de temps avant que la lumi\u00e8re du jour ne commence \u00e0 d\u00e9cliner, nous d\u00e9cidons d&rsquo;aller faire la Pointe de la R\u00e9chasse, un sommet culminant \u00e0 3140m. Un joli point de vue sur la Grande Casse (3870m) et les glaciers de la Vanoise. Nous redescendons au refuge apr\u00e8s une belle journ\u00e9e, avec presque 17 kilom\u00e8tres et 1700 m\u00e8tres de d\u00e9nivel\u00e9 en 5h30. La m\u00e9t\u00e9o \u00e9tait bonne et il faisait plut\u00f4t chaud, alors il fallait en profiter ! <\/p>\n\n\n\n<h2 class=\"wp-block-heading\">Jour 2 : Refuge du col de la Vanoise &#8211; Refuge de l&rsquo;Arpont<\/h2>\n\n\n\n<p>Apr\u00e8s une nuit confortable et reposante au refuge du col de la Vanoise, nous partons pour rejoindre le refuge de l&rsquo;Arpont (2309m). Une journ\u00e9e plut\u00f4t roulante nous attends, car malgr\u00e9 un petit crochet par le lac de l&rsquo;Arpont, nous n&rsquo;avions \u00ab\u00a0que\u00a0\u00bb 18 kilom\u00e8tres et 600 m\u00e8tres d\u00e9nivel\u00e9 \u00e0 la montre. <\/p>\n\n\n\n<figure data-wp-context=\"{&quot;imageId&quot;:&quot;69f2868170dff&quot;}\" data-wp-interactive=\"core\/image\" class=\"wp-block-image aligncenter size-large wp-lightbox-container\"><img loading=\"lazy\" decoding=\"async\" width=\"1024\" height=\"768\" data-wp-class--hide=\"state.isContentHidden\" data-wp-class--show=\"state.isContentVisible\" data-wp-init=\"callbacks.setButtonStyles\" data-wp-on-async--click=\"actions.showLightbox\" data-wp-on-async--load=\"callbacks.setButtonStyles\" data-wp-on-async-window--resize=\"callbacks.setButtonStyles\" src=\"https:\/\/www.montania-sport.com\/blog\/wp-content\/uploads\/2024\/09\/de-superbes-paysages-sur-le-tour-des-glaciers-de-la-vanoise-2-1024x768.jpg\" alt=\"\" class=\"wp-image-35113\" srcset=\"https:\/\/www.montania-sport.com\/blog\/wp-content\/uploads\/2024\/09\/de-superbes-paysages-sur-le-tour-des-glaciers-de-la-vanoise-2-1024x768.jpg 1024w, https:\/\/www.montania-sport.com\/blog\/wp-content\/uploads\/2024\/09\/de-superbes-paysages-sur-le-tour-des-glaciers-de-la-vanoise-2-300x225.jpg 300w, https:\/\/www.montania-sport.com\/blog\/wp-content\/uploads\/2024\/09\/de-superbes-paysages-sur-le-tour-des-glaciers-de-la-vanoise-2-768x576.jpg 768w, https:\/\/www.montania-sport.com\/blog\/wp-content\/uploads\/2024\/09\/de-superbes-paysages-sur-le-tour-des-glaciers-de-la-vanoise-2-1536x1152.jpg 1536w, https:\/\/www.montania-sport.com\/blog\/wp-content\/uploads\/2024\/09\/de-superbes-paysages-sur-le-tour-des-glaciers-de-la-vanoise-2.jpg 1600w\" sizes=\"(max-width: 1024px) 100vw, 1024px\" \/><button\n\t\t\tclass=\"lightbox-trigger\"\n\t\t\ttype=\"button\"\n\t\t\taria-haspopup=\"dialog\"\n\t\t\taria-label=\"Agrandir l\u2018image\"\n\t\t\tdata-wp-init=\"callbacks.initTriggerButton\"\n\t\t\tdata-wp-on-async--click=\"actions.showLightbox\"\n\t\t\tdata-wp-style--right=\"state.imageButtonRight\"\n\t\t\tdata-wp-style--top=\"state.imageButtonTop\"\n\t\t>\n\t\t\t<svg xmlns=\"http:\/\/www.w3.org\/2000\/svg\" width=\"12\" height=\"12\" fill=\"none\" viewBox=\"0 0 12 12\">\n\t\t\t\t<path fill=\"#fff\" d=\"M2 0a2 2 0 0 0-2 2v2h1.5V2a.5.5 0 0 1 .5-.5h2V0H2Zm2 10.5H2a.5.5 0 0 1-.5-.5V8H0v2a2 2 0 0 0 2 2h2v-1.5ZM8 12v-1.5h2a.5.5 0 0 0 .5-.5V8H12v2a2 2 0 0 1-2 2H8Zm2-12a2 2 0 0 1 2 2v2h-1.5V2a.5.5 0 0 0-.5-.5H8V0h2Z\" \/>\n\t\t\t<\/svg>\n\t\t<\/button><\/figure>\n\n\n\n<p>Comme le premier jour, les paysages sont magnifiques et nous en prenons plein les yeux ! Nous traversons des moraines \u00e0 cheval entre la neige et les rochers. Nous croisons quelques bouquetins peu craintifs, une belle rencontre ;) Nous arrivons au refuge de l&rsquo;Arpont apr\u00e8s un peu moins de 5h de marche sous un ciel qui s&rsquo;est progressivement teint\u00e9 de gris au fil de la journ\u00e9e. <\/p>\n\n\n\n<p>Le refuge est super joli et fait parti des \u00ab\u00a0refuges nouvelles g\u00e9n\u00e9rations\u00a0\u00bb. Cela veut dire qu&rsquo;ils sont donc mieux isol\u00e9s, plus confortables et spacieux. \u00c7a promet une nuit r\u00e9paratrice !<\/p>\n\n\n\n<figure data-wp-context=\"{&quot;imageId&quot;:&quot;69f28681713f0&quot;}\" data-wp-interactive=\"core\/image\" class=\"wp-block-image aligncenter size-large wp-lightbox-container\"><img loading=\"lazy\" decoding=\"async\" width=\"1024\" height=\"768\" data-wp-class--hide=\"state.isContentHidden\" data-wp-class--show=\"state.isContentVisible\" data-wp-init=\"callbacks.setButtonStyles\" data-wp-on-async--click=\"actions.showLightbox\" data-wp-on-async--load=\"callbacks.setButtonStyles\" data-wp-on-async-window--resize=\"callbacks.setButtonStyles\" src=\"https:\/\/www.montania-sport.com\/blog\/wp-content\/uploads\/2024\/09\/le-refuge-de-larpont-point-de-passage-du-tour-des-glaciers-de-la-vanoise-1024x768.jpg\" alt=\"\" class=\"wp-image-35109\" srcset=\"https:\/\/www.montania-sport.com\/blog\/wp-content\/uploads\/2024\/09\/le-refuge-de-larpont-point-de-passage-du-tour-des-glaciers-de-la-vanoise-1024x768.jpg 1024w, https:\/\/www.montania-sport.com\/blog\/wp-content\/uploads\/2024\/09\/le-refuge-de-larpont-point-de-passage-du-tour-des-glaciers-de-la-vanoise-300x225.jpg 300w, https:\/\/www.montania-sport.com\/blog\/wp-content\/uploads\/2024\/09\/le-refuge-de-larpont-point-de-passage-du-tour-des-glaciers-de-la-vanoise-768x576.jpg 768w, https:\/\/www.montania-sport.com\/blog\/wp-content\/uploads\/2024\/09\/le-refuge-de-larpont-point-de-passage-du-tour-des-glaciers-de-la-vanoise-1536x1152.jpg 1536w, https:\/\/www.montania-sport.com\/blog\/wp-content\/uploads\/2024\/09\/le-refuge-de-larpont-point-de-passage-du-tour-des-glaciers-de-la-vanoise.jpg 2048w\" sizes=\"(max-width: 1024px) 100vw, 1024px\" \/><button\n\t\t\tclass=\"lightbox-trigger\"\n\t\t\ttype=\"button\"\n\t\t\taria-haspopup=\"dialog\"\n\t\t\taria-label=\"Agrandir l\u2018image\"\n\t\t\tdata-wp-init=\"callbacks.initTriggerButton\"\n\t\t\tdata-wp-on-async--click=\"actions.showLightbox\"\n\t\t\tdata-wp-style--right=\"state.imageButtonRight\"\n\t\t\tdata-wp-style--top=\"state.imageButtonTop\"\n\t\t>\n\t\t\t<svg xmlns=\"http:\/\/www.w3.org\/2000\/svg\" width=\"12\" height=\"12\" fill=\"none\" viewBox=\"0 0 12 12\">\n\t\t\t\t<path fill=\"#fff\" d=\"M2 0a2 2 0 0 0-2 2v2h1.5V2a.5.5 0 0 1 .5-.5h2V0H2Zm2 10.5H2a.5.5 0 0 1-.5-.5V8H0v2a2 2 0 0 0 2 2h2v-1.5ZM8 12v-1.5h2a.5.5 0 0 0 .5-.5V8H12v2a2 2 0 0 1-2 2H8Zm2-12a2 2 0 0 1 2 2v2h-1.5V2a.5.5 0 0 0-.5-.5H8V0h2Z\" \/>\n\t\t\t<\/svg>\n\t\t<\/button><\/figure>\n\n\n\n<h2 class=\"wp-block-heading\">Jour 3 : Refuge de l&rsquo;Arpont &#8211; Refuge du Fond d&rsquo;Aussois<\/h2>\n\n\n\n<p>Malgr\u00e9 un r\u00e9veil \u00e0 6h par les premiers groupes sur le d\u00e9part, nous choisissons de prendre notre temps et de partir \u00e0 10h du matin, sans pression. Le ciel est toujours partag\u00e9 entre les nuages d&rsquo;un cot\u00e9 et le ciel bleu de l&rsquo;autre. Sauf qu&rsquo;en regardant du c\u00f4t\u00e9 o\u00f9 nous devons aller nous apercevons au loin des averses de pluie ! Au final, nous ne subirons qu&rsquo;une petite averse sur la fin du parcours. <\/p>\n\n\n\n<figure class=\"wp-block-gallery has-nested-images columns-default is-cropped wp-block-gallery-2 is-layout-flex wp-block-gallery-is-layout-flex\">\n<figure data-wp-context=\"{&quot;imageId&quot;:&quot;69f28681719f4&quot;}\" data-wp-interactive=\"core\/image\" class=\"wp-block-image aligncenter size-large wp-lightbox-container\"><img loading=\"lazy\" decoding=\"async\" width=\"1024\" height=\"714\" data-wp-class--hide=\"state.isContentHidden\" data-wp-class--show=\"state.isContentVisible\" data-wp-init=\"callbacks.setButtonStyles\" data-wp-on-async--click=\"actions.showLightbox\" data-wp-on-async--load=\"callbacks.setButtonStyles\" data-wp-on-async-window--resize=\"callbacks.setButtonStyles\" data-id=\"35118\" src=\"https:\/\/www.montania-sport.com\/blog\/wp-content\/uploads\/2024\/09\/de-superbes-paysages-sur-le-tour-des-glaciers-de-la-vanoise-1024x714.jpg\" alt=\"\" class=\"wp-image-35118\" srcset=\"https:\/\/www.montania-sport.com\/blog\/wp-content\/uploads\/2024\/09\/de-superbes-paysages-sur-le-tour-des-glaciers-de-la-vanoise-1024x714.jpg 1024w, https:\/\/www.montania-sport.com\/blog\/wp-content\/uploads\/2024\/09\/de-superbes-paysages-sur-le-tour-des-glaciers-de-la-vanoise-300x209.jpg 300w, https:\/\/www.montania-sport.com\/blog\/wp-content\/uploads\/2024\/09\/de-superbes-paysages-sur-le-tour-des-glaciers-de-la-vanoise-768x536.jpg 768w, https:\/\/www.montania-sport.com\/blog\/wp-content\/uploads\/2024\/09\/de-superbes-paysages-sur-le-tour-des-glaciers-de-la-vanoise-1536x1071.jpg 1536w, https:\/\/www.montania-sport.com\/blog\/wp-content\/uploads\/2024\/09\/de-superbes-paysages-sur-le-tour-des-glaciers-de-la-vanoise.jpg 1600w\" sizes=\"(max-width: 1024px) 100vw, 1024px\" \/><button\n\t\t\tclass=\"lightbox-trigger\"\n\t\t\ttype=\"button\"\n\t\t\taria-haspopup=\"dialog\"\n\t\t\taria-label=\"Agrandir l\u2018image\"\n\t\t\tdata-wp-init=\"callbacks.initTriggerButton\"\n\t\t\tdata-wp-on-async--click=\"actions.showLightbox\"\n\t\t\tdata-wp-style--right=\"state.imageButtonRight\"\n\t\t\tdata-wp-style--top=\"state.imageButtonTop\"\n\t\t>\n\t\t\t<svg xmlns=\"http:\/\/www.w3.org\/2000\/svg\" width=\"12\" height=\"12\" fill=\"none\" viewBox=\"0 0 12 12\">\n\t\t\t\t<path fill=\"#fff\" d=\"M2 0a2 2 0 0 0-2 2v2h1.5V2a.5.5 0 0 1 .5-.5h2V0H2Zm2 10.5H2a.5.5 0 0 1-.5-.5V8H0v2a2 2 0 0 0 2 2h2v-1.5ZM8 12v-1.5h2a.5.5 0 0 0 .5-.5V8H12v2a2 2 0 0 1-2 2H8Zm2-12a2 2 0 0 1 2 2v2h-1.5V2a.5.5 0 0 0-.5-.5H8V0h2Z\" \/>\n\t\t\t<\/svg>\n\t\t<\/button><\/figure>\n<\/figure>\n\n\n\n<p>Sur le chemin menant au refuge du Fond d&rsquo;Aussois (2340m), nous croisons beaucoup de marmottes ainsi que des bergers accompagnants les troupeaux du coin. Apr\u00e8s quelques \u00e9changes, nous apprenons que ces derniers sont m\u00eame des clients de Montania ! <\/p>\n\n\n\n<figure class=\"wp-block-gallery has-nested-images columns-default is-cropped wp-block-gallery-3 is-layout-flex wp-block-gallery-is-layout-flex\">\n<figure data-wp-context=\"{&quot;imageId&quot;:&quot;69f2868172159&quot;}\" data-wp-interactive=\"core\/image\" class=\"wp-block-image aligncenter size-large wp-lightbox-container\"><img loading=\"lazy\" decoding=\"async\" width=\"1024\" height=\"805\" data-wp-class--hide=\"state.isContentHidden\" data-wp-class--show=\"state.isContentVisible\" data-wp-init=\"callbacks.setButtonStyles\" data-wp-on-async--click=\"actions.showLightbox\" data-wp-on-async--load=\"callbacks.setButtonStyles\" data-wp-on-async-window--resize=\"callbacks.setButtonStyles\" data-id=\"35019\" src=\"https:\/\/www.montania-sport.com\/blog\/wp-content\/uploads\/2024\/09\/quelques-troupeaux-et-bergers-rencontres-1024x805.jpg\" alt=\"\" class=\"wp-image-35019\" srcset=\"https:\/\/www.montania-sport.com\/blog\/wp-content\/uploads\/2024\/09\/quelques-troupeaux-et-bergers-rencontres-1024x805.jpg 1024w, https:\/\/www.montania-sport.com\/blog\/wp-content\/uploads\/2024\/09\/quelques-troupeaux-et-bergers-rencontres-300x236.jpg 300w, https:\/\/www.montania-sport.com\/blog\/wp-content\/uploads\/2024\/09\/quelques-troupeaux-et-bergers-rencontres-768x604.jpg 768w, https:\/\/www.montania-sport.com\/blog\/wp-content\/uploads\/2024\/09\/quelques-troupeaux-et-bergers-rencontres-1536x1208.jpg 1536w, https:\/\/www.montania-sport.com\/blog\/wp-content\/uploads\/2024\/09\/quelques-troupeaux-et-bergers-rencontres.jpg 1600w\" sizes=\"(max-width: 1024px) 100vw, 1024px\" \/><button\n\t\t\tclass=\"lightbox-trigger\"\n\t\t\ttype=\"button\"\n\t\t\taria-haspopup=\"dialog\"\n\t\t\taria-label=\"Agrandir l\u2018image\"\n\t\t\tdata-wp-init=\"callbacks.initTriggerButton\"\n\t\t\tdata-wp-on-async--click=\"actions.showLightbox\"\n\t\t\tdata-wp-style--right=\"state.imageButtonRight\"\n\t\t\tdata-wp-style--top=\"state.imageButtonTop\"\n\t\t>\n\t\t\t<svg xmlns=\"http:\/\/www.w3.org\/2000\/svg\" width=\"12\" height=\"12\" fill=\"none\" viewBox=\"0 0 12 12\">\n\t\t\t\t<path fill=\"#fff\" d=\"M2 0a2 2 0 0 0-2 2v2h1.5V2a.5.5 0 0 1 .5-.5h2V0H2Zm2 10.5H2a.5.5 0 0 1-.5-.5V8H0v2a2 2 0 0 0 2 2h2v-1.5ZM8 12v-1.5h2a.5.5 0 0 0 .5-.5V8H12v2a2 2 0 0 1-2 2H8Zm2-12a2 2 0 0 1 2 2v2h-1.5V2a.5.5 0 0 0-.5-.5H8V0h2Z\" \/>\n\t\t\t<\/svg>\n\t\t<\/button><\/figure>\n\n\n\n<figure data-wp-context=\"{&quot;imageId&quot;:&quot;69f2868172716&quot;}\" data-wp-interactive=\"core\/image\" class=\"wp-block-image size-large wp-lightbox-container\"><img loading=\"lazy\" decoding=\"async\" width=\"1024\" height=\"768\" data-wp-class--hide=\"state.isContentHidden\" data-wp-class--show=\"state.isContentVisible\" data-wp-init=\"callbacks.setButtonStyles\" data-wp-on-async--click=\"actions.showLightbox\" data-wp-on-async--load=\"callbacks.setButtonStyles\" data-wp-on-async-window--resize=\"callbacks.setButtonStyles\" data-id=\"35020\" src=\"https:\/\/www.montania-sport.com\/blog\/wp-content\/uploads\/2024\/09\/un-bunker-de-la-seconde-guerre-mondiale-beaucoup-de-vestiges-de-cette-periode-de-lhistoire-se-situent-sur-le-versant-mauriennais-du-tour-des-glaciers-de-la-vanoise-1024x768.jpg\" alt=\"\" class=\"wp-image-35020\" srcset=\"https:\/\/www.montania-sport.com\/blog\/wp-content\/uploads\/2024\/09\/un-bunker-de-la-seconde-guerre-mondiale-beaucoup-de-vestiges-de-cette-periode-de-lhistoire-se-situent-sur-le-versant-mauriennais-du-tour-des-glaciers-de-la-vanoise-1024x768.jpg 1024w, https:\/\/www.montania-sport.com\/blog\/wp-content\/uploads\/2024\/09\/un-bunker-de-la-seconde-guerre-mondiale-beaucoup-de-vestiges-de-cette-periode-de-lhistoire-se-situent-sur-le-versant-mauriennais-du-tour-des-glaciers-de-la-vanoise-300x225.jpg 300w, https:\/\/www.montania-sport.com\/blog\/wp-content\/uploads\/2024\/09\/un-bunker-de-la-seconde-guerre-mondiale-beaucoup-de-vestiges-de-cette-periode-de-lhistoire-se-situent-sur-le-versant-mauriennais-du-tour-des-glaciers-de-la-vanoise-768x576.jpg 768w, https:\/\/www.montania-sport.com\/blog\/wp-content\/uploads\/2024\/09\/un-bunker-de-la-seconde-guerre-mondiale-beaucoup-de-vestiges-de-cette-periode-de-lhistoire-se-situent-sur-le-versant-mauriennais-du-tour-des-glaciers-de-la-vanoise-1536x1152.jpg 1536w, https:\/\/www.montania-sport.com\/blog\/wp-content\/uploads\/2024\/09\/un-bunker-de-la-seconde-guerre-mondiale-beaucoup-de-vestiges-de-cette-periode-de-lhistoire-se-situent-sur-le-versant-mauriennais-du-tour-des-glaciers-de-la-vanoise.jpg 1600w\" sizes=\"(max-width: 1024px) 100vw, 1024px\" \/><button\n\t\t\tclass=\"lightbox-trigger\"\n\t\t\ttype=\"button\"\n\t\t\taria-haspopup=\"dialog\"\n\t\t\taria-label=\"Agrandir l\u2018image\"\n\t\t\tdata-wp-init=\"callbacks.initTriggerButton\"\n\t\t\tdata-wp-on-async--click=\"actions.showLightbox\"\n\t\t\tdata-wp-style--right=\"state.imageButtonRight\"\n\t\t\tdata-wp-style--top=\"state.imageButtonTop\"\n\t\t>\n\t\t\t<svg xmlns=\"http:\/\/www.w3.org\/2000\/svg\" width=\"12\" height=\"12\" fill=\"none\" viewBox=\"0 0 12 12\">\n\t\t\t\t<path fill=\"#fff\" d=\"M2 0a2 2 0 0 0-2 2v2h1.5V2a.5.5 0 0 1 .5-.5h2V0H2Zm2 10.5H2a.5.5 0 0 1-.5-.5V8H0v2a2 2 0 0 0 2 2h2v-1.5ZM8 12v-1.5h2a.5.5 0 0 0 .5-.5V8H12v2a2 2 0 0 1-2 2H8Zm2-12a2 2 0 0 1 2 2v2h-1.5V2a.5.5 0 0 0-.5-.5H8V0h2Z\" \/>\n\t\t\t<\/svg>\n\t\t<\/button><\/figure>\n<\/figure>\n\n\n\n<p>Nous d\u00e9cidons de faire un crochet par le refuge de la Dent Parrach\u00e9e (2510m), portant ainsi le trac\u00e9 du jour \u00e0 22 kilom\u00e8tres et environ 500 m\u00e8tres de d\u00e9nivel\u00e9. Les sentiers sont larges et roulants et nous avons le temps d&rsquo;observer une multitude de vestiges de la Seconde Guerre Mondiale.  En effet, la Haute Maurienne \u00e9tait truff\u00e9e de bunkers pour emp\u00eacher l&rsquo;invasion italienne ! Il y a aussi beaucoup de lacs et nous avons la chance de pouvoir assister au brassage de la bi\u00e8re de la Vanoise \u00e0 notre arriv\u00e9e au refuge du Fond d&rsquo;Aussois.<\/p>\n\n\n\n<figure class=\"wp-block-gallery has-nested-images columns-default is-cropped wp-block-gallery-4 is-layout-flex wp-block-gallery-is-layout-flex\">\n<figure data-wp-context=\"{&quot;imageId&quot;:&quot;69f2868172ea1&quot;}\" data-wp-interactive=\"core\/image\" class=\"wp-block-image aligncenter size-large wp-lightbox-container\"><img loading=\"lazy\" decoding=\"async\" width=\"1024\" height=\"768\" data-wp-class--hide=\"state.isContentHidden\" data-wp-class--show=\"state.isContentVisible\" data-wp-init=\"callbacks.setButtonStyles\" data-wp-on-async--click=\"actions.showLightbox\" data-wp-on-async--load=\"callbacks.setButtonStyles\" data-wp-on-async-window--resize=\"callbacks.setButtonStyles\" data-id=\"35022\" src=\"https:\/\/www.montania-sport.com\/blog\/wp-content\/uploads\/2024\/09\/le-refuge-de-la-dent-parrachee-1024x768.jpeg\" alt=\"\" class=\"wp-image-35022\" srcset=\"https:\/\/www.montania-sport.com\/blog\/wp-content\/uploads\/2024\/09\/le-refuge-de-la-dent-parrachee-1024x768.jpeg 1024w, https:\/\/www.montania-sport.com\/blog\/wp-content\/uploads\/2024\/09\/le-refuge-de-la-dent-parrachee-300x225.jpeg 300w, https:\/\/www.montania-sport.com\/blog\/wp-content\/uploads\/2024\/09\/le-refuge-de-la-dent-parrachee-768x576.jpeg 768w, https:\/\/www.montania-sport.com\/blog\/wp-content\/uploads\/2024\/09\/le-refuge-de-la-dent-parrachee.jpeg 1280w\" sizes=\"(max-width: 1024px) 100vw, 1024px\" \/><button\n\t\t\tclass=\"lightbox-trigger\"\n\t\t\ttype=\"button\"\n\t\t\taria-haspopup=\"dialog\"\n\t\t\taria-label=\"Agrandir l\u2018image\"\n\t\t\tdata-wp-init=\"callbacks.initTriggerButton\"\n\t\t\tdata-wp-on-async--click=\"actions.showLightbox\"\n\t\t\tdata-wp-style--right=\"state.imageButtonRight\"\n\t\t\tdata-wp-style--top=\"state.imageButtonTop\"\n\t\t>\n\t\t\t<svg xmlns=\"http:\/\/www.w3.org\/2000\/svg\" width=\"12\" height=\"12\" fill=\"none\" viewBox=\"0 0 12 12\">\n\t\t\t\t<path fill=\"#fff\" d=\"M2 0a2 2 0 0 0-2 2v2h1.5V2a.5.5 0 0 1 .5-.5h2V0H2Zm2 10.5H2a.5.5 0 0 1-.5-.5V8H0v2a2 2 0 0 0 2 2h2v-1.5ZM8 12v-1.5h2a.5.5 0 0 0 .5-.5V8H12v2a2 2 0 0 1-2 2H8Zm2-12a2 2 0 0 1 2 2v2h-1.5V2a.5.5 0 0 0-.5-.5H8V0h2Z\" \/>\n\t\t\t<\/svg>\n\t\t<\/button><\/figure>\n\n\n\n<figure data-wp-context=\"{&quot;imageId&quot;:&quot;69f2868173438&quot;}\" data-wp-interactive=\"core\/image\" class=\"wp-block-image aligncenter size-large wp-lightbox-container\"><img loading=\"lazy\" decoding=\"async\" width=\"768\" height=\"1024\" data-wp-class--hide=\"state.isContentHidden\" data-wp-class--show=\"state.isContentVisible\" data-wp-init=\"callbacks.setButtonStyles\" data-wp-on-async--click=\"actions.showLightbox\" data-wp-on-async--load=\"callbacks.setButtonStyles\" data-wp-on-async-window--resize=\"callbacks.setButtonStyles\" data-id=\"35023\" src=\"https:\/\/www.montania-sport.com\/blog\/wp-content\/uploads\/2024\/09\/une-bonne-biere-pour-recuperer-de-la-journee-de-marche-768x1024.jpg\" alt=\"\" class=\"wp-image-35023\" srcset=\"https:\/\/www.montania-sport.com\/blog\/wp-content\/uploads\/2024\/09\/une-bonne-biere-pour-recuperer-de-la-journee-de-marche-768x1024.jpg 768w, https:\/\/www.montania-sport.com\/blog\/wp-content\/uploads\/2024\/09\/une-bonne-biere-pour-recuperer-de-la-journee-de-marche-225x300.jpg 225w, https:\/\/www.montania-sport.com\/blog\/wp-content\/uploads\/2024\/09\/une-bonne-biere-pour-recuperer-de-la-journee-de-marche-1152x1536.jpg 1152w, https:\/\/www.montania-sport.com\/blog\/wp-content\/uploads\/2024\/09\/une-bonne-biere-pour-recuperer-de-la-journee-de-marche.jpg 1200w\" sizes=\"(max-width: 768px) 100vw, 768px\" \/><button\n\t\t\tclass=\"lightbox-trigger\"\n\t\t\ttype=\"button\"\n\t\t\taria-haspopup=\"dialog\"\n\t\t\taria-label=\"Agrandir l\u2018image\"\n\t\t\tdata-wp-init=\"callbacks.initTriggerButton\"\n\t\t\tdata-wp-on-async--click=\"actions.showLightbox\"\n\t\t\tdata-wp-style--right=\"state.imageButtonRight\"\n\t\t\tdata-wp-style--top=\"state.imageButtonTop\"\n\t\t>\n\t\t\t<svg xmlns=\"http:\/\/www.w3.org\/2000\/svg\" width=\"12\" height=\"12\" fill=\"none\" viewBox=\"0 0 12 12\">\n\t\t\t\t<path fill=\"#fff\" d=\"M2 0a2 2 0 0 0-2 2v2h1.5V2a.5.5 0 0 1 .5-.5h2V0H2Zm2 10.5H2a.5.5 0 0 1-.5-.5V8H0v2a2 2 0 0 0 2 2h2v-1.5ZM8 12v-1.5h2a.5.5 0 0 0 .5-.5V8H12v2a2 2 0 0 1-2 2H8Zm2-12a2 2 0 0 1 2 2v2h-1.5V2a.5.5 0 0 0-.5-.5H8V0h2Z\" \/>\n\t\t\t<\/svg>\n\t\t<\/button><\/figure>\n<\/figure>\n\n\n\n<h2 class=\"wp-block-heading\">Jour 4 : Refuge du Fond d&rsquo;Aussois &#8211; Pralognan la Vanoise<\/h2>\n\n\n\n<p>Dernier jour mais le plus coriace ! La veille, nous avons mang\u00e9 convenablement contrairement aux autres jours o\u00f9 nous comptions sur nos rations lyophilis\u00e9es. Le plein d&rsquo;\u00e9nergie \u00e9tant fait, nous nous \u00e9lan\u00e7ons \u00e0 8h pour grimper jusqu&rsquo;au col d&rsquo;Aussois, \u00e0 3000 m\u00e8tres d&rsquo;altitude. L\u00e0-haut, un magnifique panorama s&rsquo;offre \u00e0 nous. Les couleurs automnales sont d\u00e9j\u00e0 bien pr\u00e9sentes sur les hauteurs et le contraste cr\u00e9\u00e9 entre les herbes rouges et la roche glaciaire est magnifique. <\/p>\n\n\n\n<figure data-wp-context=\"{&quot;imageId&quot;:&quot;69f2868173be6&quot;}\" data-wp-interactive=\"core\/image\" class=\"wp-block-image aligncenter size-large wp-lightbox-container\"><img loading=\"lazy\" decoding=\"async\" width=\"1024\" height=\"576\" data-wp-class--hide=\"state.isContentHidden\" data-wp-class--show=\"state.isContentVisible\" data-wp-init=\"callbacks.setButtonStyles\" data-wp-on-async--click=\"actions.showLightbox\" data-wp-on-async--load=\"callbacks.setButtonStyles\" data-wp-on-async-window--resize=\"callbacks.setButtonStyles\" src=\"https:\/\/www.montania-sport.com\/blog\/wp-content\/uploads\/2024\/09\/de-superbes-paysages-sur-le-tour-des-glaciers-de-la-vanoise-9-1024x576.jpg\" alt=\"\" class=\"wp-image-35026\" srcset=\"https:\/\/www.montania-sport.com\/blog\/wp-content\/uploads\/2024\/09\/de-superbes-paysages-sur-le-tour-des-glaciers-de-la-vanoise-9-1024x576.jpg 1024w, https:\/\/www.montania-sport.com\/blog\/wp-content\/uploads\/2024\/09\/de-superbes-paysages-sur-le-tour-des-glaciers-de-la-vanoise-9-300x169.jpg 300w, https:\/\/www.montania-sport.com\/blog\/wp-content\/uploads\/2024\/09\/de-superbes-paysages-sur-le-tour-des-glaciers-de-la-vanoise-9-768x432.jpg 768w, https:\/\/www.montania-sport.com\/blog\/wp-content\/uploads\/2024\/09\/de-superbes-paysages-sur-le-tour-des-glaciers-de-la-vanoise-9-1536x864.jpg 1536w, https:\/\/www.montania-sport.com\/blog\/wp-content\/uploads\/2024\/09\/de-superbes-paysages-sur-le-tour-des-glaciers-de-la-vanoise-9.jpg 1600w\" sizes=\"(max-width: 1024px) 100vw, 1024px\" \/><button\n\t\t\tclass=\"lightbox-trigger\"\n\t\t\ttype=\"button\"\n\t\t\taria-haspopup=\"dialog\"\n\t\t\taria-label=\"Agrandir l\u2018image\"\n\t\t\tdata-wp-init=\"callbacks.initTriggerButton\"\n\t\t\tdata-wp-on-async--click=\"actions.showLightbox\"\n\t\t\tdata-wp-style--right=\"state.imageButtonRight\"\n\t\t\tdata-wp-style--top=\"state.imageButtonTop\"\n\t\t>\n\t\t\t<svg xmlns=\"http:\/\/www.w3.org\/2000\/svg\" width=\"12\" height=\"12\" fill=\"none\" viewBox=\"0 0 12 12\">\n\t\t\t\t<path fill=\"#fff\" d=\"M2 0a2 2 0 0 0-2 2v2h1.5V2a.5.5 0 0 1 .5-.5h2V0H2Zm2 10.5H2a.5.5 0 0 1-.5-.5V8H0v2a2 2 0 0 0 2 2h2v-1.5ZM8 12v-1.5h2a.5.5 0 0 0 .5-.5V8H12v2a2 2 0 0 1-2 2H8Zm2-12a2 2 0 0 1 2 2v2h-1.5V2a.5.5 0 0 0-.5-.5H8V0h2Z\" \/>\n\t\t\t<\/svg>\n\t\t<\/button><\/figure>\n\n\n\n<p>La m\u00e9t\u00e9o est plus fraiche que les jours pr\u00e9c\u00e9dents mais nous n&rsquo;avons pas de pluie. Les nuages cr\u00e9ent une ambiance mystique sur les sommets environnants. Autour de nous se trouvent de nombreuses voies d&rsquo;escalade, et une superbe ar\u00eate bien a\u00e9rienne qui ne demande qu&rsquo;\u00e0 \u00eatre faite !<\/p>\n\n\n\n<p>La redescente du c\u00f4t\u00e9 de Pralognan la Vanoise se fait via un sentier dans les pierriers. Nous bifurquons vers le refuge de la Valette pour \u00e9viter le long vallon des Prioux. C&rsquo;est plus joli ! Au final, nous rejoignons la voiture \u00e0 Pralognan apr\u00e8s une \u00e9tape de 28 kilom\u00e8tres et 800 de d+, avec tout de m\u00eame 1700 m\u00e8tres de d\u00e9nivel\u00e9 n\u00e9gatif et le tout en un peu moins de 8h. Une sacr\u00e9e \u00e9tape !<\/p>\n\n\n\n<figure class=\"wp-block-gallery has-nested-images columns-default is-cropped wp-block-gallery-5 is-layout-flex wp-block-gallery-is-layout-flex\">\n<figure data-wp-context=\"{&quot;imageId&quot;:&quot;69f28681741f1&quot;}\" data-wp-interactive=\"core\/image\" class=\"wp-block-image aligncenter size-large wp-lightbox-container\"><img loading=\"lazy\" decoding=\"async\" width=\"1024\" height=\"768\" data-wp-class--hide=\"state.isContentHidden\" data-wp-class--show=\"state.isContentVisible\" data-wp-init=\"callbacks.setButtonStyles\" data-wp-on-async--click=\"actions.showLightbox\" data-wp-on-async--load=\"callbacks.setButtonStyles\" data-wp-on-async-window--resize=\"callbacks.setButtonStyles\" data-id=\"35111\" src=\"https:\/\/www.montania-sport.com\/blog\/wp-content\/uploads\/2024\/09\/de-superbes-paysages-sur-le-tour-des-glaciers-de-la-vanoise-1024x768.jpeg\" alt=\"\" class=\"wp-image-35111\" srcset=\"https:\/\/www.montania-sport.com\/blog\/wp-content\/uploads\/2024\/09\/de-superbes-paysages-sur-le-tour-des-glaciers-de-la-vanoise-1024x768.jpeg 1024w, https:\/\/www.montania-sport.com\/blog\/wp-content\/uploads\/2024\/09\/de-superbes-paysages-sur-le-tour-des-glaciers-de-la-vanoise-300x225.jpeg 300w, https:\/\/www.montania-sport.com\/blog\/wp-content\/uploads\/2024\/09\/de-superbes-paysages-sur-le-tour-des-glaciers-de-la-vanoise-768x576.jpeg 768w, https:\/\/www.montania-sport.com\/blog\/wp-content\/uploads\/2024\/09\/de-superbes-paysages-sur-le-tour-des-glaciers-de-la-vanoise.jpeg 1280w\" sizes=\"(max-width: 1024px) 100vw, 1024px\" \/><button\n\t\t\tclass=\"lightbox-trigger\"\n\t\t\ttype=\"button\"\n\t\t\taria-haspopup=\"dialog\"\n\t\t\taria-label=\"Agrandir l\u2018image\"\n\t\t\tdata-wp-init=\"callbacks.initTriggerButton\"\n\t\t\tdata-wp-on-async--click=\"actions.showLightbox\"\n\t\t\tdata-wp-style--right=\"state.imageButtonRight\"\n\t\t\tdata-wp-style--top=\"state.imageButtonTop\"\n\t\t>\n\t\t\t<svg xmlns=\"http:\/\/www.w3.org\/2000\/svg\" width=\"12\" height=\"12\" fill=\"none\" viewBox=\"0 0 12 12\">\n\t\t\t\t<path fill=\"#fff\" d=\"M2 0a2 2 0 0 0-2 2v2h1.5V2a.5.5 0 0 1 .5-.5h2V0H2Zm2 10.5H2a.5.5 0 0 1-.5-.5V8H0v2a2 2 0 0 0 2 2h2v-1.5ZM8 12v-1.5h2a.5.5 0 0 0 .5-.5V8H12v2a2 2 0 0 1-2 2H8Zm2-12a2 2 0 0 1 2 2v2h-1.5V2a.5.5 0 0 0-.5-.5H8V0h2Z\" \/>\n\t\t\t<\/svg>\n\t\t<\/button><\/figure>\n\n\n\n<figure data-wp-context=\"{&quot;imageId&quot;:&quot;69f2868174834&quot;}\" data-wp-interactive=\"core\/image\" class=\"wp-block-image aligncenter size-large wp-lightbox-container\"><img loading=\"lazy\" decoding=\"async\" width=\"768\" height=\"1024\" data-wp-class--hide=\"state.isContentHidden\" data-wp-class--show=\"state.isContentVisible\" data-wp-init=\"callbacks.setButtonStyles\" data-wp-on-async--click=\"actions.showLightbox\" data-wp-on-async--load=\"callbacks.setButtonStyles\" data-wp-on-async-window--resize=\"callbacks.setButtonStyles\" data-id=\"35112\" src=\"https:\/\/www.montania-sport.com\/blog\/wp-content\/uploads\/2024\/09\/sommet-du-col-daussois-768x1024.jpeg\" alt=\"\" class=\"wp-image-35112\" srcset=\"https:\/\/www.montania-sport.com\/blog\/wp-content\/uploads\/2024\/09\/sommet-du-col-daussois-768x1024.jpeg 768w, https:\/\/www.montania-sport.com\/blog\/wp-content\/uploads\/2024\/09\/sommet-du-col-daussois-225x300.jpeg 225w, https:\/\/www.montania-sport.com\/blog\/wp-content\/uploads\/2024\/09\/sommet-du-col-daussois.jpeg 960w\" sizes=\"(max-width: 768px) 100vw, 768px\" \/><button\n\t\t\tclass=\"lightbox-trigger\"\n\t\t\ttype=\"button\"\n\t\t\taria-haspopup=\"dialog\"\n\t\t\taria-label=\"Agrandir l\u2018image\"\n\t\t\tdata-wp-init=\"callbacks.initTriggerButton\"\n\t\t\tdata-wp-on-async--click=\"actions.showLightbox\"\n\t\t\tdata-wp-style--right=\"state.imageButtonRight\"\n\t\t\tdata-wp-style--top=\"state.imageButtonTop\"\n\t\t>\n\t\t\t<svg xmlns=\"http:\/\/www.w3.org\/2000\/svg\" width=\"12\" height=\"12\" fill=\"none\" viewBox=\"0 0 12 12\">\n\t\t\t\t<path fill=\"#fff\" d=\"M2 0a2 2 0 0 0-2 2v2h1.5V2a.5.5 0 0 1 .5-.5h2V0H2Zm2 10.5H2a.5.5 0 0 1-.5-.5V8H0v2a2 2 0 0 0 2 2h2v-1.5ZM8 12v-1.5h2a.5.5 0 0 0 .5-.5V8H12v2a2 2 0 0 1-2 2H8Zm2-12a2 2 0 0 1 2 2v2h-1.5V2a.5.5 0 0 0-.5-.5H8V0h2Z\" \/>\n\t\t\t<\/svg>\n\t\t<\/button><\/figure>\n<\/figure>\n\n\n\n<h2 class=\"wp-block-heading\">Le mat\u00e9riel utilis\u00e9 pour le Tour des Glaciers de la Vanoise<\/h2>\n\n\n\n<ul class=\"wp-block-list\">\n<li><a href=\"https:\/\/www.montania-sport.com\/79_osprey-packs\" target=\"_blank\" rel=\"noreferrer noopener\">Sac Osprey Levity 45L<\/a><\/li>\n\n\n\n<li><a href=\"https:\/\/www.montania-sport.com\/micro-crampons\/11056-micro-crampons-ice-master-colors-camp.html?search_query=Micro-crampons+ICE+MASTER+colors+CAMP&amp;results=1\" target=\"_blank\" rel=\"noreferrer noopener\">Micro-crampons CAMP<\/a><\/li>\n\n\n\n<li>7 <a href=\"https:\/\/www.montania-sport.com\/475_voyager-nutrition\" target=\"_blank\" rel=\"noreferrer noopener\">plats lyophilis\u00e9s Voyager<\/a> <\/li>\n\n\n\n<li><a href=\"https:\/\/www.montania-sport.com\/7128-rechauds-gaz-popotes-couverts\" target=\"_blank\" rel=\"noreferrer noopener\">Popote<\/a> en titane + r\u00e9chaud en titane 24g (plus l\u00e9ger du march\u00e9) <\/li>\n\n\n\n<li><a href=\"https:\/\/www.montania-sport.com\/rechauds-gaz-popotes-couverts\/13140-cartouche-de-gaz-isopro-110g-small-msr-gear-0040818069288.html?search_query=cartouche+de+gaz+msr&amp;results=22\" target=\"_blank\" rel=\"noreferrer noopener\">Cartouche de gaz MSR<\/a> (davantage de propane donc plus adapt\u00e9 aux temp\u00e9ratures n\u00e9gatives)<\/li>\n\n\n\n<li><a href=\"https:\/\/www.montania-sport.com\/vestes-coupe-vent-active-softshell\/19713-veste-softshell-homme-ski-style-hoody-2647-celeste-blue-montura.html?search_query=SKI+STYLE+HOODY&amp;results=3\" target=\"_blank\" rel=\"noreferrer noopener\">Veste Softshell Montura<\/a><\/li>\n\n\n\n<li><a href=\"https:\/\/www.montania-sport.com\/coin-des-affaires-homme\/18242-lot-de-3-calecons-laine-merinos-air-boxer-noir-bleu-rouge-sensor.html?search_query=calecons&amp;results=6\" target=\"_blank\" rel=\"noreferrer noopener\">Cale\u00e7ons m\u00e9rinos de Sensor Clothing<\/a><\/li>\n\n\n\n<li><a href=\"https:\/\/www.montania-sport.com\/7159-veste-gore-tex-impermeable-hardshell\" target=\"_blank\" rel=\"noreferrer noopener\">Veste Goretex<\/a> \/ <a href=\"https:\/\/www.montania-sport.com\/171_directalpine\" target=\"_blank\" rel=\"noreferrer noopener\">Direct Alpine<\/a><\/li>\n\n\n\n<li><a href=\"https:\/\/www.montania-sport.com\/7162-pantalons-softshell-ski-de-rando-alpi-treks\" target=\"_blank\" rel=\"noreferrer noopener\">Pantalon Softshell<\/a><\/li>\n\n\n\n<li>Contenants de 2,5L donc une <a href=\"https:\/\/www.montania-sport.com\/filtre-purification-eau\/12943-filtre-a-eau-gourde-souple-befree-06l-katadyn-7612013199461.html?search_query=Befree&amp;results=2\" target=\"_blank\" rel=\"noreferrer noopener\">flasque Befree Katadyn<\/a><\/li>\n\n\n\n<li><a href=\"https:\/\/www.montania-sport.com\/sacs-etanches\/19980-sac-etanche-leger-ddry-light-8l-seatosummit.html?search_query=sea+to+summit&amp;results=23\" target=\"_blank\" rel=\"noreferrer noopener\">2 sacs \u00e9tanches Sea to Summit<\/a> <\/li>\n\n\n\n<li><a href=\"https:\/\/www.montania-sport.com\/7604-doudounes-montagne\" target=\"_blank\" rel=\"noreferrer noopener\">Doudoune<\/a><\/li>\n\n\n\n<li><a href=\"https:\/\/www.montania-sport.com\/vetements-velo\/20775-gants-de-velo-unisexe-d-hiver-ride-windproof-winter-glove-noir-gripgrab.html?search_query=gant+velo&amp;results=41\" target=\"_blank\" rel=\"noreferrer noopener\">Gants d&rsquo;hiver WindProof GripGrab<\/a><\/li>\n\n\n\n<li><a href=\"https:\/\/www.montania-sport.com\/7171-bonnets-cagoules\" target=\"_blank\" rel=\"noreferrer noopener\">Bonnet<\/a><\/li>\n\n\n\n<li><a href=\"https:\/\/www.montania-sport.com\/7170-tour-de-cou\" target=\"_blank\" rel=\"noreferrer noopener\">Tour de cou<\/a><\/li>\n\n\n\n<li><a href=\"https:\/\/www.montania-sport.com\/99_lowa\" target=\"_blank\" rel=\"noreferrer noopener\">Chaussures Lowa<\/a> Camino<\/li>\n\n\n\n<li><a href=\"https:\/\/www.montania-sport.com\/7190-batons-de-marche\" target=\"_blank\" rel=\"noreferrer noopener\">B\u00e2tons de marche <\/a><\/li>\n\n\n\n<li>Trousse de secours<\/li>\n<\/ul>\n\n\n\n<hr class=\"wp-block-separator has-alpha-channel-opacity\"\/>\n\n\n\n<p>Merci Lohan @Montania pour ton r\u00e9cit et tes images sur ce Tour des Glaciers de la Vanoise ! <\/p>\n\n\n\n<p>Pour les plus int\u00e9ress\u00e9s par cette belle trace, voici le GPX : <a href=\"https:\/\/www.openrunner.com\/route-details\/19974781\" target=\"_blank\" rel=\"noreferrer noopener\">https:\/\/www.openrunner.com\/route-details\/19974781<\/a><\/p>\n\n\n\n<p>Vous pouvez retrouver notre notre univers Randonn\u00e9e\/ Trekking (chaussures de randonn\u00e9e, b\u00e2tons de marche, sacs \u00e0 dos\u2026) juste ici : <a href=\"https:\/\/www.montania-sport.com\/7083-randonnee-trekkings\" target=\"_blank\" rel=\"noreferrer noopener\">https:\/\/www.montania-sport.com\/7083-randonnee-trekkings<\/a><\/p>\n\n\n\n<hr class=\"wp-block-separator has-alpha-channel-opacity\"\/>\n\n\n\n<p>Merci de votre lecture, <\/p>\n\n\n\n<p>Hugo<\/p>\n","protected":false},"excerpt":{"rendered":"<p>Le Tour des Glaciers de la Vanoise, entre alpages et neiges \u00e9ternelles, faisait r\u00eaver Lohan @Montania depuis quelques temps. Accompagn\u00e9 par deux amis, il a entrepris de r\u00e9aliser cet itin\u00e9raire en 4 jours. Un joli trek sauvage sublim\u00e9 par les couleurs automnales ! Jour 1 : Pralognan la Vanoise &#8211; Refuge du col de la &hellip;<\/p>\n<p class=\"read-more\"> <a class=\"\" href=\"https:\/\/www.montania-sport.com\/blog\/trek-tour-des-glaciers-de-la-vanoise-en-4-jours\/\"> <span class=\"screen-reader-text\">Trek : Tour des Glaciers de la Vanoise en 4 jours<\/span> Lire la suite\u00a0\u00bb<\/a><\/p>\n","protected":false},"author":16,"featured_media":35015,"comment_status":"open","ping_status":"open","sticky":false,"template":"","format":"standard","meta":{"site-sidebar-layout":"default","site-content-layout":"default","ast-global-header-display":"","ast-main-header-display":"","ast-hfb-above-header-display":"","ast-hfb-below-header-display":"","ast-hfb-mobile-header-display":"","site-post-title":"","ast-breadcrumbs-content":"","ast-featured-img":"","footer-sml-layout":"","theme-transparent-header-meta":"","adv-header-id-meta":"","stick-header-meta":"","header-above-stick-meta":"","header-main-stick-meta":"","header-below-stick-meta":"","_jetpack_memberships_contains_paid_content":false,"footnotes":""},"categories":[33],"tags":[755,768,759,931],"class_list":["post-34997","post","type-post","status-publish","format-standard","has-post-thumbnail","hentry","category-sorties-montagne","tag-randonnee","tag-sac-a-dos","tag-trekking","tag-vanoise"],"yoast_head":"<!-- This site is optimized with the Yoast SEO plugin v24.4 - https:\/\/yoast.com\/wordpress\/plugins\/seo\/ -->\n<title>Trek : Tour des Glaciers de la Vanoise en 4 jours - Blog Montania Sport<\/title>\n<meta name=\"description\" content=\"Lohan @Montania a r\u00e9alis\u00e9 le Tour des Glaciers de la Vanoise en 4 jours. Un tr\u00e8s beau trek sauvage sublim\u00e9 par les couleurs automnales !\" \/>\n<meta name=\"robots\" content=\"index, follow, max-snippet:-1, max-image-preview:large, max-video-preview:-1\" \/>\n<link rel=\"canonical\" href=\"https:\/\/www.montania-sport.com\/blog\/trek-tour-des-glaciers-de-la-vanoise-en-4-jours\/\" \/>\n<meta property=\"og:locale\" content=\"fr_FR\" \/>\n<meta property=\"og:type\" content=\"article\" \/>\n<meta property=\"og:title\" content=\"Trek : Tour des Glaciers de la Vanoise en 4 jours - Blog Montania Sport\" \/>\n<meta property=\"og:description\" content=\"Lohan @Montania a r\u00e9alis\u00e9 le Tour des Glaciers de la Vanoise en 4 jours. Un tr\u00e8s beau trek sauvage sublim\u00e9 par les couleurs automnales !\" \/>\n<meta property=\"og:url\" content=\"https:\/\/www.montania-sport.com\/blog\/trek-tour-des-glaciers-de-la-vanoise-en-4-jours\/\" \/>\n<meta property=\"og:site_name\" content=\"Blog Montania Sport\" \/>\n<meta property=\"article:publisher\" content=\"https:\/\/www.facebook.com\/Montania.Sport\" \/>\n<meta property=\"article:published_time\" content=\"2024-09-26T14:35:07+00:00\" \/>\n<meta property=\"article:modified_time\" content=\"2025-01-10T13:54:19+00:00\" \/>\n<meta property=\"og:image\" content=\"https:\/\/www.montania-sport.com\/blog\/wp-content\/uploads\/2024\/09\/tour-des-glaciers-de-la-vanoise-en-4-jours.jpg\" \/>\n\t<meta property=\"og:image:width\" content=\"1600\" \/>\n\t<meta property=\"og:image:height\" content=\"1200\" \/>\n\t<meta property=\"og:image:type\" content=\"image\/jpeg\" \/>\n<meta name=\"author\" content=\"Hugo\" \/>\n<meta name=\"twitter:card\" content=\"summary_large_image\" \/>\n<meta name=\"twitter:creator\" content=\"@MontaniaSport\" \/>\n<meta name=\"twitter:site\" content=\"@MontaniaSport\" \/>\n<meta name=\"twitter:label1\" content=\"\u00c9crit par\" \/>\n\t<meta name=\"twitter:data1\" content=\"Hugo\" \/>\n\t<meta name=\"twitter:label2\" content=\"Dur\u00e9e de lecture estim\u00e9e\" \/>\n\t<meta name=\"twitter:data2\" content=\"8 minutes\" \/>\n<script type=\"application\/ld+json\" class=\"yoast-schema-graph\">{\"@context\":\"https:\/\/schema.org\",\"@graph\":[{\"@type\":\"Article\",\"@id\":\"https:\/\/www.montania-sport.com\/blog\/trek-tour-des-glaciers-de-la-vanoise-en-4-jours\/#article\",\"isPartOf\":{\"@id\":\"https:\/\/www.montania-sport.com\/blog\/trek-tour-des-glaciers-de-la-vanoise-en-4-jours\/\"},\"author\":{\"name\":\"Hugo\",\"@id\":\"https:\/\/www.montania-sport.com\/blog\/#\/schema\/person\/c933c30e5159a4e5b8aa41e772beadf5\"},\"headline\":\"Trek : Tour des Glaciers de la Vanoise en 4 jours\",\"datePublished\":\"2024-09-26T14:35:07+00:00\",\"dateModified\":\"2025-01-10T13:54:19+00:00\",\"mainEntityOfPage\":{\"@id\":\"https:\/\/www.montania-sport.com\/blog\/trek-tour-des-glaciers-de-la-vanoise-en-4-jours\/\"},\"wordCount\":1022,\"commentCount\":0,\"publisher\":{\"@id\":\"https:\/\/www.montania-sport.com\/blog\/#organization\"},\"image\":{\"@id\":\"https:\/\/www.montania-sport.com\/blog\/trek-tour-des-glaciers-de-la-vanoise-en-4-jours\/#primaryimage\"},\"thumbnailUrl\":\"https:\/\/www.montania-sport.com\/blog\/wp-content\/uploads\/2024\/09\/tour-des-glaciers-de-la-vanoise-en-4-jours.jpg\",\"keywords\":[\"Randonn\u00e9e\",\"Sac \u00e0 dos\",\"Trekking\",\"Vanoise\"],\"articleSection\":[\"Carnet de Courses\"],\"inLanguage\":\"fr-FR\",\"potentialAction\":[{\"@type\":\"CommentAction\",\"name\":\"Comment\",\"target\":[\"https:\/\/www.montania-sport.com\/blog\/trek-tour-des-glaciers-de-la-vanoise-en-4-jours\/#respond\"]}]},{\"@type\":\"WebPage\",\"@id\":\"https:\/\/www.montania-sport.com\/blog\/trek-tour-des-glaciers-de-la-vanoise-en-4-jours\/\",\"url\":\"https:\/\/www.montania-sport.com\/blog\/trek-tour-des-glaciers-de-la-vanoise-en-4-jours\/\",\"name\":\"Trek : Tour des Glaciers de la Vanoise en 4 jours - Blog Montania Sport\",\"isPartOf\":{\"@id\":\"https:\/\/www.montania-sport.com\/blog\/#website\"},\"primaryImageOfPage\":{\"@id\":\"https:\/\/www.montania-sport.com\/blog\/trek-tour-des-glaciers-de-la-vanoise-en-4-jours\/#primaryimage\"},\"image\":{\"@id\":\"https:\/\/www.montania-sport.com\/blog\/trek-tour-des-glaciers-de-la-vanoise-en-4-jours\/#primaryimage\"},\"thumbnailUrl\":\"https:\/\/www.montania-sport.com\/blog\/wp-content\/uploads\/2024\/09\/tour-des-glaciers-de-la-vanoise-en-4-jours.jpg\",\"datePublished\":\"2024-09-26T14:35:07+00:00\",\"dateModified\":\"2025-01-10T13:54:19+00:00\",\"description\":\"Lohan @Montania a r\u00e9alis\u00e9 le Tour des Glaciers de la Vanoise en 4 jours. Un tr\u00e8s beau trek sauvage sublim\u00e9 par les couleurs automnales !\",\"breadcrumb\":{\"@id\":\"https:\/\/www.montania-sport.com\/blog\/trek-tour-des-glaciers-de-la-vanoise-en-4-jours\/#breadcrumb\"},\"inLanguage\":\"fr-FR\",\"potentialAction\":[{\"@type\":\"ReadAction\",\"target\":[\"https:\/\/www.montania-sport.com\/blog\/trek-tour-des-glaciers-de-la-vanoise-en-4-jours\/\"]}]},{\"@type\":\"ImageObject\",\"inLanguage\":\"fr-FR\",\"@id\":\"https:\/\/www.montania-sport.com\/blog\/trek-tour-des-glaciers-de-la-vanoise-en-4-jours\/#primaryimage\",\"url\":\"https:\/\/www.montania-sport.com\/blog\/wp-content\/uploads\/2024\/09\/tour-des-glaciers-de-la-vanoise-en-4-jours.jpg\",\"contentUrl\":\"https:\/\/www.montania-sport.com\/blog\/wp-content\/uploads\/2024\/09\/tour-des-glaciers-de-la-vanoise-en-4-jours.jpg\",\"width\":1600,\"height\":1200,\"caption\":\"Tour des Glaciers de la Vanoise en 4 jours\"},{\"@type\":\"BreadcrumbList\",\"@id\":\"https:\/\/www.montania-sport.com\/blog\/trek-tour-des-glaciers-de-la-vanoise-en-4-jours\/#breadcrumb\",\"itemListElement\":[{\"@type\":\"ListItem\",\"position\":1,\"name\":\"Accueil\",\"item\":\"https:\/\/www.montania-sport.com\/blog\/\"},{\"@type\":\"ListItem\",\"position\":2,\"name\":\"Trek : Tour des Glaciers de la Vanoise en 4 jours\"}]},{\"@type\":\"WebSite\",\"@id\":\"https:\/\/www.montania-sport.com\/blog\/#website\",\"url\":\"https:\/\/www.montania-sport.com\/blog\/\",\"name\":\"Blog Montania Sport\",\"description\":\"Blog Montania Sport\",\"publisher\":{\"@id\":\"https:\/\/www.montania-sport.com\/blog\/#organization\"},\"potentialAction\":[{\"@type\":\"SearchAction\",\"target\":{\"@type\":\"EntryPoint\",\"urlTemplate\":\"https:\/\/www.montania-sport.com\/blog\/?s={search_term_string}\"},\"query-input\":{\"@type\":\"PropertyValueSpecification\",\"valueRequired\":true,\"valueName\":\"search_term_string\"}}],\"inLanguage\":\"fr-FR\"},{\"@type\":\"Organization\",\"@id\":\"https:\/\/www.montania-sport.com\/blog\/#organization\",\"name\":\"Montania Sport\",\"url\":\"https:\/\/www.montania-sport.com\/blog\/\",\"logo\":{\"@type\":\"ImageObject\",\"inLanguage\":\"fr-FR\",\"@id\":\"https:\/\/www.montania-sport.com\/blog\/#\/schema\/logo\/image\/\",\"url\":\"https:\/\/www.montania-sport.com\/blog\/wp-content\/uploads\/2023\/04\/cropped-Logo-BLOG-2023-1200.png\",\"contentUrl\":\"https:\/\/www.montania-sport.com\/blog\/wp-content\/uploads\/2023\/04\/cropped-Logo-BLOG-2023-1200.png\",\"width\":1200,\"height\":645,\"caption\":\"Montania Sport\"},\"image\":{\"@id\":\"https:\/\/www.montania-sport.com\/blog\/#\/schema\/logo\/image\/\"},\"sameAs\":[\"https:\/\/www.facebook.com\/Montania.Sport\",\"https:\/\/x.com\/MontaniaSport\",\"https:\/\/www.instagram.com\/montania_sport\"]},{\"@type\":\"Person\",\"@id\":\"https:\/\/www.montania-sport.com\/blog\/#\/schema\/person\/c933c30e5159a4e5b8aa41e772beadf5\",\"name\":\"Hugo\",\"image\":{\"@type\":\"ImageObject\",\"inLanguage\":\"fr-FR\",\"@id\":\"https:\/\/www.montania-sport.com\/blog\/#\/schema\/person\/image\/\",\"url\":\"https:\/\/secure.gravatar.com\/avatar\/9f8bff9fa481ae20ba98a9185066805e?s=96&d=mm&r=g\",\"contentUrl\":\"https:\/\/secure.gravatar.com\/avatar\/9f8bff9fa481ae20ba98a9185066805e?s=96&d=mm&r=g\",\"caption\":\"Hugo\"},\"url\":\"https:\/\/www.montania-sport.com\/blog\/author\/david\/\"}]}<\/script>\n<!-- \/ Yoast SEO plugin. -->","yoast_head_json":{"title":"Trek : Tour des Glaciers de la Vanoise en 4 jours - Blog Montania Sport","description":"Lohan @Montania a r\u00e9alis\u00e9 le Tour des Glaciers de la Vanoise en 4 jours. Un tr\u00e8s beau trek sauvage sublim\u00e9 par les couleurs automnales !","robots":{"index":"index","follow":"follow","max-snippet":"max-snippet:-1","max-image-preview":"max-image-preview:large","max-video-preview":"max-video-preview:-1"},"canonical":"https:\/\/www.montania-sport.com\/blog\/trek-tour-des-glaciers-de-la-vanoise-en-4-jours\/","og_locale":"fr_FR","og_type":"article","og_title":"Trek : Tour des Glaciers de la Vanoise en 4 jours - Blog Montania Sport","og_description":"Lohan @Montania a r\u00e9alis\u00e9 le Tour des Glaciers de la Vanoise en 4 jours. Un tr\u00e8s beau trek sauvage sublim\u00e9 par les couleurs automnales !","og_url":"https:\/\/www.montania-sport.com\/blog\/trek-tour-des-glaciers-de-la-vanoise-en-4-jours\/","og_site_name":"Blog Montania Sport","article_publisher":"https:\/\/www.facebook.com\/Montania.Sport","article_published_time":"2024-09-26T14:35:07+00:00","article_modified_time":"2025-01-10T13:54:19+00:00","og_image":[{"width":1600,"height":1200,"url":"https:\/\/www.montania-sport.com\/blog\/wp-content\/uploads\/2024\/09\/tour-des-glaciers-de-la-vanoise-en-4-jours.jpg","type":"image\/jpeg"}],"author":"Hugo","twitter_card":"summary_large_image","twitter_creator":"@MontaniaSport","twitter_site":"@MontaniaSport","twitter_misc":{"\u00c9crit par":"Hugo","Dur\u00e9e de lecture estim\u00e9e":"8 minutes"},"schema":{"@context":"https:\/\/schema.org","@graph":[{"@type":"Article","@id":"https:\/\/www.montania-sport.com\/blog\/trek-tour-des-glaciers-de-la-vanoise-en-4-jours\/#article","isPartOf":{"@id":"https:\/\/www.montania-sport.com\/blog\/trek-tour-des-glaciers-de-la-vanoise-en-4-jours\/"},"author":{"name":"Hugo","@id":"https:\/\/www.montania-sport.com\/blog\/#\/schema\/person\/c933c30e5159a4e5b8aa41e772beadf5"},"headline":"Trek : Tour des Glaciers de la Vanoise en 4 jours","datePublished":"2024-09-26T14:35:07+00:00","dateModified":"2025-01-10T13:54:19+00:00","mainEntityOfPage":{"@id":"https:\/\/www.montania-sport.com\/blog\/trek-tour-des-glaciers-de-la-vanoise-en-4-jours\/"},"wordCount":1022,"commentCount":0,"publisher":{"@id":"https:\/\/www.montania-sport.com\/blog\/#organization"},"image":{"@id":"https:\/\/www.montania-sport.com\/blog\/trek-tour-des-glaciers-de-la-vanoise-en-4-jours\/#primaryimage"},"thumbnailUrl":"https:\/\/www.montania-sport.com\/blog\/wp-content\/uploads\/2024\/09\/tour-des-glaciers-de-la-vanoise-en-4-jours.jpg","keywords":["Randonn\u00e9e","Sac \u00e0 dos","Trekking","Vanoise"],"articleSection":["Carnet de Courses"],"inLanguage":"fr-FR","potentialAction":[{"@type":"CommentAction","name":"Comment","target":["https:\/\/www.montania-sport.com\/blog\/trek-tour-des-glaciers-de-la-vanoise-en-4-jours\/#respond"]}]},{"@type":"WebPage","@id":"https:\/\/www.montania-sport.com\/blog\/trek-tour-des-glaciers-de-la-vanoise-en-4-jours\/","url":"https:\/\/www.montania-sport.com\/blog\/trek-tour-des-glaciers-de-la-vanoise-en-4-jours\/","name":"Trek : Tour des Glaciers de la Vanoise en 4 jours - Blog Montania Sport","isPartOf":{"@id":"https:\/\/www.montania-sport.com\/blog\/#website"},"primaryImageOfPage":{"@id":"https:\/\/www.montania-sport.com\/blog\/trek-tour-des-glaciers-de-la-vanoise-en-4-jours\/#primaryimage"},"image":{"@id":"https:\/\/www.montania-sport.com\/blog\/trek-tour-des-glaciers-de-la-vanoise-en-4-jours\/#primaryimage"},"thumbnailUrl":"https:\/\/www.montania-sport.com\/blog\/wp-content\/uploads\/2024\/09\/tour-des-glaciers-de-la-vanoise-en-4-jours.jpg","datePublished":"2024-09-26T14:35:07+00:00","dateModified":"2025-01-10T13:54:19+00:00","description":"Lohan @Montania a r\u00e9alis\u00e9 le Tour des Glaciers de la Vanoise en 4 jours. Un tr\u00e8s beau trek sauvage sublim\u00e9 par les couleurs automnales !","breadcrumb":{"@id":"https:\/\/www.montania-sport.com\/blog\/trek-tour-des-glaciers-de-la-vanoise-en-4-jours\/#breadcrumb"},"inLanguage":"fr-FR","potentialAction":[{"@type":"ReadAction","target":["https:\/\/www.montania-sport.com\/blog\/trek-tour-des-glaciers-de-la-vanoise-en-4-jours\/"]}]},{"@type":"ImageObject","inLanguage":"fr-FR","@id":"https:\/\/www.montania-sport.com\/blog\/trek-tour-des-glaciers-de-la-vanoise-en-4-jours\/#primaryimage","url":"https:\/\/www.montania-sport.com\/blog\/wp-content\/uploads\/2024\/09\/tour-des-glaciers-de-la-vanoise-en-4-jours.jpg","contentUrl":"https:\/\/www.montania-sport.com\/blog\/wp-content\/uploads\/2024\/09\/tour-des-glaciers-de-la-vanoise-en-4-jours.jpg","width":1600,"height":1200,"caption":"Tour des Glaciers de la Vanoise en 4 jours"},{"@type":"BreadcrumbList","@id":"https:\/\/www.montania-sport.com\/blog\/trek-tour-des-glaciers-de-la-vanoise-en-4-jours\/#breadcrumb","itemListElement":[{"@type":"ListItem","position":1,"name":"Accueil","item":"https:\/\/www.montania-sport.com\/blog\/"},{"@type":"ListItem","position":2,"name":"Trek : Tour des Glaciers de la Vanoise en 4 jours"}]},{"@type":"WebSite","@id":"https:\/\/www.montania-sport.com\/blog\/#website","url":"https:\/\/www.montania-sport.com\/blog\/","name":"Blog Montania Sport","description":"Blog Montania Sport","publisher":{"@id":"https:\/\/www.montania-sport.com\/blog\/#organization"},"potentialAction":[{"@type":"SearchAction","target":{"@type":"EntryPoint","urlTemplate":"https:\/\/www.montania-sport.com\/blog\/?s={search_term_string}"},"query-input":{"@type":"PropertyValueSpecification","valueRequired":true,"valueName":"search_term_string"}}],"inLanguage":"fr-FR"},{"@type":"Organization","@id":"https:\/\/www.montania-sport.com\/blog\/#organization","name":"Montania Sport","url":"https:\/\/www.montania-sport.com\/blog\/","logo":{"@type":"ImageObject","inLanguage":"fr-FR","@id":"https:\/\/www.montania-sport.com\/blog\/#\/schema\/logo\/image\/","url":"https:\/\/www.montania-sport.com\/blog\/wp-content\/uploads\/2023\/04\/cropped-Logo-BLOG-2023-1200.png","contentUrl":"https:\/\/www.montania-sport.com\/blog\/wp-content\/uploads\/2023\/04\/cropped-Logo-BLOG-2023-1200.png","width":1200,"height":645,"caption":"Montania Sport"},"image":{"@id":"https:\/\/www.montania-sport.com\/blog\/#\/schema\/logo\/image\/"},"sameAs":["https:\/\/www.facebook.com\/Montania.Sport","https:\/\/x.com\/MontaniaSport","https:\/\/www.instagram.com\/montania_sport"]},{"@type":"Person","@id":"https:\/\/www.montania-sport.com\/blog\/#\/schema\/person\/c933c30e5159a4e5b8aa41e772beadf5","name":"Hugo","image":{"@type":"ImageObject","inLanguage":"fr-FR","@id":"https:\/\/www.montania-sport.com\/blog\/#\/schema\/person\/image\/","url":"https:\/\/secure.gravatar.com\/avatar\/9f8bff9fa481ae20ba98a9185066805e?s=96&d=mm&r=g","contentUrl":"https:\/\/secure.gravatar.com\/avatar\/9f8bff9fa481ae20ba98a9185066805e?s=96&d=mm&r=g","caption":"Hugo"},"url":"https:\/\/www.montania-sport.com\/blog\/author\/david\/"}]}},"jetpack_featured_media_url":"https:\/\/www.montania-sport.com\/blog\/wp-content\/uploads\/2024\/09\/tour-des-glaciers-de-la-vanoise-en-4-jours.jpg","jetpack_sharing_enabled":true,"jetpack-related-posts":[],"_links":{"self":[{"href":"https:\/\/www.montania-sport.com\/blog\/wp-json\/wp\/v2\/posts\/34997","targetHints":{"allow":["GET"]}}],"collection":[{"href":"https:\/\/www.montania-sport.com\/blog\/wp-json\/wp\/v2\/posts"}],"about":[{"href":"https:\/\/www.montania-sport.com\/blog\/wp-json\/wp\/v2\/types\/post"}],"author":[{"embeddable":true,"href":"https:\/\/www.montania-sport.com\/blog\/wp-json\/wp\/v2\/users\/16"}],"replies":[{"embeddable":true,"href":"https:\/\/www.montania-sport.com\/blog\/wp-json\/wp\/v2\/comments?post=34997"}],"version-history":[{"count":26,"href":"https:\/\/www.montania-sport.com\/blog\/wp-json\/wp\/v2\/posts\/34997\/revisions"}],"predecessor-version":[{"id":36973,"href":"https:\/\/www.montania-sport.com\/blog\/wp-json\/wp\/v2\/posts\/34997\/revisions\/36973"}],"wp:featuredmedia":[{"embeddable":true,"href":"https:\/\/www.montania-sport.com\/blog\/wp-json\/wp\/v2\/media\/35015"}],"wp:attachment":[{"href":"https:\/\/www.montania-sport.com\/blog\/wp-json\/wp\/v2\/media?parent=34997"}],"wp:term":[{"taxonomy":"category","embeddable":true,"href":"https:\/\/www.montania-sport.com\/blog\/wp-json\/wp\/v2\/categories?post=34997"},{"taxonomy":"post_tag","embeddable":true,"href":"https:\/\/www.montania-sport.com\/blog\/wp-json\/wp\/v2\/tags?post=34997"}],"curies":[{"name":"wp","href":"https:\/\/api.w.org\/{rel}","templated":true}]}}