{"id":33615,"date":"2024-07-16T16:13:36","date_gmt":"2024-07-16T15:13:36","guid":{"rendered":"https:\/\/www.montania-sport.com\/blog\/?p=33615"},"modified":"2024-08-03T11:10:20","modified_gmt":"2024-08-03T10:10:20","slug":"velo-longue-distance-tour-de-la-poule-savoie-maurienne-tarentaise","status":"publish","type":"post","link":"https:\/\/www.montania-sport.com\/blog\/velo-longue-distance-tour-de-la-poule-savoie-maurienne-tarentaise\/","title":{"rendered":"V\u00e9lo longue-distance : les 250km du Tour de la Poule en Savoie"},"content":{"rendered":"\n<p>Lundi 15 juillet, je suis parti faire <strong>le Tour de la Poule \u00e0 v\u00e9lo<\/strong>, en une journ\u00e9e avec un groupe d&rsquo;amis. Mais alors qu&rsquo;est ce que c&rsquo;est le \u00ab\u00a0Tour de la Poule\u00a0\u00bb ? Explications :<\/p>\n\n\n\n<p>Le d\u00e9partement de la Savoie poss\u00e8de deux grandes vall\u00e9es majeures qui sont la Tarentaise et la Maurienne. Ces deux vall\u00e9es sont reli\u00e9es par le col de l&rsquo;Iseran, culminant \u00e0 2770m d&rsquo;altitude et qui est le plus haut col routier des Alpes. En tra\u00e7ant un itin\u00e9raire qui joint ces deux vall\u00e9es via le col de l&rsquo;Iseran, nous obtenons une poule ! D&rsquo;o\u00f9, le \u00ab\u00a0Tour de la Poule\u00a0\u00bb :)<\/p>\n\n\n\n<!--more-->\n\n\n\n<h2 class=\"wp-block-heading\">1. Aiton -&gt; Lanslebourg<\/h2>\n\n\n\n<p><strong>7h50<\/strong>, c&rsquo;est parti ! Nous lan\u00e7ons nos montres et compteurs GPS et nous nous \u00e9lan\u00e7ons sur le Tour de la Poule ! La premi\u00e8re partie est tr\u00e8s roulante, et bien que nous n&rsquo;ayons pas un vent tr\u00e8s favorable, nous progressons rapidement.<\/p>\n\n\n\n<figure class=\"wp-block-gallery has-nested-images columns-default is-cropped wp-block-gallery-1 is-layout-flex wp-block-gallery-is-layout-flex\">\n<figure class=\"wp-block-image size-large\"><a href=\"https:\/\/www.montania-sport.com\/blog\/wp-content\/uploads\/2024\/07\/depart-du-tour-de-la-poule-de-aiton-a-7h50.jpeg\"><img fetchpriority=\"high\" decoding=\"async\" width=\"768\" height=\"1024\" data-id=\"33620\" src=\"https:\/\/www.montania-sport.com\/blog\/wp-content\/uploads\/2024\/07\/depart-du-tour-de-la-poule-de-aiton-a-7h50-768x1024.jpeg\" alt=\"\" class=\"wp-image-33620\" srcset=\"https:\/\/www.montania-sport.com\/blog\/wp-content\/uploads\/2024\/07\/depart-du-tour-de-la-poule-de-aiton-a-7h50-768x1024.jpeg 768w, https:\/\/www.montania-sport.com\/blog\/wp-content\/uploads\/2024\/07\/depart-du-tour-de-la-poule-de-aiton-a-7h50-225x300.jpeg 225w, https:\/\/www.montania-sport.com\/blog\/wp-content\/uploads\/2024\/07\/depart-du-tour-de-la-poule-de-aiton-a-7h50.jpeg 960w\" sizes=\"(max-width: 768px) 100vw, 768px\" \/><\/a><figcaption class=\"wp-element-caption\">Rendez-vous \u00e0 Aiton<\/figcaption><\/figure>\n\n\n\n<figure class=\"wp-block-image size-large\"><a href=\"https:\/\/www.montania-sport.com\/blog\/wp-content\/uploads\/2024\/07\/cest-parti-pour-250km-sous-le-soleil.jpg\"><img decoding=\"async\" width=\"576\" height=\"1024\" data-id=\"33621\" src=\"https:\/\/www.montania-sport.com\/blog\/wp-content\/uploads\/2024\/07\/cest-parti-pour-250km-sous-le-soleil-576x1024.jpg\" alt=\"\" class=\"wp-image-33621\" srcset=\"https:\/\/www.montania-sport.com\/blog\/wp-content\/uploads\/2024\/07\/cest-parti-pour-250km-sous-le-soleil-576x1024.jpg 576w, https:\/\/www.montania-sport.com\/blog\/wp-content\/uploads\/2024\/07\/cest-parti-pour-250km-sous-le-soleil-169x300.jpg 169w, https:\/\/www.montania-sport.com\/blog\/wp-content\/uploads\/2024\/07\/cest-parti-pour-250km-sous-le-soleil-768x1364.jpg 768w, https:\/\/www.montania-sport.com\/blog\/wp-content\/uploads\/2024\/07\/cest-parti-pour-250km-sous-le-soleil-865x1536.jpg 865w, https:\/\/www.montania-sport.com\/blog\/wp-content\/uploads\/2024\/07\/cest-parti-pour-250km-sous-le-soleil.jpg 948w\" sizes=\"(max-width: 576px) 100vw, 576px\" \/><\/a><figcaption class=\"wp-element-caption\">C&rsquo;est parti pour une belle journ\u00e9e sous le soleil<\/figcaption><\/figure>\n<\/figure>\n\n\n\n<p>Pour la plupart, nous ne nous connaissons que de vue ou presque alors nous profitons de ce tron\u00e7on pour faire connaissance. La passion du cyclisme et notre go\u00fbt pour les projets un peu fou nous r\u00e9unit alors le courant passe forc\u00e9ment tr\u00e8s bien !<\/p>\n\n\n\n<p><strong>100\u00e8me kilom\u00e8tre<\/strong> (en 3h45)! Nous arrivons \u00e0 <strong>Lanslebourg-Mont-Cenis<\/strong> et laissons derri\u00e8re nous une longue partie de faux-plat montant avec un d\u00e9sagr\u00e9able vent de face. L&rsquo;estomac se creuse et il est temps de faire une premi\u00e8re pause pour refaire le stock ! Apr\u00e8s un passage \u00e0 la fontaine pour remplir les bidons, un petit tour \u00e0 la Boulangerie et au Sherpa, \u00e7a va bien mieux. Le soleil commence a bien chauffer et nous nous arrosons pour gagner quelques minutes de fraicheur.<\/p>\n\n\n\n<figure class=\"wp-block-gallery has-nested-images columns-default is-cropped wp-block-gallery-2 is-layout-flex wp-block-gallery-is-layout-flex\">\n<figure class=\"wp-block-image size-large\"><a href=\"https:\/\/www.montania-sport.com\/blog\/wp-content\/uploads\/2024\/07\/ca-roule-bien-vers-lanslebourg-mont-cenis.jpeg\"><img decoding=\"async\" width=\"768\" height=\"1024\" data-id=\"33622\" src=\"https:\/\/www.montania-sport.com\/blog\/wp-content\/uploads\/2024\/07\/ca-roule-bien-vers-lanslebourg-mont-cenis-768x1024.jpeg\" alt=\"\" class=\"wp-image-33622\" srcset=\"https:\/\/www.montania-sport.com\/blog\/wp-content\/uploads\/2024\/07\/ca-roule-bien-vers-lanslebourg-mont-cenis-768x1024.jpeg 768w, https:\/\/www.montania-sport.com\/blog\/wp-content\/uploads\/2024\/07\/ca-roule-bien-vers-lanslebourg-mont-cenis-225x300.jpeg 225w, https:\/\/www.montania-sport.com\/blog\/wp-content\/uploads\/2024\/07\/ca-roule-bien-vers-lanslebourg-mont-cenis-1152x1536.jpeg 1152w, https:\/\/www.montania-sport.com\/blog\/wp-content\/uploads\/2024\/07\/ca-roule-bien-vers-lanslebourg-mont-cenis.jpeg 1536w\" sizes=\"(max-width: 768px) 100vw, 768px\" \/><\/a><figcaption class=\"wp-element-caption\">Les longues routes de la Maurienne, avec le vent de face @Lo\u00efc Ughetto<\/figcaption><\/figure>\n\n\n\n<figure class=\"wp-block-image size-large\"><a href=\"https:\/\/www.montania-sport.com\/blog\/wp-content\/uploads\/2024\/07\/eglise-de-lanslebourg-mont-cenis.jpg\"><img loading=\"lazy\" decoding=\"async\" width=\"569\" height=\"1024\" data-id=\"33623\" src=\"https:\/\/www.montania-sport.com\/blog\/wp-content\/uploads\/2024\/07\/eglise-de-lanslebourg-mont-cenis-569x1024.jpg\" alt=\"\" class=\"wp-image-33623\" srcset=\"https:\/\/www.montania-sport.com\/blog\/wp-content\/uploads\/2024\/07\/eglise-de-lanslebourg-mont-cenis-569x1024.jpg 569w, https:\/\/www.montania-sport.com\/blog\/wp-content\/uploads\/2024\/07\/eglise-de-lanslebourg-mont-cenis-167x300.jpg 167w, https:\/\/www.montania-sport.com\/blog\/wp-content\/uploads\/2024\/07\/eglise-de-lanslebourg-mont-cenis-768x1382.jpg 768w, https:\/\/www.montania-sport.com\/blog\/wp-content\/uploads\/2024\/07\/eglise-de-lanslebourg-mont-cenis.jpg 797w\" sizes=\"(max-width: 569px) 100vw, 569px\" \/><\/a><figcaption class=\"wp-element-caption\">KM100, arriv\u00e9e \u00e0 Lanslebourg-Mont-Cenis<\/figcaption><\/figure>\n<\/figure>\n\n\n\n<h2 class=\"wp-block-heading\">2. Lanslebourg -&gt; Col de l&rsquo;Iseran<\/h2>\n\n\n\n<p>Le plein est fait, c&rsquo;est reparti pour la portion la plus alpine jusqu&rsquo;au fameux <strong>col de l&rsquo;Iseran<\/strong> ! Du haut des <strong>2770m<\/strong>, il nous reste environ 1400m \u00e0 gravir pour atteindre le sommet. D\u00e8s que nous arrivons \u00e0 <strong>Bonneval-sur-Arc<\/strong>, la pente se dresse s\u00e9rieusement et nous voil\u00e0 engag\u00e9s dans 13km de mont\u00e9e en plein soleil.<\/p>\n\n\n\n<figure class=\"wp-block-gallery has-nested-images columns-default is-cropped wp-block-gallery-3 is-layout-flex wp-block-gallery-is-layout-flex\">\n<figure class=\"wp-block-image size-large\"><a href=\"https:\/\/www.montania-sport.com\/blog\/wp-content\/uploads\/2024\/07\/cest-parti-pour-le-col-de-liseran.jpeg\"><img loading=\"lazy\" decoding=\"async\" width=\"768\" height=\"1024\" data-id=\"33625\" src=\"https:\/\/www.montania-sport.com\/blog\/wp-content\/uploads\/2024\/07\/cest-parti-pour-le-col-de-liseran-768x1024.jpeg\" alt=\"\" class=\"wp-image-33625\" srcset=\"https:\/\/www.montania-sport.com\/blog\/wp-content\/uploads\/2024\/07\/cest-parti-pour-le-col-de-liseran-768x1024.jpeg 768w, https:\/\/www.montania-sport.com\/blog\/wp-content\/uploads\/2024\/07\/cest-parti-pour-le-col-de-liseran-225x300.jpeg 225w, https:\/\/www.montania-sport.com\/blog\/wp-content\/uploads\/2024\/07\/cest-parti-pour-le-col-de-liseran-1152x1536.jpeg 1152w, https:\/\/www.montania-sport.com\/blog\/wp-content\/uploads\/2024\/07\/cest-parti-pour-le-col-de-liseran.jpeg 1536w\" sizes=\"(max-width: 768px) 100vw, 768px\" \/><\/a><figcaption class=\"wp-element-caption\">Premi\u00e8res pentes du col de l&rsquo;Iseran @Lo\u00efc Ughetto<\/figcaption><\/figure>\n\n\n\n<figure class=\"wp-block-image size-large\"><a href=\"https:\/\/www.montania-sport.com\/blog\/wp-content\/uploads\/2024\/07\/vue-magnifique-sur-les-glaciers-a-la-frontiere-italienne.jpeg\"><img loading=\"lazy\" decoding=\"async\" width=\"768\" height=\"1024\" data-id=\"33626\" src=\"https:\/\/www.montania-sport.com\/blog\/wp-content\/uploads\/2024\/07\/vue-magnifique-sur-les-glaciers-a-la-frontiere-italienne-768x1024.jpeg\" alt=\"\" class=\"wp-image-33626\" srcset=\"https:\/\/www.montania-sport.com\/blog\/wp-content\/uploads\/2024\/07\/vue-magnifique-sur-les-glaciers-a-la-frontiere-italienne-768x1024.jpeg 768w, https:\/\/www.montania-sport.com\/blog\/wp-content\/uploads\/2024\/07\/vue-magnifique-sur-les-glaciers-a-la-frontiere-italienne-225x300.jpeg 225w, https:\/\/www.montania-sport.com\/blog\/wp-content\/uploads\/2024\/07\/vue-magnifique-sur-les-glaciers-a-la-frontiere-italienne-1152x1536.jpeg 1152w, https:\/\/www.montania-sport.com\/blog\/wp-content\/uploads\/2024\/07\/vue-magnifique-sur-les-glaciers-a-la-frontiere-italienne.jpeg 1536w\" sizes=\"(max-width: 768px) 100vw, 768px\" \/><\/a><figcaption class=\"wp-element-caption\">La vue nous fait oublier l&rsquo;effort @Lo\u00efc Ughetto<\/figcaption><\/figure>\n<\/figure>\n\n\n\n<p>Le rythme est bon et nous sommes tous d\u00e9termin\u00e9s \u00e0 atteindre le sommet. Nous savons que une fois en haut, le plus difficile sera fait ! Malgr\u00e9 le soleil qui tape fort, nous continuons notre progression de kilom\u00e8tre en kilom\u00e8tre, de lacet en lacet. Chacun monte \u00e0 son allure pour ne pas exploser, tout en prenant garde d&rsquo;en garder un peu sous la p\u00e9dale :)<\/p>\n\n\n\n<figure class=\"wp-block-image size-large\"><a href=\"https:\/\/www.montania-sport.com\/blog\/wp-content\/uploads\/2024\/07\/sommet-du-col-de-liseran-atteint.jpeg\"><img loading=\"lazy\" decoding=\"async\" width=\"1024\" height=\"768\" src=\"https:\/\/www.montania-sport.com\/blog\/wp-content\/uploads\/2024\/07\/sommet-du-col-de-liseran-atteint-1024x768.jpeg\" alt=\"\" class=\"wp-image-33627\" srcset=\"https:\/\/www.montania-sport.com\/blog\/wp-content\/uploads\/2024\/07\/sommet-du-col-de-liseran-atteint-1024x768.jpeg 1024w, https:\/\/www.montania-sport.com\/blog\/wp-content\/uploads\/2024\/07\/sommet-du-col-de-liseran-atteint-300x225.jpeg 300w, https:\/\/www.montania-sport.com\/blog\/wp-content\/uploads\/2024\/07\/sommet-du-col-de-liseran-atteint-768x576.jpeg 768w, https:\/\/www.montania-sport.com\/blog\/wp-content\/uploads\/2024\/07\/sommet-du-col-de-liseran-atteint.jpeg 1280w\" sizes=\"(max-width: 1024px) 100vw, 1024px\" \/><\/a><figcaption class=\"wp-element-caption\">La traditionnelle photo au sommet<\/figcaption><\/figure>\n\n\n\n<p><strong>Kilom\u00e8tre 133<\/strong>, le sommet est atteint (en 6h de v\u00e9lo)! \u00c7a sonne comme une d\u00e9livrance sur le plus haut col routier des Alpes ! Maintenant, la mont\u00e9e laisse place \u00e0 une portion descendante de plus de 50 kilom\u00e8tres. Mais avant \u00e7a, petite pause \u00e0 Val d&rsquo;Is\u00e8re car la fringale nous guette !<\/p>\n\n\n\n<h2 class=\"wp-block-heading\">3. Col de l&rsquo;Iseran -&gt; Aiton<\/h2>\n\n\n\n<p>Apr\u00e8s une bonne pause \u00ab\u00a0ravito\u00a0\u00bb \u00e0 Val d&rsquo;Is\u00e8re, nous repartons pour d&rsquo;agr\u00e9ables kilom\u00e8tres de descente jusqu&rsquo;\u00e0 Bourg Saint Maurice. Pas besoin de forcer, et \u00e7a fait du bien !<\/p>\n\n\n\n<figure class=\"wp-block-image size-large\"><a href=\"https:\/\/www.montania-sport.com\/blog\/wp-content\/uploads\/2024\/07\/plein-deau-a-bourg-saint-maurice.jpeg\"><img loading=\"lazy\" decoding=\"async\" width=\"1024\" height=\"768\" src=\"https:\/\/www.montania-sport.com\/blog\/wp-content\/uploads\/2024\/07\/plein-deau-a-bourg-saint-maurice-1024x768.jpeg\" alt=\"\" class=\"wp-image-33632\" srcset=\"https:\/\/www.montania-sport.com\/blog\/wp-content\/uploads\/2024\/07\/plein-deau-a-bourg-saint-maurice-1024x768.jpeg 1024w, https:\/\/www.montania-sport.com\/blog\/wp-content\/uploads\/2024\/07\/plein-deau-a-bourg-saint-maurice-300x225.jpeg 300w, https:\/\/www.montania-sport.com\/blog\/wp-content\/uploads\/2024\/07\/plein-deau-a-bourg-saint-maurice-768x576.jpeg 768w, https:\/\/www.montania-sport.com\/blog\/wp-content\/uploads\/2024\/07\/plein-deau-a-bourg-saint-maurice.jpeg 1280w\" sizes=\"(max-width: 1024px) 100vw, 1024px\" \/><\/a><figcaption class=\"wp-element-caption\">Nous traquons la moindre fontaine pour nous rafra\u00eechir<\/figcaption><\/figure>\n\n\n\n<p>Nous arrivons tr\u00e8s vite \u00e0 Moutiers et il ne nous reste plus qu&rsquo;\u00e0 descendre la vall\u00e9e de la Tarentaise pour rejoindre Albertville. Le sourire est l\u00e0 et nous profitons des quelques bosses et portions joueuses pour s&rsquo;attaquer un peu. La temps passe plus vite ainsi ! Tout le monde passe son bout de relais et la progression est rapide. On en oublie presque que nous avons pass\u00e9 la barre symbolique des 200 kilom\u00e8tres un peu avant Moutiers.<\/p>\n\n\n\n<p>Albertville est d\u00e9pass\u00e9 ! Plus qu&rsquo;une vingtaine de kilom\u00e8tres pour rejoindre Aiton. Ces derniers sont vite parcourus et un sentiment de fiert\u00e9 nous envahit tandis que nous rejoignons le parking duquel nous sommes partis 12h30 plus t\u00f4t.<\/p>\n\n\n\n<figure class=\"wp-block-gallery has-nested-images columns-default is-cropped wp-block-gallery-4 is-layout-flex wp-block-gallery-is-layout-flex\">\n<figure class=\"wp-block-image size-large\"><a href=\"https:\/\/www.montania-sport.com\/blog\/wp-content\/uploads\/2024\/07\/plus-de-250-kilometres-au-compteur.jpg\"><img loading=\"lazy\" decoding=\"async\" width=\"576\" height=\"1024\" data-id=\"33636\" src=\"https:\/\/www.montania-sport.com\/blog\/wp-content\/uploads\/2024\/07\/plus-de-250-kilometres-au-compteur-576x1024.jpg\" alt=\"\" class=\"wp-image-33636\" srcset=\"https:\/\/www.montania-sport.com\/blog\/wp-content\/uploads\/2024\/07\/plus-de-250-kilometres-au-compteur-576x1024.jpg 576w, https:\/\/www.montania-sport.com\/blog\/wp-content\/uploads\/2024\/07\/plus-de-250-kilometres-au-compteur-169x300.jpg 169w, https:\/\/www.montania-sport.com\/blog\/wp-content\/uploads\/2024\/07\/plus-de-250-kilometres-au-compteur-768x1364.jpg 768w, https:\/\/www.montania-sport.com\/blog\/wp-content\/uploads\/2024\/07\/plus-de-250-kilometres-au-compteur-865x1536.jpg 865w, https:\/\/www.montania-sport.com\/blog\/wp-content\/uploads\/2024\/07\/plus-de-250-kilometres-au-compteur.jpg 948w\" sizes=\"(max-width: 576px) 100vw, 576px\" \/><\/a><figcaption class=\"wp-element-caption\">Ce n&rsquo;est tous les jours que je peux voir un tel chiffre sur ma montre !<\/figcaption><\/figure>\n\n\n\n<figure class=\"wp-block-image size-large\"><a href=\"https:\/\/www.montania-sport.com\/blog\/wp-content\/uploads\/2024\/07\/le-fameux-tour-de-la-poule-est-effectue.jpg\"><img loading=\"lazy\" decoding=\"async\" width=\"600\" height=\"1024\" data-id=\"33635\" src=\"https:\/\/www.montania-sport.com\/blog\/wp-content\/uploads\/2024\/07\/le-fameux-tour-de-la-poule-est-effectue-600x1024.jpg\" alt=\"\" class=\"wp-image-33635\" srcset=\"https:\/\/www.montania-sport.com\/blog\/wp-content\/uploads\/2024\/07\/le-fameux-tour-de-la-poule-est-effectue-600x1024.jpg 600w, https:\/\/www.montania-sport.com\/blog\/wp-content\/uploads\/2024\/07\/le-fameux-tour-de-la-poule-est-effectue-176x300.jpg 176w, https:\/\/www.montania-sport.com\/blog\/wp-content\/uploads\/2024\/07\/le-fameux-tour-de-la-poule-est-effectue-768x1310.jpg 768w, https:\/\/www.montania-sport.com\/blog\/wp-content\/uploads\/2024\/07\/le-fameux-tour-de-la-poule-est-effectue.jpg 828w\" sizes=\"(max-width: 600px) 100vw, 600px\" \/><\/a><figcaption class=\"wp-element-caption\">Une belle trace sur Strava !<\/figcaption><\/figure>\n<\/figure>\n\n\n\n<p>Et pour les int\u00e9ress\u00e9s qui veulent \u00e9tudier la trace en d\u00e9tail, vous pouvez consulter mon activit\u00e9 disponible sur <strong>Strava<\/strong> \u2b07\ufe0f<\/p>\n\n\n\n<div class=\"wp-block-buttons is-content-justification-center is-layout-flex wp-container-core-buttons-is-layout-1 wp-block-buttons-is-layout-flex\">\n<div class=\"wp-block-button\"><a class=\"wp-block-button__link has-luminous-vivid-amber-background-color has-background wp-element-button\" href=\"https:\/\/www.strava.com\/activities\/11895992407\" style=\"border-radius:100px;padding-top:var(--wp--preset--spacing--40);padding-right:var(--wp--preset--spacing--40);padding-bottom:var(--wp--preset--spacing--40);padding-left:var(--wp--preset--spacing--40)\" target=\"_blank\" rel=\"noreferrer noopener\">&gt; Voir les donn\u00e9es et le trac\u00e9 Strava &lt;<\/a><\/div>\n<\/div>\n\n\n\n<div style=\"height:26px\" aria-hidden=\"true\" class=\"wp-block-spacer\"><\/div>\n\n\n\n<h2 class=\"wp-block-heading\">Test de la sacoche Race Bar Bag de Restrap<\/h2>\n\n\n\n<p>Vous l&rsquo;avez peut-\u00eatre remarqu\u00e9 mais je m&rsquo;\u00e9tais ajout\u00e9 une petite sacoche \u00e0 l&rsquo;avant du guidon pour soulager mes lombaires durant ces longues heures de v\u00e9lo. Sp\u00e9cialement con\u00e7ue pour les projets d&rsquo;ultra-distance et les courses, la <a href=\"https:\/\/www.montania-sport.com\/bagagerie-velo\/21394-sacoche-guidon-velo-race-bar-bag-7l-noir-restrap-uk-5060367883192.html\">Race Bar Bag<\/a> de la marque anglaise <strong>Restrap<\/strong> m&rsquo;a permis d&#8217;emporter tout le n\u00e9cessaire (et plus encore) pour les 250 kilom\u00e8tres. J&rsquo;aurais pu charger jusqu&rsquo;\u00e0 7L de mat\u00e9riel, rien que sur le guidon. J&rsquo;ai toujours \u00e9t\u00e9 r\u00e9calcitrant vis \u00e0 vis de ce genre d&rsquo;\u00e9quipement, pr\u00e9f\u00e9rant charger les poches de mon maillot. Mais j&rsquo;avoue avoir \u00e9t\u00e9 surpris par le confort d&rsquo;avoir un dos lib\u00e9r\u00e9 ainsi que par la stabilit\u00e9 de la sacoche lorsque je me mettais en danseuse ou que la route secouait le v\u00e9lo.<\/p>\n\n\n\n<figure class=\"wp-block-gallery has-nested-images columns-default is-cropped wp-block-gallery-5 is-layout-flex wp-block-gallery-is-layout-flex\">\n<figure class=\"wp-block-image size-large\"><a href=\"https:\/\/www.montania-sport.com\/blog\/wp-content\/uploads\/2024\/07\/une-longue-portion-descendante-nous-attend.jpeg\"><img loading=\"lazy\" decoding=\"async\" width=\"768\" height=\"1024\" data-id=\"33631\" src=\"https:\/\/www.montania-sport.com\/blog\/wp-content\/uploads\/2024\/07\/une-longue-portion-descendante-nous-attend-768x1024.jpeg\" alt=\"\" class=\"wp-image-33631\" srcset=\"https:\/\/www.montania-sport.com\/blog\/wp-content\/uploads\/2024\/07\/une-longue-portion-descendante-nous-attend-768x1024.jpeg 768w, https:\/\/www.montania-sport.com\/blog\/wp-content\/uploads\/2024\/07\/une-longue-portion-descendante-nous-attend-225x300.jpeg 225w, https:\/\/www.montania-sport.com\/blog\/wp-content\/uploads\/2024\/07\/une-longue-portion-descendante-nous-attend.jpeg 960w\" sizes=\"(max-width: 768px) 100vw, 768px\" \/><\/a><\/figure>\n\n\n\n<figure class=\"wp-block-image size-large\"><a href=\"https:\/\/www.montania-sport.com\/blog\/wp-content\/uploads\/2024\/07\/je-me-suis-equipe-de-la-sacoche-restrap-race-bar-bag-pour-cette-aventure.jpeg\"><img loading=\"lazy\" decoding=\"async\" width=\"768\" height=\"1024\" data-id=\"33630\" src=\"https:\/\/www.montania-sport.com\/blog\/wp-content\/uploads\/2024\/07\/je-me-suis-equipe-de-la-sacoche-restrap-race-bar-bag-pour-cette-aventure-768x1024.jpeg\" alt=\"\" class=\"wp-image-33630\" srcset=\"https:\/\/www.montania-sport.com\/blog\/wp-content\/uploads\/2024\/07\/je-me-suis-equipe-de-la-sacoche-restrap-race-bar-bag-pour-cette-aventure-768x1024.jpeg 768w, https:\/\/www.montania-sport.com\/blog\/wp-content\/uploads\/2024\/07\/je-me-suis-equipe-de-la-sacoche-restrap-race-bar-bag-pour-cette-aventure-225x300.jpeg 225w, https:\/\/www.montania-sport.com\/blog\/wp-content\/uploads\/2024\/07\/je-me-suis-equipe-de-la-sacoche-restrap-race-bar-bag-pour-cette-aventure.jpeg 960w\" sizes=\"(max-width: 768px) 100vw, 768px\" \/><\/a><\/figure>\n<\/figure>\n\n\n\n<div class=\"wp-block-buttons is-content-justification-center is-layout-flex wp-container-core-buttons-is-layout-2 wp-block-buttons-is-layout-flex\">\n<div class=\"wp-block-button\"><a class=\"wp-block-button__link has-vivid-green-cyan-background-color has-background wp-element-button\" href=\"https:\/\/www.montania-sport.com\/bagagerie-velo\/21394-sacoche-guidon-velo-race-bar-bag-7l-noir-restrap-uk-5060367883192.html\" style=\"border-radius:100px;padding-top:var(--wp--preset--spacing--40);padding-right:var(--wp--preset--spacing--40);padding-bottom:var(--wp--preset--spacing--40);padding-left:var(--wp--preset--spacing--40)\" target=\"_blank\" rel=\"noreferrer noopener\">&gt; Voir la sacoche Race Bar Bag de Restrap &lt;<\/a><\/div>\n<\/div>\n\n\n\n<h2 class=\"wp-block-heading\">En r\u00e9sum\u00e9,<\/h2>\n\n\n\n<p>J&rsquo;ai pass\u00e9 une superbe journ\u00e9e sur le v\u00e9lo et construit des souvenirs pour longtemps ! Si je dois laisser quelques conseils aux courageux qui voudront faire ce bel itin\u00e9raire, ce serait de ne pas n\u00e9gliger le temps que l&rsquo;on peut passer \u00e0 remonter la Maurienne, rendue tr\u00e8s difficile avec le vent de face. Aussi, nous avons fait cette trace un lundi en semaine, ce qui nous a permis d&rsquo;\u00e9viter la circulation plus charg\u00e9e du week-end. Concernant les points d&rsquo;eau potable, ils sont pr\u00e9sents tout le long du parcours et pour les pauses \u00ab\u00a0ravito\u00a0\u00bb, la petite astuce est d&rsquo;avoir un peu d&rsquo;argent en esp\u00e8ces sur vous pour les commer\u00e7ants r\u00e9calcitrants \u00e0 la carte bancaire ;)<\/p>\n\n\n\n<p>N&rsquo;h\u00e9sitez pas \u00e0 me poser vos questions en commentaire, j&rsquo;y r\u00e9pondrais avec plaisir !<\/p>\n\n\n\n<p>\u00c0 votre tour maintenant \ud83d\udc13<\/p>\n\n\n\n<hr class=\"wp-block-separator has-alpha-channel-opacity\"\/>\n\n\n\n<p>Retrouvez tout notre espace V\u00e9los de voyage (casques, Gravel, sacoches, sacs \u00e9tanches\u2026) ici : <a href=\"https:\/\/www.montania-sport.com\/7085-velos-de-voyage\" target=\"_blank\" rel=\"noreferrer noopener\">https:\/\/www.montania-sport.com\/7085-velos-de-voyage<\/a><\/p>\n\n\n\n<p>Merci de votre lecture,<\/p>\n\n\n\n<p>Hugo<\/p>\n","protected":false},"excerpt":{"rendered":"<p>Lundi 15 juillet, je suis parti faire le Tour de la Poule \u00e0 v\u00e9lo, en une journ\u00e9e avec un groupe d&rsquo;amis. Mais alors qu&rsquo;est ce que c&rsquo;est le \u00ab\u00a0Tour de la Poule\u00a0\u00bb ? Explications : Le d\u00e9partement de la Savoie poss\u00e8de deux grandes vall\u00e9es majeures qui sont la Tarentaise et la Maurienne. Ces deux vall\u00e9es &hellip;<\/p>\n<p class=\"read-more\"> <a class=\"\" href=\"https:\/\/www.montania-sport.com\/blog\/velo-longue-distance-tour-de-la-poule-savoie-maurienne-tarentaise\/\"> <span class=\"screen-reader-text\">V\u00e9lo longue-distance : les 250km du Tour de la Poule en Savoie<\/span> Lire la suite\u00a0\u00bb<\/a><\/p>\n","protected":false},"author":16,"featured_media":33616,"comment_status":"open","ping_status":"open","sticky":false,"template":"","format":"standard","meta":{"site-sidebar-layout":"default","site-content-layout":"default","ast-global-header-display":"","ast-main-header-display":"","ast-hfb-above-header-display":"","ast-hfb-below-header-display":"","ast-hfb-mobile-header-display":"","site-post-title":"","ast-breadcrumbs-content":"","ast-featured-img":"","footer-sml-layout":"","theme-transparent-header-meta":"","adv-header-id-meta":"","stick-header-meta":"","header-above-stick-meta":"","header-main-stick-meta":"","header-below-stick-meta":"","_jetpack_memberships_contains_paid_content":false,"footnotes":""},"categories":[33],"tags":[1123,1121,977,1125,1119,1122,1124,1115],"class_list":["post-33615","post","type-post","status-publish","format-standard","has-post-thumbnail","hentry","category-sorties-montagne","tag-col-de-liseran","tag-longue-distance","tag-maurienne","tag-restrap","tag-sacoches","tag-savoie","tag-tarentaise","tag-velo"],"yoast_head":"<!-- This site is optimized with the Yoast SEO plugin v24.4 - https:\/\/yoast.com\/wordpress\/plugins\/seo\/ -->\n<title>V\u00e9lo longue-distance : les 250km du Tour de la Poule en Savoie - Blog Montania Sport<\/title>\n<meta name=\"description\" content=\"Le 15 juillet, je me suis lanc\u00e9 sur le Tour de la Poule. Long de plus de 250km, cet itin\u00e9raire m&#039;a offert de belles surprises...\" \/>\n<meta name=\"robots\" content=\"index, follow, max-snippet:-1, max-image-preview:large, max-video-preview:-1\" \/>\n<link rel=\"canonical\" href=\"https:\/\/www.montania-sport.com\/blog\/velo-longue-distance-tour-de-la-poule-savoie-maurienne-tarentaise\/\" \/>\n<meta property=\"og:locale\" content=\"fr_FR\" \/>\n<meta property=\"og:type\" content=\"article\" \/>\n<meta property=\"og:title\" content=\"V\u00e9lo longue-distance : les 250km du Tour de la Poule en Savoie - Blog Montania Sport\" \/>\n<meta property=\"og:description\" content=\"Le 15 juillet, je me suis lanc\u00e9 sur le Tour de la Poule. Long de plus de 250km, cet itin\u00e9raire m&#039;a offert de belles surprises...\" \/>\n<meta property=\"og:url\" content=\"https:\/\/www.montania-sport.com\/blog\/velo-longue-distance-tour-de-la-poule-savoie-maurienne-tarentaise\/\" \/>\n<meta property=\"og:site_name\" content=\"Blog Montania Sport\" \/>\n<meta property=\"article:publisher\" content=\"https:\/\/www.facebook.com\/Montania.Sport\" \/>\n<meta property=\"article:published_time\" content=\"2024-07-16T15:13:36+00:00\" \/>\n<meta property=\"article:modified_time\" content=\"2024-08-03T10:10:20+00:00\" \/>\n<meta property=\"og:image\" content=\"https:\/\/www.montania-sport.com\/blog\/wp-content\/uploads\/2024\/07\/Photo-Trace-Tour-de-la-Poule.png\" \/>\n\t<meta property=\"og:image:width\" content=\"1407\" \/>\n\t<meta property=\"og:image:height\" content=\"940\" \/>\n\t<meta property=\"og:image:type\" content=\"image\/png\" \/>\n<meta name=\"author\" content=\"Hugo\" \/>\n<meta name=\"twitter:card\" content=\"summary_large_image\" \/>\n<meta name=\"twitter:creator\" content=\"@MontaniaSport\" \/>\n<meta name=\"twitter:site\" content=\"@MontaniaSport\" \/>\n<meta name=\"twitter:label1\" content=\"\u00c9crit par\" \/>\n\t<meta name=\"twitter:data1\" content=\"Hugo\" \/>\n\t<meta name=\"twitter:label2\" content=\"Dur\u00e9e de lecture estim\u00e9e\" \/>\n\t<meta name=\"twitter:data2\" content=\"8 minutes\" \/>\n<script type=\"application\/ld+json\" class=\"yoast-schema-graph\">{\"@context\":\"https:\/\/schema.org\",\"@graph\":[{\"@type\":\"Article\",\"@id\":\"https:\/\/www.montania-sport.com\/blog\/velo-longue-distance-tour-de-la-poule-savoie-maurienne-tarentaise\/#article\",\"isPartOf\":{\"@id\":\"https:\/\/www.montania-sport.com\/blog\/velo-longue-distance-tour-de-la-poule-savoie-maurienne-tarentaise\/\"},\"author\":{\"name\":\"Hugo\",\"@id\":\"https:\/\/www.montania-sport.com\/blog\/#\/schema\/person\/c933c30e5159a4e5b8aa41e772beadf5\"},\"headline\":\"V\u00e9lo longue-distance : les 250km du Tour de la Poule en Savoie\",\"datePublished\":\"2024-07-16T15:13:36+00:00\",\"dateModified\":\"2024-08-03T10:10:20+00:00\",\"mainEntityOfPage\":{\"@id\":\"https:\/\/www.montania-sport.com\/blog\/velo-longue-distance-tour-de-la-poule-savoie-maurienne-tarentaise\/\"},\"wordCount\":1057,\"commentCount\":0,\"publisher\":{\"@id\":\"https:\/\/www.montania-sport.com\/blog\/#organization\"},\"image\":{\"@id\":\"https:\/\/www.montania-sport.com\/blog\/velo-longue-distance-tour-de-la-poule-savoie-maurienne-tarentaise\/#primaryimage\"},\"thumbnailUrl\":\"https:\/\/www.montania-sport.com\/blog\/wp-content\/uploads\/2024\/07\/trace-du-tour-de-la-poule.png\",\"keywords\":[\"Col de l&#039;Iseran\",\"Longue Distance\",\"Maurienne\",\"Restrap\",\"sacoches\",\"Savoie\",\"Tarentaise\",\"V\u00e9lo\"],\"articleSection\":[\"Carnet de Courses\"],\"inLanguage\":\"fr-FR\",\"potentialAction\":[{\"@type\":\"CommentAction\",\"name\":\"Comment\",\"target\":[\"https:\/\/www.montania-sport.com\/blog\/velo-longue-distance-tour-de-la-poule-savoie-maurienne-tarentaise\/#respond\"]}]},{\"@type\":\"WebPage\",\"@id\":\"https:\/\/www.montania-sport.com\/blog\/velo-longue-distance-tour-de-la-poule-savoie-maurienne-tarentaise\/\",\"url\":\"https:\/\/www.montania-sport.com\/blog\/velo-longue-distance-tour-de-la-poule-savoie-maurienne-tarentaise\/\",\"name\":\"V\u00e9lo longue-distance : les 250km du Tour de la Poule en Savoie - Blog Montania Sport\",\"isPartOf\":{\"@id\":\"https:\/\/www.montania-sport.com\/blog\/#website\"},\"primaryImageOfPage\":{\"@id\":\"https:\/\/www.montania-sport.com\/blog\/velo-longue-distance-tour-de-la-poule-savoie-maurienne-tarentaise\/#primaryimage\"},\"image\":{\"@id\":\"https:\/\/www.montania-sport.com\/blog\/velo-longue-distance-tour-de-la-poule-savoie-maurienne-tarentaise\/#primaryimage\"},\"thumbnailUrl\":\"https:\/\/www.montania-sport.com\/blog\/wp-content\/uploads\/2024\/07\/trace-du-tour-de-la-poule.png\",\"datePublished\":\"2024-07-16T15:13:36+00:00\",\"dateModified\":\"2024-08-03T10:10:20+00:00\",\"description\":\"Le 15 juillet, je me suis lanc\u00e9 sur le Tour de la Poule. Long de plus de 250km, cet itin\u00e9raire m'a offert de belles surprises...\",\"breadcrumb\":{\"@id\":\"https:\/\/www.montania-sport.com\/blog\/velo-longue-distance-tour-de-la-poule-savoie-maurienne-tarentaise\/#breadcrumb\"},\"inLanguage\":\"fr-FR\",\"potentialAction\":[{\"@type\":\"ReadAction\",\"target\":[\"https:\/\/www.montania-sport.com\/blog\/velo-longue-distance-tour-de-la-poule-savoie-maurienne-tarentaise\/\"]}]},{\"@type\":\"ImageObject\",\"inLanguage\":\"fr-FR\",\"@id\":\"https:\/\/www.montania-sport.com\/blog\/velo-longue-distance-tour-de-la-poule-savoie-maurienne-tarentaise\/#primaryimage\",\"url\":\"https:\/\/www.montania-sport.com\/blog\/wp-content\/uploads\/2024\/07\/trace-du-tour-de-la-poule.png\",\"contentUrl\":\"https:\/\/www.montania-sport.com\/blog\/wp-content\/uploads\/2024\/07\/trace-du-tour-de-la-poule.png\",\"width\":1407,\"height\":940,\"caption\":\"Trac\u00e9 du Tour de la Poule\"},{\"@type\":\"BreadcrumbList\",\"@id\":\"https:\/\/www.montania-sport.com\/blog\/velo-longue-distance-tour-de-la-poule-savoie-maurienne-tarentaise\/#breadcrumb\",\"itemListElement\":[{\"@type\":\"ListItem\",\"position\":1,\"name\":\"Accueil\",\"item\":\"https:\/\/www.montania-sport.com\/blog\/\"},{\"@type\":\"ListItem\",\"position\":2,\"name\":\"V\u00e9lo longue-distance : les 250km du Tour de la Poule en Savoie\"}]},{\"@type\":\"WebSite\",\"@id\":\"https:\/\/www.montania-sport.com\/blog\/#website\",\"url\":\"https:\/\/www.montania-sport.com\/blog\/\",\"name\":\"Blog Montania Sport\",\"description\":\"Blog Montania Sport\",\"publisher\":{\"@id\":\"https:\/\/www.montania-sport.com\/blog\/#organization\"},\"potentialAction\":[{\"@type\":\"SearchAction\",\"target\":{\"@type\":\"EntryPoint\",\"urlTemplate\":\"https:\/\/www.montania-sport.com\/blog\/?s={search_term_string}\"},\"query-input\":{\"@type\":\"PropertyValueSpecification\",\"valueRequired\":true,\"valueName\":\"search_term_string\"}}],\"inLanguage\":\"fr-FR\"},{\"@type\":\"Organization\",\"@id\":\"https:\/\/www.montania-sport.com\/blog\/#organization\",\"name\":\"Montania Sport\",\"url\":\"https:\/\/www.montania-sport.com\/blog\/\",\"logo\":{\"@type\":\"ImageObject\",\"inLanguage\":\"fr-FR\",\"@id\":\"https:\/\/www.montania-sport.com\/blog\/#\/schema\/logo\/image\/\",\"url\":\"https:\/\/www.montania-sport.com\/blog\/wp-content\/uploads\/2023\/04\/cropped-Logo-BLOG-2023-1200.png\",\"contentUrl\":\"https:\/\/www.montania-sport.com\/blog\/wp-content\/uploads\/2023\/04\/cropped-Logo-BLOG-2023-1200.png\",\"width\":1200,\"height\":645,\"caption\":\"Montania Sport\"},\"image\":{\"@id\":\"https:\/\/www.montania-sport.com\/blog\/#\/schema\/logo\/image\/\"},\"sameAs\":[\"https:\/\/www.facebook.com\/Montania.Sport\",\"https:\/\/x.com\/MontaniaSport\",\"https:\/\/www.instagram.com\/montania_sport\"]},{\"@type\":\"Person\",\"@id\":\"https:\/\/www.montania-sport.com\/blog\/#\/schema\/person\/c933c30e5159a4e5b8aa41e772beadf5\",\"name\":\"Hugo\",\"image\":{\"@type\":\"ImageObject\",\"inLanguage\":\"fr-FR\",\"@id\":\"https:\/\/www.montania-sport.com\/blog\/#\/schema\/person\/image\/\",\"url\":\"https:\/\/secure.gravatar.com\/avatar\/9f8bff9fa481ae20ba98a9185066805e?s=96&d=mm&r=g\",\"contentUrl\":\"https:\/\/secure.gravatar.com\/avatar\/9f8bff9fa481ae20ba98a9185066805e?s=96&d=mm&r=g\",\"caption\":\"Hugo\"},\"url\":\"https:\/\/www.montania-sport.com\/blog\/author\/david\/\"}]}<\/script>\n<!-- \/ Yoast SEO plugin. -->","yoast_head_json":{"title":"V\u00e9lo longue-distance : les 250km du Tour de la Poule en Savoie - Blog Montania Sport","description":"Le 15 juillet, je me suis lanc\u00e9 sur le Tour de la Poule. Long de plus de 250km, cet itin\u00e9raire m'a offert de belles surprises...","robots":{"index":"index","follow":"follow","max-snippet":"max-snippet:-1","max-image-preview":"max-image-preview:large","max-video-preview":"max-video-preview:-1"},"canonical":"https:\/\/www.montania-sport.com\/blog\/velo-longue-distance-tour-de-la-poule-savoie-maurienne-tarentaise\/","og_locale":"fr_FR","og_type":"article","og_title":"V\u00e9lo longue-distance : les 250km du Tour de la Poule en Savoie - Blog Montania Sport","og_description":"Le 15 juillet, je me suis lanc\u00e9 sur le Tour de la Poule. Long de plus de 250km, cet itin\u00e9raire m'a offert de belles surprises...","og_url":"https:\/\/www.montania-sport.com\/blog\/velo-longue-distance-tour-de-la-poule-savoie-maurienne-tarentaise\/","og_site_name":"Blog Montania Sport","article_publisher":"https:\/\/www.facebook.com\/Montania.Sport","article_published_time":"2024-07-16T15:13:36+00:00","article_modified_time":"2024-08-03T10:10:20+00:00","og_image":[{"width":1407,"height":940,"url":"https:\/\/www.montania-sport.com\/blog\/wp-content\/uploads\/2024\/07\/Photo-Trace-Tour-de-la-Poule.png","type":"image\/png"}],"author":"Hugo","twitter_card":"summary_large_image","twitter_creator":"@MontaniaSport","twitter_site":"@MontaniaSport","twitter_misc":{"\u00c9crit par":"Hugo","Dur\u00e9e de lecture estim\u00e9e":"8 minutes"},"schema":{"@context":"https:\/\/schema.org","@graph":[{"@type":"Article","@id":"https:\/\/www.montania-sport.com\/blog\/velo-longue-distance-tour-de-la-poule-savoie-maurienne-tarentaise\/#article","isPartOf":{"@id":"https:\/\/www.montania-sport.com\/blog\/velo-longue-distance-tour-de-la-poule-savoie-maurienne-tarentaise\/"},"author":{"name":"Hugo","@id":"https:\/\/www.montania-sport.com\/blog\/#\/schema\/person\/c933c30e5159a4e5b8aa41e772beadf5"},"headline":"V\u00e9lo longue-distance : les 250km du Tour de la Poule en Savoie","datePublished":"2024-07-16T15:13:36+00:00","dateModified":"2024-08-03T10:10:20+00:00","mainEntityOfPage":{"@id":"https:\/\/www.montania-sport.com\/blog\/velo-longue-distance-tour-de-la-poule-savoie-maurienne-tarentaise\/"},"wordCount":1057,"commentCount":0,"publisher":{"@id":"https:\/\/www.montania-sport.com\/blog\/#organization"},"image":{"@id":"https:\/\/www.montania-sport.com\/blog\/velo-longue-distance-tour-de-la-poule-savoie-maurienne-tarentaise\/#primaryimage"},"thumbnailUrl":"https:\/\/www.montania-sport.com\/blog\/wp-content\/uploads\/2024\/07\/trace-du-tour-de-la-poule.png","keywords":["Col de l&#039;Iseran","Longue Distance","Maurienne","Restrap","sacoches","Savoie","Tarentaise","V\u00e9lo"],"articleSection":["Carnet de Courses"],"inLanguage":"fr-FR","potentialAction":[{"@type":"CommentAction","name":"Comment","target":["https:\/\/www.montania-sport.com\/blog\/velo-longue-distance-tour-de-la-poule-savoie-maurienne-tarentaise\/#respond"]}]},{"@type":"WebPage","@id":"https:\/\/www.montania-sport.com\/blog\/velo-longue-distance-tour-de-la-poule-savoie-maurienne-tarentaise\/","url":"https:\/\/www.montania-sport.com\/blog\/velo-longue-distance-tour-de-la-poule-savoie-maurienne-tarentaise\/","name":"V\u00e9lo longue-distance : les 250km du Tour de la Poule en Savoie - Blog Montania Sport","isPartOf":{"@id":"https:\/\/www.montania-sport.com\/blog\/#website"},"primaryImageOfPage":{"@id":"https:\/\/www.montania-sport.com\/blog\/velo-longue-distance-tour-de-la-poule-savoie-maurienne-tarentaise\/#primaryimage"},"image":{"@id":"https:\/\/www.montania-sport.com\/blog\/velo-longue-distance-tour-de-la-poule-savoie-maurienne-tarentaise\/#primaryimage"},"thumbnailUrl":"https:\/\/www.montania-sport.com\/blog\/wp-content\/uploads\/2024\/07\/trace-du-tour-de-la-poule.png","datePublished":"2024-07-16T15:13:36+00:00","dateModified":"2024-08-03T10:10:20+00:00","description":"Le 15 juillet, je me suis lanc\u00e9 sur le Tour de la Poule. Long de plus de 250km, cet itin\u00e9raire m'a offert de belles surprises...","breadcrumb":{"@id":"https:\/\/www.montania-sport.com\/blog\/velo-longue-distance-tour-de-la-poule-savoie-maurienne-tarentaise\/#breadcrumb"},"inLanguage":"fr-FR","potentialAction":[{"@type":"ReadAction","target":["https:\/\/www.montania-sport.com\/blog\/velo-longue-distance-tour-de-la-poule-savoie-maurienne-tarentaise\/"]}]},{"@type":"ImageObject","inLanguage":"fr-FR","@id":"https:\/\/www.montania-sport.com\/blog\/velo-longue-distance-tour-de-la-poule-savoie-maurienne-tarentaise\/#primaryimage","url":"https:\/\/www.montania-sport.com\/blog\/wp-content\/uploads\/2024\/07\/trace-du-tour-de-la-poule.png","contentUrl":"https:\/\/www.montania-sport.com\/blog\/wp-content\/uploads\/2024\/07\/trace-du-tour-de-la-poule.png","width":1407,"height":940,"caption":"Trac\u00e9 du Tour de la Poule"},{"@type":"BreadcrumbList","@id":"https:\/\/www.montania-sport.com\/blog\/velo-longue-distance-tour-de-la-poule-savoie-maurienne-tarentaise\/#breadcrumb","itemListElement":[{"@type":"ListItem","position":1,"name":"Accueil","item":"https:\/\/www.montania-sport.com\/blog\/"},{"@type":"ListItem","position":2,"name":"V\u00e9lo longue-distance : les 250km du Tour de la Poule en Savoie"}]},{"@type":"WebSite","@id":"https:\/\/www.montania-sport.com\/blog\/#website","url":"https:\/\/www.montania-sport.com\/blog\/","name":"Blog Montania Sport","description":"Blog Montania Sport","publisher":{"@id":"https:\/\/www.montania-sport.com\/blog\/#organization"},"potentialAction":[{"@type":"SearchAction","target":{"@type":"EntryPoint","urlTemplate":"https:\/\/www.montania-sport.com\/blog\/?s={search_term_string}"},"query-input":{"@type":"PropertyValueSpecification","valueRequired":true,"valueName":"search_term_string"}}],"inLanguage":"fr-FR"},{"@type":"Organization","@id":"https:\/\/www.montania-sport.com\/blog\/#organization","name":"Montania Sport","url":"https:\/\/www.montania-sport.com\/blog\/","logo":{"@type":"ImageObject","inLanguage":"fr-FR","@id":"https:\/\/www.montania-sport.com\/blog\/#\/schema\/logo\/image\/","url":"https:\/\/www.montania-sport.com\/blog\/wp-content\/uploads\/2023\/04\/cropped-Logo-BLOG-2023-1200.png","contentUrl":"https:\/\/www.montania-sport.com\/blog\/wp-content\/uploads\/2023\/04\/cropped-Logo-BLOG-2023-1200.png","width":1200,"height":645,"caption":"Montania Sport"},"image":{"@id":"https:\/\/www.montania-sport.com\/blog\/#\/schema\/logo\/image\/"},"sameAs":["https:\/\/www.facebook.com\/Montania.Sport","https:\/\/x.com\/MontaniaSport","https:\/\/www.instagram.com\/montania_sport"]},{"@type":"Person","@id":"https:\/\/www.montania-sport.com\/blog\/#\/schema\/person\/c933c30e5159a4e5b8aa41e772beadf5","name":"Hugo","image":{"@type":"ImageObject","inLanguage":"fr-FR","@id":"https:\/\/www.montania-sport.com\/blog\/#\/schema\/person\/image\/","url":"https:\/\/secure.gravatar.com\/avatar\/9f8bff9fa481ae20ba98a9185066805e?s=96&d=mm&r=g","contentUrl":"https:\/\/secure.gravatar.com\/avatar\/9f8bff9fa481ae20ba98a9185066805e?s=96&d=mm&r=g","caption":"Hugo"},"url":"https:\/\/www.montania-sport.com\/blog\/author\/david\/"}]}},"jetpack_featured_media_url":"https:\/\/www.montania-sport.com\/blog\/wp-content\/uploads\/2024\/07\/trace-du-tour-de-la-poule.png","jetpack_sharing_enabled":true,"jetpack-related-posts":[],"_links":{"self":[{"href":"https:\/\/www.montania-sport.com\/blog\/wp-json\/wp\/v2\/posts\/33615","targetHints":{"allow":["GET"]}}],"collection":[{"href":"https:\/\/www.montania-sport.com\/blog\/wp-json\/wp\/v2\/posts"}],"about":[{"href":"https:\/\/www.montania-sport.com\/blog\/wp-json\/wp\/v2\/types\/post"}],"author":[{"embeddable":true,"href":"https:\/\/www.montania-sport.com\/blog\/wp-json\/wp\/v2\/users\/16"}],"replies":[{"embeddable":true,"href":"https:\/\/www.montania-sport.com\/blog\/wp-json\/wp\/v2\/comments?post=33615"}],"version-history":[{"count":26,"href":"https:\/\/www.montania-sport.com\/blog\/wp-json\/wp\/v2\/posts\/33615\/revisions"}],"predecessor-version":[{"id":33987,"href":"https:\/\/www.montania-sport.com\/blog\/wp-json\/wp\/v2\/posts\/33615\/revisions\/33987"}],"wp:featuredmedia":[{"embeddable":true,"href":"https:\/\/www.montania-sport.com\/blog\/wp-json\/wp\/v2\/media\/33616"}],"wp:attachment":[{"href":"https:\/\/www.montania-sport.com\/blog\/wp-json\/wp\/v2\/media?parent=33615"}],"wp:term":[{"taxonomy":"category","embeddable":true,"href":"https:\/\/www.montania-sport.com\/blog\/wp-json\/wp\/v2\/categories?post=33615"},{"taxonomy":"post_tag","embeddable":true,"href":"https:\/\/www.montania-sport.com\/blog\/wp-json\/wp\/v2\/tags?post=33615"}],"curies":[{"name":"wp","href":"https:\/\/api.w.org\/{rel}","templated":true}]}}