{"id":29636,"date":"2022-11-21T17:13:33","date_gmt":"2022-11-21T16:13:33","guid":{"rendered":"https:\/\/www.montania-sport.com\/blog\/?p=29636"},"modified":"2024-08-03T13:38:53","modified_gmt":"2024-08-03T12:38:53","slug":"la-voie-petit-au-grand-capucin-par-raphael-georges","status":"publish","type":"post","link":"https:\/\/www.montania-sport.com\/blog\/la-voie-petit-au-grand-capucin-par-raphael-georges\/","title":{"rendered":"La voie Petit au Grand Capu\u00e7in par Rapha\u00ebl Georges"},"content":{"rendered":"\n<p>Apr\u00e8s son solo m\u00e9morable de mars 2022 aux Drus (ascension en solitaire de la voie Lesueur), Rapha\u00ebl Georges revient sur la r\u00e9alisation d&rsquo;un projet qui lui tenait \u00e0 c\u0153ur : l&rsquo;encha\u00eenement de la voie Petit au Grand Capu\u00e7in. L\u2019occasion de se replonger dans la grimpe en fissure et les envol\u00e9es granitiques du massif du Mont-Blanc !<\/p>\n\n\n\n<!--more-->\n\n\n\n<p>\u00ab\u00a0<em>Le c\u0153ur plus proche des 200 que des 100 pulsations par minutes, les mains dans un bac, les pieds sur 2 cristaux de quartz, les fesses suspendues \u00e0 200m de haut (ou alors 3600m, tout d\u00e9pend du r\u00e9f\u00e9rentiel), me voici au repos de la longueur clef de la voie Petit. Heureusement bien acclimat\u00e9, je peux respirer un peu avant le crux tr\u00e8s physique qui suit. Concentr\u00e9 plus que repos\u00e9, je reprends mon escalade&nbsp;: main gauche sur la verticale, main droite la pince en inter, grosse fermeture pour aller chercher le mauvais verrou, main gauche sur l\u2019\u00e9paule en inter puis le verrou bizarre, le plat de sortie\u2026<\/em>\u00ab\u00a0<\/p>\n\n\n\n<h2 class=\"wp-block-heading\">Pr\u00e9lude<\/h2>\n\n\n\n<p><em>\u00c9t\u00e9 2021, apr\u00e8s avoir encha\u00een\u00e9 les Tr\u00e9sors de Romain (merci \u00e0 ma super ch\u00e9rie qui m\u2019a assur\u00e9 et suivi au jumar), c\u2019est assez logiquement que mon attention s\u2019est tourn\u00e9e vers la voie dure du Grand Capucin&nbsp;: la voie Petit. 450 m\u00e8tres d\u2019escalade exigeante, r\u00e9put\u00e9e engag\u00e9 avec 6 longueurs en 7b et plus, dont une en 8b. Un gros morceau que j\u2019ai toujours voulu grimper mais qui jusqu\u2019\u00e0 pr\u00e9sent me paraissait inaccessible.<\/em><\/p>\n\n\n\n<h2 class=\"wp-block-heading\">La voie Petit au Grand Capu\u00e7in : premi\u00e8re tentative<\/h2>\n\n\n\n<p><em>\u00c9t\u00e9 2022, les canicules se suivent et se ressemblent. Pas question de faire de l\u2019alpinisme dans ces conditions mais comme le Grand Cap semble faire encore partie des trucs solides du massif, le projet \u00ab&nbsp;voie Petit&nbsp;\u00bb ressurgit. C\u2019est accompagn\u00e9 d\u2019\u00c9tienne, bon copain et bon grimpeur, que se fait la premi\u00e8re mont\u00e9e. Apr\u00e8s une travers\u00e9e express de la Vall\u00e9e Blanche d\u00e9j\u00e0 bien grise, deux longueurs de chauffe, nous voici au pied de la premi\u00e8re longueur dure : un 7b dalle bien engag\u00e9 qui d\u2019entr\u00e9e de jeu donne le ton. R\u00e9unissant mon courage et ma concentration, je m\u2019appr\u00eate \u00e0 y aller\u2026<\/em><\/p>\n\n\n\n<div class=\"wp-block-jetpack-tiled-gallery aligncenter is-style-rectangular\"><div class=\"tiled-gallery__gallery\"><div class=\"tiled-gallery__row\"><div class=\"tiled-gallery__col\" style=\"flex-basis:70.28312%\"><figure class=\"tiled-gallery__item\"><img decoding=\"async\" srcset=\"https:\/\/i2.wp.com\/www.montania-sport.com\/blog\/wp-content\/uploads\/2022\/11\/bonjour.jpg?strip=info&#038;w=600&#038;ssl=1 600w,https:\/\/i2.wp.com\/www.montania-sport.com\/blog\/wp-content\/uploads\/2022\/11\/bonjour.jpg?strip=info&#038;w=900&#038;ssl=1 900w,https:\/\/i2.wp.com\/www.montania-sport.com\/blog\/wp-content\/uploads\/2022\/11\/bonjour.jpg?strip=info&#038;w=1200&#038;ssl=1 1200w,https:\/\/i2.wp.com\/www.montania-sport.com\/blog\/wp-content\/uploads\/2022\/11\/bonjour.jpg?strip=info&#038;w=1296&#038;ssl=1 1296w\" alt=\"\" data-height=\"972\" data-id=\"29642\" data-link=\"https:\/\/www.montania-sport.com\/blog\/bonjour\/\" data-url=\"https:\/\/www.montania-sport.com\/blog\/wp-content\/uploads\/2022\/11\/bonjour.jpg\" data-width=\"1296\" src=\"https:\/\/i2.wp.com\/www.montania-sport.com\/blog\/wp-content\/uploads\/2022\/11\/bonjour.jpg?ssl=1\" data-amp-layout=\"responsive\"\/><\/figure><\/div><div class=\"tiled-gallery__col\" style=\"flex-basis:29.71688%\"><figure class=\"tiled-gallery__item\"><img decoding=\"async\" srcset=\"https:\/\/i1.wp.com\/www.montania-sport.com\/blog\/wp-content\/uploads\/2022\/11\/de%CC%81part.jpg?strip=info&#038;w=600&#038;ssl=1 600w,https:\/\/i1.wp.com\/www.montania-sport.com\/blog\/wp-content\/uploads\/2022\/11\/de%CC%81part.jpg?strip=info&#038;w=675&#038;ssl=1 675w\" alt=\"dans le d\u00e9part de la voie Petit au Grand Capucin\" data-height=\"1200\" data-id=\"29645\" data-link=\"https:\/\/www.montania-sport.com\/blog\/oppo_0-19\/\" data-url=\"https:\/\/www.montania-sport.com\/blog\/wp-content\/uploads\/2022\/11\/de\u0301part.jpg\" data-width=\"675\" src=\"https:\/\/i1.wp.com\/www.montania-sport.com\/blog\/wp-content\/uploads\/2022\/11\/de%CC%81part.jpg?ssl=1\" data-amp-layout=\"responsive\"\/><\/figure><\/div><\/div><\/div><\/div>\n\n\n\n<blockquote class=\"wp-block-quote is-layout-flow wp-block-quote-is-layout-flow\">\n<p>&#8211; \u00ab Non mais attends j\u2019y vais, garde des forces pour la suite. \u00bb<\/p>\n\n\n\n<p>\u00ab Tu es s\u00fbr ? \u00bb<\/p>\n<\/blockquote>\n\n\n\n<p><em>Il ne doit pas \u00eatre au courant que c\u2019est une dalle expo qui, \u00e0 vue, a m\u00eame fait vibrer les forts grimpeurs\u2026 En bon ami, je laisse \u00c9tienne aller au charbon.<\/em><\/p>\n\n\n\n<p><em>Rapidement, il avale les premiers m\u00e8tres bien prot\u00e9geables, atteint le spit, tombe une premi\u00e8re fois, une deuxi\u00e8me puis trouve la solution. Un m\u00e8tre, trois m\u00e8tres au-dessus du spit&#8230; Toujours dans le dur, mon grimpeur vibre mais ne tombe pas. Quatre m\u00e8tres, cinq m\u00e8tres&#8230; D\u2019ici je peux voir que tous ces mois de \u00ab&nbsp;beastmaker&nbsp;\u00bb sont mis \u00e0 profit&nbsp;: en ce moment, je n\u2019aimerais pas \u00eatre une arqu\u00e9e sous les doigts d\u2019\u00c9tienne. Six m\u00e8tres, sept m\u00e8tres&#8230; deux friends viennent mettre fin \u00e0 ce run-out plut\u00f4t \u00e9pique.<\/em><\/p>\n\n\n\n<p><em>Deux longueurs plus tard, plus faciles mais non moins engag\u00e9es, \u00c9tienne me laisse la main. Nous sommes au pied du 8b. Pour l\u2019instant encore dans l\u2019encha\u00eenement, face aux abondants tickets de magn\u00e9sie, je d\u00e9cide de faire un run \u00e0 vue. Qui sait, sur un malentendu \u00e7a peut passer&#8230;<\/em><\/p>\n\n\n\n<div class=\"wp-block-jetpack-tiled-gallery aligncenter is-style-rectangular\"><div class=\"tiled-gallery__gallery\"><div class=\"tiled-gallery__row\"><div class=\"tiled-gallery__col\" style=\"flex-basis:50.00000%\"><figure class=\"tiled-gallery__item\"><img decoding=\"async\" srcset=\"https:\/\/i1.wp.com\/www.montania-sport.com\/blog\/wp-content\/uploads\/2022\/11\/juste-avant-le-8b-je-ne-fais-pas-le-malin.jpg?strip=info&#038;w=600&#038;ssl=1 600w,https:\/\/i1.wp.com\/www.montania-sport.com\/blog\/wp-content\/uploads\/2022\/11\/juste-avant-le-8b-je-ne-fais-pas-le-malin.jpg?strip=info&#038;w=900&#038;ssl=1 900w,https:\/\/i1.wp.com\/www.montania-sport.com\/blog\/wp-content\/uploads\/2022\/11\/juste-avant-le-8b-je-ne-fais-pas-le-malin.jpg?strip=info&#038;w=1200&#038;ssl=1 1200w,https:\/\/i1.wp.com\/www.montania-sport.com\/blog\/wp-content\/uploads\/2022\/11\/juste-avant-le-8b-je-ne-fais-pas-le-malin.jpg?strip=info&#038;w=1296&#038;ssl=1 1296w\" alt=\"\" data-height=\"972\" data-id=\"29652\" data-link=\"https:\/\/www.montania-sport.com\/blog\/juste-avant-le-8b-je-ne-fais-pas-le-malin\/\" data-url=\"https:\/\/www.montania-sport.com\/blog\/wp-content\/uploads\/2022\/11\/juste-avant-le-8b-je-ne-fais-pas-le-malin.jpg\" data-width=\"1296\" src=\"https:\/\/i1.wp.com\/www.montania-sport.com\/blog\/wp-content\/uploads\/2022\/11\/juste-avant-le-8b-je-ne-fais-pas-le-malin.jpg?ssl=1\" data-amp-layout=\"responsive\"\/><\/figure><\/div><div class=\"tiled-gallery__col\" style=\"flex-basis:50.00000%\"><figure class=\"tiled-gallery__item\"><img decoding=\"async\" srcset=\"https:\/\/i2.wp.com\/www.montania-sport.com\/blog\/wp-content\/uploads\/2022\/11\/la-longueur-clef.jpg?strip=info&#038;w=600&#038;ssl=1 600w,https:\/\/i2.wp.com\/www.montania-sport.com\/blog\/wp-content\/uploads\/2022\/11\/la-longueur-clef.jpg?strip=info&#038;w=900&#038;ssl=1 900w,https:\/\/i2.wp.com\/www.montania-sport.com\/blog\/wp-content\/uploads\/2022\/11\/la-longueur-clef.jpg?strip=info&#038;w=1200&#038;ssl=1 1200w\" alt=\"\" data-height=\"900\" data-id=\"29653\" data-link=\"https:\/\/www.montania-sport.com\/blog\/la-longueur-clef\/\" data-url=\"https:\/\/www.montania-sport.com\/blog\/wp-content\/uploads\/2022\/11\/la-longueur-clef.jpg\" data-width=\"1200\" src=\"https:\/\/i2.wp.com\/www.montania-sport.com\/blog\/wp-content\/uploads\/2022\/11\/la-longueur-clef.jpg?ssl=1\" data-amp-layout=\"responsive\"\/><\/figure><\/div><\/div><\/div><\/div>\n\n\n\n<p><em>La premi\u00e8re partie, un di\u00e8dre technique d\u2019une vingtaine de m\u00e8tres me donne l\u2019illusion que la chose est possible. La deuxi\u00e8me partie, un toit tr\u00e8s physique me rappelle que faire du 8b \u00e0 vue, est r\u00e9serv\u00e9 aux \u00ab&nbsp;vrais&nbsp;\u00bb forts grimpeurs. Comme pr\u00e9vu au bout de 2 m\u00e8tres, compl\u00e8tement explos\u00e9 et \u00e0 l&rsquo;envers dans les m\u00e9thodes, l\u2019encha\u00eenement \u00e0 vue prend fin. Dommage j\u2019y \u00e9tais presque&nbsp;! (pas du tout).<\/em><\/p>\n\n\n\n<p><em>La journ\u00e9e \u00e9tant bien avanc\u00e9e, pas le temps pour un deuxi\u00e8me essai. La suite&nbsp;? On reste dans le th\u00e8me du premier 7b&nbsp;: technique et engag\u00e9 mais quelle classe&nbsp;!<\/em><\/p>\n\n\n\n<figure class=\"wp-block-image size-large\"><a href=\"https:\/\/www.montania-sport.com\/blog\/wp-content\/uploads\/2022\/11\/Etienne-dans-le-8a.jpg\"><img fetchpriority=\"high\" decoding=\"async\" width=\"1024\" height=\"576\" src=\"https:\/\/www.montania-sport.com\/blog\/wp-content\/uploads\/2022\/11\/Etienne-dans-le-8a-1024x576.jpg\" alt=\"\" class=\"wp-image-29646\" srcset=\"https:\/\/www.montania-sport.com\/blog\/wp-content\/uploads\/2022\/11\/Etienne-dans-le-8a-1024x576.jpg 1024w, https:\/\/www.montania-sport.com\/blog\/wp-content\/uploads\/2022\/11\/Etienne-dans-le-8a-300x169.jpg 300w, https:\/\/www.montania-sport.com\/blog\/wp-content\/uploads\/2022\/11\/Etienne-dans-le-8a-768x432.jpg 768w, https:\/\/www.montania-sport.com\/blog\/wp-content\/uploads\/2022\/11\/Etienne-dans-le-8a.jpg 1200w\" sizes=\"(max-width: 1024px) 100vw, 1024px\" \/><\/a><figcaption class=\"wp-element-caption\">\u00a9 Rapha\u00ebl Georges<\/figcaption><\/figure>\n\n\n\n<p><em>Les longueurs au-dessus de la vire Bonatti sont d\u2019une beaut\u00e9 \u00e0 couper le souffle dans une ambiance o\u00f9 le vide nous aspire. Ou l\u2019inverse, je ne sais plus.<\/em><\/p>\n\n\n\n<p><em>Pas d\u2019encha\u00eenement sur cette premi\u00e8re mont\u00e9e, mais mis \u00e0 part cette longueur clef pas compl\u00e8tement cal\u00e9e, tout a \u00e9t\u00e9 fait ou semble faisable. C\u2019est alors convaincu de le faire \u00e0 la prochaine mont\u00e9e, que je repars dans la vall\u00e9e. C\u2019\u00e9tait sans compter ma capacit\u00e9 \u00e0 oublier les m\u00e9thodes, les al\u00e9as de puiffance, les longueurs mouill\u00e9es par fonte du permafrost, ma mauvaise foi\u2026 Apr\u00e8s \u00eatre revenu avec Marc, puis mon papa au jumar, le 8b me r\u00e9siste encore et toujours.<\/em><\/p>\n\n\n\n<figure class=\"wp-block-image aligncenter size-large\"><a href=\"https:\/\/www.montania-sport.com\/blog\/wp-content\/uploads\/2022\/11\/mon-pe\u0300re-se-de\u0301couvre-une-nouvelle-passion-la-jumard.jpg\"><img decoding=\"async\" width=\"1024\" height=\"576\" src=\"https:\/\/www.montania-sport.com\/blog\/wp-content\/uploads\/2022\/11\/mon-pe\u0300re-se-de\u0301couvre-une-nouvelle-passion-la-jumard-1024x576.jpg\" alt=\"Mon p\u00e8re se d\u00e9couvre une nouvelle passion, la jumard\" class=\"wp-image-29655\" srcset=\"https:\/\/www.montania-sport.com\/blog\/wp-content\/uploads\/2022\/11\/mon-pe\u0300re-se-de\u0301couvre-une-nouvelle-passion-la-jumard-1024x576.jpg 1024w, https:\/\/www.montania-sport.com\/blog\/wp-content\/uploads\/2022\/11\/mon-pe\u0300re-se-de\u0301couvre-une-nouvelle-passion-la-jumard-300x169.jpg 300w, https:\/\/www.montania-sport.com\/blog\/wp-content\/uploads\/2022\/11\/mon-pe\u0300re-se-de\u0301couvre-une-nouvelle-passion-la-jumard-768x432.jpg 768w, https:\/\/www.montania-sport.com\/blog\/wp-content\/uploads\/2022\/11\/mon-pe\u0300re-se-de\u0301couvre-une-nouvelle-passion-la-jumard.jpg 1200w\" sizes=\"(max-width: 1024px) 100vw, 1024px\" \/><\/a><figcaption class=\"wp-element-caption\">Mon p\u00e8re se d\u00e9couvre une nouvelle passion, le jumard. \u00a9 Rapha\u00ebl Georges<\/figcaption><\/figure>\n\n\n\n<h2 class=\"wp-block-heading\">Souviens-toi l&rsquo;\u00e9t\u00e9 dernier<\/h2>\n\n\n\n<p>\u00ab\u00a0<em>Nous sommes maintenant fin ao\u00fbt, il est 16h30 et je suis sur le plat de sortie. Il reste trois mouvements durs. La paroi est \u00e0 l\u2019ombre depuis longtemps et \u00e7a colle \u00e0 mort&nbsp;! Le plat n\u2019est plus si plat et c\u2019est presque sans difficult\u00e9 que je fais le mouvement suivant, puis le suivant<\/em>. <\/p>\n\n\n\n<p><em>\u00c7a y est,<\/em> <em>j&rsquo;atteins le repos et enfin 10m plus loin, le relai. Sensation \u00e9trange que d\u2019arriver \u00e0 encha\u00eener cette longueur presque frais. Je m\u2019\u00e9tais imagin\u00e9 un combat \u00e9pique luttant contre l\u2019acide lactique, hurlant \u00e0 chaque mouvement les pieds plusieurs m\u00e8tres au dessus des friends\u2026 Peut-\u00eatre 8a+&nbsp;? Je crie \u00e0 mon succ\u00e8s et ma joie \u00e0 Charly<\/em>. <em>Jeune aspirant-guide, il est<\/em> <em>mon compagnon de cord\u00e9e du jour, et je ne le connais pas encore tr\u00e8s bien.<\/em>\u00ab\u00a0<\/p>\n\n\n\n<p><em>Je ne sais pas comment il va r\u00e9agir quand il va voir que j\u2019ai oubli\u00e9 la corde de hissage au relais. Ce qui implique qu\u2019il va devoir jumarer toute la longueur avec le sac sur le dos . Sac qui contient tout le mat\u00e9riel de bivouac ainsi que de l\u2019eau pour deux jours. Et oui, si j\u2019encha\u00eene cette voie se sera malheureusement en deux jours. Pas par choix, mais \u00e0 cause du tournage d\u2019un film fermant l\u2019acc\u00e8s \u00e0 la Vall\u00e9e Blanche toute la matin\u00e9e, d\u2019o\u00f9 notre d\u00e9part si tardif.<\/em><\/p>\n\n\n\n<figure class=\"wp-block-image size-large\"><a href=\"https:\/\/www.montania-sport.com\/blog\/wp-content\/uploads\/2022\/11\/IMG20220829185416.jpg\"><img decoding=\"async\" width=\"1024\" height=\"576\" src=\"https:\/\/www.montania-sport.com\/blog\/wp-content\/uploads\/2022\/11\/IMG20220829185416-1024x576.jpg\" alt=\"\" class=\"wp-image-29650\" srcset=\"https:\/\/www.montania-sport.com\/blog\/wp-content\/uploads\/2022\/11\/IMG20220829185416-1024x576.jpg 1024w, https:\/\/www.montania-sport.com\/blog\/wp-content\/uploads\/2022\/11\/IMG20220829185416-300x169.jpg 300w, https:\/\/www.montania-sport.com\/blog\/wp-content\/uploads\/2022\/11\/IMG20220829185416-768x432.jpg 768w, https:\/\/www.montania-sport.com\/blog\/wp-content\/uploads\/2022\/11\/IMG20220829185416.jpg 1200w\" sizes=\"(max-width: 1024px) 100vw, 1024px\" \/><\/a><figcaption class=\"wp-element-caption\">\u00a9 Rapha\u00ebl Georges<\/figcaption><\/figure>\n\n\n\n<p><em>45m de remont\u00e9e sur corde plus tard, Charly, ainsi lest\u00e9, ne semble pas m\u2019en vouloir. C\u2019est donc parti pour la longueur suivante. Un 7c+ qui comprend un petit crux expo pour se chauffer et un crux engag\u00e9 qui consiste \u00e0 se dresser sur deux chiures de mouches fossilis\u00e9es les mains \u00e0 plat. \u00c7a passe&nbsp;! Ainsi que le 7b+ qui suit, yes&nbsp;!<\/em><\/p>\n\n\n\n<p><em>Au bivouac plus t\u00f4t que pr\u00e9vu, j\u2019h\u00e9site un moment \u00e0 continuer et encha\u00eener la fin de la voie avant la nuit mais me ravise&nbsp;: 4 longueurs dont 2 dures en moins de 2h c\u2019est un peu juste. Pendant ce temps, la montagne se pare des lueurs du soir. C\u2019est beau, comme toujours. Enfin, pas tout \u00e0 fait, cette fois ma contemplation est affect\u00e9e par une note de tristesse. D\u2019\u00e9merveillement, mon regard devient un peu m\u00e9lancolique. Que la montagne est belle&#8230;oui mais tellement fragile. <\/em><\/p>\n\n\n\n<div class=\"wp-block-jetpack-tiled-gallery aligncenter is-style-rectangular\"><div class=\"tiled-gallery__gallery\"><div class=\"tiled-gallery__row\"><div class=\"tiled-gallery__col\" style=\"flex-basis:75.89101%\"><figure class=\"tiled-gallery__item\"><img decoding=\"async\" srcset=\"https:\/\/i0.wp.com\/www.montania-sport.com\/blog\/wp-content\/uploads\/2022\/11\/Bonsoir.jpg?strip=info&#038;w=600&#038;ssl=1 600w,https:\/\/i0.wp.com\/www.montania-sport.com\/blog\/wp-content\/uploads\/2022\/11\/Bonsoir.jpg?strip=info&#038;w=900&#038;ssl=1 900w,https:\/\/i0.wp.com\/www.montania-sport.com\/blog\/wp-content\/uploads\/2022\/11\/Bonsoir.jpg?strip=info&#038;w=1200&#038;ssl=1 1200w\" alt=\"Le cr\u00e9puscule depuis le Grand Capucin\" data-height=\"675\" data-id=\"29643\" data-link=\"https:\/\/www.montania-sport.com\/blog\/oppo_0-17\/\" data-url=\"https:\/\/www.montania-sport.com\/blog\/wp-content\/uploads\/2022\/11\/Bonsoir.jpg\" data-width=\"1200\" src=\"https:\/\/i0.wp.com\/www.montania-sport.com\/blog\/wp-content\/uploads\/2022\/11\/Bonsoir.jpg?ssl=1\" data-amp-layout=\"responsive\"\/><\/figure><\/div><div class=\"tiled-gallery__col\" style=\"flex-basis:24.10899%\"><figure class=\"tiled-gallery__item\"><img decoding=\"async\" srcset=\"https:\/\/i1.wp.com\/www.montania-sport.com\/blog\/wp-content\/uploads\/2022\/11\/vu-sur-le%CC%81boulement-de-la-tour-rond.jpg?strip=info&#038;w=600&#038;ssl=1 600w,https:\/\/i1.wp.com\/www.montania-sport.com\/blog\/wp-content\/uploads\/2022\/11\/vu-sur-le%CC%81boulement-de-la-tour-rond.jpg?strip=info&#038;w=675&#038;ssl=1 675w\" alt=\"Vue-sur-le\u0301boulement-de-la-tour-ronde\" data-height=\"1200\" data-id=\"29657\" data-link=\"https:\/\/www.montania-sport.com\/blog\/oppo_0-26\/\" data-url=\"https:\/\/www.montania-sport.com\/blog\/wp-content\/uploads\/2022\/11\/vu-sur-le\u0301boulement-de-la-tour-rond.jpg\" data-width=\"675\" src=\"https:\/\/i1.wp.com\/www.montania-sport.com\/blog\/wp-content\/uploads\/2022\/11\/vu-sur-le%CC%81boulement-de-la-tour-rond.jpg?ssl=1\" data-amp-layout=\"responsive\"\/><\/figure><\/div><\/div><\/div><\/div>\n\n\n\n<p><em>Devant nous, la Tour Ronde et sa face nord plus \u00e9croul\u00e9e qu\u2019englac\u00e9e. En bas, le glacier de la combe Maudite, couvert de vielle neige jaune ou alors tout simplement ouvert, d\u00e9chir\u00e9 par les crevasses qui semblent encore sans fond&#8230;Mais pour combien de temps&nbsp;? 300 m\u00e8tres sous nos pieds, la premi\u00e8re longueur du grand Capucin ne cesse de grandir. Entre ma premi\u00e8re visite en juillet et maintenant, 10 m\u00e8tres sont apparus.<\/em><\/p>\n\n\n\n<figure class=\"wp-block-image size-large\"><a href=\"https:\/\/www.montania-sport.com\/blog\/wp-content\/uploads\/2022\/11\/6c-bien-dur.jpg\"><img loading=\"lazy\" decoding=\"async\" width=\"1024\" height=\"576\" src=\"https:\/\/www.montania-sport.com\/blog\/wp-content\/uploads\/2022\/11\/6c-bien-dur-1024x576.jpg\" alt=\"Le 6c bien dur\" class=\"wp-image-29641\" srcset=\"https:\/\/www.montania-sport.com\/blog\/wp-content\/uploads\/2022\/11\/6c-bien-dur-1024x576.jpg 1024w, https:\/\/www.montania-sport.com\/blog\/wp-content\/uploads\/2022\/11\/6c-bien-dur-300x169.jpg 300w, https:\/\/www.montania-sport.com\/blog\/wp-content\/uploads\/2022\/11\/6c-bien-dur-768x432.jpg 768w, https:\/\/www.montania-sport.com\/blog\/wp-content\/uploads\/2022\/11\/6c-bien-dur.jpg 1200w\" sizes=\"(max-width: 1024px) 100vw, 1024px\" \/><\/a><figcaption class=\"wp-element-caption\">Le 6c bien dur. \u00a9 Rapha\u00ebl Georges<\/figcaption><\/figure>\n\n\n\n<p><em>Le lendemain, un vent glacial et un soleil voil\u00e9 ferons office de r\u00e9veil. \u00c7a colle&nbsp;! Merci mais je n\u2019en demandais pas tant&nbsp;! Pas facile de grimper dans ces conditions et je l\u00e2che un petit essai dans le 7c+\/8a. Rampe dans le 6c(bien dur) qui suis. Je ne ne vibre pas dans la magnifique dalle fissur\u00e9e en 7b+, de toute fa\u00e7on c\u2019\u00e9tait trop engag\u00e9 pour que je me permette de tomber. Les deux derni\u00e8res longueurs, faciles, en rocher parfait sont l\u00e0 pour nous donner le temps de savourer l\u2019arriv\u00e9e au&#8230; SOMMET&nbsp;!<\/em><\/p>\n\n\n\n<figure class=\"wp-block-image size-large\"><a href=\"https:\/\/www.montania-sport.com\/blog\/wp-content\/uploads\/2022\/11\/sommet-avec-charly.jpg\"><img loading=\"lazy\" decoding=\"async\" width=\"1024\" height=\"768\" src=\"https:\/\/www.montania-sport.com\/blog\/wp-content\/uploads\/2022\/11\/sommet-avec-charly-1024x768.jpg\" alt=\"\" class=\"wp-image-29656\" srcset=\"https:\/\/www.montania-sport.com\/blog\/wp-content\/uploads\/2022\/11\/sommet-avec-charly-1024x768.jpg 1024w, https:\/\/www.montania-sport.com\/blog\/wp-content\/uploads\/2022\/11\/sommet-avec-charly-300x225.jpg 300w, https:\/\/www.montania-sport.com\/blog\/wp-content\/uploads\/2022\/11\/sommet-avec-charly-768x576.jpg 768w, https:\/\/www.montania-sport.com\/blog\/wp-content\/uploads\/2022\/11\/sommet-avec-charly.jpg 1200w\" sizes=\"(max-width: 1024px) 100vw, 1024px\" \/><\/a><figcaption class=\"wp-element-caption\">Au sommet \u00a9 Rapha\u00ebl Georges<\/figcaption><\/figure>\n\n\n\n<p><em>Merci \u00e0 \u00c9tienne, Marc, Charly et mon papa pour avoir accept\u00e9 d\u2019avoir mal aux pieds, aux bras, aux doigts, chaud, froid, peur (choisissez le qualificatif qui vous plaira) pour m\u2019accompagner et m\u2019aider dans cette aventure !<\/em><\/p>\n\n\n\n<p><em>Rapha\u00ebl<\/em><\/p>\n\n\n\n<hr class=\"wp-block-separator has-css-opacity\"\/>\n\n\n\n<p>Rapha\u00ebl Georges est guide de Haute-Montagne. Retrouvez <a href=\"https:\/\/raphaelgeorgesguidedehautemontagne.wordpress.com\/\" target=\"_blank\" rel=\"noreferrer noopener\">ici son site professionnel : d\u00e9couverte de l&rsquo;alpinisme ou grandes courses, raids \u00e0 ski, escalade en falaise&#8230; il y en a pour tous les go\u00fbts !<\/a><\/p>\n\n\n\n<p>Retrouvez tout notre espace Escalade \/ Alpinisme (piolets, crampons, broches \u00e0 glace, cordes\u2026) ici : <a href=\"https:\/\/www.montania-sport.com\/7090-escalade-alpinisme\" target=\"_blank\" rel=\"noreferrer noopener\">https:\/\/www.montania-sport.com\/7090-escalade-alpinisme<\/a><\/p>\n","protected":false},"excerpt":{"rendered":"<p>Apr\u00e8s son solo m\u00e9morable de mars 2022 aux Drus (ascension en solitaire de la voie Lesueur), Rapha\u00ebl Georges revient sur la r\u00e9alisation d&rsquo;un projet qui lui tenait \u00e0 c\u0153ur : l&rsquo;encha\u00eenement de la voie Petit au Grand Capu\u00e7in. L\u2019occasion de se replonger dans la grimpe en fissure et les envol\u00e9es granitiques du massif du Mont-Blanc &hellip;<\/p>\n<p class=\"read-more\"> <a class=\"\" href=\"https:\/\/www.montania-sport.com\/blog\/la-voie-petit-au-grand-capucin-par-raphael-georges\/\"> <span class=\"screen-reader-text\">La voie Petit au Grand Capu\u00e7in par Rapha\u00ebl Georges<\/span> Lire la suite\u00a0\u00bb<\/a><\/p>\n","protected":false},"author":16,"featured_media":31585,"comment_status":"open","ping_status":"open","sticky":false,"template":"","format":"standard","meta":{"site-sidebar-layout":"default","site-content-layout":"default","ast-global-header-display":"","ast-main-header-display":"","ast-hfb-above-header-display":"","ast-hfb-below-header-display":"","ast-hfb-mobile-header-display":"","site-post-title":"","ast-breadcrumbs-content":"","ast-featured-img":"","footer-sml-layout":"","theme-transparent-header-meta":"","adv-header-id-meta":"","stick-header-meta":"","header-above-stick-meta":"","header-main-stick-meta":"","header-below-stick-meta":"","_jetpack_memberships_contains_paid_content":false,"footnotes":""},"categories":[33],"tags":[756,984,849],"class_list":["post-29636","post","type-post","status-publish","format-standard","has-post-thumbnail","hentry","category-sorties-montagne","tag-escalade","tag-grandes-voies","tag-massif-du-mont-blanc"],"yoast_head":"<!-- This site is optimized with the Yoast SEO plugin v24.4 - https:\/\/yoast.com\/wordpress\/plugins\/seo\/ -->\n<title>La voie Petit au Grand Capu\u00e7in par Rapha\u00ebl Georges - Blog Montania Sport<\/title>\n<meta name=\"description\" content=\"Rapha\u00ebl Georges, guide de haute montagne, revient sur une ascension particuli\u00e8re : la voie Petit au Grand Capu\u00e7in.\" \/>\n<meta name=\"robots\" content=\"index, follow, max-snippet:-1, max-image-preview:large, max-video-preview:-1\" \/>\n<link rel=\"canonical\" href=\"https:\/\/www.montania-sport.com\/blog\/la-voie-petit-au-grand-capucin-par-raphael-georges\/\" \/>\n<meta property=\"og:locale\" content=\"fr_FR\" \/>\n<meta property=\"og:type\" content=\"article\" \/>\n<meta property=\"og:title\" content=\"La voie Petit au Grand Capu\u00e7in par Rapha\u00ebl Georges - Blog Montania Sport\" \/>\n<meta property=\"og:description\" content=\"Rapha\u00ebl Georges, guide de haute montagne, revient sur une ascension particuli\u00e8re : la voie Petit au Grand Capu\u00e7in.\" \/>\n<meta property=\"og:url\" content=\"https:\/\/www.montania-sport.com\/blog\/la-voie-petit-au-grand-capucin-par-raphael-georges\/\" \/>\n<meta property=\"og:site_name\" content=\"Blog Montania Sport\" \/>\n<meta property=\"article:publisher\" content=\"https:\/\/www.facebook.com\/Montania.Sport\" \/>\n<meta property=\"article:published_time\" content=\"2022-11-21T16:13:33+00:00\" \/>\n<meta property=\"article:modified_time\" content=\"2024-08-03T12:38:53+00:00\" \/>\n<meta property=\"og:image\" content=\"https:\/\/www.montania-sport.com\/blog\/wp-content\/uploads\/2023\/04\/Raphael-georges-dans-la-voir-Petit.jpg\" \/>\n\t<meta property=\"og:image:width\" content=\"1200\" \/>\n\t<meta property=\"og:image:height\" content=\"675\" \/>\n\t<meta property=\"og:image:type\" content=\"image\/jpeg\" \/>\n<meta name=\"author\" content=\"Hugo\" \/>\n<meta name=\"twitter:card\" content=\"summary_large_image\" \/>\n<meta name=\"twitter:creator\" content=\"@MontaniaSport\" \/>\n<meta name=\"twitter:site\" content=\"@MontaniaSport\" \/>\n<meta name=\"twitter:label1\" content=\"\u00c9crit par\" \/>\n\t<meta name=\"twitter:data1\" content=\"Hugo\" \/>\n\t<meta name=\"twitter:label2\" content=\"Dur\u00e9e de lecture estim\u00e9e\" \/>\n\t<meta name=\"twitter:data2\" content=\"10 minutes\" \/>\n<script type=\"application\/ld+json\" class=\"yoast-schema-graph\">{\"@context\":\"https:\/\/schema.org\",\"@graph\":[{\"@type\":\"Article\",\"@id\":\"https:\/\/www.montania-sport.com\/blog\/la-voie-petit-au-grand-capucin-par-raphael-georges\/#article\",\"isPartOf\":{\"@id\":\"https:\/\/www.montania-sport.com\/blog\/la-voie-petit-au-grand-capucin-par-raphael-georges\/\"},\"author\":{\"name\":\"Hugo\",\"@id\":\"https:\/\/www.montania-sport.com\/blog\/#\/schema\/person\/c933c30e5159a4e5b8aa41e772beadf5\"},\"headline\":\"La voie Petit au Grand Capu\u00e7in par Rapha\u00ebl Georges\",\"datePublished\":\"2022-11-21T16:13:33+00:00\",\"dateModified\":\"2024-08-03T12:38:53+00:00\",\"mainEntityOfPage\":{\"@id\":\"https:\/\/www.montania-sport.com\/blog\/la-voie-petit-au-grand-capucin-par-raphael-georges\/\"},\"wordCount\":1526,\"commentCount\":0,\"publisher\":{\"@id\":\"https:\/\/www.montania-sport.com\/blog\/#organization\"},\"image\":{\"@id\":\"https:\/\/www.montania-sport.com\/blog\/la-voie-petit-au-grand-capucin-par-raphael-georges\/#primaryimage\"},\"thumbnailUrl\":\"https:\/\/www.montania-sport.com\/blog\/wp-content\/uploads\/2023\/04\/Raphael-georges-dans-la-voir-Petit.jpg\",\"keywords\":[\"Escalade\",\"Grandes Voies\",\"Massif du Mont Blanc\"],\"articleSection\":[\"Carnet de Courses\"],\"inLanguage\":\"fr-FR\",\"potentialAction\":[{\"@type\":\"CommentAction\",\"name\":\"Comment\",\"target\":[\"https:\/\/www.montania-sport.com\/blog\/la-voie-petit-au-grand-capucin-par-raphael-georges\/#respond\"]}]},{\"@type\":\"WebPage\",\"@id\":\"https:\/\/www.montania-sport.com\/blog\/la-voie-petit-au-grand-capucin-par-raphael-georges\/\",\"url\":\"https:\/\/www.montania-sport.com\/blog\/la-voie-petit-au-grand-capucin-par-raphael-georges\/\",\"name\":\"La voie Petit au Grand Capu\u00e7in par Rapha\u00ebl Georges - Blog Montania Sport\",\"isPartOf\":{\"@id\":\"https:\/\/www.montania-sport.com\/blog\/#website\"},\"primaryImageOfPage\":{\"@id\":\"https:\/\/www.montania-sport.com\/blog\/la-voie-petit-au-grand-capucin-par-raphael-georges\/#primaryimage\"},\"image\":{\"@id\":\"https:\/\/www.montania-sport.com\/blog\/la-voie-petit-au-grand-capucin-par-raphael-georges\/#primaryimage\"},\"thumbnailUrl\":\"https:\/\/www.montania-sport.com\/blog\/wp-content\/uploads\/2023\/04\/Raphael-georges-dans-la-voir-Petit.jpg\",\"datePublished\":\"2022-11-21T16:13:33+00:00\",\"dateModified\":\"2024-08-03T12:38:53+00:00\",\"description\":\"Rapha\u00ebl Georges, guide de haute montagne, revient sur une ascension particuli\u00e8re : la voie Petit au Grand Capu\u00e7in.\",\"breadcrumb\":{\"@id\":\"https:\/\/www.montania-sport.com\/blog\/la-voie-petit-au-grand-capucin-par-raphael-georges\/#breadcrumb\"},\"inLanguage\":\"fr-FR\",\"potentialAction\":[{\"@type\":\"ReadAction\",\"target\":[\"https:\/\/www.montania-sport.com\/blog\/la-voie-petit-au-grand-capucin-par-raphael-georges\/\"]}]},{\"@type\":\"ImageObject\",\"inLanguage\":\"fr-FR\",\"@id\":\"https:\/\/www.montania-sport.com\/blog\/la-voie-petit-au-grand-capucin-par-raphael-georges\/#primaryimage\",\"url\":\"https:\/\/www.montania-sport.com\/blog\/wp-content\/uploads\/2023\/04\/Raphael-georges-dans-la-voir-Petit.jpg\",\"contentUrl\":\"https:\/\/www.montania-sport.com\/blog\/wp-content\/uploads\/2023\/04\/Raphael-georges-dans-la-voir-Petit.jpg\",\"width\":1200,\"height\":675},{\"@type\":\"BreadcrumbList\",\"@id\":\"https:\/\/www.montania-sport.com\/blog\/la-voie-petit-au-grand-capucin-par-raphael-georges\/#breadcrumb\",\"itemListElement\":[{\"@type\":\"ListItem\",\"position\":1,\"name\":\"Accueil\",\"item\":\"https:\/\/www.montania-sport.com\/blog\/\"},{\"@type\":\"ListItem\",\"position\":2,\"name\":\"La voie Petit au Grand Capu\u00e7in par Rapha\u00ebl Georges\"}]},{\"@type\":\"WebSite\",\"@id\":\"https:\/\/www.montania-sport.com\/blog\/#website\",\"url\":\"https:\/\/www.montania-sport.com\/blog\/\",\"name\":\"Blog Montania Sport\",\"description\":\"Blog Montania Sport\",\"publisher\":{\"@id\":\"https:\/\/www.montania-sport.com\/blog\/#organization\"},\"potentialAction\":[{\"@type\":\"SearchAction\",\"target\":{\"@type\":\"EntryPoint\",\"urlTemplate\":\"https:\/\/www.montania-sport.com\/blog\/?s={search_term_string}\"},\"query-input\":{\"@type\":\"PropertyValueSpecification\",\"valueRequired\":true,\"valueName\":\"search_term_string\"}}],\"inLanguage\":\"fr-FR\"},{\"@type\":\"Organization\",\"@id\":\"https:\/\/www.montania-sport.com\/blog\/#organization\",\"name\":\"Montania Sport\",\"url\":\"https:\/\/www.montania-sport.com\/blog\/\",\"logo\":{\"@type\":\"ImageObject\",\"inLanguage\":\"fr-FR\",\"@id\":\"https:\/\/www.montania-sport.com\/blog\/#\/schema\/logo\/image\/\",\"url\":\"https:\/\/www.montania-sport.com\/blog\/wp-content\/uploads\/2023\/04\/cropped-Logo-BLOG-2023-1200.png\",\"contentUrl\":\"https:\/\/www.montania-sport.com\/blog\/wp-content\/uploads\/2023\/04\/cropped-Logo-BLOG-2023-1200.png\",\"width\":1200,\"height\":645,\"caption\":\"Montania Sport\"},\"image\":{\"@id\":\"https:\/\/www.montania-sport.com\/blog\/#\/schema\/logo\/image\/\"},\"sameAs\":[\"https:\/\/www.facebook.com\/Montania.Sport\",\"https:\/\/x.com\/MontaniaSport\",\"https:\/\/www.instagram.com\/montania_sport\"]},{\"@type\":\"Person\",\"@id\":\"https:\/\/www.montania-sport.com\/blog\/#\/schema\/person\/c933c30e5159a4e5b8aa41e772beadf5\",\"name\":\"Hugo\",\"image\":{\"@type\":\"ImageObject\",\"inLanguage\":\"fr-FR\",\"@id\":\"https:\/\/www.montania-sport.com\/blog\/#\/schema\/person\/image\/\",\"url\":\"https:\/\/secure.gravatar.com\/avatar\/9f8bff9fa481ae20ba98a9185066805e?s=96&d=mm&r=g\",\"contentUrl\":\"https:\/\/secure.gravatar.com\/avatar\/9f8bff9fa481ae20ba98a9185066805e?s=96&d=mm&r=g\",\"caption\":\"Hugo\"},\"url\":\"https:\/\/www.montania-sport.com\/blog\/author\/david\/\"}]}<\/script>\n<!-- \/ Yoast SEO plugin. -->","yoast_head_json":{"title":"La voie Petit au Grand Capu\u00e7in par Rapha\u00ebl Georges - Blog Montania Sport","description":"Rapha\u00ebl Georges, guide de haute montagne, revient sur une ascension particuli\u00e8re : la voie Petit au Grand Capu\u00e7in.","robots":{"index":"index","follow":"follow","max-snippet":"max-snippet:-1","max-image-preview":"max-image-preview:large","max-video-preview":"max-video-preview:-1"},"canonical":"https:\/\/www.montania-sport.com\/blog\/la-voie-petit-au-grand-capucin-par-raphael-georges\/","og_locale":"fr_FR","og_type":"article","og_title":"La voie Petit au Grand Capu\u00e7in par Rapha\u00ebl Georges - Blog Montania Sport","og_description":"Rapha\u00ebl Georges, guide de haute montagne, revient sur une ascension particuli\u00e8re : la voie Petit au Grand Capu\u00e7in.","og_url":"https:\/\/www.montania-sport.com\/blog\/la-voie-petit-au-grand-capucin-par-raphael-georges\/","og_site_name":"Blog Montania Sport","article_publisher":"https:\/\/www.facebook.com\/Montania.Sport","article_published_time":"2022-11-21T16:13:33+00:00","article_modified_time":"2024-08-03T12:38:53+00:00","og_image":[{"width":1200,"height":675,"url":"https:\/\/www.montania-sport.com\/blog\/wp-content\/uploads\/2023\/04\/Raphael-georges-dans-la-voir-Petit.jpg","type":"image\/jpeg"}],"author":"Hugo","twitter_card":"summary_large_image","twitter_creator":"@MontaniaSport","twitter_site":"@MontaniaSport","twitter_misc":{"\u00c9crit par":"Hugo","Dur\u00e9e de lecture estim\u00e9e":"10 minutes"},"schema":{"@context":"https:\/\/schema.org","@graph":[{"@type":"Article","@id":"https:\/\/www.montania-sport.com\/blog\/la-voie-petit-au-grand-capucin-par-raphael-georges\/#article","isPartOf":{"@id":"https:\/\/www.montania-sport.com\/blog\/la-voie-petit-au-grand-capucin-par-raphael-georges\/"},"author":{"name":"Hugo","@id":"https:\/\/www.montania-sport.com\/blog\/#\/schema\/person\/c933c30e5159a4e5b8aa41e772beadf5"},"headline":"La voie Petit au Grand Capu\u00e7in par Rapha\u00ebl Georges","datePublished":"2022-11-21T16:13:33+00:00","dateModified":"2024-08-03T12:38:53+00:00","mainEntityOfPage":{"@id":"https:\/\/www.montania-sport.com\/blog\/la-voie-petit-au-grand-capucin-par-raphael-georges\/"},"wordCount":1526,"commentCount":0,"publisher":{"@id":"https:\/\/www.montania-sport.com\/blog\/#organization"},"image":{"@id":"https:\/\/www.montania-sport.com\/blog\/la-voie-petit-au-grand-capucin-par-raphael-georges\/#primaryimage"},"thumbnailUrl":"https:\/\/www.montania-sport.com\/blog\/wp-content\/uploads\/2023\/04\/Raphael-georges-dans-la-voir-Petit.jpg","keywords":["Escalade","Grandes Voies","Massif du Mont Blanc"],"articleSection":["Carnet de Courses"],"inLanguage":"fr-FR","potentialAction":[{"@type":"CommentAction","name":"Comment","target":["https:\/\/www.montania-sport.com\/blog\/la-voie-petit-au-grand-capucin-par-raphael-georges\/#respond"]}]},{"@type":"WebPage","@id":"https:\/\/www.montania-sport.com\/blog\/la-voie-petit-au-grand-capucin-par-raphael-georges\/","url":"https:\/\/www.montania-sport.com\/blog\/la-voie-petit-au-grand-capucin-par-raphael-georges\/","name":"La voie Petit au Grand Capu\u00e7in par Rapha\u00ebl Georges - Blog Montania Sport","isPartOf":{"@id":"https:\/\/www.montania-sport.com\/blog\/#website"},"primaryImageOfPage":{"@id":"https:\/\/www.montania-sport.com\/blog\/la-voie-petit-au-grand-capucin-par-raphael-georges\/#primaryimage"},"image":{"@id":"https:\/\/www.montania-sport.com\/blog\/la-voie-petit-au-grand-capucin-par-raphael-georges\/#primaryimage"},"thumbnailUrl":"https:\/\/www.montania-sport.com\/blog\/wp-content\/uploads\/2023\/04\/Raphael-georges-dans-la-voir-Petit.jpg","datePublished":"2022-11-21T16:13:33+00:00","dateModified":"2024-08-03T12:38:53+00:00","description":"Rapha\u00ebl Georges, guide de haute montagne, revient sur une ascension particuli\u00e8re : la voie Petit au Grand Capu\u00e7in.","breadcrumb":{"@id":"https:\/\/www.montania-sport.com\/blog\/la-voie-petit-au-grand-capucin-par-raphael-georges\/#breadcrumb"},"inLanguage":"fr-FR","potentialAction":[{"@type":"ReadAction","target":["https:\/\/www.montania-sport.com\/blog\/la-voie-petit-au-grand-capucin-par-raphael-georges\/"]}]},{"@type":"ImageObject","inLanguage":"fr-FR","@id":"https:\/\/www.montania-sport.com\/blog\/la-voie-petit-au-grand-capucin-par-raphael-georges\/#primaryimage","url":"https:\/\/www.montania-sport.com\/blog\/wp-content\/uploads\/2023\/04\/Raphael-georges-dans-la-voir-Petit.jpg","contentUrl":"https:\/\/www.montania-sport.com\/blog\/wp-content\/uploads\/2023\/04\/Raphael-georges-dans-la-voir-Petit.jpg","width":1200,"height":675},{"@type":"BreadcrumbList","@id":"https:\/\/www.montania-sport.com\/blog\/la-voie-petit-au-grand-capucin-par-raphael-georges\/#breadcrumb","itemListElement":[{"@type":"ListItem","position":1,"name":"Accueil","item":"https:\/\/www.montania-sport.com\/blog\/"},{"@type":"ListItem","position":2,"name":"La voie Petit au Grand Capu\u00e7in par Rapha\u00ebl Georges"}]},{"@type":"WebSite","@id":"https:\/\/www.montania-sport.com\/blog\/#website","url":"https:\/\/www.montania-sport.com\/blog\/","name":"Blog Montania Sport","description":"Blog Montania Sport","publisher":{"@id":"https:\/\/www.montania-sport.com\/blog\/#organization"},"potentialAction":[{"@type":"SearchAction","target":{"@type":"EntryPoint","urlTemplate":"https:\/\/www.montania-sport.com\/blog\/?s={search_term_string}"},"query-input":{"@type":"PropertyValueSpecification","valueRequired":true,"valueName":"search_term_string"}}],"inLanguage":"fr-FR"},{"@type":"Organization","@id":"https:\/\/www.montania-sport.com\/blog\/#organization","name":"Montania Sport","url":"https:\/\/www.montania-sport.com\/blog\/","logo":{"@type":"ImageObject","inLanguage":"fr-FR","@id":"https:\/\/www.montania-sport.com\/blog\/#\/schema\/logo\/image\/","url":"https:\/\/www.montania-sport.com\/blog\/wp-content\/uploads\/2023\/04\/cropped-Logo-BLOG-2023-1200.png","contentUrl":"https:\/\/www.montania-sport.com\/blog\/wp-content\/uploads\/2023\/04\/cropped-Logo-BLOG-2023-1200.png","width":1200,"height":645,"caption":"Montania Sport"},"image":{"@id":"https:\/\/www.montania-sport.com\/blog\/#\/schema\/logo\/image\/"},"sameAs":["https:\/\/www.facebook.com\/Montania.Sport","https:\/\/x.com\/MontaniaSport","https:\/\/www.instagram.com\/montania_sport"]},{"@type":"Person","@id":"https:\/\/www.montania-sport.com\/blog\/#\/schema\/person\/c933c30e5159a4e5b8aa41e772beadf5","name":"Hugo","image":{"@type":"ImageObject","inLanguage":"fr-FR","@id":"https:\/\/www.montania-sport.com\/blog\/#\/schema\/person\/image\/","url":"https:\/\/secure.gravatar.com\/avatar\/9f8bff9fa481ae20ba98a9185066805e?s=96&d=mm&r=g","contentUrl":"https:\/\/secure.gravatar.com\/avatar\/9f8bff9fa481ae20ba98a9185066805e?s=96&d=mm&r=g","caption":"Hugo"},"url":"https:\/\/www.montania-sport.com\/blog\/author\/david\/"}]}},"jetpack_featured_media_url":"https:\/\/www.montania-sport.com\/blog\/wp-content\/uploads\/2023\/04\/Raphael-georges-dans-la-voir-Petit.jpg","jetpack_sharing_enabled":true,"jetpack-related-posts":[],"_links":{"self":[{"href":"https:\/\/www.montania-sport.com\/blog\/wp-json\/wp\/v2\/posts\/29636","targetHints":{"allow":["GET"]}}],"collection":[{"href":"https:\/\/www.montania-sport.com\/blog\/wp-json\/wp\/v2\/posts"}],"about":[{"href":"https:\/\/www.montania-sport.com\/blog\/wp-json\/wp\/v2\/types\/post"}],"author":[{"embeddable":true,"href":"https:\/\/www.montania-sport.com\/blog\/wp-json\/wp\/v2\/users\/16"}],"replies":[{"embeddable":true,"href":"https:\/\/www.montania-sport.com\/blog\/wp-json\/wp\/v2\/comments?post=29636"}],"version-history":[{"count":2,"href":"https:\/\/www.montania-sport.com\/blog\/wp-json\/wp\/v2\/posts\/29636\/revisions"}],"predecessor-version":[{"id":34045,"href":"https:\/\/www.montania-sport.com\/blog\/wp-json\/wp\/v2\/posts\/29636\/revisions\/34045"}],"wp:featuredmedia":[{"embeddable":true,"href":"https:\/\/www.montania-sport.com\/blog\/wp-json\/wp\/v2\/media\/31585"}],"wp:attachment":[{"href":"https:\/\/www.montania-sport.com\/blog\/wp-json\/wp\/v2\/media?parent=29636"}],"wp:term":[{"taxonomy":"category","embeddable":true,"href":"https:\/\/www.montania-sport.com\/blog\/wp-json\/wp\/v2\/categories?post=29636"},{"taxonomy":"post_tag","embeddable":true,"href":"https:\/\/www.montania-sport.com\/blog\/wp-json\/wp\/v2\/tags?post=29636"}],"curies":[{"name":"wp","href":"https:\/\/api.w.org\/{rel}","templated":true}]}}