{"id":2961,"date":"2013-08-30T16:25:58","date_gmt":"2013-08-30T15:25:58","guid":{"rendered":"https:\/\/www.montania-sport.com\/blog\/?p=2961"},"modified":"2020-11-07T15:03:03","modified_gmt":"2020-11-07T14:03:03","slug":"prochainement-ouverture-de-la-salle-descalade-vertilac","status":"publish","type":"post","link":"https:\/\/www.montania-sport.com\/blog\/prochainement-ouverture-de-la-salle-descalade-vertilac\/","title":{"rendered":"Prochainement Ouverture de la Salle d&rsquo;Escalade Vertilac !"},"content":{"rendered":"<p>Derni\u00e8re ligne droite avant l&rsquo;ouverture&nbsp; le 15 septembre prochain du nouvel Espace Escalade de Savoie : VERTILAC !<\/p>\n<figure id=\"attachment_2955\" aria-describedby=\"caption-attachment-2955\" style=\"width: 474px\" class=\"wp-caption aligncenter\"><a href=\"https:\/\/www.montania-sport.com\/blog\/2013\/08\/prochainement-ouverture-de-la-salle-descalade-vertilac\/daniel_vertilac\/\" rel=\"attachment wp-att-2955\"><img fetchpriority=\"high\" decoding=\"async\" class=\"wp-image-2955 size-large\" title=\"Daniel nous ouvre les portes de la salle d'escalade Vertilac\" src=\"https:\/\/www.montania-sport.com\/blog\/wp-content\/uploads\/2013\/08\/Daniel_Vertilac-1024x768.jpg\" alt=\"Daniel_Vertilac\" width=\"474\" height=\"356\" srcset=\"https:\/\/www.montania-sport.com\/blog\/wp-content\/uploads\/2013\/08\/Daniel_Vertilac-1024x768.jpg 1024w, https:\/\/www.montania-sport.com\/blog\/wp-content\/uploads\/2013\/08\/Daniel_Vertilac-300x225.jpg 300w, https:\/\/www.montania-sport.com\/blog\/wp-content\/uploads\/2013\/08\/Daniel_Vertilac.jpg 1600w\" sizes=\"(max-width: 474px) 100vw, 474px\" \/><\/a><figcaption id=\"caption-attachment-2955\" class=\"wp-caption-text\">Notre ami Daniel nous ouvre les portes de la salle d&rsquo;escalade Vertilac en avant premi\u00e8re !<\/figcaption><\/figure>\n<p style=\"text-align: center;\"><!--more--><\/p>\n<p style=\"text-align: center;\">Notre 1er constat en arrivant sur le site tr\u00e8s facile d&rsquo;acc\u00e8s, (au premier rond point entr\u00e9e sud de Savoie Technolac), ce sont les couleurs ext\u00e9rieures du b\u00e2timent qui sont magnifiques et qui s&rsquo;int\u00e8grent parfaitement dans le paysage local.<\/p>\n<p style=\"text-align: center;\"><strong>A l&rsquo;int\u00e9rieur, quel volume impressionnant !<\/strong><\/p>\n<p style=\"text-align: center;\"><strong>Le grand mur fait 13.50m de haut<\/strong> et le grand surplomb a une fl\u00e8che de 5m de devers&#8230;<br \/>\nLa salle d&rsquo;escalade est tr\u00e8s lumineuse gr\u00e2ce \u00e0 ses puits de lumi\u00e8res qui donne l&rsquo;impression de grimper en ext\u00e9rieur.<\/p>\n<p style=\"text-align: center;\"><strong>D\u00e9j\u00e0 plus de 225 voies d&rsquo;escalade trac\u00e9es !<\/strong><\/p>\n<figure id=\"attachment_2958\" aria-describedby=\"caption-attachment-2958\" style=\"width: 474px\" class=\"wp-caption aligncenter\"><a href=\"https:\/\/www.montania-sport.com\/blog\/2013\/08\/prochainement-ouverture-de-la-salle-descalade-vertilac\/nacelle_vertilac\/\" rel=\"attachment wp-att-2958\"><img decoding=\"async\" class=\"wp-image-2958 size-large\" title=\"Derniers pr\u00e9paratifs avant l'ouverture de la salle Vertilac !\" src=\"https:\/\/www.montania-sport.com\/blog\/wp-content\/uploads\/2013\/08\/Nacelle_vertilac-768x1024.jpg\" alt=\"Derniers pr\u00e9paratifs avant l'ouverture de la salle Vertilac !\" width=\"474\" height=\"632\" srcset=\"https:\/\/www.montania-sport.com\/blog\/wp-content\/uploads\/2013\/08\/Nacelle_vertilac-768x1024.jpg 768w, https:\/\/www.montania-sport.com\/blog\/wp-content\/uploads\/2013\/08\/Nacelle_vertilac-225x300.jpg 225w, https:\/\/www.montania-sport.com\/blog\/wp-content\/uploads\/2013\/08\/Nacelle_vertilac.jpg 1200w\" sizes=\"(max-width: 474px) 100vw, 474px\" \/><\/a><figcaption id=\"caption-attachment-2958\" class=\"wp-caption-text\">Derniers pr\u00e9paratifs \u00e0 la nacelle avant l&rsquo;ouverture de la salle Vertilac !<\/figcaption><\/figure>\n<p>&nbsp;<\/p>\n<p style=\"text-align: center;\"><strong>A l&rsquo;\u00e9tage de la salle, au dessus des vestiaires et des douches, on peaufine les derni\u00e8res voies d&rsquo;escalade de 7.50m et 10m !<\/strong><\/p>\n<p style=\"text-align: center;\"><strong>Au Menu : 60 voies dans le 4 et 5 \/ 100 voies dans le 6 \/ 40 voies dans le 7 et+<\/strong><\/p>\n<p>&nbsp;<\/p>\n<figure id=\"attachment_2956\" aria-describedby=\"caption-attachment-2956\" style=\"width: 474px\" class=\"wp-caption aligncenter\"><a href=\"https:\/\/www.montania-sport.com\/blog\/2013\/08\/prochainement-ouverture-de-la-salle-descalade-vertilac\/echaffaudage_vertilac\/\" rel=\"attachment wp-att-2956\"><img decoding=\"async\" class=\"wp-image-2956 size-large\" title=\"Echaffaudage pour les derniers pr\u00e9paratifs avant l'ouverture de la salle Vertilac !\" src=\"https:\/\/www.montania-sport.com\/blog\/wp-content\/uploads\/2013\/08\/Echaffaudage_vertilac-1024x768.jpg\" alt=\"Echaffaudage_vertilac\" width=\"474\" height=\"356\" srcset=\"https:\/\/www.montania-sport.com\/blog\/wp-content\/uploads\/2013\/08\/Echaffaudage_vertilac-1024x768.jpg 1024w, https:\/\/www.montania-sport.com\/blog\/wp-content\/uploads\/2013\/08\/Echaffaudage_vertilac-300x225.jpg 300w, https:\/\/www.montania-sport.com\/blog\/wp-content\/uploads\/2013\/08\/Echaffaudage_vertilac.jpg 1600w\" sizes=\"(max-width: 474px) 100vw, 474px\" \/><\/a><figcaption id=\"caption-attachment-2956\" class=\"wp-caption-text\">\u00c9chafaudage pour les derniers pr\u00e9paratifs avant l&rsquo;ouverture de la salle Vertilac !<\/figcaption><\/figure>\n<p>&nbsp;<\/p>\n<p style=\"text-align: center;\"><strong>D\u00e9j\u00e0 pr\u00eat de 46000 inserts et 9000 prises d&rsquo;escalade de pos\u00e9es \u00e0 Vertilac !<\/strong><\/p>\n<p>&nbsp;<\/p>\n<p style=\"text-align: center;\"><a href=\"https:\/\/www.montania-sport.com\/blog\/2013\/08\/prochainement-ouverture-de-la-salle-descalade-vertilac\/equipement-des-dernieres-voies\/\" rel=\"attachment wp-att-2957\"><img loading=\"lazy\" decoding=\"async\" class=\"aligncenter wp-image-2957 size-large\" src=\"https:\/\/www.montania-sport.com\/blog\/wp-content\/uploads\/2013\/08\/Equipement-des-derni\u00e8res-voies-768x1024.jpg\" alt=\"Equipement des derni\u00e8res voies\" width=\"474\" height=\"632\" srcset=\"https:\/\/www.montania-sport.com\/blog\/wp-content\/uploads\/2013\/08\/Equipement-des-derni\u00e8res-voies-768x1024.jpg 768w, https:\/\/www.montania-sport.com\/blog\/wp-content\/uploads\/2013\/08\/Equipement-des-derni\u00e8res-voies-225x300.jpg 225w, https:\/\/www.montania-sport.com\/blog\/wp-content\/uploads\/2013\/08\/Equipement-des-derni\u00e8res-voies.jpg 1200w\" sizes=\"(max-width: 474px) 100vw, 474px\" \/><\/a><\/p>\n<p style=\"text-align: center;\"><strong><br \/>\nIl reste plus au STAFF de Vertilac qu&rsquo;\u00e0 monter les prises de l&rsquo;espace de 100m\u00b2 de Bloc pour compl\u00e9ter les 2 kilom\u00e8tres de grimpe pr\u00e9vu !<\/strong><\/p>\n<div>\n<dl id=\"attachment_2959\">\n<dt><a href=\"https:\/\/www.montania-sport.com\/blog\/2013\/08\/prochainement-ouverture-de-la-salle-descalade-vertilac\/logo-vertilac\/\" rel=\"attachment wp-att-2959\"><img loading=\"lazy\" decoding=\"async\" class=\"alignnone\" title=\"Logo Salle Vertilac\" src=\"https:\/\/www.montania-sport.com\/blog\/wp-content\/uploads\/2013\/08\/logo-vertilac.png\" alt=\"logo-vertilac\" width=\"206\" height=\"230\"\/><\/a><\/dt>\n<\/dl>\n<\/div>\n<p>&nbsp;<\/p>\n<h2>Les Dates \u00e0 Retenir :<\/h2>\n<p style=\"text-align: left;\">Dimanche 15 Septembre 2013&nbsp; : Ouverture de la Salle d&rsquo;escalade !<br \/>\nVendredi 27 septembre 2013 : Inauguration Officielle !<br \/>\nSamedi 28 Septembre 2013 : Journ\u00e9e D\u00e9couverte et Animation ! Entr\u00e9e \u00e0 tarif r\u00e9duit pour tous : 5\u20ac<strong><br \/>\n<\/strong><\/p>\n<h2 style=\"text-align: left;\"><strong>Horaires de la Salle Vertilac :<\/strong><\/h2>\n<p style=\"text-align: left;\">Lundi : 12H00-22H00<br \/>\nMardi : 12H00-22H00<br \/>\nMercredi : 12H00-22H00<br \/>\nJeudi : 12H00-22H00<br \/>\nVendredi : 12H00-22H00<br \/>\nSamedi : 10H00-18H00<br \/>\nDimanche : 10H00-18H00<\/p>\n<p>&nbsp;<\/p>\n<header>\n<h2>Acc\u00e8s<\/h2>\n<\/header>\n<p>L&rsquo;acc\u00e8s \u00e0 Vertilac est tr\u00e8s facile, quel que soit votre moyen de transport :<\/p>\n<p><strong>Transport en commun<\/strong> (r\u00e9duction \u00e0 Vertilac pour les abonn\u00e9s STAC et ONDEA)<br \/>\n&#8211; Ligne STAC n\u00b02 arr\u00eat INES Sud<br \/>\n&#8211; Ligne ONDEA 1 ou 20 arr\u00eat Universit\u00e9 le Bourget<\/p>\n<p><strong>V\u00e9lo<\/strong><\/p>\n<p>Voie verte nord depuis Chamb\u00e9ry (20 minutes) &#8211; Parc \u00e0 v\u00e9lo abrit\u00e9 sur la fa\u00e7ade nord de Vertilac<\/p>\n<p><strong>Voiture<\/strong><\/p>\n<p>&#8211; En venant du sud (Chamb\u00e9ry) direction Bourget-du-Lac, puis l&rsquo;entr\u00e9e JERICHO (rond-point sud Technolac),<br \/>\n&#8211; En venant du nord (Annecy ou Aix) par l&rsquo;entr\u00e9e DIAPASON. Parking derri\u00e8re la salle, ou en cas d&rsquo;affluence au sud du gymnase Emile Allais en passant par l&rsquo;Avenue du Lac L\u00e9man<\/p>\n<h2>Tarifs saison 2013\/2014 valable \u00e0 partir de la date d&rsquo;ouverture.<\/h2>\n<p>(Les prix indiqu\u00e9s pourront \u00eatre modifi\u00e9s sans pr\u00e9avis).<\/p>\n<table border=\"0\">\n<tbody>\n<tr>\n<td><strong>Dur\u00e9e<\/strong><\/td>\n<td><strong>Plein tarif<\/strong><\/td>\n<td><strong>R\u00e9duction 1<\/strong><\/td>\n<td><strong>R\u00e9duction 2<\/strong><\/td>\n<td><strong>R\u00e9duction 3<\/strong><\/td>\n<\/tr>\n<tr>\n<td><strong>S\u00e9ance<\/strong><\/td>\n<td>12\u20ac<\/td>\n<td>10\u20ac<\/td>\n<td><\/td>\n<td>6\u20ac<\/td>\n<\/tr>\n<tr>\n<td><strong>10 s\u00e9ances<\/strong><\/td>\n<td>100\u20ac<\/td>\n<td>85\u20ac<\/td>\n<td><\/td>\n<td>50\u20ac<\/td>\n<\/tr>\n<tr>\n<td><strong>Trimestre<\/strong><\/td>\n<td>180\u20ac<\/td>\n<td>155\u20ac<\/td>\n<td>130\u20ac<\/td>\n<td>90\u20ac<\/td>\n<\/tr>\n<tr>\n<td><strong>Semestre<\/strong><\/td>\n<td>320\u20ac<\/td>\n<td>275\u20ac<\/td>\n<td>225\u20ac<\/td>\n<td>160\u20ac<\/td>\n<\/tr>\n<tr>\n<td><strong>Ann\u00e9e<\/strong><\/td>\n<td>430\u20ac<\/td>\n<td>370\u20ac<\/td>\n<td>300\u20ac<\/td>\n<td>215\u20ac<\/td>\n<\/tr>\n<\/tbody>\n<\/table>\n<p><em><strong>R\u00e9duction 1<\/strong> : BE escalade, guides, FFME, CAF, Club Roc et Vertige, ACS Savoie-Technolac, carte STAC ou Ondea \u00e0 l&rsquo;ann\u00e9e<br \/>\n<\/em><em><strong>R\u00e9duction 2<\/strong>: conjoint d&rsquo;abonn\u00e9<br \/>\n<\/em><em><strong>R\u00e9duction 3<\/strong> : \u00e9tudiant, lyc\u00e9en, moins de 18 ans, + de 70 ans<\/em><\/p>\n<p>S\u00e9ance famille :<br \/>\nCouple + enfants mineurs (sur justificatif) 25 \u20ac.<br \/>\nEnfant moins de 10 ans avec un adulte : 4 \u20ac.<\/p>\n<p>Carte au temps 25 heures (pour les amateurs de bloc) valable deux ans : 100 \u20ac \/ 80 \u20ac (r\u00e9duction 3)<\/p>\n<p><em>La carte 10 s\u00e9ances plein tarif et la carte au temps ne sont pas nominatives.<\/em><\/p>\n<h2><strong><br \/>\nT\u00e9l\u00e9phone : 04 79 85 39 70<\/strong><\/h2>\n<h2><strong>Un Site Web : <a title=\"Liens vers site officiel de la salle Vertilac\" href=\"http:\/\/www.vertilac.fr\">www.vertilac.fr<\/a><br \/>\n<\/strong><\/h2>\n","protected":false},"excerpt":{"rendered":"<p>Derni\u00e8re ligne droite avant l&rsquo;ouverture&nbsp; le 15 septembre prochain du nouvel Espace Escalade de Savoie : VERTILAC !<\/p>\n","protected":false},"author":2,"featured_media":0,"comment_status":"open","ping_status":"closed","sticky":false,"template":"","format":"standard","meta":{"site-sidebar-layout":"default","site-content-layout":"default","ast-global-header-display":"","ast-main-header-display":"","ast-hfb-above-header-display":"","ast-hfb-below-header-display":"","ast-hfb-mobile-header-display":"","site-post-title":"","ast-breadcrumbs-content":"","ast-featured-img":"","footer-sml-layout":"","theme-transparent-header-meta":"","adv-header-id-meta":"","stick-header-meta":"","header-above-stick-meta":"","header-main-stick-meta":"","header-below-stick-meta":"","_jetpack_memberships_contains_paid_content":false,"footnotes":""},"categories":[10],"tags":[990,1009],"class_list":["post-2961","post","type-post","status-publish","format-standard","hentry","category-actualites-du-magasin-nouveautes","tag-chambery","tag-salle-escalade"],"yoast_head":"<!-- This site is optimized with the Yoast SEO plugin v24.4 - https:\/\/yoast.com\/wordpress\/plugins\/seo\/ -->\n<title>Prochainement Ouverture de la Salle d&#039;Escalade Vertilac ! - Blog Montania Sport<\/title>\n<meta name=\"robots\" content=\"index, follow, max-snippet:-1, max-image-preview:large, max-video-preview:-1\" \/>\n<link rel=\"canonical\" href=\"https:\/\/www.montania-sport.com\/blog\/prochainement-ouverture-de-la-salle-descalade-vertilac\/\" \/>\n<meta property=\"og:locale\" content=\"fr_FR\" \/>\n<meta property=\"og:type\" content=\"article\" \/>\n<meta property=\"og:title\" content=\"Prochainement Ouverture de la Salle d&#039;Escalade Vertilac ! - Blog Montania Sport\" \/>\n<meta property=\"og:description\" content=\"Derni\u00e8re ligne droite avant l&rsquo;ouverture&nbsp; le 15 septembre prochain du nouvel Espace Escalade de Savoie : VERTILAC !\" \/>\n<meta property=\"og:url\" content=\"https:\/\/www.montania-sport.com\/blog\/prochainement-ouverture-de-la-salle-descalade-vertilac\/\" \/>\n<meta property=\"og:site_name\" content=\"Blog Montania Sport\" \/>\n<meta property=\"article:publisher\" content=\"https:\/\/www.facebook.com\/Montania.Sport\" \/>\n<meta property=\"article:published_time\" content=\"2013-08-30T15:25:58+00:00\" \/>\n<meta property=\"article:modified_time\" content=\"2020-11-07T14:03:03+00:00\" \/>\n<meta property=\"og:image\" content=\"https:\/\/storage.googleapis.com\/asdoria-shared-2.appspot.com\/wp-montania-prod\/1\/2013\/08\/Daniel_Vertilac-1024x768.jpg\" \/>\n<meta name=\"author\" content=\"cedric\" \/>\n<meta name=\"twitter:card\" content=\"summary_large_image\" \/>\n<meta name=\"twitter:creator\" content=\"@MontaniaSport\" \/>\n<meta name=\"twitter:site\" content=\"@MontaniaSport\" \/>\n<meta name=\"twitter:label1\" content=\"\u00c9crit par\" \/>\n\t<meta name=\"twitter:data1\" content=\"cedric\" \/>\n\t<meta name=\"twitter:label2\" content=\"Dur\u00e9e de lecture estim\u00e9e\" \/>\n\t<meta name=\"twitter:data2\" content=\"3 minutes\" \/>\n<script type=\"application\/ld+json\" class=\"yoast-schema-graph\">{\"@context\":\"https:\/\/schema.org\",\"@graph\":[{\"@type\":\"Article\",\"@id\":\"https:\/\/www.montania-sport.com\/blog\/prochainement-ouverture-de-la-salle-descalade-vertilac\/#article\",\"isPartOf\":{\"@id\":\"https:\/\/www.montania-sport.com\/blog\/prochainement-ouverture-de-la-salle-descalade-vertilac\/\"},\"author\":{\"name\":\"cedric\",\"@id\":\"https:\/\/www.montania-sport.com\/blog\/#\/schema\/person\/eb15113f453620c1519f3f6a3886b250\"},\"headline\":\"Prochainement Ouverture de la Salle d&rsquo;Escalade Vertilac !\",\"datePublished\":\"2013-08-30T15:25:58+00:00\",\"dateModified\":\"2020-11-07T14:03:03+00:00\",\"mainEntityOfPage\":{\"@id\":\"https:\/\/www.montania-sport.com\/blog\/prochainement-ouverture-de-la-salle-descalade-vertilac\/\"},\"wordCount\":571,\"commentCount\":0,\"publisher\":{\"@id\":\"https:\/\/www.montania-sport.com\/blog\/#organization\"},\"image\":{\"@id\":\"https:\/\/www.montania-sport.com\/blog\/prochainement-ouverture-de-la-salle-descalade-vertilac\/#primaryimage\"},\"thumbnailUrl\":\"https:\/\/www.montania-sport.com\/blog\/wp-content\/uploads\/2013\/08\/Daniel_Vertilac-1024x768.jpg\",\"keywords\":[\"Chamb\u00e9ry\",\"Salle Escalade\"],\"articleSection\":[\"Actus du Magasin \/ Nouveaut\u00e9s\"],\"inLanguage\":\"fr-FR\",\"potentialAction\":[{\"@type\":\"CommentAction\",\"name\":\"Comment\",\"target\":[\"https:\/\/www.montania-sport.com\/blog\/prochainement-ouverture-de-la-salle-descalade-vertilac\/#respond\"]}]},{\"@type\":\"WebPage\",\"@id\":\"https:\/\/www.montania-sport.com\/blog\/prochainement-ouverture-de-la-salle-descalade-vertilac\/\",\"url\":\"https:\/\/www.montania-sport.com\/blog\/prochainement-ouverture-de-la-salle-descalade-vertilac\/\",\"name\":\"Prochainement Ouverture de la Salle d'Escalade Vertilac ! - Blog Montania Sport\",\"isPartOf\":{\"@id\":\"https:\/\/www.montania-sport.com\/blog\/#website\"},\"primaryImageOfPage\":{\"@id\":\"https:\/\/www.montania-sport.com\/blog\/prochainement-ouverture-de-la-salle-descalade-vertilac\/#primaryimage\"},\"image\":{\"@id\":\"https:\/\/www.montania-sport.com\/blog\/prochainement-ouverture-de-la-salle-descalade-vertilac\/#primaryimage\"},\"thumbnailUrl\":\"https:\/\/www.montania-sport.com\/blog\/wp-content\/uploads\/2013\/08\/Daniel_Vertilac-1024x768.jpg\",\"datePublished\":\"2013-08-30T15:25:58+00:00\",\"dateModified\":\"2020-11-07T14:03:03+00:00\",\"breadcrumb\":{\"@id\":\"https:\/\/www.montania-sport.com\/blog\/prochainement-ouverture-de-la-salle-descalade-vertilac\/#breadcrumb\"},\"inLanguage\":\"fr-FR\",\"potentialAction\":[{\"@type\":\"ReadAction\",\"target\":[\"https:\/\/www.montania-sport.com\/blog\/prochainement-ouverture-de-la-salle-descalade-vertilac\/\"]}]},{\"@type\":\"ImageObject\",\"inLanguage\":\"fr-FR\",\"@id\":\"https:\/\/www.montania-sport.com\/blog\/prochainement-ouverture-de-la-salle-descalade-vertilac\/#primaryimage\",\"url\":\"https:\/\/www.montania-sport.com\/blog\/wp-content\/uploads\/2013\/08\/Daniel_Vertilac.jpg\",\"contentUrl\":\"https:\/\/www.montania-sport.com\/blog\/wp-content\/uploads\/2013\/08\/Daniel_Vertilac.jpg\",\"width\":1600,\"height\":1200},{\"@type\":\"BreadcrumbList\",\"@id\":\"https:\/\/www.montania-sport.com\/blog\/prochainement-ouverture-de-la-salle-descalade-vertilac\/#breadcrumb\",\"itemListElement\":[{\"@type\":\"ListItem\",\"position\":1,\"name\":\"Accueil\",\"item\":\"https:\/\/www.montania-sport.com\/blog\/\"},{\"@type\":\"ListItem\",\"position\":2,\"name\":\"Prochainement Ouverture de la Salle d&rsquo;Escalade Vertilac !\"}]},{\"@type\":\"WebSite\",\"@id\":\"https:\/\/www.montania-sport.com\/blog\/#website\",\"url\":\"https:\/\/www.montania-sport.com\/blog\/\",\"name\":\"Blog Montania Sport\",\"description\":\"Blog Montania Sport\",\"publisher\":{\"@id\":\"https:\/\/www.montania-sport.com\/blog\/#organization\"},\"potentialAction\":[{\"@type\":\"SearchAction\",\"target\":{\"@type\":\"EntryPoint\",\"urlTemplate\":\"https:\/\/www.montania-sport.com\/blog\/?s={search_term_string}\"},\"query-input\":{\"@type\":\"PropertyValueSpecification\",\"valueRequired\":true,\"valueName\":\"search_term_string\"}}],\"inLanguage\":\"fr-FR\"},{\"@type\":\"Organization\",\"@id\":\"https:\/\/www.montania-sport.com\/blog\/#organization\",\"name\":\"Montania Sport\",\"url\":\"https:\/\/www.montania-sport.com\/blog\/\",\"logo\":{\"@type\":\"ImageObject\",\"inLanguage\":\"fr-FR\",\"@id\":\"https:\/\/www.montania-sport.com\/blog\/#\/schema\/logo\/image\/\",\"url\":\"https:\/\/www.montania-sport.com\/blog\/wp-content\/uploads\/2023\/04\/cropped-Logo-BLOG-2023-1200.png\",\"contentUrl\":\"https:\/\/www.montania-sport.com\/blog\/wp-content\/uploads\/2023\/04\/cropped-Logo-BLOG-2023-1200.png\",\"width\":1200,\"height\":645,\"caption\":\"Montania Sport\"},\"image\":{\"@id\":\"https:\/\/www.montania-sport.com\/blog\/#\/schema\/logo\/image\/\"},\"sameAs\":[\"https:\/\/www.facebook.com\/Montania.Sport\",\"https:\/\/x.com\/MontaniaSport\",\"https:\/\/www.instagram.com\/montania_sport\"]},{\"@type\":\"Person\",\"@id\":\"https:\/\/www.montania-sport.com\/blog\/#\/schema\/person\/eb15113f453620c1519f3f6a3886b250\",\"name\":\"cedric\",\"image\":{\"@type\":\"ImageObject\",\"inLanguage\":\"fr-FR\",\"@id\":\"https:\/\/www.montania-sport.com\/blog\/#\/schema\/person\/image\/\",\"url\":\"https:\/\/secure.gravatar.com\/avatar\/9851a6499bed921b62b2ae7c399fe8ce?s=96&d=mm&r=g\",\"contentUrl\":\"https:\/\/secure.gravatar.com\/avatar\/9851a6499bed921b62b2ae7c399fe8ce?s=96&d=mm&r=g\",\"caption\":\"cedric\"},\"url\":\"https:\/\/www.montania-sport.com\/blog\/author\/cedric\/\"}]}<\/script>\n<!-- \/ Yoast SEO plugin. -->","yoast_head_json":{"title":"Prochainement Ouverture de la Salle d'Escalade Vertilac ! - Blog Montania Sport","robots":{"index":"index","follow":"follow","max-snippet":"max-snippet:-1","max-image-preview":"max-image-preview:large","max-video-preview":"max-video-preview:-1"},"canonical":"https:\/\/www.montania-sport.com\/blog\/prochainement-ouverture-de-la-salle-descalade-vertilac\/","og_locale":"fr_FR","og_type":"article","og_title":"Prochainement Ouverture de la Salle d'Escalade Vertilac ! - Blog Montania Sport","og_description":"Derni\u00e8re ligne droite avant l&rsquo;ouverture&nbsp; le 15 septembre prochain du nouvel Espace Escalade de Savoie : VERTILAC !","og_url":"https:\/\/www.montania-sport.com\/blog\/prochainement-ouverture-de-la-salle-descalade-vertilac\/","og_site_name":"Blog Montania Sport","article_publisher":"https:\/\/www.facebook.com\/Montania.Sport","article_published_time":"2013-08-30T15:25:58+00:00","article_modified_time":"2020-11-07T14:03:03+00:00","og_image":[{"url":"https:\/\/storage.googleapis.com\/asdoria-shared-2.appspot.com\/wp-montania-prod\/1\/2013\/08\/Daniel_Vertilac-1024x768.jpg","type":"","width":"","height":""}],"author":"cedric","twitter_card":"summary_large_image","twitter_creator":"@MontaniaSport","twitter_site":"@MontaniaSport","twitter_misc":{"\u00c9crit par":"cedric","Dur\u00e9e de lecture estim\u00e9e":"3 minutes"},"schema":{"@context":"https:\/\/schema.org","@graph":[{"@type":"Article","@id":"https:\/\/www.montania-sport.com\/blog\/prochainement-ouverture-de-la-salle-descalade-vertilac\/#article","isPartOf":{"@id":"https:\/\/www.montania-sport.com\/blog\/prochainement-ouverture-de-la-salle-descalade-vertilac\/"},"author":{"name":"cedric","@id":"https:\/\/www.montania-sport.com\/blog\/#\/schema\/person\/eb15113f453620c1519f3f6a3886b250"},"headline":"Prochainement Ouverture de la Salle d&rsquo;Escalade Vertilac !","datePublished":"2013-08-30T15:25:58+00:00","dateModified":"2020-11-07T14:03:03+00:00","mainEntityOfPage":{"@id":"https:\/\/www.montania-sport.com\/blog\/prochainement-ouverture-de-la-salle-descalade-vertilac\/"},"wordCount":571,"commentCount":0,"publisher":{"@id":"https:\/\/www.montania-sport.com\/blog\/#organization"},"image":{"@id":"https:\/\/www.montania-sport.com\/blog\/prochainement-ouverture-de-la-salle-descalade-vertilac\/#primaryimage"},"thumbnailUrl":"https:\/\/www.montania-sport.com\/blog\/wp-content\/uploads\/2013\/08\/Daniel_Vertilac-1024x768.jpg","keywords":["Chamb\u00e9ry","Salle Escalade"],"articleSection":["Actus du Magasin \/ Nouveaut\u00e9s"],"inLanguage":"fr-FR","potentialAction":[{"@type":"CommentAction","name":"Comment","target":["https:\/\/www.montania-sport.com\/blog\/prochainement-ouverture-de-la-salle-descalade-vertilac\/#respond"]}]},{"@type":"WebPage","@id":"https:\/\/www.montania-sport.com\/blog\/prochainement-ouverture-de-la-salle-descalade-vertilac\/","url":"https:\/\/www.montania-sport.com\/blog\/prochainement-ouverture-de-la-salle-descalade-vertilac\/","name":"Prochainement Ouverture de la Salle d'Escalade Vertilac ! - Blog Montania Sport","isPartOf":{"@id":"https:\/\/www.montania-sport.com\/blog\/#website"},"primaryImageOfPage":{"@id":"https:\/\/www.montania-sport.com\/blog\/prochainement-ouverture-de-la-salle-descalade-vertilac\/#primaryimage"},"image":{"@id":"https:\/\/www.montania-sport.com\/blog\/prochainement-ouverture-de-la-salle-descalade-vertilac\/#primaryimage"},"thumbnailUrl":"https:\/\/www.montania-sport.com\/blog\/wp-content\/uploads\/2013\/08\/Daniel_Vertilac-1024x768.jpg","datePublished":"2013-08-30T15:25:58+00:00","dateModified":"2020-11-07T14:03:03+00:00","breadcrumb":{"@id":"https:\/\/www.montania-sport.com\/blog\/prochainement-ouverture-de-la-salle-descalade-vertilac\/#breadcrumb"},"inLanguage":"fr-FR","potentialAction":[{"@type":"ReadAction","target":["https:\/\/www.montania-sport.com\/blog\/prochainement-ouverture-de-la-salle-descalade-vertilac\/"]}]},{"@type":"ImageObject","inLanguage":"fr-FR","@id":"https:\/\/www.montania-sport.com\/blog\/prochainement-ouverture-de-la-salle-descalade-vertilac\/#primaryimage","url":"https:\/\/www.montania-sport.com\/blog\/wp-content\/uploads\/2013\/08\/Daniel_Vertilac.jpg","contentUrl":"https:\/\/www.montania-sport.com\/blog\/wp-content\/uploads\/2013\/08\/Daniel_Vertilac.jpg","width":1600,"height":1200},{"@type":"BreadcrumbList","@id":"https:\/\/www.montania-sport.com\/blog\/prochainement-ouverture-de-la-salle-descalade-vertilac\/#breadcrumb","itemListElement":[{"@type":"ListItem","position":1,"name":"Accueil","item":"https:\/\/www.montania-sport.com\/blog\/"},{"@type":"ListItem","position":2,"name":"Prochainement Ouverture de la Salle d&rsquo;Escalade Vertilac !"}]},{"@type":"WebSite","@id":"https:\/\/www.montania-sport.com\/blog\/#website","url":"https:\/\/www.montania-sport.com\/blog\/","name":"Blog Montania Sport","description":"Blog Montania Sport","publisher":{"@id":"https:\/\/www.montania-sport.com\/blog\/#organization"},"potentialAction":[{"@type":"SearchAction","target":{"@type":"EntryPoint","urlTemplate":"https:\/\/www.montania-sport.com\/blog\/?s={search_term_string}"},"query-input":{"@type":"PropertyValueSpecification","valueRequired":true,"valueName":"search_term_string"}}],"inLanguage":"fr-FR"},{"@type":"Organization","@id":"https:\/\/www.montania-sport.com\/blog\/#organization","name":"Montania Sport","url":"https:\/\/www.montania-sport.com\/blog\/","logo":{"@type":"ImageObject","inLanguage":"fr-FR","@id":"https:\/\/www.montania-sport.com\/blog\/#\/schema\/logo\/image\/","url":"https:\/\/www.montania-sport.com\/blog\/wp-content\/uploads\/2023\/04\/cropped-Logo-BLOG-2023-1200.png","contentUrl":"https:\/\/www.montania-sport.com\/blog\/wp-content\/uploads\/2023\/04\/cropped-Logo-BLOG-2023-1200.png","width":1200,"height":645,"caption":"Montania Sport"},"image":{"@id":"https:\/\/www.montania-sport.com\/blog\/#\/schema\/logo\/image\/"},"sameAs":["https:\/\/www.facebook.com\/Montania.Sport","https:\/\/x.com\/MontaniaSport","https:\/\/www.instagram.com\/montania_sport"]},{"@type":"Person","@id":"https:\/\/www.montania-sport.com\/blog\/#\/schema\/person\/eb15113f453620c1519f3f6a3886b250","name":"cedric","image":{"@type":"ImageObject","inLanguage":"fr-FR","@id":"https:\/\/www.montania-sport.com\/blog\/#\/schema\/person\/image\/","url":"https:\/\/secure.gravatar.com\/avatar\/9851a6499bed921b62b2ae7c399fe8ce?s=96&d=mm&r=g","contentUrl":"https:\/\/secure.gravatar.com\/avatar\/9851a6499bed921b62b2ae7c399fe8ce?s=96&d=mm&r=g","caption":"cedric"},"url":"https:\/\/www.montania-sport.com\/blog\/author\/cedric\/"}]}},"jetpack_featured_media_url":"","jetpack_sharing_enabled":true,"jetpack-related-posts":[],"_links":{"self":[{"href":"https:\/\/www.montania-sport.com\/blog\/wp-json\/wp\/v2\/posts\/2961","targetHints":{"allow":["GET"]}}],"collection":[{"href":"https:\/\/www.montania-sport.com\/blog\/wp-json\/wp\/v2\/posts"}],"about":[{"href":"https:\/\/www.montania-sport.com\/blog\/wp-json\/wp\/v2\/types\/post"}],"author":[{"embeddable":true,"href":"https:\/\/www.montania-sport.com\/blog\/wp-json\/wp\/v2\/users\/2"}],"replies":[{"embeddable":true,"href":"https:\/\/www.montania-sport.com\/blog\/wp-json\/wp\/v2\/comments?post=2961"}],"version-history":[{"count":0,"href":"https:\/\/www.montania-sport.com\/blog\/wp-json\/wp\/v2\/posts\/2961\/revisions"}],"wp:attachment":[{"href":"https:\/\/www.montania-sport.com\/blog\/wp-json\/wp\/v2\/media?parent=2961"}],"wp:term":[{"taxonomy":"category","embeddable":true,"href":"https:\/\/www.montania-sport.com\/blog\/wp-json\/wp\/v2\/categories?post=2961"},{"taxonomy":"post_tag","embeddable":true,"href":"https:\/\/www.montania-sport.com\/blog\/wp-json\/wp\/v2\/tags?post=2961"}],"curies":[{"name":"wp","href":"https:\/\/api.w.org\/{rel}","templated":true}]}}