{"id":29397,"date":"2022-11-16T17:26:51","date_gmt":"2022-11-16T16:26:51","guid":{"rendered":"https:\/\/www.montania-sport.com\/blog\/?p=29397"},"modified":"2024-08-20T14:32:48","modified_gmt":"2024-08-20T13:32:48","slug":"nouvelle-lampe-frontale-petzl-nao-rl-puissante-et-ergonomique","status":"publish","type":"post","link":"https:\/\/www.montania-sport.com\/blog\/nouvelle-lampe-frontale-petzl-nao-rl-puissante-et-ergonomique\/","title":{"rendered":"Nouvelle lampe frontale Petzl NAO RL : puissante et ergonomique !"},"content":{"rendered":"\n<p>La lampe frontale Petzl NAO RL est une lampe rechargeable puissante, id\u00e9ale pour le trail running, le v\u00e9lo, la montagne (alpinisme, rando glaciaire) et le ski de rando nocturne. R\u00e9f\u00e9rence des frontales puissantes depuis plusieurs saisons, d\u00e9couvrez en d\u00e9tail le dernier mod\u00e8le de la marque grenobloise. <\/p>\n\n\n\n<!--more-->\n\n\n\n<h2 class=\"wp-block-heading\">La lampe frontale Petzl NAO RL<\/h2>\n\n\n\n<h3 class=\"wp-block-heading\">1500 lumens pour 145g !<\/h3>\n\n\n\n<p>Cette ann\u00e9e, Petzl innove avec la NAO RL, ergonomique et l\u00e9g\u00e8re, avec 1500 lumens pour seulement 145 g ! Le point fort de cette frontale r\u00e9side dans sa technologie REACTIVE, qui permet de s&rsquo;adapter aux situations rencontr\u00e9es. <\/p>\n\n\n\n<div class=\"wp-block-jetpack-tiled-gallery aligncenter is-style-rectangular\"><div class=\"tiled-gallery__gallery\"><div class=\"tiled-gallery__row\"><div class=\"tiled-gallery__col\" style=\"flex-basis:50.00000%\"><figure class=\"tiled-gallery__item\"><img decoding=\"async\" srcset=\"https:\/\/i0.wp.com\/www.montania-sport.com\/blog\/wp-content\/uploads\/2022\/11\/lampe-frontale-rechargeable-nao-rl-1500-lumens-petzl-2023.jpg?strip=info&#038;w=600&#038;ssl=1 600w,https:\/\/i0.wp.com\/www.montania-sport.com\/blog\/wp-content\/uploads\/2022\/11\/lampe-frontale-rechargeable-nao-rl-1500-lumens-petzl-2023.jpg?strip=info&#038;w=735&#038;ssl=1 735w\" alt=\"\" data-height=\"735\" data-id=\"29576\" data-link=\"https:\/\/www.montania-sport.com\/blog\/lampe-frontale-rechargeable-nao-rl-1500-lumens-petzl-2023\/\" data-url=\"https:\/\/www.montania-sport.com\/blog\/wp-content\/uploads\/2022\/11\/lampe-frontale-rechargeable-nao-rl-1500-lumens-petzl-2023.jpg\" data-width=\"735\" src=\"https:\/\/i0.wp.com\/www.montania-sport.com\/blog\/wp-content\/uploads\/2022\/11\/lampe-frontale-rechargeable-nao-rl-1500-lumens-petzl-2023.jpg?ssl=1\" data-amp-layout=\"responsive\"\/><\/figure><\/div><div class=\"tiled-gallery__col\" style=\"flex-basis:50.00000%\"><figure class=\"tiled-gallery__item\"><img decoding=\"async\" srcset=\"https:\/\/i0.wp.com\/www.montania-sport.com\/blog\/wp-content\/uploads\/2022\/11\/lampe-frontale-rechargeable-nao-rl-1500-lumens-petzl-2023-1.jpg?strip=info&#038;w=600&#038;ssl=1 600w,https:\/\/i0.wp.com\/www.montania-sport.com\/blog\/wp-content\/uploads\/2022\/11\/lampe-frontale-rechargeable-nao-rl-1500-lumens-petzl-2023-1.jpg?strip=info&#038;w=735&#038;ssl=1 735w\" alt=\"\" data-height=\"735\" data-id=\"29568\" data-link=\"https:\/\/www.montania-sport.com\/blog\/lampe-frontale-rechargeable-nao-rl-1500-lumens-petzl-2023-1\/\" data-url=\"https:\/\/www.montania-sport.com\/blog\/wp-content\/uploads\/2022\/11\/lampe-frontale-rechargeable-nao-rl-1500-lumens-petzl-2023-1.jpg\" data-width=\"735\" src=\"https:\/\/i0.wp.com\/www.montania-sport.com\/blog\/wp-content\/uploads\/2022\/11\/lampe-frontale-rechargeable-nao-rl-1500-lumens-petzl-2023-1.jpg?ssl=1\" data-amp-layout=\"responsive\"\/><\/figure><\/div><\/div><\/div><\/div>\n\n\n\n<p>2 r\u00e9glages possibles concernant le faisceau : <\/p>\n\n\n\n<ul class=\"wp-block-list\">\n<li>faisceau large et homog\u00e8ne permettant de voir confortablement \u00e0 port\u00e9e de main ou \u00e0 ses pieds,<\/li>\n\n\n\n<li>faisceau mixte (large et focalis\u00e9) permettant de voir \u00e0 proximit\u00e9 et \u00e0 distance pour pouvoir se d\u00e9placer<\/li>\n<\/ul>\n\n\n\n<p>Trois niveaux d\u2019\u00e9clairage blanc sont r\u00e9glables : MAX BURN TIME (autonomie maximale), STANDARD (meilleur \u00e9quilibre puissance\/autonomie) et MAX POWER (puissance maximale)<\/p>\n\n\n\n<p>La lampe frontale Petzl NAO RL est utilisable en 2 modes : constant\/fixe ou Reactive Lighting. Cette technologie permet de s&rsquo;adapter automatiquement \u00e0 la luminosit\u00e9 ambiante, tout en am\u00e9liorant l&rsquo;autonomie.<\/p>\n\n\n\n<figure class=\"wp-block-embed is-type-video is-provider-vimeo wp-block-embed-vimeo wp-embed-aspect-16-9 wp-has-aspect-ratio\"><div class=\"wp-block-embed__wrapper\">\n<div class=\"ast-oembed-container\" style=\"height: 100%;\"><iframe title=\"NAO\u00ae RL Lampe frontale ergonomique, ultra-puissante et rechargeable, dot\u00e9e de la technologie REACTIVE LIGHTING\u00ae. 1500 lumens\" src=\"https:\/\/player.vimeo.com\/video\/524804302?dnt=1&amp;app_id=122963\" width=\"500\" height=\"281\" frameborder=\"0\" allow=\"autoplay; fullscreen; picture-in-picture; clipboard-write\"><\/iframe><\/div>\n<\/div><\/figure>\n\n\n\n<h3 class=\"wp-block-heading\">La technologie REACTIVE LIGHTING\u00ae<\/h3>\n\n\n\n<p>Ce mode intelligent REACTIVE LIGHTING\u00ae permet plus d&rsquo;autonomie, de confort visuel et des manipulations r\u00e9duites. La puissance d\u2019\u00e9clairage et la forme du faisceau s\u2019adaptent automatiquement, gr\u00e2ce \u00e0 un capteur de luminosit\u00e9 permettant d&rsquo;optimiser l&rsquo;utilisation de la batterie<\/p>\n\n\n\n<p>L&rsquo;autonomie minimum garantie de 5 h en mode REACTIVE LIGHTING\u00ae (niveau STANDARD), id\u00e9al pour la pratique de longues activit\u00e9s telles que les trails et ultra-trails. <\/p>\n\n\n\n<h3 class=\"wp-block-heading\">Autonomie et recharge<\/h3>\n\n\n\n<p>La batterie Lithium-Ion de 3200 mAh est rechargeable via une prise USB de type C. Le t\u00e9moin lumineux de charge avec jauge \u00e0 cinq niveaux indique avec pr\u00e9cision le niveau de la batterie. Il est d&rsquo;ailleurs possible d&rsquo;utiliser la batterie rechargeable R1 comme batterie de secours, afin de recharger d\u2019autres appareils (t\u00e9l\u00e9phone, montre\u2026),<\/p>\n\n\n\n<div class=\"wp-block-jetpack-tiled-gallery aligncenter is-style-rectangular\"><div class=\"tiled-gallery__gallery\"><div class=\"tiled-gallery__row\"><div class=\"tiled-gallery__col\" style=\"flex-basis:41.50570%\"><figure class=\"tiled-gallery__item\"><img decoding=\"async\" srcset=\"https:\/\/i1.wp.com\/www.montania-sport.com\/blog\/wp-content\/uploads\/2022\/11\/lampe-frontale-rechargeable-nao-rl-1500-lumens-petzl-2023-3.jpg?strip=info&#038;w=600&#038;ssl=1 600w,https:\/\/i1.wp.com\/www.montania-sport.com\/blog\/wp-content\/uploads\/2022\/11\/lampe-frontale-rechargeable-nao-rl-1500-lumens-petzl-2023-3.jpg?strip=info&#038;w=735&#038;ssl=1 735w\" alt=\"\" data-height=\"735\" data-id=\"29570\" data-link=\"https:\/\/www.montania-sport.com\/blog\/lampe-frontale-rechargeable-nao-rl-1500-lumens-petzl-2023-3\/\" data-url=\"https:\/\/www.montania-sport.com\/blog\/wp-content\/uploads\/2022\/11\/lampe-frontale-rechargeable-nao-rl-1500-lumens-petzl-2023-3.jpg\" data-width=\"735\" src=\"https:\/\/i1.wp.com\/www.montania-sport.com\/blog\/wp-content\/uploads\/2022\/11\/lampe-frontale-rechargeable-nao-rl-1500-lumens-petzl-2023-3.jpg?ssl=1\" data-amp-layout=\"responsive\"\/><\/figure><\/div><div class=\"tiled-gallery__col\" style=\"flex-basis:58.49430%\"><figure class=\"tiled-gallery__item\"><img decoding=\"async\" srcset=\"https:\/\/i1.wp.com\/www.montania-sport.com\/blog\/wp-content\/uploads\/2022\/11\/lampe-frontale-rechargeable-nao-rl-1500-lumens-petzl-2023-4.jpg?strip=info&#038;w=600&#038;ssl=1 600w,https:\/\/i1.wp.com\/www.montania-sport.com\/blog\/wp-content\/uploads\/2022\/11\/lampe-frontale-rechargeable-nao-rl-1500-lumens-petzl-2023-4.jpg?strip=info&#038;w=735&#038;ssl=1 735w\" alt=\"Lampe frontale Petzl NAO RL\" data-height=\"521\" data-id=\"29571\" data-link=\"https:\/\/www.montania-sport.com\/blog\/creator-gd-jpeg-v1-0-using-ijg-jpeg-v62-quality-90-157\/\" data-url=\"https:\/\/www.montania-sport.com\/blog\/wp-content\/uploads\/2022\/11\/lampe-frontale-rechargeable-nao-rl-1500-lumens-petzl-2023-4.jpg\" data-width=\"735\" src=\"https:\/\/i1.wp.com\/www.montania-sport.com\/blog\/wp-content\/uploads\/2022\/11\/lampe-frontale-rechargeable-nao-rl-1500-lumens-petzl-2023-4.jpg?ssl=1\" data-amp-layout=\"responsive\"\/><\/figure><\/div><\/div><\/div><\/div>\n\n\n\n<p>la fonction LOCK est utile pour \u00e9viter les allumages intempestifs lors du transport\/stockage ou verrouiller la configuration d&rsquo;\u00e9clairage lors de l&rsquo;activit\u00e9,<\/p>\n\n\n\n<h3 class=\"wp-block-heading\">Ergonomie<\/h3>\n\n\n\n<p>En termes de confort, la source d&rsquo;\u00e9nergie est d\u00e9port\u00e9e \u00e0 l&rsquo;arri\u00e8re pour r\u00e9partir le poids de la lampe sur l&rsquo;ensemble de la t\u00eate et procurer un port \u00e9quilibr\u00e9. L&rsquo;ajustement se fait de mani\u00e8re simple et rapide \u00e0 l&rsquo;arri\u00e8re. Cette lampe frontale PETZL NAO RL dispose \u00e9galement d&rsquo;une platine avant fine et souple pour s&rsquo;adapter parfaitement \u00e0 toutes les morphologies, ainsi que d&rsquo;un bandeau sup\u00e9rieur suppl\u00e9mentaire pour un maintien optimal.<\/p>\n\n\n\n<div class=\"wp-block-jetpack-tiled-gallery aligncenter is-style-rectangular\"><div class=\"tiled-gallery__gallery\"><div class=\"tiled-gallery__row\"><div class=\"tiled-gallery__col\" style=\"flex-basis:50.00000%\"><figure class=\"tiled-gallery__item\"><img decoding=\"async\" srcset=\"https:\/\/i1.wp.com\/www.montania-sport.com\/blog\/wp-content\/uploads\/2022\/11\/lampe-frontale-rechargeable-nao-rl-1500-lumens-petzl-2023-5.jpg?strip=info&#038;w=600&#038;ssl=1 600w,https:\/\/i1.wp.com\/www.montania-sport.com\/blog\/wp-content\/uploads\/2022\/11\/lampe-frontale-rechargeable-nao-rl-1500-lumens-petzl-2023-5.jpg?strip=info&#038;w=735&#038;ssl=1 735w\" alt=\"ampe frontale Petzl NAO RL\" data-height=\"735\" data-id=\"29572\" data-link=\"https:\/\/www.montania-sport.com\/blog\/lampe-frontale-rechargeable-nao-rl-1500-lumens-petzl-2023-5\/\" data-url=\"https:\/\/www.montania-sport.com\/blog\/wp-content\/uploads\/2022\/11\/lampe-frontale-rechargeable-nao-rl-1500-lumens-petzl-2023-5.jpg\" data-width=\"735\" src=\"https:\/\/i1.wp.com\/www.montania-sport.com\/blog\/wp-content\/uploads\/2022\/11\/lampe-frontale-rechargeable-nao-rl-1500-lumens-petzl-2023-5.jpg?ssl=1\" data-amp-layout=\"responsive\"\/><\/figure><\/div><div class=\"tiled-gallery__col\" style=\"flex-basis:50.00000%\"><figure class=\"tiled-gallery__item\"><img decoding=\"async\" srcset=\"https:\/\/i0.wp.com\/www.montania-sport.com\/blog\/wp-content\/uploads\/2022\/11\/lampe-frontale-rechargeable-nao-rl-1500-lumens-petzl-2023-6.jpg?strip=info&#038;w=600&#038;ssl=1 600w,https:\/\/i0.wp.com\/www.montania-sport.com\/blog\/wp-content\/uploads\/2022\/11\/lampe-frontale-rechargeable-nao-rl-1500-lumens-petzl-2023-6.jpg?strip=info&#038;w=735&#038;ssl=1 735w\" alt=\"ampe frontale Petzl NAO RL\" data-height=\"735\" data-id=\"29573\" data-link=\"https:\/\/www.montania-sport.com\/blog\/lampe-frontale-rechargeable-nao-rl-1500-lumens-petzl-2023-6\/\" data-url=\"https:\/\/www.montania-sport.com\/blog\/wp-content\/uploads\/2022\/11\/lampe-frontale-rechargeable-nao-rl-1500-lumens-petzl-2023-6.jpg\" data-width=\"735\" src=\"https:\/\/i0.wp.com\/www.montania-sport.com\/blog\/wp-content\/uploads\/2022\/11\/lampe-frontale-rechargeable-nao-rl-1500-lumens-petzl-2023-6.jpg?ssl=1\" data-amp-layout=\"responsive\"\/><\/figure><\/div><\/div><\/div><\/div>\n\n\n\n<p>La pochette de rangement permet de transformer la lampe en lanterne avec le mode STANDARD ou de la stocker avec une batterie suppl\u00e9mentaire.<\/p>\n\n\n\n<div class=\"wp-block-jetpack-tiled-gallery aligncenter is-style-rectangular\"><div class=\"tiled-gallery__gallery\"><div class=\"tiled-gallery__row\"><div class=\"tiled-gallery__col\" style=\"flex-basis:50.00000%\"><figure class=\"tiled-gallery__item\"><img decoding=\"async\" srcset=\"https:\/\/i0.wp.com\/www.montania-sport.com\/blog\/wp-content\/uploads\/2022\/11\/lampe-frontale-rechargeable-nao-rl-1500-lumens-petzl-2023-7.jpg?strip=info&#038;w=600&#038;ssl=1 600w,https:\/\/i0.wp.com\/www.montania-sport.com\/blog\/wp-content\/uploads\/2022\/11\/lampe-frontale-rechargeable-nao-rl-1500-lumens-petzl-2023-7.jpg?strip=info&#038;w=735&#038;ssl=1 735w\" alt=\"Pochette de rangement ampe frontale Petzl NAO RL\" data-height=\"735\" data-id=\"29574\" data-link=\"https:\/\/www.montania-sport.com\/blog\/lampe-frontale-rechargeable-nao-rl-1500-lumens-petzl-2023-7\/\" data-url=\"https:\/\/www.montania-sport.com\/blog\/wp-content\/uploads\/2022\/11\/lampe-frontale-rechargeable-nao-rl-1500-lumens-petzl-2023-7.jpg\" data-width=\"735\" src=\"https:\/\/i0.wp.com\/www.montania-sport.com\/blog\/wp-content\/uploads\/2022\/11\/lampe-frontale-rechargeable-nao-rl-1500-lumens-petzl-2023-7.jpg?ssl=1\" data-amp-layout=\"responsive\"\/><\/figure><\/div><div class=\"tiled-gallery__col\" style=\"flex-basis:50.00000%\"><figure class=\"tiled-gallery__item\"><img decoding=\"async\" srcset=\"https:\/\/i0.wp.com\/www.montania-sport.com\/blog\/wp-content\/uploads\/2022\/11\/Logo-Petzl.jpg?strip=info&#038;w=600&#038;ssl=1 600w,https:\/\/i0.wp.com\/www.montania-sport.com\/blog\/wp-content\/uploads\/2022\/11\/Logo-Petzl.jpg?strip=info&#038;w=735&#038;ssl=1 735w\" alt=\"Logo Petzl\" data-height=\"735\" data-id=\"29577\" data-link=\"https:\/\/www.montania-sport.com\/blog\/logo-petzl\/\" data-url=\"https:\/\/www.montania-sport.com\/blog\/wp-content\/uploads\/2022\/11\/Logo-Petzl.jpg\" data-width=\"735\" src=\"https:\/\/i0.wp.com\/www.montania-sport.com\/blog\/wp-content\/uploads\/2022\/11\/Logo-Petzl.jpg?ssl=1\" data-amp-layout=\"responsive\"\/><\/figure><\/div><\/div><\/div><\/div>\n\n\n\n<h2 class=\"wp-block-heading\">Caract\u00e9ristiques techniques <\/h2>\n\n\n\n<figure class=\"wp-block-table\"><table><tbody><tr><td><strong>Marque<\/strong><\/td><td>PETZL<\/td><\/tr><tr><td><strong>Mod\u00e8le<\/strong><\/td><td>NAO RL<\/td><\/tr><tr><td><strong>Puissance Lumineuse<\/strong><\/td><td>jusqu&rsquo;\u00e0 1500 lumens<\/td><\/tr><tr><td><strong>Type de LED<\/strong><\/td><td>multi-faisceaux = large ou mixte<\/td><\/tr><tr><td><strong>Port\u00e9es<\/strong><\/td><td>10m \/ 70m \/ 140m en mode CONSTANT<br \/>70m \/ 100m \/ 200m&nbsp;en mode REACTIVE<\/td><\/tr><tr><td><strong>Autonomie<\/strong><\/td><td>Autonomie mode CONSTANT :&nbsp;<br \/>10 lumens \/ port\u00e9e 10m \/ 80h<br \/>250&nbsp;lumens \/ port\u00e9e 70m \/ 5h + 2h de r\u00e9serve<br \/>900&nbsp;lumens \/ port\u00e9e 140m \/ 2h&nbsp;+ 2h de r\u00e9serve<br \/><br \/>Autonomie mode&nbsp;REACTIVE&nbsp;:&nbsp;<br \/>250&nbsp;lumens \/ port\u00e9e 70m \/&nbsp;10h<br \/>550&nbsp;lumens \/ port\u00e9e 100m \/&nbsp;5h&nbsp;+ 2h de r\u00e9serve<br \/>1500&nbsp;lumens \/ port\u00e9e&nbsp;200m \/&nbsp;2h&nbsp;+ 2h de r\u00e9serve<\/td><\/tr><tr><td><strong>Alimentation<\/strong><\/td><td>batterie rechargeable Lithium-Ion 3200 mAh (fournie) avec \u00e9clairage rouge, fixe ou clignotant \u00e0 l&rsquo;arri\u00e8re.<\/td><\/tr><tr><td><strong>Etanch\u00e9it\u00e9<\/strong><\/td><td>IPX4, r\u00e9sistant aux intemp\u00e9ries (pluie,neige) mais pas d&rsquo;immersion sous l&rsquo;eau<\/td><\/tr><tr><td><strong>Fabrication<\/strong><\/td><td>Fabriqu\u00e9e en Hongrie<\/td><\/tr><tr><td><strong>Poids<\/strong><\/td><td>145g<\/td><\/tr><\/tbody><\/table><\/figure>\n\n\n\n<h2 class=\"wp-block-heading\">Pour quelles utilisations &#8211; Notre avis<\/h2>\n\n\n\n<figure class=\"wp-block-image aligncenter size-large\"><a href=\"https:\/\/www.montania-sport.com\/blog\/wp-content\/uploads\/2021\/06\/logo-avis-rond-250.png\"><img fetchpriority=\"high\" decoding=\"async\" width=\"250\" height=\"250\" src=\"https:\/\/www.montania-sport.com\/blog\/wp-content\/uploads\/2021\/06\/logo-avis-rond-250.png\" alt=\"Logo Avis Montania Sport\" class=\"wp-image-20313\" srcset=\"https:\/\/www.montania-sport.com\/blog\/wp-content\/uploads\/2021\/06\/logo-avis-rond-250.png 250w, https:\/\/www.montania-sport.com\/blog\/wp-content\/uploads\/2021\/06\/logo-avis-rond-250-150x150.png 150w\" sizes=\"(max-width: 250px) 100vw, 250px\" \/><\/a><\/figure>\n\n\n\n<p>C&rsquo;est principalement le rapport puissance\/l\u00e9g\u00e8ret\u00e9 qui fait tout l&rsquo;attrait de cette lampe frontale. Chez Montania Sport, cette nouvelle NAO RL Petzl a \u00e9t\u00e9 s\u00e9lectionn\u00e9e pour le ski de randonn\u00e9e nocturne et le v\u00e9lo apr\u00e8s le boulot (\u00e9clairage \u00e0 l&rsquo;arri\u00e8re rouge utile pour \u00eatre bien visible). On pourra skier de nuit en descente m\u00eame \u00e0 bonne vitesse !<\/p>\n\n\n\n<p>Le mode REACTIVE apporte un r\u00e9el avantage pour \u00e9conomiser de l&rsquo;\u00e9nergie sans avoir \u00e0 multiplier les manips. Par exemple, en courant, si vous regardez \u00e0 2m devant vos pieds, la lampe baissera son intensit\u00e9. En revanche, si vous regardez loin devant vous \u00e0 50m, elle augmentera de fa\u00e7on quasi instantan\u00e9e sa puissance.<\/p>\n\n\n\n<p>De plus, cette frontale, bien que tr\u00e8s l\u00e9g\u00e8re reste particuli\u00e8rement ergonomique. L&rsquo;ajustement est facile, et la platine fine ainsi que le bandeau sup\u00e9rieur l&rsquo;adaptent \u00e0 tous les tours de t\u00eate pour se faire oublier dans l&rsquo;action, tout en assurant un bon maintien. Un petit \u00e9lastique suppl\u00e9mentaire est livr\u00e9 dans la boite et se clippe sur le dessus du cr\u00e2ne ou de la casquette. Une attention bienvenue pour ne pas trop gigoter lors des descentes skis aux pieds et en course \u00e0 pied avec des impacts sur les chemins.<\/p>\n\n\n\n<p>Un coup de c\u0153ur de l&rsquo;\u00e9quipe Montania Sport cette saison pour son excellent rapport qualit\u00e9\/prix !<\/p>\n\n\n\n<hr class=\"wp-block-separator has-css-opacity\"\/>\n\n\n\n<p>Retrouvez la lampe frontale Petzl NAO RL en stock dans notre magasin de Chamb\u00e9ry ou \u00e0 commander en ligne via le lien suivant : <\/p>\n\n\n\n<figure class=\"wp-block-image aligncenter size-large\"><a href=\"https:\/\/www.montania-sport.com\/lampe-frontale\/19636-lampe-frontale-rechargeable-nao-rl-1500-lumens-petzl-2023-3342540838215.html\" target=\"_blank\" rel=\"noopener\"><img decoding=\"async\" width=\"350\" height=\"55\" src=\"https:\/\/www.montania-sport.com\/blog\/wp-content\/uploads\/2021\/06\/Lien-Direct-350.png\" alt=\"Lien Direct Montania-Sport.com\" class=\"wp-image-20290\" srcset=\"https:\/\/www.montania-sport.com\/blog\/wp-content\/uploads\/2021\/06\/Lien-Direct-350.png 350w, https:\/\/www.montania-sport.com\/blog\/wp-content\/uploads\/2021\/06\/Lien-Direct-350-300x47.png 300w\" sizes=\"(max-width: 350px) 100vw, 350px\" \/><\/a><\/figure>\n\n\n\n<p>Et retrouvez notre espace Trail Running (sacs d\u2019hydratation, chaussettes, frontales, casques, chaussures de trail\u2026) ici : <a href=\"https:\/\/www.montania-sport.com\/7086-trail-running\" target=\"_blank\" rel=\"noreferrer noopener\">https:\/\/www.montania-sport.com\/7086-trail-running<\/a><\/p>\n\n\n\n<p>Merci pour votre lecture,<\/p>\n\n\n\n<p>David<\/p>\n","protected":false},"excerpt":{"rendered":"<p>La lampe frontale Petzl NAO RL est une lampe rechargeable puissante, id\u00e9ale pour le trail running, le v\u00e9lo, la montagne (alpinisme, rando glaciaire) et le ski de rando nocturne. R\u00e9f\u00e9rence des frontales puissantes depuis plusieurs saisons, d\u00e9couvrez en d\u00e9tail le dernier mod\u00e8le de la marque grenobloise.<\/p>\n","protected":false},"author":16,"featured_media":29592,"comment_status":"open","ping_status":"open","sticky":false,"template":"","format":"standard","meta":{"site-sidebar-layout":"default","site-content-layout":"default","ast-global-header-display":"","ast-main-header-display":"","ast-hfb-above-header-display":"","ast-hfb-below-header-display":"","ast-hfb-mobile-header-display":"","site-post-title":"","ast-breadcrumbs-content":"","ast-featured-img":"","footer-sml-layout":"","theme-transparent-header-meta":"","adv-header-id-meta":"","stick-header-meta":"","header-above-stick-meta":"","header-main-stick-meta":"","header-below-stick-meta":"","_jetpack_memberships_contains_paid_content":false,"footnotes":""},"categories":[10],"tags":[755,761],"class_list":["post-29397","post","type-post","status-publish","format-standard","has-post-thumbnail","hentry","category-actualites-du-magasin-nouveautes","tag-randonnee","tag-ski-de-randonnee"],"yoast_head":"<!-- This site is optimized with the Yoast SEO plugin v24.4 - https:\/\/yoast.com\/wordpress\/plugins\/seo\/ -->\n<title>Nouvelle lampe frontale Petzl NAO RL : puissante et ergonomique ! - Blog Montania Sport<\/title>\n<meta name=\"description\" content=\"La lampe frontale Petzl NAO RL est une r\u00e9f\u00e9rence des frontales puissantes depuis plusieurs saisons \u00e0 d\u00e9couvrir en d\u00e9tail dans cet article !\" \/>\n<meta name=\"robots\" content=\"index, follow, max-snippet:-1, max-image-preview:large, max-video-preview:-1\" \/>\n<link rel=\"canonical\" href=\"https:\/\/www.montania-sport.com\/blog\/nouvelle-lampe-frontale-petzl-nao-rl-puissante-et-ergonomique\/\" \/>\n<meta property=\"og:locale\" content=\"fr_FR\" \/>\n<meta property=\"og:type\" content=\"article\" \/>\n<meta property=\"og:title\" content=\"Nouvelle lampe frontale Petzl NAO RL : puissante et ergonomique ! - Blog Montania Sport\" \/>\n<meta property=\"og:description\" content=\"La lampe frontale Petzl NAO RL est une r\u00e9f\u00e9rence des frontales puissantes depuis plusieurs saisons \u00e0 d\u00e9couvrir en d\u00e9tail dans cet article !\" \/>\n<meta property=\"og:url\" content=\"https:\/\/www.montania-sport.com\/blog\/nouvelle-lampe-frontale-petzl-nao-rl-puissante-et-ergonomique\/\" \/>\n<meta property=\"og:site_name\" content=\"Blog Montania Sport\" \/>\n<meta property=\"article:publisher\" content=\"https:\/\/www.facebook.com\/Montania.Sport\" \/>\n<meta property=\"article:published_time\" content=\"2022-11-16T16:26:51+00:00\" \/>\n<meta property=\"article:modified_time\" content=\"2024-08-20T13:32:48+00:00\" \/>\n<meta property=\"og:image\" content=\"https:\/\/www.montania-sport.com\/blog\/wp-content\/uploads\/2022\/11\/Frontales-\u00a9-Petzl-Arnaud-Childeric-1200.jpg\" \/>\n\t<meta property=\"og:image:width\" content=\"1200\" \/>\n\t<meta property=\"og:image:height\" content=\"675\" \/>\n\t<meta property=\"og:image:type\" content=\"image\/jpeg\" \/>\n<meta name=\"author\" content=\"Hugo\" \/>\n<meta name=\"twitter:card\" content=\"summary_large_image\" \/>\n<meta name=\"twitter:creator\" content=\"@MontaniaSport\" \/>\n<meta name=\"twitter:site\" content=\"@MontaniaSport\" \/>\n<meta name=\"twitter:label1\" content=\"\u00c9crit par\" \/>\n\t<meta name=\"twitter:data1\" content=\"Hugo\" \/>\n\t<meta name=\"twitter:label2\" content=\"Dur\u00e9e de lecture estim\u00e9e\" \/>\n\t<meta name=\"twitter:data2\" content=\"7 minutes\" \/>\n<script type=\"application\/ld+json\" class=\"yoast-schema-graph\">{\"@context\":\"https:\/\/schema.org\",\"@graph\":[{\"@type\":\"Article\",\"@id\":\"https:\/\/www.montania-sport.com\/blog\/nouvelle-lampe-frontale-petzl-nao-rl-puissante-et-ergonomique\/#article\",\"isPartOf\":{\"@id\":\"https:\/\/www.montania-sport.com\/blog\/nouvelle-lampe-frontale-petzl-nao-rl-puissante-et-ergonomique\/\"},\"author\":{\"name\":\"Hugo\",\"@id\":\"https:\/\/www.montania-sport.com\/blog\/#\/schema\/person\/c933c30e5159a4e5b8aa41e772beadf5\"},\"headline\":\"Nouvelle lampe frontale Petzl NAO RL : puissante et ergonomique !\",\"datePublished\":\"2022-11-16T16:26:51+00:00\",\"dateModified\":\"2024-08-20T13:32:48+00:00\",\"mainEntityOfPage\":{\"@id\":\"https:\/\/www.montania-sport.com\/blog\/nouvelle-lampe-frontale-petzl-nao-rl-puissante-et-ergonomique\/\"},\"wordCount\":888,\"commentCount\":0,\"publisher\":{\"@id\":\"https:\/\/www.montania-sport.com\/blog\/#organization\"},\"image\":{\"@id\":\"https:\/\/www.montania-sport.com\/blog\/nouvelle-lampe-frontale-petzl-nao-rl-puissante-et-ergonomique\/#primaryimage\"},\"thumbnailUrl\":\"https:\/\/www.montania-sport.com\/blog\/wp-content\/uploads\/2022\/11\/Frontales-\u00a9-Petzl-Arnaud-Childeric-1200.jpg\",\"keywords\":[\"Randonn\u00e9e\",\"Ski de randonn\u00e9e\"],\"articleSection\":[\"Actus du Magasin \/ Nouveaut\u00e9s\"],\"inLanguage\":\"fr-FR\",\"potentialAction\":[{\"@type\":\"CommentAction\",\"name\":\"Comment\",\"target\":[\"https:\/\/www.montania-sport.com\/blog\/nouvelle-lampe-frontale-petzl-nao-rl-puissante-et-ergonomique\/#respond\"]}]},{\"@type\":\"WebPage\",\"@id\":\"https:\/\/www.montania-sport.com\/blog\/nouvelle-lampe-frontale-petzl-nao-rl-puissante-et-ergonomique\/\",\"url\":\"https:\/\/www.montania-sport.com\/blog\/nouvelle-lampe-frontale-petzl-nao-rl-puissante-et-ergonomique\/\",\"name\":\"Nouvelle lampe frontale Petzl NAO RL : puissante et ergonomique ! - Blog Montania Sport\",\"isPartOf\":{\"@id\":\"https:\/\/www.montania-sport.com\/blog\/#website\"},\"primaryImageOfPage\":{\"@id\":\"https:\/\/www.montania-sport.com\/blog\/nouvelle-lampe-frontale-petzl-nao-rl-puissante-et-ergonomique\/#primaryimage\"},\"image\":{\"@id\":\"https:\/\/www.montania-sport.com\/blog\/nouvelle-lampe-frontale-petzl-nao-rl-puissante-et-ergonomique\/#primaryimage\"},\"thumbnailUrl\":\"https:\/\/www.montania-sport.com\/blog\/wp-content\/uploads\/2022\/11\/Frontales-\u00a9-Petzl-Arnaud-Childeric-1200.jpg\",\"datePublished\":\"2022-11-16T16:26:51+00:00\",\"dateModified\":\"2024-08-20T13:32:48+00:00\",\"description\":\"La lampe frontale Petzl NAO RL est une r\u00e9f\u00e9rence des frontales puissantes depuis plusieurs saisons \u00e0 d\u00e9couvrir en d\u00e9tail dans cet article !\",\"breadcrumb\":{\"@id\":\"https:\/\/www.montania-sport.com\/blog\/nouvelle-lampe-frontale-petzl-nao-rl-puissante-et-ergonomique\/#breadcrumb\"},\"inLanguage\":\"fr-FR\",\"potentialAction\":[{\"@type\":\"ReadAction\",\"target\":[\"https:\/\/www.montania-sport.com\/blog\/nouvelle-lampe-frontale-petzl-nao-rl-puissante-et-ergonomique\/\"]}]},{\"@type\":\"ImageObject\",\"inLanguage\":\"fr-FR\",\"@id\":\"https:\/\/www.montania-sport.com\/blog\/nouvelle-lampe-frontale-petzl-nao-rl-puissante-et-ergonomique\/#primaryimage\",\"url\":\"https:\/\/www.montania-sport.com\/blog\/wp-content\/uploads\/2022\/11\/Frontales-\u00a9-Petzl-Arnaud-Childeric-1200.jpg\",\"contentUrl\":\"https:\/\/www.montania-sport.com\/blog\/wp-content\/uploads\/2022\/11\/Frontales-\u00a9-Petzl-Arnaud-Childeric-1200.jpg\",\"width\":1200,\"height\":675,\"caption\":\"Frontales \u00a9 Petzl Arnaud Childeric-1200\"},{\"@type\":\"BreadcrumbList\",\"@id\":\"https:\/\/www.montania-sport.com\/blog\/nouvelle-lampe-frontale-petzl-nao-rl-puissante-et-ergonomique\/#breadcrumb\",\"itemListElement\":[{\"@type\":\"ListItem\",\"position\":1,\"name\":\"Accueil\",\"item\":\"https:\/\/www.montania-sport.com\/blog\/\"},{\"@type\":\"ListItem\",\"position\":2,\"name\":\"Nouvelle lampe frontale Petzl NAO RL : puissante et ergonomique !\"}]},{\"@type\":\"WebSite\",\"@id\":\"https:\/\/www.montania-sport.com\/blog\/#website\",\"url\":\"https:\/\/www.montania-sport.com\/blog\/\",\"name\":\"Blog Montania Sport\",\"description\":\"Blog Montania Sport\",\"publisher\":{\"@id\":\"https:\/\/www.montania-sport.com\/blog\/#organization\"},\"potentialAction\":[{\"@type\":\"SearchAction\",\"target\":{\"@type\":\"EntryPoint\",\"urlTemplate\":\"https:\/\/www.montania-sport.com\/blog\/?s={search_term_string}\"},\"query-input\":{\"@type\":\"PropertyValueSpecification\",\"valueRequired\":true,\"valueName\":\"search_term_string\"}}],\"inLanguage\":\"fr-FR\"},{\"@type\":\"Organization\",\"@id\":\"https:\/\/www.montania-sport.com\/blog\/#organization\",\"name\":\"Montania Sport\",\"url\":\"https:\/\/www.montania-sport.com\/blog\/\",\"logo\":{\"@type\":\"ImageObject\",\"inLanguage\":\"fr-FR\",\"@id\":\"https:\/\/www.montania-sport.com\/blog\/#\/schema\/logo\/image\/\",\"url\":\"https:\/\/www.montania-sport.com\/blog\/wp-content\/uploads\/2023\/04\/cropped-Logo-BLOG-2023-1200.png\",\"contentUrl\":\"https:\/\/www.montania-sport.com\/blog\/wp-content\/uploads\/2023\/04\/cropped-Logo-BLOG-2023-1200.png\",\"width\":1200,\"height\":645,\"caption\":\"Montania Sport\"},\"image\":{\"@id\":\"https:\/\/www.montania-sport.com\/blog\/#\/schema\/logo\/image\/\"},\"sameAs\":[\"https:\/\/www.facebook.com\/Montania.Sport\",\"https:\/\/x.com\/MontaniaSport\",\"https:\/\/www.instagram.com\/montania_sport\"]},{\"@type\":\"Person\",\"@id\":\"https:\/\/www.montania-sport.com\/blog\/#\/schema\/person\/c933c30e5159a4e5b8aa41e772beadf5\",\"name\":\"Hugo\",\"image\":{\"@type\":\"ImageObject\",\"inLanguage\":\"fr-FR\",\"@id\":\"https:\/\/www.montania-sport.com\/blog\/#\/schema\/person\/image\/\",\"url\":\"https:\/\/secure.gravatar.com\/avatar\/9f8bff9fa481ae20ba98a9185066805e?s=96&d=mm&r=g\",\"contentUrl\":\"https:\/\/secure.gravatar.com\/avatar\/9f8bff9fa481ae20ba98a9185066805e?s=96&d=mm&r=g\",\"caption\":\"Hugo\"},\"url\":\"https:\/\/www.montania-sport.com\/blog\/author\/david\/\"}]}<\/script>\n<!-- \/ Yoast SEO plugin. -->","yoast_head_json":{"title":"Nouvelle lampe frontale Petzl NAO RL : puissante et ergonomique ! - Blog Montania Sport","description":"La lampe frontale Petzl NAO RL est une r\u00e9f\u00e9rence des frontales puissantes depuis plusieurs saisons \u00e0 d\u00e9couvrir en d\u00e9tail dans cet article !","robots":{"index":"index","follow":"follow","max-snippet":"max-snippet:-1","max-image-preview":"max-image-preview:large","max-video-preview":"max-video-preview:-1"},"canonical":"https:\/\/www.montania-sport.com\/blog\/nouvelle-lampe-frontale-petzl-nao-rl-puissante-et-ergonomique\/","og_locale":"fr_FR","og_type":"article","og_title":"Nouvelle lampe frontale Petzl NAO RL : puissante et ergonomique ! - Blog Montania Sport","og_description":"La lampe frontale Petzl NAO RL est une r\u00e9f\u00e9rence des frontales puissantes depuis plusieurs saisons \u00e0 d\u00e9couvrir en d\u00e9tail dans cet article !","og_url":"https:\/\/www.montania-sport.com\/blog\/nouvelle-lampe-frontale-petzl-nao-rl-puissante-et-ergonomique\/","og_site_name":"Blog Montania Sport","article_publisher":"https:\/\/www.facebook.com\/Montania.Sport","article_published_time":"2022-11-16T16:26:51+00:00","article_modified_time":"2024-08-20T13:32:48+00:00","og_image":[{"width":1200,"height":675,"url":"https:\/\/www.montania-sport.com\/blog\/wp-content\/uploads\/2022\/11\/Frontales-\u00a9-Petzl-Arnaud-Childeric-1200.jpg","type":"image\/jpeg"}],"author":"Hugo","twitter_card":"summary_large_image","twitter_creator":"@MontaniaSport","twitter_site":"@MontaniaSport","twitter_misc":{"\u00c9crit par":"Hugo","Dur\u00e9e de lecture estim\u00e9e":"7 minutes"},"schema":{"@context":"https:\/\/schema.org","@graph":[{"@type":"Article","@id":"https:\/\/www.montania-sport.com\/blog\/nouvelle-lampe-frontale-petzl-nao-rl-puissante-et-ergonomique\/#article","isPartOf":{"@id":"https:\/\/www.montania-sport.com\/blog\/nouvelle-lampe-frontale-petzl-nao-rl-puissante-et-ergonomique\/"},"author":{"name":"Hugo","@id":"https:\/\/www.montania-sport.com\/blog\/#\/schema\/person\/c933c30e5159a4e5b8aa41e772beadf5"},"headline":"Nouvelle lampe frontale Petzl NAO RL : puissante et ergonomique !","datePublished":"2022-11-16T16:26:51+00:00","dateModified":"2024-08-20T13:32:48+00:00","mainEntityOfPage":{"@id":"https:\/\/www.montania-sport.com\/blog\/nouvelle-lampe-frontale-petzl-nao-rl-puissante-et-ergonomique\/"},"wordCount":888,"commentCount":0,"publisher":{"@id":"https:\/\/www.montania-sport.com\/blog\/#organization"},"image":{"@id":"https:\/\/www.montania-sport.com\/blog\/nouvelle-lampe-frontale-petzl-nao-rl-puissante-et-ergonomique\/#primaryimage"},"thumbnailUrl":"https:\/\/www.montania-sport.com\/blog\/wp-content\/uploads\/2022\/11\/Frontales-\u00a9-Petzl-Arnaud-Childeric-1200.jpg","keywords":["Randonn\u00e9e","Ski de randonn\u00e9e"],"articleSection":["Actus du Magasin \/ Nouveaut\u00e9s"],"inLanguage":"fr-FR","potentialAction":[{"@type":"CommentAction","name":"Comment","target":["https:\/\/www.montania-sport.com\/blog\/nouvelle-lampe-frontale-petzl-nao-rl-puissante-et-ergonomique\/#respond"]}]},{"@type":"WebPage","@id":"https:\/\/www.montania-sport.com\/blog\/nouvelle-lampe-frontale-petzl-nao-rl-puissante-et-ergonomique\/","url":"https:\/\/www.montania-sport.com\/blog\/nouvelle-lampe-frontale-petzl-nao-rl-puissante-et-ergonomique\/","name":"Nouvelle lampe frontale Petzl NAO RL : puissante et ergonomique ! - Blog Montania Sport","isPartOf":{"@id":"https:\/\/www.montania-sport.com\/blog\/#website"},"primaryImageOfPage":{"@id":"https:\/\/www.montania-sport.com\/blog\/nouvelle-lampe-frontale-petzl-nao-rl-puissante-et-ergonomique\/#primaryimage"},"image":{"@id":"https:\/\/www.montania-sport.com\/blog\/nouvelle-lampe-frontale-petzl-nao-rl-puissante-et-ergonomique\/#primaryimage"},"thumbnailUrl":"https:\/\/www.montania-sport.com\/blog\/wp-content\/uploads\/2022\/11\/Frontales-\u00a9-Petzl-Arnaud-Childeric-1200.jpg","datePublished":"2022-11-16T16:26:51+00:00","dateModified":"2024-08-20T13:32:48+00:00","description":"La lampe frontale Petzl NAO RL est une r\u00e9f\u00e9rence des frontales puissantes depuis plusieurs saisons \u00e0 d\u00e9couvrir en d\u00e9tail dans cet article !","breadcrumb":{"@id":"https:\/\/www.montania-sport.com\/blog\/nouvelle-lampe-frontale-petzl-nao-rl-puissante-et-ergonomique\/#breadcrumb"},"inLanguage":"fr-FR","potentialAction":[{"@type":"ReadAction","target":["https:\/\/www.montania-sport.com\/blog\/nouvelle-lampe-frontale-petzl-nao-rl-puissante-et-ergonomique\/"]}]},{"@type":"ImageObject","inLanguage":"fr-FR","@id":"https:\/\/www.montania-sport.com\/blog\/nouvelle-lampe-frontale-petzl-nao-rl-puissante-et-ergonomique\/#primaryimage","url":"https:\/\/www.montania-sport.com\/blog\/wp-content\/uploads\/2022\/11\/Frontales-\u00a9-Petzl-Arnaud-Childeric-1200.jpg","contentUrl":"https:\/\/www.montania-sport.com\/blog\/wp-content\/uploads\/2022\/11\/Frontales-\u00a9-Petzl-Arnaud-Childeric-1200.jpg","width":1200,"height":675,"caption":"Frontales \u00a9 Petzl Arnaud Childeric-1200"},{"@type":"BreadcrumbList","@id":"https:\/\/www.montania-sport.com\/blog\/nouvelle-lampe-frontale-petzl-nao-rl-puissante-et-ergonomique\/#breadcrumb","itemListElement":[{"@type":"ListItem","position":1,"name":"Accueil","item":"https:\/\/www.montania-sport.com\/blog\/"},{"@type":"ListItem","position":2,"name":"Nouvelle lampe frontale Petzl NAO RL : puissante et ergonomique !"}]},{"@type":"WebSite","@id":"https:\/\/www.montania-sport.com\/blog\/#website","url":"https:\/\/www.montania-sport.com\/blog\/","name":"Blog Montania Sport","description":"Blog Montania Sport","publisher":{"@id":"https:\/\/www.montania-sport.com\/blog\/#organization"},"potentialAction":[{"@type":"SearchAction","target":{"@type":"EntryPoint","urlTemplate":"https:\/\/www.montania-sport.com\/blog\/?s={search_term_string}"},"query-input":{"@type":"PropertyValueSpecification","valueRequired":true,"valueName":"search_term_string"}}],"inLanguage":"fr-FR"},{"@type":"Organization","@id":"https:\/\/www.montania-sport.com\/blog\/#organization","name":"Montania Sport","url":"https:\/\/www.montania-sport.com\/blog\/","logo":{"@type":"ImageObject","inLanguage":"fr-FR","@id":"https:\/\/www.montania-sport.com\/blog\/#\/schema\/logo\/image\/","url":"https:\/\/www.montania-sport.com\/blog\/wp-content\/uploads\/2023\/04\/cropped-Logo-BLOG-2023-1200.png","contentUrl":"https:\/\/www.montania-sport.com\/blog\/wp-content\/uploads\/2023\/04\/cropped-Logo-BLOG-2023-1200.png","width":1200,"height":645,"caption":"Montania Sport"},"image":{"@id":"https:\/\/www.montania-sport.com\/blog\/#\/schema\/logo\/image\/"},"sameAs":["https:\/\/www.facebook.com\/Montania.Sport","https:\/\/x.com\/MontaniaSport","https:\/\/www.instagram.com\/montania_sport"]},{"@type":"Person","@id":"https:\/\/www.montania-sport.com\/blog\/#\/schema\/person\/c933c30e5159a4e5b8aa41e772beadf5","name":"Hugo","image":{"@type":"ImageObject","inLanguage":"fr-FR","@id":"https:\/\/www.montania-sport.com\/blog\/#\/schema\/person\/image\/","url":"https:\/\/secure.gravatar.com\/avatar\/9f8bff9fa481ae20ba98a9185066805e?s=96&d=mm&r=g","contentUrl":"https:\/\/secure.gravatar.com\/avatar\/9f8bff9fa481ae20ba98a9185066805e?s=96&d=mm&r=g","caption":"Hugo"},"url":"https:\/\/www.montania-sport.com\/blog\/author\/david\/"}]}},"jetpack_featured_media_url":"https:\/\/www.montania-sport.com\/blog\/wp-content\/uploads\/2022\/11\/Frontales-\u00a9-Petzl-Arnaud-Childeric-1200.jpg","jetpack_sharing_enabled":true,"jetpack-related-posts":[],"_links":{"self":[{"href":"https:\/\/www.montania-sport.com\/blog\/wp-json\/wp\/v2\/posts\/29397","targetHints":{"allow":["GET"]}}],"collection":[{"href":"https:\/\/www.montania-sport.com\/blog\/wp-json\/wp\/v2\/posts"}],"about":[{"href":"https:\/\/www.montania-sport.com\/blog\/wp-json\/wp\/v2\/types\/post"}],"author":[{"embeddable":true,"href":"https:\/\/www.montania-sport.com\/blog\/wp-json\/wp\/v2\/users\/16"}],"replies":[{"embeddable":true,"href":"https:\/\/www.montania-sport.com\/blog\/wp-json\/wp\/v2\/comments?post=29397"}],"version-history":[{"count":2,"href":"https:\/\/www.montania-sport.com\/blog\/wp-json\/wp\/v2\/posts\/29397\/revisions"}],"predecessor-version":[{"id":34046,"href":"https:\/\/www.montania-sport.com\/blog\/wp-json\/wp\/v2\/posts\/29397\/revisions\/34046"}],"wp:featuredmedia":[{"embeddable":true,"href":"https:\/\/www.montania-sport.com\/blog\/wp-json\/wp\/v2\/media\/29592"}],"wp:attachment":[{"href":"https:\/\/www.montania-sport.com\/blog\/wp-json\/wp\/v2\/media?parent=29397"}],"wp:term":[{"taxonomy":"category","embeddable":true,"href":"https:\/\/www.montania-sport.com\/blog\/wp-json\/wp\/v2\/categories?post=29397"},{"taxonomy":"post_tag","embeddable":true,"href":"https:\/\/www.montania-sport.com\/blog\/wp-json\/wp\/v2\/tags?post=29397"}],"curies":[{"name":"wp","href":"https:\/\/api.w.org\/{rel}","templated":true}]}}