{"id":27704,"date":"2022-08-04T09:35:37","date_gmt":"2022-08-04T08:35:37","guid":{"rendered":"https:\/\/www.montania-sport.com\/blog\/?p=27704"},"modified":"2023-05-10T09:16:57","modified_gmt":"2023-05-10T08:16:57","slug":"sac-a-dos-montura-pila-25-ideal-pour-les-sorties-a-la-journee","status":"publish","type":"post","link":"https:\/\/www.montania-sport.com\/blog\/sac-a-dos-montura-pila-25-ideal-pour-les-sorties-a-la-journee\/","title":{"rendered":"Sac \u00e0 dos Montura PILA 25 : id\u00e9al pour les sorties \u00e0 la journ\u00e9e !"},"content":{"rendered":"\n<p>On ne pr\u00e9sente plus la marque transalpine Montura, qui produit des v\u00eatements techniques et des chaussures de grande qualit\u00e9. Elle con\u00e7oit \u00e9galement une gamme de sacs \u00e0 dos de litrages diff\u00e9rents pour des configurations vari\u00e9es : alpinisme, randonn\u00e9e, trekking, ski de randonn\u00e9e\u2026 Aujourd&rsquo;hui, nous nous int\u00e9ressons au sac \u00e0 dos Montura PILA 25, tr\u00e8s polyvalent et id\u00e9al pour tous types de sorties \u00e0 la journ\u00e9e !<\/p>\n\n\n\n<!--more-->\n\n\n\n<figure class=\"wp-block-image aligncenter size-large\"><a href=\"https:\/\/www.montania-sport.com\/blog\/wp-content\/uploads\/2022\/08\/Montura-Pila25-1200.jpg\"><img fetchpriority=\"high\" decoding=\"async\" width=\"1024\" height=\"576\" src=\"https:\/\/www.montania-sport.com\/blog\/wp-content\/uploads\/2022\/08\/Montura-Pila25-1200-1024x576.jpg\" alt=\"Sac \u00e0 dos Montura Pila 25\" class=\"wp-image-27768\" srcset=\"https:\/\/www.montania-sport.com\/blog\/wp-content\/uploads\/2022\/08\/Montura-Pila25-1200-1024x576.jpg 1024w, https:\/\/www.montania-sport.com\/blog\/wp-content\/uploads\/2022\/08\/Montura-Pila25-1200-300x169.jpg 300w, https:\/\/www.montania-sport.com\/blog\/wp-content\/uploads\/2022\/08\/Montura-Pila25-1200-768x432.jpg 768w, https:\/\/www.montania-sport.com\/blog\/wp-content\/uploads\/2022\/08\/Montura-Pila25-1200.jpg 1200w\" sizes=\"(max-width: 1024px) 100vw, 1024px\" \/><\/a><\/figure>\n\n\n\n<h2 class=\"wp-block-heading\">Le sac \u00e0 dos Montura PILA 25 <\/h2>\n\n\n\n<p>Ces derniers temps, la mode est au mat\u00e9riel l\u00e9ger pour la randonn\u00e9e : chaussures basses et ventil\u00e9es, v\u00eatements respirants&#8230; En ce qui concerne les sacs \u00e0 dos pour des sorties \u00e0 la journ\u00e9e, les crit\u00e8res principaux sont les aspects pratiques tels que le confort de portage et les acc\u00e8s. <\/p>\n\n\n\n<h3 class=\"wp-block-heading\">Confort de portage et dos ventil\u00e9<\/h3>\n\n\n\n<p>Le sac \u00e0 dos Montura PILA 25 b\u00e9n\u00e9ficie d&rsquo;une bonne ergonomie, avec un panneau dos bien rigide qui comprend une \u00e9ponge EVA Mold. Ce design sp\u00e9cifique permet une bonne r\u00e9partition du poids, ainsi qu&rsquo;un dos ventil\u00e9 qui sera tr\u00e8s utile pour \u00e9viter la sueur durant les rando en toutes saisons. On note que ce n&rsquo;est pas toujours le cas sur des sacs \u00e0 dos de petits litrages. On retrouve le rembourrage et l&rsquo;a\u00e9ration sur les bretelles ainsi que su la ceinture pour le confort et la respirabilit\u00e9. <\/p>\n\n\n\n<figure class=\"wp-block-image aligncenter size-large\"><a href=\"https:\/\/www.montania-sport.com\/blog\/wp-content\/uploads\/2022\/08\/sac-a-dos-pila-25-bleu-montura-2022.jpg\"><img decoding=\"async\" width=\"800\" height=\"800\" src=\"https:\/\/www.montania-sport.com\/blog\/wp-content\/uploads\/2022\/08\/sac-a-dos-pila-25-bleu-montura-2022.jpg\" alt=\"\" class=\"wp-image-27754\" srcset=\"https:\/\/www.montania-sport.com\/blog\/wp-content\/uploads\/2022\/08\/sac-a-dos-pila-25-bleu-montura-2022.jpg 800w, https:\/\/www.montania-sport.com\/blog\/wp-content\/uploads\/2022\/08\/sac-a-dos-pila-25-bleu-montura-2022-300x300.jpg 300w, https:\/\/www.montania-sport.com\/blog\/wp-content\/uploads\/2022\/08\/sac-a-dos-pila-25-bleu-montura-2022-150x150.jpg 150w, https:\/\/www.montania-sport.com\/blog\/wp-content\/uploads\/2022\/08\/sac-a-dos-pila-25-bleu-montura-2022-768x768.jpg 768w\" sizes=\"(max-width: 800px) 100vw, 800px\" \/><\/a><\/figure>\n\n\n\n<h3 class=\"wp-block-heading\">Construction : des tissus r\u00e9sistants et d\u00e9perlants<\/h3>\n\n\n\n<p>Le tissu en nylon <strong>Cordura\u00ae<\/strong> r\u00e9sistant permet un mix entre l\u00e9g\u00e8ret\u00e9 et r\u00e9sistance \u00e0 l&rsquo;abrasions et \u00e0 la d\u00e9chirure. Niveau imperm\u00e9abilit\u00e9, le maillage \u00ab\u00a0Triple-Ripstop\u00a0\u00bb en nylon permet une bonne d\u00e9perlance \u00e0 1000mm sur l&rsquo;indice de Shmerber (r\u00e9siste \u00e0 une colonne d&rsquo;eau d&rsquo;un m\u00e8tre) pour les pluies fines. En cas de fortes pluies, il faudra utiliser la housse imperm\u00e9able sp\u00e9ciale. \u00c7a tombe bien, elle est livr\u00e9e avec le sac \u00e0 dos !<\/p>\n\n\n\n<h3 class=\"wp-block-heading\">Nombreux rangements et accessoires fournis<\/h3>\n\n\n\n<figure class=\"wp-block-image aligncenter size-large\"><a href=\"https:\/\/www.montania-sport.com\/blog\/wp-content\/uploads\/2022\/08\/sac-a-dos-pila-25-bleu-montura-2022-1.jpg\"><img decoding=\"async\" width=\"735\" height=\"735\" src=\"https:\/\/www.montania-sport.com\/blog\/wp-content\/uploads\/2022\/08\/sac-a-dos-pila-25-bleu-montura-2022-1.jpg\" alt=\"\" class=\"wp-image-27753\" srcset=\"https:\/\/www.montania-sport.com\/blog\/wp-content\/uploads\/2022\/08\/sac-a-dos-pila-25-bleu-montura-2022-1.jpg 735w, https:\/\/www.montania-sport.com\/blog\/wp-content\/uploads\/2022\/08\/sac-a-dos-pila-25-bleu-montura-2022-1-300x300.jpg 300w, https:\/\/www.montania-sport.com\/blog\/wp-content\/uploads\/2022\/08\/sac-a-dos-pila-25-bleu-montura-2022-1-150x150.jpg 150w\" sizes=\"(max-width: 735px) 100vw, 735px\" \/><\/a><\/figure>\n\n\n\n<p>Pratiques, de nombreuses poches zipp\u00e9es ou non sont facilement accessibles. De plus, les poches filets lat\u00e9rales sont profondes pour y glisser une gourde ou des barres. On retrouve une poche zipp\u00e9e sup\u00e9rieure pour y mettre cr\u00e8me solaire, housse&#8230; et une autre \u00e0 l&rsquo;avant. La ceinture est aussi tr\u00e8s pratique avec une poche filet sur toute la longueur du c\u00f4t\u00e9 gauche ainsi qu&rsquo;une poche zipp\u00e9e c\u00f4t\u00e9 droit pour y ranger les cl\u00e9s, le portefeuille, ou tout autre objet qui doit \u00eatre facilement accessible. <\/p>\n\n\n\n<p>\u00c0 l&rsquo;int\u00e9rieur un compartiment est d\u00e9di\u00e9 \u00e0 la poche \u00e0 eau. Celle-ci est surmont\u00e9e de 2 autres poches zipp\u00e9es, l&rsquo;une \u00e9tant id\u00e9ale pour y placer des documents de voyage, passeports ou carte IGN. <\/p>\n\n\n\n<p>Enfin, l&rsquo;attache lunette sur les bretelles est appr\u00e9ciable : un petit plus sympathique qui vient compl\u00e9ter ce sac \u00e0 dos, disponible en 6 couleurs, bleu, noir, rose, vert-baltic, gris-lime et rouge.<\/p>\n\n\n\n<div class=\"wp-block-jetpack-tiled-gallery aligncenter is-style-rectangular\"><div class=\"tiled-gallery__gallery\"><div class=\"tiled-gallery__row\"><div class=\"tiled-gallery__col\" style=\"flex-basis:66.72278%\"><figure class=\"tiled-gallery__item\"><img decoding=\"async\" srcset=\"https:\/\/www.montania-sport.com\/blog\/wp-content\/uploads\/2022\/08\/sac-a-dos-pila-25-bleu-montura-2022-3.jpg?strip=info&#038;w=600&#038;ssl=1 600w,https:\/\/www.montania-sport.com\/blog\/wp-content\/uploads\/2022\/08\/sac-a-dos-pila-25-bleu-montura-2022-3.jpg?strip=info&#038;w=735&#038;ssl=1 735w\" alt=\"\" data-height=\"735\" data-id=\"27756\" data-link=\"https:\/\/www.montania-sport.com\/blog\/sac-a-dos-pila-25-bleu-montura-2022-3\/\" data-url=\"https:\/\/www.montania-sport.com\/blog\/wp-content\/uploads\/2022\/08\/sac-a-dos-pila-25-bleu-montura-2022-3.jpg\" data-width=\"735\" src=\"https:\/\/www.montania-sport.com\/blog\/wp-content\/uploads\/2022\/08\/sac-a-dos-pila-25-bleu-montura-2022-3.jpg?ssl=1\" data-amp-layout=\"responsive\"\/><\/figure><\/div><div class=\"tiled-gallery__col\" style=\"flex-basis:33.27722%\"><figure class=\"tiled-gallery__item\"><img decoding=\"async\" srcset=\"https:\/\/www.montania-sport.com\/blog\/wp-content\/uploads\/2022\/08\/sac-a-dos-pila-25-noir-montura-2022.jpg?strip=info&#038;w=600&#038;ssl=1 600w,https:\/\/www.montania-sport.com\/blog\/wp-content\/uploads\/2022\/08\/sac-a-dos-pila-25-noir-montura-2022.jpg?strip=info&#038;w=735&#038;ssl=1 735w\" alt=\"\" data-height=\"735\" data-id=\"27757\" data-link=\"https:\/\/www.montania-sport.com\/blog\/sac-a-dos-pila-25-noir-montura-2022\/\" data-url=\"https:\/\/www.montania-sport.com\/blog\/wp-content\/uploads\/2022\/08\/sac-a-dos-pila-25-noir-montura-2022.jpg\" data-width=\"735\" src=\"https:\/\/www.montania-sport.com\/blog\/wp-content\/uploads\/2022\/08\/sac-a-dos-pila-25-noir-montura-2022.jpg?ssl=1\" data-amp-layout=\"responsive\"\/><\/figure><figure class=\"tiled-gallery__item\"><img decoding=\"async\" srcset=\"https:\/\/www.montania-sport.com\/blog\/wp-content\/uploads\/2022\/08\/sac-a-dos-pila-25-rose-montura-2022.jpg?strip=info&#038;w=600&#038;ssl=1 600w,https:\/\/www.montania-sport.com\/blog\/wp-content\/uploads\/2022\/08\/sac-a-dos-pila-25-rose-montura-2022.jpg?strip=info&#038;w=735&#038;ssl=1 735w\" alt=\"\" data-height=\"735\" data-id=\"27758\" data-link=\"https:\/\/www.montania-sport.com\/blog\/sac-a-dos-pila-25-rose-montura-2022\/\" data-url=\"https:\/\/www.montania-sport.com\/blog\/wp-content\/uploads\/2022\/08\/sac-a-dos-pila-25-rose-montura-2022.jpg\" data-width=\"735\" src=\"https:\/\/www.montania-sport.com\/blog\/wp-content\/uploads\/2022\/08\/sac-a-dos-pila-25-rose-montura-2022.jpg?ssl=1\" data-amp-layout=\"responsive\"\/><\/figure><\/div><\/div><div class=\"tiled-gallery__row\"><div class=\"tiled-gallery__col\" style=\"flex-basis:33.33333%\"><figure class=\"tiled-gallery__item\"><img decoding=\"async\" srcset=\"https:\/\/www.montania-sport.com\/blog\/wp-content\/uploads\/2022\/08\/sac-a-dos-pila-25-vert-baltic-montura-2022.jpg?strip=info&#038;w=600&#038;ssl=1 600w,https:\/\/www.montania-sport.com\/blog\/wp-content\/uploads\/2022\/08\/sac-a-dos-pila-25-vert-baltic-montura-2022.jpg?strip=info&#038;w=735&#038;ssl=1 735w\" alt=\"\" data-height=\"735\" data-id=\"27759\" data-link=\"https:\/\/www.montania-sport.com\/blog\/sac-a-dos-pila-25-vert-baltic-montura-2022\/\" data-url=\"https:\/\/www.montania-sport.com\/blog\/wp-content\/uploads\/2022\/08\/sac-a-dos-pila-25-vert-baltic-montura-2022.jpg\" data-width=\"735\" src=\"https:\/\/www.montania-sport.com\/blog\/wp-content\/uploads\/2022\/08\/sac-a-dos-pila-25-vert-baltic-montura-2022.jpg?ssl=1\" data-amp-layout=\"responsive\"\/><\/figure><\/div><div class=\"tiled-gallery__col\" style=\"flex-basis:33.33333%\"><figure class=\"tiled-gallery__item\"><img decoding=\"async\" srcset=\"https:\/\/www.montania-sport.com\/blog\/wp-content\/uploads\/2022\/08\/sac-a-dos-pila-25-rouge-bordeaux-montura-2022.jpg?strip=info&#038;w=600&#038;ssl=1 600w,https:\/\/www.montania-sport.com\/blog\/wp-content\/uploads\/2022\/08\/sac-a-dos-pila-25-rouge-bordeaux-montura-2022.jpg?strip=info&#038;w=735&#038;ssl=1 735w\" alt=\"\" data-height=\"735\" data-id=\"27760\" data-link=\"https:\/\/www.montania-sport.com\/blog\/sac-a-dos-pila-25-rouge-bordeaux-montura-2022\/\" data-url=\"https:\/\/www.montania-sport.com\/blog\/wp-content\/uploads\/2022\/08\/sac-a-dos-pila-25-rouge-bordeaux-montura-2022.jpg\" data-width=\"735\" src=\"https:\/\/www.montania-sport.com\/blog\/wp-content\/uploads\/2022\/08\/sac-a-dos-pila-25-rouge-bordeaux-montura-2022.jpg?ssl=1\" data-amp-layout=\"responsive\"\/><\/figure><\/div><div class=\"tiled-gallery__col\" style=\"flex-basis:33.33333%\"><figure class=\"tiled-gallery__item\"><img decoding=\"async\" srcset=\"https:\/\/www.montania-sport.com\/blog\/wp-content\/uploads\/2022\/08\/sac-a-dos-pila-25-gris-lime-montura-2022.jpg?strip=info&#038;w=600&#038;ssl=1 600w,https:\/\/www.montania-sport.com\/blog\/wp-content\/uploads\/2022\/08\/sac-a-dos-pila-25-gris-lime-montura-2022.jpg?strip=info&#038;w=735&#038;ssl=1 735w\" alt=\"\" data-height=\"735\" data-id=\"27761\" data-link=\"https:\/\/www.montania-sport.com\/blog\/sac-a-dos-pila-25-gris-lime-montura-2022\/\" data-url=\"https:\/\/www.montania-sport.com\/blog\/wp-content\/uploads\/2022\/08\/sac-a-dos-pila-25-gris-lime-montura-2022.jpg\" data-width=\"735\" src=\"https:\/\/www.montania-sport.com\/blog\/wp-content\/uploads\/2022\/08\/sac-a-dos-pila-25-gris-lime-montura-2022.jpg?ssl=1\" data-amp-layout=\"responsive\"\/><\/figure><\/div><\/div><\/div><\/div>\n\n\n\n<h2 class=\"wp-block-heading\">Caract\u00e9ristiques techniques du sac \u00e0 dos Montura PILA 25<\/h2>\n\n\n\n<figure class=\"wp-block-table\"><table><tbody><tr><td>Volume<\/td><td>25L<\/td><\/tr><tr><td>Tissus <\/td><td>NYLON CORDURA<br \/>Tissu d\u00e9perlant avec une construction triple ripstop en nylon 6 ROBIC\u00ae, qui assure une imperm\u00e9abilit\u00e9 \u00e0 l\u2019eau (1000 mm de colonne d&rsquo;eau), grande r\u00e9sistance \u00e0 l\u2019abrasion et aux d\u00e9chirures. N\u2019absorbe pas l\u2019eau et s\u00e8che rapidement, m\u00eame apr\u00e8s de multiples lavages. ANTIUV: UPF50+.<\/td><\/tr><tr><td>Sp\u00e9cificit\u00e9s<\/td><td><br \/>1 poche sup\u00e9rieure zipp\u00e9e (t\u00e9l\u00e9phone, portefeuille, clefs)<br \/>2 poches lat\u00e9rales sur sac en mesh\/filet<br \/>Devant du sac : 1 grande poche sur tout le devant du sac (zipp\u00e9e)<br \/><br \/>Int\u00e9rieur : <br \/>1 grand compartiment avec espace d\u00e9di\u00e9 aux r\u00e9servoirs type Camelback<br \/>1 poche int\u00e9rieur en mesh\/filet pour petits accessoires<br \/><br \/>Ceinture : 2 poches dont 1 zipp\u00e9e et 1 mesh\/filet<br \/><br \/>Bretelles : <br \/>2 porte-piolets\/b\u00e2tons<br \/>1 passant \u00e9lastique pour lunettes de soleil <br \/><br \/>Unisexe<br \/><br \/><br \/>Sac \u00e0 dos muni d&rsquo;une housse pluie \u00ab\u00a0raincover\u00a0\u00bb&nbsp;sur le dessous (poche zipp\u00e9e d\u00e9di\u00e9e)<\/td><\/tr><tr><td>Poids<\/td><td>1060g avec le Raincover<\/td><\/tr><\/tbody><\/table><\/figure>\n\n\n\n<h2 class=\"wp-block-heading\">Notre avis sur le sac \u00e0 dos Montura PILA 25<\/h2>\n\n\n\n<figure class=\"wp-block-image aligncenter size-large\"><a href=\"https:\/\/www.montania-sport.com\/blog\/wp-content\/uploads\/2021\/06\/logo-avis-rond-250.png\"><img loading=\"lazy\" decoding=\"async\" width=\"250\" height=\"250\" src=\"https:\/\/www.montania-sport.com\/blog\/wp-content\/uploads\/2021\/06\/logo-avis-rond-250.png\" alt=\"Logo Avis Montania Sport\" class=\"wp-image-20313\" srcset=\"https:\/\/www.montania-sport.com\/blog\/wp-content\/uploads\/2021\/06\/logo-avis-rond-250.png 250w, https:\/\/www.montania-sport.com\/blog\/wp-content\/uploads\/2021\/06\/logo-avis-rond-250-150x150.png 150w\" sizes=\"(max-width: 250px) 100vw, 250px\" \/><\/a><\/figure>\n\n\n\n<p>Le sac \u00e0 dos \u00e0 tout faire (ou presque) ! Parfait pour une rando estivale \u00e0 la journ\u00e9e, comme par exemple le Tr\u00e9lod, dans le Massif des Bauges. On pourra \u00e9galement l&rsquo;utiliser pour un usage quotidien, pour aller grimper, en via ferrata&#8230; Il sera bien pratique du fait de sa r\u00e9sistance \u00e0 l&rsquo;abrasion et de par ses acc\u00e8s et poches refermables par zip, utiles pour y placer des barres \u00e9nerg\u00e9tiques, du strap, une poche \u00e0 eau&#8230;  <\/p>\n\n\n\n<p>En hiver, on pourra d\u00e9dier ce sac \u00e0 dos \u00e0 une sortie raquettes (tissu solide et imperm\u00e9able), voire m\u00eame une journ\u00e9e alpinisme\/rando glaciaire (porte-piolet). <\/p>\n\n\n\n<p>Concr\u00e8tement, nous avons s\u00e9lectionn\u00e9 ce sac \u00e0 dos Montura PILA 25 pour son excellent rapport qualit\u00e9\/prix. On aime son tissu tr\u00e8s r\u00e9sistant en Cordura et tous ses accessoires. On adore ses nombreuses poches zipp\u00e9es ou filet, son compartiment avant, sa ceinture tr\u00e8s confortable avec poches, son attache lunettes en bretelles ainsi que sa housse de pluie inclue.<\/p>\n\n\n\n<hr class=\"wp-block-separator has-css-opacity\"\/>\n\n\n\n<p>Merci de votre lecture, <\/p>\n\n\n\n<p>David<\/p>\n\n\n\n<p>Retrouvez les sacs \u00e0 dos Montura PILA 25 en stock dans le magasin Montania Sport de Chamb\u00e9ry ou en ligne en cliquant sur le lien suivant : <\/p>\n\n\n\n<figure class=\"wp-block-image aligncenter size-large\"><a href=\"https:\/\/www.montania-sport.com\/7617-autres-marques-de-sac-a-dos#\/manufacturer-montura\/price-0-190\" target=\"_blank\" rel=\"noopener\"><img loading=\"lazy\" decoding=\"async\" width=\"350\" height=\"55\" src=\"https:\/\/www.montania-sport.com\/blog\/wp-content\/uploads\/2021\/06\/Lien-Direct-350.png\" alt=\"Lien Direct Montania-Sport.com\" class=\"wp-image-20290\" srcset=\"https:\/\/www.montania-sport.com\/blog\/wp-content\/uploads\/2021\/06\/Lien-Direct-350.png 350w, https:\/\/www.montania-sport.com\/blog\/wp-content\/uploads\/2021\/06\/Lien-Direct-350-300x47.png 300w\" sizes=\"(max-width: 350px) 100vw, 350px\" \/><\/a><\/figure>\n\n\n\n<p>Achat, vente en ligne et livraison 48h partout en France m\u00e9tropolitaine.<\/p>\n\n\n\n<p>\u00c0 bient\u00f4t !<\/p>\n","protected":false},"excerpt":{"rendered":"<p>On ne pr\u00e9sente plus la marque transalpine Montura, qui produit des v\u00eatements techniques et des chaussures de grande qualit\u00e9. Elle con\u00e7oit \u00e9galement une gamme de sacs \u00e0 dos de litrages diff\u00e9rents pour des configurations vari\u00e9es : alpinisme, randonn\u00e9e, trekking, ski de randonn\u00e9e\u2026 Aujourd&rsquo;hui, nous nous int\u00e9ressons au sac \u00e0 dos Montura PILA 25, tr\u00e8s polyvalent &hellip;<\/p>\n<p class=\"read-more\"> <a class=\"\" href=\"https:\/\/www.montania-sport.com\/blog\/sac-a-dos-montura-pila-25-ideal-pour-les-sorties-a-la-journee\/\"> <span class=\"screen-reader-text\">Sac \u00e0 dos Montura PILA 25 : id\u00e9al pour les sorties \u00e0 la journ\u00e9e !<\/span> Lire la suite\u00a0\u00bb<\/a><\/p>\n","protected":false},"author":16,"featured_media":27770,"comment_status":"open","ping_status":"open","sticky":false,"template":"","format":"standard","meta":{"site-sidebar-layout":"default","site-content-layout":"default","ast-global-header-display":"","ast-main-header-display":"","ast-hfb-above-header-display":"","ast-hfb-below-header-display":"","ast-hfb-mobile-header-display":"","site-post-title":"","ast-breadcrumbs-content":"","ast-featured-img":"","footer-sml-layout":"","theme-transparent-header-meta":"","adv-header-id-meta":"","stick-header-meta":"","header-above-stick-meta":"","header-main-stick-meta":"","header-below-stick-meta":"","_jetpack_memberships_contains_paid_content":false,"footnotes":""},"categories":[10],"tags":[886,755,768],"class_list":["post-27704","post","type-post","status-publish","format-standard","has-post-thumbnail","hentry","category-actualites-du-magasin-nouveautes","tag-montura","tag-randonnee","tag-sac-a-dos"],"yoast_head":"<!-- This site is optimized with the Yoast SEO plugin v24.4 - https:\/\/yoast.com\/wordpress\/plugins\/seo\/ -->\n<title>Sac \u00e0 dos Montura PILA 25 : id\u00e9al pour les sorties \u00e0 la journ\u00e9e ! - Blog Montania Sport<\/title>\n<meta name=\"description\" content=\"D\u00e9couvrez aujourd&#039;hui le sac \u00e0 dos Montura PILA 25, tr\u00e8s polyvalent et id\u00e9al pour tous types de sorties journali\u00e8res !\" \/>\n<meta name=\"robots\" content=\"index, follow, max-snippet:-1, max-image-preview:large, max-video-preview:-1\" \/>\n<link rel=\"canonical\" href=\"https:\/\/www.montania-sport.com\/blog\/sac-a-dos-montura-pila-25-ideal-pour-les-sorties-a-la-journee\/\" \/>\n<meta property=\"og:locale\" content=\"fr_FR\" \/>\n<meta property=\"og:type\" content=\"article\" \/>\n<meta property=\"og:title\" content=\"Sac \u00e0 dos Montura PILA 25 : id\u00e9al pour les sorties \u00e0 la journ\u00e9e ! - Blog Montania Sport\" \/>\n<meta property=\"og:description\" content=\"D\u00e9couvrez aujourd&#039;hui le sac \u00e0 dos Montura PILA 25, tr\u00e8s polyvalent et id\u00e9al pour tous types de sorties journali\u00e8res !\" \/>\n<meta property=\"og:url\" content=\"https:\/\/www.montania-sport.com\/blog\/sac-a-dos-montura-pila-25-ideal-pour-les-sorties-a-la-journee\/\" \/>\n<meta property=\"og:site_name\" content=\"Blog Montania Sport\" \/>\n<meta property=\"article:publisher\" content=\"https:\/\/www.facebook.com\/Montania.Sport\" \/>\n<meta property=\"article:published_time\" content=\"2022-08-04T08:35:37+00:00\" \/>\n<meta property=\"article:modified_time\" content=\"2023-05-10T08:16:57+00:00\" \/>\n<meta property=\"og:image\" content=\"https:\/\/www.montania-sport.com\/blog\/wp-content\/uploads\/2022\/08\/Pila25-1200.jpg\" \/>\n\t<meta property=\"og:image:width\" content=\"1200\" \/>\n\t<meta property=\"og:image:height\" content=\"675\" \/>\n\t<meta property=\"og:image:type\" content=\"image\/jpeg\" \/>\n<meta name=\"author\" content=\"Hugo\" \/>\n<meta name=\"twitter:card\" content=\"summary_large_image\" \/>\n<meta name=\"twitter:creator\" content=\"@MontaniaSport\" \/>\n<meta name=\"twitter:site\" content=\"@MontaniaSport\" \/>\n<meta name=\"twitter:label1\" content=\"\u00c9crit par\" \/>\n\t<meta name=\"twitter:data1\" content=\"Hugo\" \/>\n\t<meta name=\"twitter:label2\" content=\"Dur\u00e9e de lecture estim\u00e9e\" \/>\n\t<meta name=\"twitter:data2\" content=\"7 minutes\" \/>\n<script type=\"application\/ld+json\" class=\"yoast-schema-graph\">{\"@context\":\"https:\/\/schema.org\",\"@graph\":[{\"@type\":\"Article\",\"@id\":\"https:\/\/www.montania-sport.com\/blog\/sac-a-dos-montura-pila-25-ideal-pour-les-sorties-a-la-journee\/#article\",\"isPartOf\":{\"@id\":\"https:\/\/www.montania-sport.com\/blog\/sac-a-dos-montura-pila-25-ideal-pour-les-sorties-a-la-journee\/\"},\"author\":{\"name\":\"Hugo\",\"@id\":\"https:\/\/www.montania-sport.com\/blog\/#\/schema\/person\/c933c30e5159a4e5b8aa41e772beadf5\"},\"headline\":\"Sac \u00e0 dos Montura PILA 25 : id\u00e9al pour les sorties \u00e0 la journ\u00e9e !\",\"datePublished\":\"2022-08-04T08:35:37+00:00\",\"dateModified\":\"2023-05-10T08:16:57+00:00\",\"mainEntityOfPage\":{\"@id\":\"https:\/\/www.montania-sport.com\/blog\/sac-a-dos-montura-pila-25-ideal-pour-les-sorties-a-la-journee\/\"},\"wordCount\":856,\"commentCount\":0,\"publisher\":{\"@id\":\"https:\/\/www.montania-sport.com\/blog\/#organization\"},\"image\":{\"@id\":\"https:\/\/www.montania-sport.com\/blog\/sac-a-dos-montura-pila-25-ideal-pour-les-sorties-a-la-journee\/#primaryimage\"},\"thumbnailUrl\":\"https:\/\/www.montania-sport.com\/blog\/wp-content\/uploads\/2022\/08\/Pila25-1200.jpg\",\"keywords\":[\"Montura\",\"Randonn\u00e9e\",\"Sac \u00e0 dos\"],\"articleSection\":[\"Actus du Magasin \/ Nouveaut\u00e9s\"],\"inLanguage\":\"fr-FR\",\"potentialAction\":[{\"@type\":\"CommentAction\",\"name\":\"Comment\",\"target\":[\"https:\/\/www.montania-sport.com\/blog\/sac-a-dos-montura-pila-25-ideal-pour-les-sorties-a-la-journee\/#respond\"]}]},{\"@type\":\"WebPage\",\"@id\":\"https:\/\/www.montania-sport.com\/blog\/sac-a-dos-montura-pila-25-ideal-pour-les-sorties-a-la-journee\/\",\"url\":\"https:\/\/www.montania-sport.com\/blog\/sac-a-dos-montura-pila-25-ideal-pour-les-sorties-a-la-journee\/\",\"name\":\"Sac \u00e0 dos Montura PILA 25 : id\u00e9al pour les sorties \u00e0 la journ\u00e9e ! - Blog Montania Sport\",\"isPartOf\":{\"@id\":\"https:\/\/www.montania-sport.com\/blog\/#website\"},\"primaryImageOfPage\":{\"@id\":\"https:\/\/www.montania-sport.com\/blog\/sac-a-dos-montura-pila-25-ideal-pour-les-sorties-a-la-journee\/#primaryimage\"},\"image\":{\"@id\":\"https:\/\/www.montania-sport.com\/blog\/sac-a-dos-montura-pila-25-ideal-pour-les-sorties-a-la-journee\/#primaryimage\"},\"thumbnailUrl\":\"https:\/\/www.montania-sport.com\/blog\/wp-content\/uploads\/2022\/08\/Pila25-1200.jpg\",\"datePublished\":\"2022-08-04T08:35:37+00:00\",\"dateModified\":\"2023-05-10T08:16:57+00:00\",\"description\":\"D\u00e9couvrez aujourd'hui le sac \u00e0 dos Montura PILA 25, tr\u00e8s polyvalent et id\u00e9al pour tous types de sorties journali\u00e8res !\",\"breadcrumb\":{\"@id\":\"https:\/\/www.montania-sport.com\/blog\/sac-a-dos-montura-pila-25-ideal-pour-les-sorties-a-la-journee\/#breadcrumb\"},\"inLanguage\":\"fr-FR\",\"potentialAction\":[{\"@type\":\"ReadAction\",\"target\":[\"https:\/\/www.montania-sport.com\/blog\/sac-a-dos-montura-pila-25-ideal-pour-les-sorties-a-la-journee\/\"]}]},{\"@type\":\"ImageObject\",\"inLanguage\":\"fr-FR\",\"@id\":\"https:\/\/www.montania-sport.com\/blog\/sac-a-dos-montura-pila-25-ideal-pour-les-sorties-a-la-journee\/#primaryimage\",\"url\":\"https:\/\/www.montania-sport.com\/blog\/wp-content\/uploads\/2022\/08\/Pila25-1200.jpg\",\"contentUrl\":\"https:\/\/www.montania-sport.com\/blog\/wp-content\/uploads\/2022\/08\/Pila25-1200.jpg\",\"width\":1200,\"height\":675,\"caption\":\"Sac \u00e0 dos Montura PILA-25\"},{\"@type\":\"BreadcrumbList\",\"@id\":\"https:\/\/www.montania-sport.com\/blog\/sac-a-dos-montura-pila-25-ideal-pour-les-sorties-a-la-journee\/#breadcrumb\",\"itemListElement\":[{\"@type\":\"ListItem\",\"position\":1,\"name\":\"Accueil\",\"item\":\"https:\/\/www.montania-sport.com\/blog\/\"},{\"@type\":\"ListItem\",\"position\":2,\"name\":\"Sac \u00e0 dos Montura PILA 25 : id\u00e9al pour les sorties \u00e0 la journ\u00e9e !\"}]},{\"@type\":\"WebSite\",\"@id\":\"https:\/\/www.montania-sport.com\/blog\/#website\",\"url\":\"https:\/\/www.montania-sport.com\/blog\/\",\"name\":\"Blog Montania Sport\",\"description\":\"Blog Montania Sport\",\"publisher\":{\"@id\":\"https:\/\/www.montania-sport.com\/blog\/#organization\"},\"potentialAction\":[{\"@type\":\"SearchAction\",\"target\":{\"@type\":\"EntryPoint\",\"urlTemplate\":\"https:\/\/www.montania-sport.com\/blog\/?s={search_term_string}\"},\"query-input\":{\"@type\":\"PropertyValueSpecification\",\"valueRequired\":true,\"valueName\":\"search_term_string\"}}],\"inLanguage\":\"fr-FR\"},{\"@type\":\"Organization\",\"@id\":\"https:\/\/www.montania-sport.com\/blog\/#organization\",\"name\":\"Montania Sport\",\"url\":\"https:\/\/www.montania-sport.com\/blog\/\",\"logo\":{\"@type\":\"ImageObject\",\"inLanguage\":\"fr-FR\",\"@id\":\"https:\/\/www.montania-sport.com\/blog\/#\/schema\/logo\/image\/\",\"url\":\"https:\/\/www.montania-sport.com\/blog\/wp-content\/uploads\/2023\/04\/cropped-Logo-BLOG-2023-1200.png\",\"contentUrl\":\"https:\/\/www.montania-sport.com\/blog\/wp-content\/uploads\/2023\/04\/cropped-Logo-BLOG-2023-1200.png\",\"width\":1200,\"height\":645,\"caption\":\"Montania Sport\"},\"image\":{\"@id\":\"https:\/\/www.montania-sport.com\/blog\/#\/schema\/logo\/image\/\"},\"sameAs\":[\"https:\/\/www.facebook.com\/Montania.Sport\",\"https:\/\/x.com\/MontaniaSport\",\"https:\/\/www.instagram.com\/montania_sport\"]},{\"@type\":\"Person\",\"@id\":\"https:\/\/www.montania-sport.com\/blog\/#\/schema\/person\/c933c30e5159a4e5b8aa41e772beadf5\",\"name\":\"Hugo\",\"image\":{\"@type\":\"ImageObject\",\"inLanguage\":\"fr-FR\",\"@id\":\"https:\/\/www.montania-sport.com\/blog\/#\/schema\/person\/image\/\",\"url\":\"https:\/\/secure.gravatar.com\/avatar\/9f8bff9fa481ae20ba98a9185066805e?s=96&d=mm&r=g\",\"contentUrl\":\"https:\/\/secure.gravatar.com\/avatar\/9f8bff9fa481ae20ba98a9185066805e?s=96&d=mm&r=g\",\"caption\":\"Hugo\"},\"url\":\"https:\/\/www.montania-sport.com\/blog\/author\/david\/\"}]}<\/script>\n<!-- \/ Yoast SEO plugin. -->","yoast_head_json":{"title":"Sac \u00e0 dos Montura PILA 25 : id\u00e9al pour les sorties \u00e0 la journ\u00e9e ! - Blog Montania Sport","description":"D\u00e9couvrez aujourd'hui le sac \u00e0 dos Montura PILA 25, tr\u00e8s polyvalent et id\u00e9al pour tous types de sorties journali\u00e8res !","robots":{"index":"index","follow":"follow","max-snippet":"max-snippet:-1","max-image-preview":"max-image-preview:large","max-video-preview":"max-video-preview:-1"},"canonical":"https:\/\/www.montania-sport.com\/blog\/sac-a-dos-montura-pila-25-ideal-pour-les-sorties-a-la-journee\/","og_locale":"fr_FR","og_type":"article","og_title":"Sac \u00e0 dos Montura PILA 25 : id\u00e9al pour les sorties \u00e0 la journ\u00e9e ! - Blog Montania Sport","og_description":"D\u00e9couvrez aujourd'hui le sac \u00e0 dos Montura PILA 25, tr\u00e8s polyvalent et id\u00e9al pour tous types de sorties journali\u00e8res !","og_url":"https:\/\/www.montania-sport.com\/blog\/sac-a-dos-montura-pila-25-ideal-pour-les-sorties-a-la-journee\/","og_site_name":"Blog Montania Sport","article_publisher":"https:\/\/www.facebook.com\/Montania.Sport","article_published_time":"2022-08-04T08:35:37+00:00","article_modified_time":"2023-05-10T08:16:57+00:00","og_image":[{"width":1200,"height":675,"url":"https:\/\/www.montania-sport.com\/blog\/wp-content\/uploads\/2022\/08\/Pila25-1200.jpg","type":"image\/jpeg"}],"author":"Hugo","twitter_card":"summary_large_image","twitter_creator":"@MontaniaSport","twitter_site":"@MontaniaSport","twitter_misc":{"\u00c9crit par":"Hugo","Dur\u00e9e de lecture estim\u00e9e":"7 minutes"},"schema":{"@context":"https:\/\/schema.org","@graph":[{"@type":"Article","@id":"https:\/\/www.montania-sport.com\/blog\/sac-a-dos-montura-pila-25-ideal-pour-les-sorties-a-la-journee\/#article","isPartOf":{"@id":"https:\/\/www.montania-sport.com\/blog\/sac-a-dos-montura-pila-25-ideal-pour-les-sorties-a-la-journee\/"},"author":{"name":"Hugo","@id":"https:\/\/www.montania-sport.com\/blog\/#\/schema\/person\/c933c30e5159a4e5b8aa41e772beadf5"},"headline":"Sac \u00e0 dos Montura PILA 25 : id\u00e9al pour les sorties \u00e0 la journ\u00e9e !","datePublished":"2022-08-04T08:35:37+00:00","dateModified":"2023-05-10T08:16:57+00:00","mainEntityOfPage":{"@id":"https:\/\/www.montania-sport.com\/blog\/sac-a-dos-montura-pila-25-ideal-pour-les-sorties-a-la-journee\/"},"wordCount":856,"commentCount":0,"publisher":{"@id":"https:\/\/www.montania-sport.com\/blog\/#organization"},"image":{"@id":"https:\/\/www.montania-sport.com\/blog\/sac-a-dos-montura-pila-25-ideal-pour-les-sorties-a-la-journee\/#primaryimage"},"thumbnailUrl":"https:\/\/www.montania-sport.com\/blog\/wp-content\/uploads\/2022\/08\/Pila25-1200.jpg","keywords":["Montura","Randonn\u00e9e","Sac \u00e0 dos"],"articleSection":["Actus du Magasin \/ Nouveaut\u00e9s"],"inLanguage":"fr-FR","potentialAction":[{"@type":"CommentAction","name":"Comment","target":["https:\/\/www.montania-sport.com\/blog\/sac-a-dos-montura-pila-25-ideal-pour-les-sorties-a-la-journee\/#respond"]}]},{"@type":"WebPage","@id":"https:\/\/www.montania-sport.com\/blog\/sac-a-dos-montura-pila-25-ideal-pour-les-sorties-a-la-journee\/","url":"https:\/\/www.montania-sport.com\/blog\/sac-a-dos-montura-pila-25-ideal-pour-les-sorties-a-la-journee\/","name":"Sac \u00e0 dos Montura PILA 25 : id\u00e9al pour les sorties \u00e0 la journ\u00e9e ! - Blog Montania Sport","isPartOf":{"@id":"https:\/\/www.montania-sport.com\/blog\/#website"},"primaryImageOfPage":{"@id":"https:\/\/www.montania-sport.com\/blog\/sac-a-dos-montura-pila-25-ideal-pour-les-sorties-a-la-journee\/#primaryimage"},"image":{"@id":"https:\/\/www.montania-sport.com\/blog\/sac-a-dos-montura-pila-25-ideal-pour-les-sorties-a-la-journee\/#primaryimage"},"thumbnailUrl":"https:\/\/www.montania-sport.com\/blog\/wp-content\/uploads\/2022\/08\/Pila25-1200.jpg","datePublished":"2022-08-04T08:35:37+00:00","dateModified":"2023-05-10T08:16:57+00:00","description":"D\u00e9couvrez aujourd'hui le sac \u00e0 dos Montura PILA 25, tr\u00e8s polyvalent et id\u00e9al pour tous types de sorties journali\u00e8res !","breadcrumb":{"@id":"https:\/\/www.montania-sport.com\/blog\/sac-a-dos-montura-pila-25-ideal-pour-les-sorties-a-la-journee\/#breadcrumb"},"inLanguage":"fr-FR","potentialAction":[{"@type":"ReadAction","target":["https:\/\/www.montania-sport.com\/blog\/sac-a-dos-montura-pila-25-ideal-pour-les-sorties-a-la-journee\/"]}]},{"@type":"ImageObject","inLanguage":"fr-FR","@id":"https:\/\/www.montania-sport.com\/blog\/sac-a-dos-montura-pila-25-ideal-pour-les-sorties-a-la-journee\/#primaryimage","url":"https:\/\/www.montania-sport.com\/blog\/wp-content\/uploads\/2022\/08\/Pila25-1200.jpg","contentUrl":"https:\/\/www.montania-sport.com\/blog\/wp-content\/uploads\/2022\/08\/Pila25-1200.jpg","width":1200,"height":675,"caption":"Sac \u00e0 dos Montura PILA-25"},{"@type":"BreadcrumbList","@id":"https:\/\/www.montania-sport.com\/blog\/sac-a-dos-montura-pila-25-ideal-pour-les-sorties-a-la-journee\/#breadcrumb","itemListElement":[{"@type":"ListItem","position":1,"name":"Accueil","item":"https:\/\/www.montania-sport.com\/blog\/"},{"@type":"ListItem","position":2,"name":"Sac \u00e0 dos Montura PILA 25 : id\u00e9al pour les sorties \u00e0 la journ\u00e9e !"}]},{"@type":"WebSite","@id":"https:\/\/www.montania-sport.com\/blog\/#website","url":"https:\/\/www.montania-sport.com\/blog\/","name":"Blog Montania Sport","description":"Blog Montania Sport","publisher":{"@id":"https:\/\/www.montania-sport.com\/blog\/#organization"},"potentialAction":[{"@type":"SearchAction","target":{"@type":"EntryPoint","urlTemplate":"https:\/\/www.montania-sport.com\/blog\/?s={search_term_string}"},"query-input":{"@type":"PropertyValueSpecification","valueRequired":true,"valueName":"search_term_string"}}],"inLanguage":"fr-FR"},{"@type":"Organization","@id":"https:\/\/www.montania-sport.com\/blog\/#organization","name":"Montania Sport","url":"https:\/\/www.montania-sport.com\/blog\/","logo":{"@type":"ImageObject","inLanguage":"fr-FR","@id":"https:\/\/www.montania-sport.com\/blog\/#\/schema\/logo\/image\/","url":"https:\/\/www.montania-sport.com\/blog\/wp-content\/uploads\/2023\/04\/cropped-Logo-BLOG-2023-1200.png","contentUrl":"https:\/\/www.montania-sport.com\/blog\/wp-content\/uploads\/2023\/04\/cropped-Logo-BLOG-2023-1200.png","width":1200,"height":645,"caption":"Montania Sport"},"image":{"@id":"https:\/\/www.montania-sport.com\/blog\/#\/schema\/logo\/image\/"},"sameAs":["https:\/\/www.facebook.com\/Montania.Sport","https:\/\/x.com\/MontaniaSport","https:\/\/www.instagram.com\/montania_sport"]},{"@type":"Person","@id":"https:\/\/www.montania-sport.com\/blog\/#\/schema\/person\/c933c30e5159a4e5b8aa41e772beadf5","name":"Hugo","image":{"@type":"ImageObject","inLanguage":"fr-FR","@id":"https:\/\/www.montania-sport.com\/blog\/#\/schema\/person\/image\/","url":"https:\/\/secure.gravatar.com\/avatar\/9f8bff9fa481ae20ba98a9185066805e?s=96&d=mm&r=g","contentUrl":"https:\/\/secure.gravatar.com\/avatar\/9f8bff9fa481ae20ba98a9185066805e?s=96&d=mm&r=g","caption":"Hugo"},"url":"https:\/\/www.montania-sport.com\/blog\/author\/david\/"}]}},"jetpack_featured_media_url":"https:\/\/www.montania-sport.com\/blog\/wp-content\/uploads\/2022\/08\/Pila25-1200.jpg","jetpack_sharing_enabled":true,"jetpack-related-posts":[],"_links":{"self":[{"href":"https:\/\/www.montania-sport.com\/blog\/wp-json\/wp\/v2\/posts\/27704","targetHints":{"allow":["GET"]}}],"collection":[{"href":"https:\/\/www.montania-sport.com\/blog\/wp-json\/wp\/v2\/posts"}],"about":[{"href":"https:\/\/www.montania-sport.com\/blog\/wp-json\/wp\/v2\/types\/post"}],"author":[{"embeddable":true,"href":"https:\/\/www.montania-sport.com\/blog\/wp-json\/wp\/v2\/users\/16"}],"replies":[{"embeddable":true,"href":"https:\/\/www.montania-sport.com\/blog\/wp-json\/wp\/v2\/comments?post=27704"}],"version-history":[{"count":2,"href":"https:\/\/www.montania-sport.com\/blog\/wp-json\/wp\/v2\/posts\/27704\/revisions"}],"predecessor-version":[{"id":31812,"href":"https:\/\/www.montania-sport.com\/blog\/wp-json\/wp\/v2\/posts\/27704\/revisions\/31812"}],"wp:featuredmedia":[{"embeddable":true,"href":"https:\/\/www.montania-sport.com\/blog\/wp-json\/wp\/v2\/media\/27770"}],"wp:attachment":[{"href":"https:\/\/www.montania-sport.com\/blog\/wp-json\/wp\/v2\/media?parent=27704"}],"wp:term":[{"taxonomy":"category","embeddable":true,"href":"https:\/\/www.montania-sport.com\/blog\/wp-json\/wp\/v2\/categories?post=27704"},{"taxonomy":"post_tag","embeddable":true,"href":"https:\/\/www.montania-sport.com\/blog\/wp-json\/wp\/v2\/tags?post=27704"}],"curies":[{"name":"wp","href":"https:\/\/api.w.org\/{rel}","templated":true}]}}