{"id":26268,"date":"2022-05-23T15:01:18","date_gmt":"2022-05-23T14:01:18","guid":{"rendered":"https:\/\/www.montania-sport.com\/blog\/?p=26268"},"modified":"2023-05-09T13:59:49","modified_gmt":"2023-05-09T12:59:49","slug":"recyclage-des-skis-chez-montania","status":"publish","type":"post","link":"https:\/\/www.montania-sport.com\/blog\/recyclage-des-skis-chez-montania\/","title":{"rendered":"Recyclage des skis de rando chez Montania"},"content":{"rendered":"\n<p>Que se passe-t-il lorsque vos skis de rando arrivent en fin de vie  ? S&rsquo;ils n&rsquo;ont pas \u00e9t\u00e9 abandonn\u00e9s au fond du garage ou utilis\u00e9s comme d\u00e9coration, il est probable qu&rsquo;ils finissent \u00e0 la d\u00e9chetterie. Chez Montania, nous souhaitons revaloriser les skis de rando en fin de vie de nos clients. D\u00e9couvrez ci-dessous les initiatives existantes ainsi que le processus complet de recyclage et de revalorisation des skis de randonn\u00e9e.<\/p>\n\n\n\n<!--more-->\n\n\n\n<h2 class=\"wp-block-heading\">La probl\u00e9matique du recyclage des skis <\/h2>\n\n\n\n<h3 class=\"wp-block-heading\">500 000 skis jet\u00e9s chaque ann\u00e9e<\/h3>\n\n\n\n<p>Lorsque des skis ne sont plus en \u00e9tat d&rsquo;usage et ne sont plus r\u00e9parables, il faut s&rsquo;en s\u00e9parer, mais comment ? Le plus souvent, ils sont d\u00e9truits, principalement pour des raisons de s\u00e9curit\u00e9.<\/p>\n\n\n\n<figure class=\"wp-block-image aligncenter size-large\"><a href=\"https:\/\/www.montania-sport.com\/blog\/wp-content\/uploads\/2022\/05\/20220511_103442-scaled.jpg\"><img fetchpriority=\"high\" decoding=\"async\" width=\"1024\" height=\"768\" src=\"https:\/\/www.montania-sport.com\/blog\/wp-content\/uploads\/2022\/05\/20220511_103442-1024x768.jpg\" alt=\"Skis de rando usag\u00e9s \u00e0 recycler\" class=\"wp-image-26283\" srcset=\"https:\/\/www.montania-sport.com\/blog\/wp-content\/uploads\/2022\/05\/20220511_103442-1024x768.jpg 1024w, https:\/\/www.montania-sport.com\/blog\/wp-content\/uploads\/2022\/05\/20220511_103442-300x225.jpg 300w, https:\/\/www.montania-sport.com\/blog\/wp-content\/uploads\/2022\/05\/20220511_103442-768x576.jpg 768w, https:\/\/www.montania-sport.com\/blog\/wp-content\/uploads\/2022\/05\/20220511_103442-1536x1152.jpg 1536w, https:\/\/www.montania-sport.com\/blog\/wp-content\/uploads\/2022\/05\/20220511_103442-2048x1536.jpg 2048w\" sizes=\"(max-width: 1024px) 100vw, 1024px\" \/><\/a><\/figure>\n\n\n\n<p>En France, 500 000 skis sont jet\u00e9s chaque ann\u00e9e. Nous disons litt\u00e9ralement jet\u00e9s car ils terminent enfouis apr\u00e8s avoir \u00e9t\u00e9 emmen\u00e9s en d\u00e9chetterie \u00ab\u00a0classique\u00a0\u00bb.  <\/p>\n\n\n\n<p>Cependant, les mani\u00e8res de traiter notre mat\u00e9riel usag\u00e9 \u00e9voluent et nos skis peuvent avoir une fin de vie plus \u00e9cologique gr\u00e2ce au recyclage :)<\/p>\n\n\n\n<h3 class=\"wp-block-heading\">Des initiatives pour r\u00e9utiliser des skis usag\u00e9s<\/h3>\n\n\n\n<p>Certaines entreprises ont vu le jour r\u00e9cemment pour donner une seconde vie aux skis. On pense par exemple aux entreprises de transformation et revalorisation des skis en mobilier design. Une bonne id\u00e9e pour ceux qui veulent s&rsquo;\u00e9quiper en meubles vintage et sport. On peut m\u00eame en retrouver dans certains centre-villes de Savoie. Dans l&rsquo;absolu, cette initiative comporte tout de m\u00eame ses limites car il est difficile de transformer un ensemble d&rsquo;un demi-million de skis en mobilier&#8230; <\/p>\n\n\n\n<figure class=\"wp-block-image aligncenter size-large\"><a href=\"https:\/\/www.montania-sport.com\/blog\/wp-content\/uploads\/2022\/05\/20220510_202324-scaled.jpg\"><img decoding=\"async\" width=\"1024\" height=\"768\" src=\"https:\/\/www.montania-sport.com\/blog\/wp-content\/uploads\/2022\/05\/20220510_202324-1024x768.jpg\" alt=\"Photo banc public con\u00e7us \u00e0 base de skis recycl\u00e9s\" class=\"wp-image-26277\" srcset=\"https:\/\/www.montania-sport.com\/blog\/wp-content\/uploads\/2022\/05\/20220510_202324-1024x768.jpg 1024w, https:\/\/www.montania-sport.com\/blog\/wp-content\/uploads\/2022\/05\/20220510_202324-300x225.jpg 300w, https:\/\/www.montania-sport.com\/blog\/wp-content\/uploads\/2022\/05\/20220510_202324-768x576.jpg 768w, https:\/\/www.montania-sport.com\/blog\/wp-content\/uploads\/2022\/05\/20220510_202324-1536x1152.jpg 1536w, https:\/\/www.montania-sport.com\/blog\/wp-content\/uploads\/2022\/05\/20220510_202324-2048x1536.jpg 2048w\" sizes=\"(max-width: 1024px) 100vw, 1024px\" \/><\/a><figcaption class=\"wp-element-caption\">Un banc public en skis recycl\u00e9s est apparu !<\/figcaption><\/figure>\n\n\n\n<h3 class=\"wp-block-heading\">Le recyclage des skis en mati\u00e8res premi\u00e8res pour le b\u00e2timent<\/h3>\n\n\n\n<p>\u00c0 chaque fin de saison, des tonnes de skis usag\u00e9s s&#8217;empilent dans les stations. C&rsquo;est pourquoi la probl\u00e9matique du recyclage d&rsquo;un grand volume de skis est apparue tr\u00e8s clairement. La collectivit\u00e9 d&rsquo;Aime en Tarentaise (qui comprend la station de La Plagne) s&rsquo;est ainsi rapproch\u00e9e de Tri-vall\u00e9e, soci\u00e9t\u00e9 savoyarde bas\u00e9e \u00e0 Gilly-sur-Is\u00e8re et sp\u00e9cialis\u00e9e dans le tri et le traitement des d\u00e9chets. <\/p>\n\n\n\n<p>La premi\u00e8re probl\u00e9matique est de pouvoir recycler de quantit\u00e9s de skis. La seconde probl\u00e9matique est de pouvoir recycler des mat\u00e9riaux composites particuli\u00e8rement r\u00e9sistants. L&rsquo;id\u00e9e a \u00e9t\u00e9 de broyer les skis afin de les r\u00e9duire en granul\u00e9s et d&rsquo;en s\u00e9parer les m\u00e9taux des composants synth\u00e9tiques. Nous vous expliquons le proc\u00e9d\u00e9 dans le d\u00e9tail ci-dessous.<\/p>\n\n\n\n<figure class=\"wp-block-image aligncenter size-large\"><a href=\"https:\/\/www.montania-sport.com\/blog\/wp-content\/uploads\/2022\/05\/IMG_4581-scaled.jpeg\"><img decoding=\"async\" width=\"1024\" height=\"768\" src=\"https:\/\/www.montania-sport.com\/blog\/wp-content\/uploads\/2022\/05\/IMG_4581-1024x768.jpeg\" alt=\"Recyclage et revalorisation des skis de rando\" class=\"wp-image-26323\" srcset=\"https:\/\/www.montania-sport.com\/blog\/wp-content\/uploads\/2022\/05\/IMG_4581-1024x768.jpeg 1024w, https:\/\/www.montania-sport.com\/blog\/wp-content\/uploads\/2022\/05\/IMG_4581-300x225.jpeg 300w, https:\/\/www.montania-sport.com\/blog\/wp-content\/uploads\/2022\/05\/IMG_4581-768x576.jpeg 768w, https:\/\/www.montania-sport.com\/blog\/wp-content\/uploads\/2022\/05\/IMG_4581-1536x1152.jpeg 1536w, https:\/\/www.montania-sport.com\/blog\/wp-content\/uploads\/2022\/05\/IMG_4581-2048x1536.jpeg 2048w\" sizes=\"(max-width: 1024px) 100vw, 1024px\" \/><\/a><\/figure>\n\n\n\n<h2 class=\"wp-block-heading\">Le processus de recyclage des skis de randonn\u00e9e<\/h2>\n\n\n\n<h3 class=\"wp-block-heading\">Tri et envoi des skis hors-d&rsquo;usage<\/h3>\n\n\n\n<p>La saison ski de rando se termine petit \u00e0 petit. Il reste dans le magasin un tas de skis d&rsquo;\u00e2ge, de mod\u00e8les et de marques vari\u00e9s qui ne sont plus utilisables. Fixations arrach\u00e9es spatules pli\u00e9es, chants d\u00e9solidaris\u00e9s, etc&#8230; le floril\u00e8ge de tous les dommages sur les skis de rando est \u00e0 consulter sur <a href=\"https:\/\/www.montania-sport.com\/blog\/skis-de-randonnee-les-grandes-casses\/\" target=\"_blank\" rel=\"noreferrer noopener\">notre article skis de randonn\u00e9e : les grandes casses. <\/a><\/p>\n\n\n\n<div class=\"wp-block-jetpack-tiled-gallery aligncenter is-style-rectangular\"><div class=\"tiled-gallery__gallery\"><div class=\"tiled-gallery__row\"><div class=\"tiled-gallery__col\" style=\"flex-basis:26.48701%\"><figure class=\"tiled-gallery__item\"><img decoding=\"async\" srcset=\"https:\/\/www.montania-sport.com\/blog\/wp-content\/uploads\/2022\/05\/20220510_143446-768x1024.jpg?strip=info&#038;w=600&#038;ssl=1 600w,https:\/\/www.montania-sport.com\/blog\/wp-content\/uploads\/2022\/05\/20220510_143446-768x1024.jpg?strip=info&#038;w=900&#038;ssl=1 900w,https:\/\/www.montania-sport.com\/blog\/wp-content\/uploads\/2022\/05\/20220510_143446-768x1024.jpg?strip=info&#038;w=1200&#038;ssl=1 1200w,https:\/\/www.montania-sport.com\/blog\/wp-content\/uploads\/2022\/05\/20220510_143446-768x1024.jpg?strip=info&#038;w=1500&#038;ssl=1 1500w,https:\/\/www.montania-sport.com\/blog\/wp-content\/uploads\/2022\/05\/20220510_143446-768x1024.jpg?strip=info&#038;w=1800&#038;ssl=1 1800w,https:\/\/www.montania-sport.com\/blog\/wp-content\/uploads\/2022\/05\/20220510_143446-768x1024.jpg?strip=info&#038;w=1920&#038;ssl=1 1920w\" alt=\"\" data-height=\"2560\" data-id=\"26297\" data-link=\"https:\/\/www.montania-sport.com\/blog\/20220510_143446\/\" data-url=\"https:\/\/www.montania-sport.com\/blog\/wp-content\/uploads\/2022\/05\/20220510_143446-768x1024.jpg\" data-width=\"1920\" src=\"https:\/\/www.montania-sport.com\/blog\/wp-content\/uploads\/2022\/05\/20220510_143446-768x1024.jpg?ssl=1\" data-amp-layout=\"responsive\"\/><\/figure><\/div><div class=\"tiled-gallery__col\" style=\"flex-basis:47.02598%\"><figure class=\"tiled-gallery__item\"><img decoding=\"async\" srcset=\"https:\/\/www.montania-sport.com\/blog\/wp-content\/uploads\/2022\/05\/20220511_090541-1024x768.jpg?strip=info&#038;w=600&#038;ssl=1 600w,https:\/\/www.montania-sport.com\/blog\/wp-content\/uploads\/2022\/05\/20220511_090541-1024x768.jpg?strip=info&#038;w=900&#038;ssl=1 900w,https:\/\/www.montania-sport.com\/blog\/wp-content\/uploads\/2022\/05\/20220511_090541-1024x768.jpg?strip=info&#038;w=1200&#038;ssl=1 1200w,https:\/\/www.montania-sport.com\/blog\/wp-content\/uploads\/2022\/05\/20220511_090541-1024x768.jpg?strip=info&#038;w=1500&#038;ssl=1 1500w,https:\/\/www.montania-sport.com\/blog\/wp-content\/uploads\/2022\/05\/20220511_090541-1024x768.jpg?strip=info&#038;w=1800&#038;ssl=1 1800w,https:\/\/www.montania-sport.com\/blog\/wp-content\/uploads\/2022\/05\/20220511_090541-1024x768.jpg?strip=info&#038;w=2000&#038;ssl=1 2000w\" alt=\"Skis hors-d'usage au magasin\" data-height=\"1920\" data-id=\"26276\" data-link=\"https:\/\/www.montania-sport.com\/blog\/20220511_090541\/\" data-url=\"https:\/\/www.montania-sport.com\/blog\/wp-content\/uploads\/2022\/05\/20220511_090541-1024x768.jpg\" data-width=\"2560\" src=\"https:\/\/www.montania-sport.com\/blog\/wp-content\/uploads\/2022\/05\/20220511_090541-1024x768.jpg?ssl=1\" data-amp-layout=\"responsive\"\/><\/figure><\/div><div class=\"tiled-gallery__col\" style=\"flex-basis:26.48701%\"><figure class=\"tiled-gallery__item\"><img decoding=\"async\" srcset=\"https:\/\/www.montania-sport.com\/blog\/wp-content\/uploads\/2022\/05\/20220511_092251-768x1024.jpg?strip=info&#038;w=600&#038;ssl=1 600w,https:\/\/www.montania-sport.com\/blog\/wp-content\/uploads\/2022\/05\/20220511_092251-768x1024.jpg?strip=info&#038;w=900&#038;ssl=1 900w,https:\/\/www.montania-sport.com\/blog\/wp-content\/uploads\/2022\/05\/20220511_092251-768x1024.jpg?strip=info&#038;w=1200&#038;ssl=1 1200w,https:\/\/www.montania-sport.com\/blog\/wp-content\/uploads\/2022\/05\/20220511_092251-768x1024.jpg?strip=info&#038;w=1500&#038;ssl=1 1500w,https:\/\/www.montania-sport.com\/blog\/wp-content\/uploads\/2022\/05\/20220511_092251-768x1024.jpg?strip=info&#038;w=1800&#038;ssl=1 1800w,https:\/\/www.montania-sport.com\/blog\/wp-content\/uploads\/2022\/05\/20220511_092251-768x1024.jpg?strip=info&#038;w=1920&#038;ssl=1 1920w\" alt=\"\" data-height=\"2560\" data-id=\"26325\" data-link=\"https:\/\/www.montania-sport.com\/blog\/20220511_092251\/\" data-url=\"https:\/\/www.montania-sport.com\/blog\/wp-content\/uploads\/2022\/05\/20220511_092251-768x1024.jpg\" data-width=\"1920\" src=\"https:\/\/www.montania-sport.com\/blog\/wp-content\/uploads\/2022\/05\/20220511_092251-768x1024.jpg?ssl=1\" data-amp-layout=\"responsive\"\/><\/figure><\/div><\/div><\/div><\/div>\n\n\n\n<p>Ce sont donc entre 80 et 100 paires de skis de rando que l&rsquo;on enfourne dans le camion Montania qui part direction d&rsquo;Albertville. L\u00e0-bas, ils seront broy\u00e9s pour s\u00e9parer les mat\u00e9riaux, puis transform\u00e9s. <\/p>\n\n\n\n<h3 class=\"wp-block-heading\">Le recyclage des skis pour les revaloriser en mat\u00e9riaux de construction<\/h3>\n\n\n\n<p>Ces skis de rando sont bien entendu devenus inutilisables en Montagne, mais le mat\u00e9riau sera revaloris\u00e9 pour de nouvelles utilisations. Sur place, le processus est tr\u00e8s rapide : nous comptons les skis et les laissons dans une benne \u00e0 part. Une facture nous sera ensuite d\u00e9livr\u00e9e pour le recyclage. <\/p>\n\n\n\n<div class=\"wp-block-jetpack-tiled-gallery aligncenter is-style-rectangular\"><div class=\"tiled-gallery__gallery\"><div class=\"tiled-gallery__row\"><div class=\"tiled-gallery__col\" style=\"flex-basis:46.95175%\"><figure class=\"tiled-gallery__item\"><img decoding=\"async\" srcset=\"https:\/\/www.montania-sport.com\/blog\/wp-content\/uploads\/2022\/05\/20220511_103103-1024x768.jpg?strip=info&#038;w=600&#038;ssl=1 600w,https:\/\/www.montania-sport.com\/blog\/wp-content\/uploads\/2022\/05\/20220511_103103-1024x768.jpg?strip=info&#038;w=900&#038;ssl=1 900w,https:\/\/www.montania-sport.com\/blog\/wp-content\/uploads\/2022\/05\/20220511_103103-1024x768.jpg?strip=info&#038;w=1200&#038;ssl=1 1200w,https:\/\/www.montania-sport.com\/blog\/wp-content\/uploads\/2022\/05\/20220511_103103-1024x768.jpg?strip=info&#038;w=1500&#038;ssl=1 1500w,https:\/\/www.montania-sport.com\/blog\/wp-content\/uploads\/2022\/05\/20220511_103103-1024x768.jpg?strip=info&#038;w=1800&#038;ssl=1 1800w,https:\/\/www.montania-sport.com\/blog\/wp-content\/uploads\/2022\/05\/20220511_103103-1024x768.jpg?strip=info&#038;w=2000&#038;ssl=1 2000w\" alt=\"\" data-height=\"1920\" data-id=\"26279\" data-link=\"https:\/\/www.montania-sport.com\/blog\/20220511_103103\/\" data-url=\"https:\/\/www.montania-sport.com\/blog\/wp-content\/uploads\/2022\/05\/20220511_103103-1024x768.jpg\" data-width=\"2560\" src=\"https:\/\/www.montania-sport.com\/blog\/wp-content\/uploads\/2022\/05\/20220511_103103-1024x768.jpg?ssl=1\" data-amp-layout=\"responsive\"\/><\/figure><figure class=\"tiled-gallery__item\"><img decoding=\"async\" srcset=\"https:\/\/www.montania-sport.com\/blog\/wp-content\/uploads\/2022\/05\/20220511_103351-1024x768.jpg?strip=info&#038;w=600&#038;ssl=1 600w,https:\/\/www.montania-sport.com\/blog\/wp-content\/uploads\/2022\/05\/20220511_103351-1024x768.jpg?strip=info&#038;w=900&#038;ssl=1 900w,https:\/\/www.montania-sport.com\/blog\/wp-content\/uploads\/2022\/05\/20220511_103351-1024x768.jpg?strip=info&#038;w=1200&#038;ssl=1 1200w,https:\/\/www.montania-sport.com\/blog\/wp-content\/uploads\/2022\/05\/20220511_103351-1024x768.jpg?strip=info&#038;w=1500&#038;ssl=1 1500w,https:\/\/www.montania-sport.com\/blog\/wp-content\/uploads\/2022\/05\/20220511_103351-1024x768.jpg?strip=info&#038;w=1800&#038;ssl=1 1800w,https:\/\/www.montania-sport.com\/blog\/wp-content\/uploads\/2022\/05\/20220511_103351-1024x768.jpg?strip=info&#038;w=2000&#038;ssl=1 2000w\" alt=\"\" data-height=\"1920\" data-id=\"26282\" data-link=\"https:\/\/www.montania-sport.com\/blog\/20220511_103351\/\" data-url=\"https:\/\/www.montania-sport.com\/blog\/wp-content\/uploads\/2022\/05\/20220511_103351-1024x768.jpg\" data-width=\"2560\" src=\"https:\/\/www.montania-sport.com\/blog\/wp-content\/uploads\/2022\/05\/20220511_103351-1024x768.jpg?ssl=1\" data-amp-layout=\"responsive\"\/><\/figure><\/div><div class=\"tiled-gallery__col\" style=\"flex-basis:53.04825%\"><figure class=\"tiled-gallery__item\"><img decoding=\"async\" srcset=\"https:\/\/www.montania-sport.com\/blog\/wp-content\/uploads\/2022\/05\/20220511_103255-768x1024.jpg?strip=info&#038;w=600&#038;ssl=1 600w,https:\/\/www.montania-sport.com\/blog\/wp-content\/uploads\/2022\/05\/20220511_103255-768x1024.jpg?strip=info&#038;w=900&#038;ssl=1 900w,https:\/\/www.montania-sport.com\/blog\/wp-content\/uploads\/2022\/05\/20220511_103255-768x1024.jpg?strip=info&#038;w=1200&#038;ssl=1 1200w,https:\/\/www.montania-sport.com\/blog\/wp-content\/uploads\/2022\/05\/20220511_103255-768x1024.jpg?strip=info&#038;w=1500&#038;ssl=1 1500w,https:\/\/www.montania-sport.com\/blog\/wp-content\/uploads\/2022\/05\/20220511_103255-768x1024.jpg?strip=info&#038;w=1800&#038;ssl=1 1800w,https:\/\/www.montania-sport.com\/blog\/wp-content\/uploads\/2022\/05\/20220511_103255-768x1024.jpg?strip=info&#038;w=1920&#038;ssl=1 1920w\" alt=\"\" data-height=\"2560\" data-id=\"26281\" data-link=\"https:\/\/www.montania-sport.com\/blog\/20220511_103255\/\" data-url=\"https:\/\/www.montania-sport.com\/blog\/wp-content\/uploads\/2022\/05\/20220511_103255-768x1024.jpg\" data-width=\"1920\" src=\"https:\/\/www.montania-sport.com\/blog\/wp-content\/uploads\/2022\/05\/20220511_103255-768x1024.jpg?ssl=1\" data-amp-layout=\"responsive\"\/><\/figure><\/div><\/div><\/div><\/div>\n\n\n\n<p>On y trouve de tout !<\/p>\n\n\n\n<p>Un premier tri est fait pour s\u00e9parer le type de mat\u00e9riel : skis, casques, chaussures. Chaque \u00e9l\u00e9ment est ensuite broy\u00e9 en granules tr\u00e8s fins, puis s\u00e9par\u00e9. Dans le cas des skis, l&rsquo;acier est collect\u00e9 gr\u00e2ce \u00e0 un aimant et sera r\u00e9-utilis\u00e9 comme mati\u00e8re premi\u00e8re. Quant \u00e0 la mati\u00e8re synth\u00e9tique, elle sera revaloris\u00e9e comme combustible dans l&rsquo;industrie du ciment.<\/p>\n\n\n\n<div class=\"wp-block-jetpack-tiled-gallery aligncenter is-style-rectangular\"><div class=\"tiled-gallery__gallery\"><div class=\"tiled-gallery__row\"><div class=\"tiled-gallery__col\" style=\"flex-basis:31.58632%\"><figure class=\"tiled-gallery__item\"><img decoding=\"async\" srcset=\"https:\/\/www.montania-sport.com\/blog\/wp-content\/uploads\/2022\/05\/20151110_162215-614x1024.jpg?strip=info&#038;w=600&#038;ssl=1 600w,https:\/\/www.montania-sport.com\/blog\/wp-content\/uploads\/2022\/05\/20151110_162215-614x1024.jpg?strip=info&#038;w=900&#038;ssl=1 900w,https:\/\/www.montania-sport.com\/blog\/wp-content\/uploads\/2022\/05\/20151110_162215-614x1024.jpg?strip=info&#038;w=1200&#038;ssl=1 1200w,https:\/\/www.montania-sport.com\/blog\/wp-content\/uploads\/2022\/05\/20151110_162215-614x1024.jpg?strip=info&#038;w=1500&#038;ssl=1 1500w,https:\/\/www.montania-sport.com\/blog\/wp-content\/uploads\/2022\/05\/20151110_162215-614x1024.jpg?strip=info&#038;w=1536&#038;ssl=1 1536w\" alt=\"Broyage en granules alluminium et ferreux\" data-height=\"2560\" data-id=\"26525\" data-link=\"https:\/\/www.montania-sport.com\/blog\/20151110_162215\/\" data-url=\"https:\/\/www.montania-sport.com\/blog\/wp-content\/uploads\/2022\/05\/20151110_162215-614x1024.jpg\" data-width=\"1536\" src=\"https:\/\/www.montania-sport.com\/blog\/wp-content\/uploads\/2022\/05\/20151110_162215-614x1024.jpg?ssl=1\" data-amp-layout=\"responsive\"\/><\/figure><\/div><div class=\"tiled-gallery__col\" style=\"flex-basis:68.41368%\"><figure class=\"tiled-gallery__item\"><img decoding=\"async\" srcset=\"https:\/\/www.montania-sport.com\/blog\/wp-content\/uploads\/2022\/05\/Image2.jpg?strip=info&#038;w=488&#038;ssl=1 488w\" alt=\"Broyat pour valorisation \u00e9nerg\u00e9tique\" data-height=\"375\" data-id=\"26526\" data-link=\"https:\/\/www.montania-sport.com\/blog\/image2\/\" data-url=\"https:\/\/www.montania-sport.com\/blog\/wp-content\/uploads\/2022\/05\/Image2.jpg\" data-width=\"488\" src=\"https:\/\/www.montania-sport.com\/blog\/wp-content\/uploads\/2022\/05\/Image2.jpg?ssl=1\" data-amp-layout=\"responsive\"\/><\/figure><\/div><\/div><\/div><\/div>\n\n\n\n<p>Et voici nos skis Montania apr\u00e8s le broyage et la s\u00e9paration qui ont \u00e9t\u00e9 effectu\u00e9s. \u00c0 gauche, l\u2019aluminium et le ferreux seront utilis\u00e9s pour la valorisation mati\u00e8re, tandis que que le broyat restant (\u00e0 droite), sera utilis\u00e9 pour la valorisation \u00e9nerg\u00e9tique, convertie en combustible de construction. <\/p>\n\n\n\n<p>Celui-ci sera r\u00e9-inject\u00e9e dans l&rsquo;industrie, en fournissant du combustible \u00e0 des cimentiers de la r\u00e9gion (entreprises proches). La collecte des skis et la r\u00e9partition du mat\u00e9riau transform\u00e9 s&rsquo;effectue ainsi sur un espace assez restreint entre la combe de Savoie et le bassin Grenoblois. Fournir du combustible recycl\u00e9 issu de produits utilis\u00e9s localement serait plut\u00f4t avantageux lorsque l&rsquo;on se penche sur l&rsquo;augmentation actuelle du co\u00fbt des mati\u00e8res premi\u00e8res dans le secteur de la construction.<\/p>\n\n\n\n<p>\u00c0 noter que le recyclage des skis usag\u00e9s (mais aussi des chaussures et des casques) n&rsquo;est qu&rsquo;une (petite) partie de l&rsquo;activit\u00e9 de l&rsquo;entreprise. Celle-ci g\u00e8re aussi le traitement des biod\u00e9chets par m\u00e9thanisation agricole, le tri et la valorisation des textiles. <\/p>\n\n\n\n<h2 class=\"wp-block-heading\">Des initiatives pour recycler votre mat\u00e9riel<\/h2>\n\n\n\n<figure class=\"wp-block-image aligncenter size-large\"><a href=\"https:\/\/www.montania-sport.com\/blog\/wp-content\/uploads\/2021\/06\/logo-avis-rond-250.png\"><img loading=\"lazy\" decoding=\"async\" width=\"250\" height=\"250\" src=\"https:\/\/www.montania-sport.com\/blog\/wp-content\/uploads\/2021\/06\/logo-avis-rond-250.png\" alt=\"Logo Avis Montania Sport\" class=\"wp-image-20313\" srcset=\"https:\/\/www.montania-sport.com\/blog\/wp-content\/uploads\/2021\/06\/logo-avis-rond-250.png 250w, https:\/\/www.montania-sport.com\/blog\/wp-content\/uploads\/2021\/06\/logo-avis-rond-250-150x150.png 150w\" sizes=\"(max-width: 250px) 100vw, 250px\" \/><\/a><\/figure>\n\n\n\n<p>Chez Montania, nous nous effor\u00e7ons d&rsquo;am\u00e9liorer un maximum la dur\u00e9e de vie de votre mat\u00e9riel et de le rendre plus durable, avec des personnes qui ont la comp\u00e9tence pour r\u00e9parer ou r\u00e9nover votre mat\u00e9riel dans notre magasin et notre atelier de Chamb\u00e9ry.<\/p>\n\n\n\n<p>Lors du renouvellement de votre \u00e9quipement, nous pouvons nous charger de la revalorisations de vos ski de randonn\u00e9e en fin de vie pour la modique somme de 4,99\u20acttc la paire. Vous pouvez ainsi venir d\u00e9poser vos skis de randonn\u00e9e usag\u00e9s en magasin et nous nous chargerons du recyclage pour les revaloriser en fin de saison. De cette mani\u00e8re, ils ne termineront pas dans une d\u00e9chetterie destin\u00e9s \u00e0 l&rsquo;enfouissement !<\/p>\n\n\n\n<div class=\"wp-block-jetpack-tiled-gallery aligncenter is-style-rectangular\"><div class=\"tiled-gallery__gallery\"><div class=\"tiled-gallery__row\"><div class=\"tiled-gallery__col\" style=\"flex-basis:55.54714%\"><figure class=\"tiled-gallery__item\"><img decoding=\"async\" srcset=\"https:\/\/www.montania-sport.com\/blog\/wp-content\/uploads\/2022\/04\/78466878_3616649948374998_5823869176841764864_n-1024x1024.jpg?strip=info&#038;w=600&#038;ssl=1 600w,https:\/\/www.montania-sport.com\/blog\/wp-content\/uploads\/2022\/04\/78466878_3616649948374998_5823869176841764864_n-1024x1024.jpg?strip=info&#038;w=900&#038;ssl=1 900w,https:\/\/www.montania-sport.com\/blog\/wp-content\/uploads\/2022\/04\/78466878_3616649948374998_5823869176841764864_n-1024x1024.jpg?strip=info&#038;w=1080&#038;ssl=1 1080w\" alt=\"Recyclage cordes B\u00e9al\" data-height=\"1080\" data-id=\"26104\" data-link=\"https:\/\/www.montania-sport.com\/blog\/78466878_3616649948374998_5823869176841764864_n\/\" data-url=\"https:\/\/www.montania-sport.com\/blog\/wp-content\/uploads\/2022\/04\/78466878_3616649948374998_5823869176841764864_n-1024x1024.jpg\" data-width=\"1080\" src=\"https:\/\/www.montania-sport.com\/blog\/wp-content\/uploads\/2022\/04\/78466878_3616649948374998_5823869176841764864_n-1024x1024.jpg?ssl=1\" data-amp-layout=\"responsive\"\/><\/figure><\/div><div class=\"tiled-gallery__col\" style=\"flex-basis:44.45286%\"><figure class=\"tiled-gallery__item\"><img decoding=\"async\" srcset=\"https:\/\/www.montania-sport.com\/blog\/wp-content\/uploads\/2022\/05\/262386664_3128293720830753_654084525075634841_n-819x1024.jpg?strip=info&#038;w=600&#038;ssl=1 600w,https:\/\/www.montania-sport.com\/blog\/wp-content\/uploads\/2022\/05\/262386664_3128293720830753_654084525075634841_n-819x1024.jpg?strip=info&#038;w=900&#038;ssl=1 900w,https:\/\/www.montania-sport.com\/blog\/wp-content\/uploads\/2022\/05\/262386664_3128293720830753_654084525075634841_n-819x1024.jpg?strip=info&#038;w=1200&#038;ssl=1 1200w,https:\/\/www.montania-sport.com\/blog\/wp-content\/uploads\/2022\/05\/262386664_3128293720830753_654084525075634841_n-819x1024.jpg?strip=info&#038;w=1440&#038;ssl=1 1440w\" alt=\"\" data-height=\"1800\" data-id=\"26164\" data-link=\"https:\/\/www.montania-sport.com\/blog\/262386664_3128293720830753_654084525075634841_n\/\" data-url=\"https:\/\/www.montania-sport.com\/blog\/wp-content\/uploads\/2022\/05\/262386664_3128293720830753_654084525075634841_n-819x1024.jpg\" data-width=\"1440\" src=\"https:\/\/www.montania-sport.com\/blog\/wp-content\/uploads\/2022\/05\/262386664_3128293720830753_654084525075634841_n-819x1024.jpg?ssl=1\" data-amp-layout=\"responsive\"\/><\/figure><\/div><\/div><\/div><\/div>\n\n\n\n<p>Pour boucler la boucle de l&rsquo;\u00e9conomie circulaire, on peut aussi se poser la question de la conception des produits. Alors qu&rsquo;un grand nombre de v\u00eatements, de cordes, etc&#8230; est fabriqu\u00e9 en mat\u00e9riaux synth\u00e9tiques recycl\u00e9s, le monde du ski n&rsquo;a pour l&rsquo;instant pas suivi ce mouvement.  Bient\u00f4t des skis enti\u00e8rement \u00e9co-con\u00e7us ? En tout cas, le concept est \u00e0 l&rsquo;\u00e9tude chez de nombreux fabricants. <\/p>\n\n\n\n<hr class=\"wp-block-separator has-css-opacity\"\/>\n\n\n\n<p>Merci pour votre lecture,<\/p>\n\n\n\n<p>\u00c0 bient\u00f4t !<\/p>\n\n\n\n<p>David<\/p>\n","protected":false},"excerpt":{"rendered":"<p>Que se passe-t-il lorsque vos skis de rando arrivent en fin de vie ? S&rsquo;ils n&rsquo;ont pas \u00e9t\u00e9 abandonn\u00e9s au fond du garage ou utilis\u00e9s comme d\u00e9coration, il est probable qu&rsquo;ils finissent \u00e0 la d\u00e9chetterie. Chez Montania, nous souhaitons revaloriser les skis de rando en fin de vie de nos clients. D\u00e9couvrez ci-dessous les initiatives &hellip;<\/p>\n<p class=\"read-more\"> <a class=\"\" href=\"https:\/\/www.montania-sport.com\/blog\/recyclage-des-skis-chez-montania\/\"> <span class=\"screen-reader-text\">Recyclage des skis de rando chez Montania<\/span> Lire la suite\u00a0\u00bb<\/a><\/p>\n","protected":false},"author":16,"featured_media":26347,"comment_status":"open","ping_status":"open","sticky":false,"template":"","format":"standard","meta":{"site-sidebar-layout":"default","site-content-layout":"default","ast-global-header-display":"","ast-main-header-display":"","ast-hfb-above-header-display":"","ast-hfb-below-header-display":"","ast-hfb-mobile-header-display":"","site-post-title":"","ast-breadcrumbs-content":"","ast-featured-img":"","footer-sml-layout":"","theme-transparent-header-meta":"","adv-header-id-meta":"","stick-header-meta":"","header-above-stick-meta":"","header-main-stick-meta":"","header-below-stick-meta":"","_jetpack_memberships_contains_paid_content":false,"footnotes":""},"categories":[10],"tags":[761],"class_list":["post-26268","post","type-post","status-publish","format-standard","has-post-thumbnail","hentry","category-actualites-du-magasin-nouveautes","tag-ski-de-randonnee"],"yoast_head":"<!-- This site is optimized with the Yoast SEO plugin v24.4 - https:\/\/yoast.com\/wordpress\/plugins\/seo\/ -->\n<title>Recyclage des skis de rando chez Montania - Blog Montania Sport<\/title>\n<meta name=\"description\" content=\"D\u00e9couvrez ci-dessous les initiatives existantes ainsi que le processus complet de recyclage des skis de randonn\u00e9e.\" \/>\n<meta name=\"robots\" content=\"index, follow, max-snippet:-1, max-image-preview:large, max-video-preview:-1\" \/>\n<link rel=\"canonical\" href=\"https:\/\/www.montania-sport.com\/blog\/recyclage-des-skis-chez-montania\/\" \/>\n<meta property=\"og:locale\" content=\"fr_FR\" \/>\n<meta property=\"og:type\" content=\"article\" \/>\n<meta property=\"og:title\" content=\"Recyclage des skis de rando chez Montania - Blog Montania Sport\" \/>\n<meta property=\"og:description\" content=\"D\u00e9couvrez ci-dessous les initiatives existantes ainsi que le processus complet de recyclage des skis de randonn\u00e9e.\" \/>\n<meta property=\"og:url\" content=\"https:\/\/www.montania-sport.com\/blog\/recyclage-des-skis-chez-montania\/\" \/>\n<meta property=\"og:site_name\" content=\"Blog Montania Sport\" \/>\n<meta property=\"article:publisher\" content=\"https:\/\/www.facebook.com\/Montania.Sport\" \/>\n<meta property=\"article:published_time\" content=\"2022-05-23T14:01:18+00:00\" \/>\n<meta property=\"article:modified_time\" content=\"2023-05-09T12:59:49+00:00\" \/>\n<meta property=\"og:image\" content=\"https:\/\/www.montania-sport.com\/blog\/wp-content\/uploads\/2022\/05\/Recyclage-1200.jpg\" \/>\n\t<meta property=\"og:image:width\" content=\"1200\" \/>\n\t<meta property=\"og:image:height\" content=\"675\" \/>\n\t<meta property=\"og:image:type\" content=\"image\/jpeg\" \/>\n<meta name=\"author\" content=\"Hugo\" \/>\n<meta name=\"twitter:card\" content=\"summary_large_image\" \/>\n<meta name=\"twitter:creator\" content=\"@MontaniaSport\" \/>\n<meta name=\"twitter:site\" content=\"@MontaniaSport\" \/>\n<meta name=\"twitter:label1\" content=\"\u00c9crit par\" \/>\n\t<meta name=\"twitter:data1\" content=\"Hugo\" \/>\n\t<meta name=\"twitter:label2\" content=\"Dur\u00e9e de lecture estim\u00e9e\" \/>\n\t<meta name=\"twitter:data2\" content=\"8 minutes\" \/>\n<script type=\"application\/ld+json\" class=\"yoast-schema-graph\">{\"@context\":\"https:\/\/schema.org\",\"@graph\":[{\"@type\":\"Article\",\"@id\":\"https:\/\/www.montania-sport.com\/blog\/recyclage-des-skis-chez-montania\/#article\",\"isPartOf\":{\"@id\":\"https:\/\/www.montania-sport.com\/blog\/recyclage-des-skis-chez-montania\/\"},\"author\":{\"name\":\"Hugo\",\"@id\":\"https:\/\/www.montania-sport.com\/blog\/#\/schema\/person\/c933c30e5159a4e5b8aa41e772beadf5\"},\"headline\":\"Recyclage des skis de rando chez Montania\",\"datePublished\":\"2022-05-23T14:01:18+00:00\",\"dateModified\":\"2023-05-09T12:59:49+00:00\",\"mainEntityOfPage\":{\"@id\":\"https:\/\/www.montania-sport.com\/blog\/recyclage-des-skis-chez-montania\/\"},\"wordCount\":1074,\"commentCount\":2,\"publisher\":{\"@id\":\"https:\/\/www.montania-sport.com\/blog\/#organization\"},\"image\":{\"@id\":\"https:\/\/www.montania-sport.com\/blog\/recyclage-des-skis-chez-montania\/#primaryimage\"},\"thumbnailUrl\":\"https:\/\/www.montania-sport.com\/blog\/wp-content\/uploads\/2022\/05\/Recyclage-1200.jpg\",\"keywords\":[\"Ski de randonn\u00e9e\"],\"articleSection\":[\"Actus du Magasin \/ Nouveaut\u00e9s\"],\"inLanguage\":\"fr-FR\",\"potentialAction\":[{\"@type\":\"CommentAction\",\"name\":\"Comment\",\"target\":[\"https:\/\/www.montania-sport.com\/blog\/recyclage-des-skis-chez-montania\/#respond\"]}]},{\"@type\":\"WebPage\",\"@id\":\"https:\/\/www.montania-sport.com\/blog\/recyclage-des-skis-chez-montania\/\",\"url\":\"https:\/\/www.montania-sport.com\/blog\/recyclage-des-skis-chez-montania\/\",\"name\":\"Recyclage des skis de rando chez Montania - Blog Montania Sport\",\"isPartOf\":{\"@id\":\"https:\/\/www.montania-sport.com\/blog\/#website\"},\"primaryImageOfPage\":{\"@id\":\"https:\/\/www.montania-sport.com\/blog\/recyclage-des-skis-chez-montania\/#primaryimage\"},\"image\":{\"@id\":\"https:\/\/www.montania-sport.com\/blog\/recyclage-des-skis-chez-montania\/#primaryimage\"},\"thumbnailUrl\":\"https:\/\/www.montania-sport.com\/blog\/wp-content\/uploads\/2022\/05\/Recyclage-1200.jpg\",\"datePublished\":\"2022-05-23T14:01:18+00:00\",\"dateModified\":\"2023-05-09T12:59:49+00:00\",\"description\":\"D\u00e9couvrez ci-dessous les initiatives existantes ainsi que le processus complet de recyclage des skis de randonn\u00e9e.\",\"breadcrumb\":{\"@id\":\"https:\/\/www.montania-sport.com\/blog\/recyclage-des-skis-chez-montania\/#breadcrumb\"},\"inLanguage\":\"fr-FR\",\"potentialAction\":[{\"@type\":\"ReadAction\",\"target\":[\"https:\/\/www.montania-sport.com\/blog\/recyclage-des-skis-chez-montania\/\"]}]},{\"@type\":\"ImageObject\",\"inLanguage\":\"fr-FR\",\"@id\":\"https:\/\/www.montania-sport.com\/blog\/recyclage-des-skis-chez-montania\/#primaryimage\",\"url\":\"https:\/\/www.montania-sport.com\/blog\/wp-content\/uploads\/2022\/05\/Recyclage-1200.jpg\",\"contentUrl\":\"https:\/\/www.montania-sport.com\/blog\/wp-content\/uploads\/2022\/05\/Recyclage-1200.jpg\",\"width\":1200,\"height\":675,\"caption\":\"recyclage des skis de randonn\u00e9e\"},{\"@type\":\"BreadcrumbList\",\"@id\":\"https:\/\/www.montania-sport.com\/blog\/recyclage-des-skis-chez-montania\/#breadcrumb\",\"itemListElement\":[{\"@type\":\"ListItem\",\"position\":1,\"name\":\"Accueil\",\"item\":\"https:\/\/www.montania-sport.com\/blog\/\"},{\"@type\":\"ListItem\",\"position\":2,\"name\":\"Recyclage des skis de rando chez Montania\"}]},{\"@type\":\"WebSite\",\"@id\":\"https:\/\/www.montania-sport.com\/blog\/#website\",\"url\":\"https:\/\/www.montania-sport.com\/blog\/\",\"name\":\"Blog Montania Sport\",\"description\":\"Blog Montania Sport\",\"publisher\":{\"@id\":\"https:\/\/www.montania-sport.com\/blog\/#organization\"},\"potentialAction\":[{\"@type\":\"SearchAction\",\"target\":{\"@type\":\"EntryPoint\",\"urlTemplate\":\"https:\/\/www.montania-sport.com\/blog\/?s={search_term_string}\"},\"query-input\":{\"@type\":\"PropertyValueSpecification\",\"valueRequired\":true,\"valueName\":\"search_term_string\"}}],\"inLanguage\":\"fr-FR\"},{\"@type\":\"Organization\",\"@id\":\"https:\/\/www.montania-sport.com\/blog\/#organization\",\"name\":\"Montania Sport\",\"url\":\"https:\/\/www.montania-sport.com\/blog\/\",\"logo\":{\"@type\":\"ImageObject\",\"inLanguage\":\"fr-FR\",\"@id\":\"https:\/\/www.montania-sport.com\/blog\/#\/schema\/logo\/image\/\",\"url\":\"https:\/\/www.montania-sport.com\/blog\/wp-content\/uploads\/2023\/04\/cropped-Logo-BLOG-2023-1200.png\",\"contentUrl\":\"https:\/\/www.montania-sport.com\/blog\/wp-content\/uploads\/2023\/04\/cropped-Logo-BLOG-2023-1200.png\",\"width\":1200,\"height\":645,\"caption\":\"Montania Sport\"},\"image\":{\"@id\":\"https:\/\/www.montania-sport.com\/blog\/#\/schema\/logo\/image\/\"},\"sameAs\":[\"https:\/\/www.facebook.com\/Montania.Sport\",\"https:\/\/x.com\/MontaniaSport\",\"https:\/\/www.instagram.com\/montania_sport\"]},{\"@type\":\"Person\",\"@id\":\"https:\/\/www.montania-sport.com\/blog\/#\/schema\/person\/c933c30e5159a4e5b8aa41e772beadf5\",\"name\":\"Hugo\",\"image\":{\"@type\":\"ImageObject\",\"inLanguage\":\"fr-FR\",\"@id\":\"https:\/\/www.montania-sport.com\/blog\/#\/schema\/person\/image\/\",\"url\":\"https:\/\/secure.gravatar.com\/avatar\/9f8bff9fa481ae20ba98a9185066805e?s=96&d=mm&r=g\",\"contentUrl\":\"https:\/\/secure.gravatar.com\/avatar\/9f8bff9fa481ae20ba98a9185066805e?s=96&d=mm&r=g\",\"caption\":\"Hugo\"},\"url\":\"https:\/\/www.montania-sport.com\/blog\/author\/david\/\"}]}<\/script>\n<!-- \/ Yoast SEO plugin. -->","yoast_head_json":{"title":"Recyclage des skis de rando chez Montania - Blog Montania Sport","description":"D\u00e9couvrez ci-dessous les initiatives existantes ainsi que le processus complet de recyclage des skis de randonn\u00e9e.","robots":{"index":"index","follow":"follow","max-snippet":"max-snippet:-1","max-image-preview":"max-image-preview:large","max-video-preview":"max-video-preview:-1"},"canonical":"https:\/\/www.montania-sport.com\/blog\/recyclage-des-skis-chez-montania\/","og_locale":"fr_FR","og_type":"article","og_title":"Recyclage des skis de rando chez Montania - Blog Montania Sport","og_description":"D\u00e9couvrez ci-dessous les initiatives existantes ainsi que le processus complet de recyclage des skis de randonn\u00e9e.","og_url":"https:\/\/www.montania-sport.com\/blog\/recyclage-des-skis-chez-montania\/","og_site_name":"Blog Montania Sport","article_publisher":"https:\/\/www.facebook.com\/Montania.Sport","article_published_time":"2022-05-23T14:01:18+00:00","article_modified_time":"2023-05-09T12:59:49+00:00","og_image":[{"width":1200,"height":675,"url":"https:\/\/www.montania-sport.com\/blog\/wp-content\/uploads\/2022\/05\/Recyclage-1200.jpg","type":"image\/jpeg"}],"author":"Hugo","twitter_card":"summary_large_image","twitter_creator":"@MontaniaSport","twitter_site":"@MontaniaSport","twitter_misc":{"\u00c9crit par":"Hugo","Dur\u00e9e de lecture estim\u00e9e":"8 minutes"},"schema":{"@context":"https:\/\/schema.org","@graph":[{"@type":"Article","@id":"https:\/\/www.montania-sport.com\/blog\/recyclage-des-skis-chez-montania\/#article","isPartOf":{"@id":"https:\/\/www.montania-sport.com\/blog\/recyclage-des-skis-chez-montania\/"},"author":{"name":"Hugo","@id":"https:\/\/www.montania-sport.com\/blog\/#\/schema\/person\/c933c30e5159a4e5b8aa41e772beadf5"},"headline":"Recyclage des skis de rando chez Montania","datePublished":"2022-05-23T14:01:18+00:00","dateModified":"2023-05-09T12:59:49+00:00","mainEntityOfPage":{"@id":"https:\/\/www.montania-sport.com\/blog\/recyclage-des-skis-chez-montania\/"},"wordCount":1074,"commentCount":2,"publisher":{"@id":"https:\/\/www.montania-sport.com\/blog\/#organization"},"image":{"@id":"https:\/\/www.montania-sport.com\/blog\/recyclage-des-skis-chez-montania\/#primaryimage"},"thumbnailUrl":"https:\/\/www.montania-sport.com\/blog\/wp-content\/uploads\/2022\/05\/Recyclage-1200.jpg","keywords":["Ski de randonn\u00e9e"],"articleSection":["Actus du Magasin \/ Nouveaut\u00e9s"],"inLanguage":"fr-FR","potentialAction":[{"@type":"CommentAction","name":"Comment","target":["https:\/\/www.montania-sport.com\/blog\/recyclage-des-skis-chez-montania\/#respond"]}]},{"@type":"WebPage","@id":"https:\/\/www.montania-sport.com\/blog\/recyclage-des-skis-chez-montania\/","url":"https:\/\/www.montania-sport.com\/blog\/recyclage-des-skis-chez-montania\/","name":"Recyclage des skis de rando chez Montania - Blog Montania Sport","isPartOf":{"@id":"https:\/\/www.montania-sport.com\/blog\/#website"},"primaryImageOfPage":{"@id":"https:\/\/www.montania-sport.com\/blog\/recyclage-des-skis-chez-montania\/#primaryimage"},"image":{"@id":"https:\/\/www.montania-sport.com\/blog\/recyclage-des-skis-chez-montania\/#primaryimage"},"thumbnailUrl":"https:\/\/www.montania-sport.com\/blog\/wp-content\/uploads\/2022\/05\/Recyclage-1200.jpg","datePublished":"2022-05-23T14:01:18+00:00","dateModified":"2023-05-09T12:59:49+00:00","description":"D\u00e9couvrez ci-dessous les initiatives existantes ainsi que le processus complet de recyclage des skis de randonn\u00e9e.","breadcrumb":{"@id":"https:\/\/www.montania-sport.com\/blog\/recyclage-des-skis-chez-montania\/#breadcrumb"},"inLanguage":"fr-FR","potentialAction":[{"@type":"ReadAction","target":["https:\/\/www.montania-sport.com\/blog\/recyclage-des-skis-chez-montania\/"]}]},{"@type":"ImageObject","inLanguage":"fr-FR","@id":"https:\/\/www.montania-sport.com\/blog\/recyclage-des-skis-chez-montania\/#primaryimage","url":"https:\/\/www.montania-sport.com\/blog\/wp-content\/uploads\/2022\/05\/Recyclage-1200.jpg","contentUrl":"https:\/\/www.montania-sport.com\/blog\/wp-content\/uploads\/2022\/05\/Recyclage-1200.jpg","width":1200,"height":675,"caption":"recyclage des skis de randonn\u00e9e"},{"@type":"BreadcrumbList","@id":"https:\/\/www.montania-sport.com\/blog\/recyclage-des-skis-chez-montania\/#breadcrumb","itemListElement":[{"@type":"ListItem","position":1,"name":"Accueil","item":"https:\/\/www.montania-sport.com\/blog\/"},{"@type":"ListItem","position":2,"name":"Recyclage des skis de rando chez Montania"}]},{"@type":"WebSite","@id":"https:\/\/www.montania-sport.com\/blog\/#website","url":"https:\/\/www.montania-sport.com\/blog\/","name":"Blog Montania Sport","description":"Blog Montania Sport","publisher":{"@id":"https:\/\/www.montania-sport.com\/blog\/#organization"},"potentialAction":[{"@type":"SearchAction","target":{"@type":"EntryPoint","urlTemplate":"https:\/\/www.montania-sport.com\/blog\/?s={search_term_string}"},"query-input":{"@type":"PropertyValueSpecification","valueRequired":true,"valueName":"search_term_string"}}],"inLanguage":"fr-FR"},{"@type":"Organization","@id":"https:\/\/www.montania-sport.com\/blog\/#organization","name":"Montania Sport","url":"https:\/\/www.montania-sport.com\/blog\/","logo":{"@type":"ImageObject","inLanguage":"fr-FR","@id":"https:\/\/www.montania-sport.com\/blog\/#\/schema\/logo\/image\/","url":"https:\/\/www.montania-sport.com\/blog\/wp-content\/uploads\/2023\/04\/cropped-Logo-BLOG-2023-1200.png","contentUrl":"https:\/\/www.montania-sport.com\/blog\/wp-content\/uploads\/2023\/04\/cropped-Logo-BLOG-2023-1200.png","width":1200,"height":645,"caption":"Montania Sport"},"image":{"@id":"https:\/\/www.montania-sport.com\/blog\/#\/schema\/logo\/image\/"},"sameAs":["https:\/\/www.facebook.com\/Montania.Sport","https:\/\/x.com\/MontaniaSport","https:\/\/www.instagram.com\/montania_sport"]},{"@type":"Person","@id":"https:\/\/www.montania-sport.com\/blog\/#\/schema\/person\/c933c30e5159a4e5b8aa41e772beadf5","name":"Hugo","image":{"@type":"ImageObject","inLanguage":"fr-FR","@id":"https:\/\/www.montania-sport.com\/blog\/#\/schema\/person\/image\/","url":"https:\/\/secure.gravatar.com\/avatar\/9f8bff9fa481ae20ba98a9185066805e?s=96&d=mm&r=g","contentUrl":"https:\/\/secure.gravatar.com\/avatar\/9f8bff9fa481ae20ba98a9185066805e?s=96&d=mm&r=g","caption":"Hugo"},"url":"https:\/\/www.montania-sport.com\/blog\/author\/david\/"}]}},"jetpack_featured_media_url":"https:\/\/www.montania-sport.com\/blog\/wp-content\/uploads\/2022\/05\/Recyclage-1200.jpg","jetpack_sharing_enabled":true,"jetpack-related-posts":[],"_links":{"self":[{"href":"https:\/\/www.montania-sport.com\/blog\/wp-json\/wp\/v2\/posts\/26268","targetHints":{"allow":["GET"]}}],"collection":[{"href":"https:\/\/www.montania-sport.com\/blog\/wp-json\/wp\/v2\/posts"}],"about":[{"href":"https:\/\/www.montania-sport.com\/blog\/wp-json\/wp\/v2\/types\/post"}],"author":[{"embeddable":true,"href":"https:\/\/www.montania-sport.com\/blog\/wp-json\/wp\/v2\/users\/16"}],"replies":[{"embeddable":true,"href":"https:\/\/www.montania-sport.com\/blog\/wp-json\/wp\/v2\/comments?post=26268"}],"version-history":[{"count":6,"href":"https:\/\/www.montania-sport.com\/blog\/wp-json\/wp\/v2\/posts\/26268\/revisions"}],"predecessor-version":[{"id":31798,"href":"https:\/\/www.montania-sport.com\/blog\/wp-json\/wp\/v2\/posts\/26268\/revisions\/31798"}],"wp:featuredmedia":[{"embeddable":true,"href":"https:\/\/www.montania-sport.com\/blog\/wp-json\/wp\/v2\/media\/26347"}],"wp:attachment":[{"href":"https:\/\/www.montania-sport.com\/blog\/wp-json\/wp\/v2\/media?parent=26268"}],"wp:term":[{"taxonomy":"category","embeddable":true,"href":"https:\/\/www.montania-sport.com\/blog\/wp-json\/wp\/v2\/categories?post=26268"},{"taxonomy":"post_tag","embeddable":true,"href":"https:\/\/www.montania-sport.com\/blog\/wp-json\/wp\/v2\/tags?post=26268"}],"curies":[{"name":"wp","href":"https:\/\/api.w.org\/{rel}","templated":true}]}}