{"id":15875,"date":"2017-05-18T08:14:19","date_gmt":"2017-05-18T07:14:19","guid":{"rendered":"https:\/\/www.montania-sport.com\/blog\/?p=15875"},"modified":"2017-05-24T08:59:23","modified_gmt":"2017-05-24T07:59:23","slug":"face-nord-courtes","status":"publish","type":"post","link":"https:\/\/www.montania-sport.com\/blog\/face-nord-courtes\/","title":{"rendered":"Face Nord Est des Courtes."},"content":{"rendered":"<p>Ce jour-l\u00e0, toutes les conditions semblaient r\u00e9unies pour skier la\u00a0Face Nord Est des Courtes :<\/p>\n<ul>\n<li style=\"list-style-type: none;\">\n<ul>\n<li>pas de boulot<\/li>\n<li>beau temps<\/li>\n<li>et des conditions de neige correctes pour la pente raide.<\/li>\n<\/ul>\n<\/li>\n<\/ul>\n<p>Le r\u00eave quoi :-)<\/p>\n<figure id=\"attachment_15896\" aria-describedby=\"caption-attachment-15896\" style=\"width: 800px\" class=\"wp-caption alignnone\"><a href=\"https:\/\/www.montania-sport.com\/blog\/wp-content\/uploads\/2017\/05\/DSC_1897.jpg\"><img fetchpriority=\"high\" decoding=\"async\" class=\"size-full wp-image-15896\" src=\"https:\/\/www.montania-sport.com\/blog\/wp-content\/uploads\/2017\/05\/DSC_1897.jpg\" alt=\"\" width=\"800\" height=\"450\" srcset=\"https:\/\/www.montania-sport.com\/blog\/wp-content\/uploads\/2017\/05\/DSC_1897.jpg 800w, https:\/\/www.montania-sport.com\/blog\/wp-content\/uploads\/2017\/05\/DSC_1897-300x169.jpg 300w, https:\/\/www.montania-sport.com\/blog\/wp-content\/uploads\/2017\/05\/DSC_1897-768x432.jpg 768w\" sizes=\"(max-width: 800px) 100vw, 800px\" \/><\/a><figcaption id=\"caption-attachment-15896\" class=\"wp-caption-text\">Au pied de la face Nord Est des Courtes, Massif du Mont Blanc.<\/figcaption><\/figure>\n<p>La face Nord Est des Courtes, une grande classique du ski montagne : 800 m\u00e8tres de face pour une inclinaison comprise entre 40\u00b0 et 50\u00b0. Qui dit face dit espace pour skier. Il n\u2019est donc pas rare de pouvoir y tailler de belles courbes quand la poudreuse est au rendez-vous. Bref un itin\u00e9raire de grande classe convoit\u00e9 par grand nombre de skieurs.<\/p>\n<p><!--more--><\/p>\n<figure id=\"attachment_15893\" aria-describedby=\"caption-attachment-15893\" style=\"width: 800px\" class=\"wp-caption alignleft\"><a href=\"https:\/\/www.montania-sport.com\/blog\/wp-content\/uploads\/2017\/05\/DSCN6283.jpg\"><img decoding=\"async\" class=\"size-full wp-image-15893\" src=\"https:\/\/www.montania-sport.com\/blog\/wp-content\/uploads\/2017\/05\/DSCN6283.jpg\" alt=\"Ski dans couloir nord des Courtes\" width=\"800\" height=\"600\" srcset=\"https:\/\/www.montania-sport.com\/blog\/wp-content\/uploads\/2017\/05\/DSCN6283.jpg 800w, https:\/\/www.montania-sport.com\/blog\/wp-content\/uploads\/2017\/05\/DSCN6283-300x225.jpg 300w, https:\/\/www.montania-sport.com\/blog\/wp-content\/uploads\/2017\/05\/DSCN6283-768x576.jpg 768w\" sizes=\"(max-width: 800px) 100vw, 800px\" \/><\/a><figcaption id=\"caption-attachment-15893\" class=\"wp-caption-text\">Ski dans couloir nord des Courtes<\/figcaption><\/figure>\n<p>Cependant, il ne faut r\u00e9sumer cet itin\u00e9raire par une simple descente \u00e0 ski\u00a0:<br \/>\n\u00ab\u00a0&#8230;<em> Apr\u00e8s 3 ou 4 heures de course le soleil nous avait enfin rattrap\u00e9, illuminant le long toboggan sur lequel nous \u00e9tions accroch\u00e9s gr\u00e2ce \u00e0 la pointe de nos crampons. Sur la neige encore durcie par le gel et la pente \u00e0 plus de 50 degr\u00e9s, malgr\u00e9 la corde qui nous reliait, il valait mieux ne pas tomber&#8230; \u00bb.<\/em><\/p>\n<p>C\u2019est de cette fa\u00e7on que mon grand-p\u00e8re, me d\u00e9crivit cette voie. Le tout avec le soup\u00e7on d\u2019\u00e9motion et de passion de celui qui partage un tr\u00e8s bon souvenir.<\/p>\n<p>J\u2019avais donc, par avance, une forte impression de cet itin\u00e9raire.<\/p>\n<figure id=\"attachment_15892\" aria-describedby=\"caption-attachment-15892\" style=\"width: 800px\" class=\"wp-caption alignnone\"><a href=\"https:\/\/www.montania-sport.com\/blog\/wp-content\/uploads\/2017\/05\/DSCN6281.jpg\"><img decoding=\"async\" class=\"size-full wp-image-15892\" src=\"https:\/\/www.montania-sport.com\/blog\/wp-content\/uploads\/2017\/05\/DSCN6281.jpg\" alt=\"\" width=\"800\" height=\"600\" srcset=\"https:\/\/www.montania-sport.com\/blog\/wp-content\/uploads\/2017\/05\/DSCN6281.jpg 800w, https:\/\/www.montania-sport.com\/blog\/wp-content\/uploads\/2017\/05\/DSCN6281-300x225.jpg 300w, https:\/\/www.montania-sport.com\/blog\/wp-content\/uploads\/2017\/05\/DSCN6281-768x576.jpg 768w\" sizes=\"(max-width: 800px) 100vw, 800px\" \/><\/a><figcaption id=\"caption-attachment-15892\" class=\"wp-caption-text\">Michel, enfin ce qu&rsquo;on en voit (mais tourne toi plus!)<\/figcaption><\/figure>\n<figure id=\"attachment_15885\" aria-describedby=\"caption-attachment-15885\" style=\"width: 800px\" class=\"wp-caption alignnone\"><a href=\"https:\/\/www.montania-sport.com\/blog\/wp-content\/uploads\/2017\/05\/DSC_1898.jpg\"><img loading=\"lazy\" decoding=\"async\" class=\"size-full wp-image-15885\" src=\"https:\/\/www.montania-sport.com\/blog\/wp-content\/uploads\/2017\/05\/DSC_1898.jpg\" alt=\"\" width=\"800\" height=\"450\" srcset=\"https:\/\/www.montania-sport.com\/blog\/wp-content\/uploads\/2017\/05\/DSC_1898.jpg 800w, https:\/\/www.montania-sport.com\/blog\/wp-content\/uploads\/2017\/05\/DSC_1898-300x169.jpg 300w, https:\/\/www.montania-sport.com\/blog\/wp-content\/uploads\/2017\/05\/DSC_1898-768x432.jpg 768w\" sizes=\"(max-width: 800px) 100vw, 800px\" \/><\/a><figcaption id=\"caption-attachment-15885\" class=\"wp-caption-text\">Et Yves-Ma (mais c&rsquo;est pas vrai, il n&rsquo;y en a pas un pour rattraper l&rsquo;autre&#8230;)<\/figcaption><\/figure>\n<p>8H30, sur le parking des Grands Montets, la fine \u00e9quipe r\u00e9unie, le top d\u00e9part est donn\u00e9. Les 2100 premiers m\u00e8tres sont rapidement aval\u00e9s (30 minutes), aid\u00e9 (\u00e0 peine) par quelques remont\u00e9es m\u00e9caniques.<\/p>\n<p>Apr\u00e8s une sympathique travers\u00e9e sous la face nord de la Verte, de la Grande Rocheuse et des Droites, o\u00f9 le regard ne manquera pas de se perde dans de futurs projets, nous voil\u00e0 au pied des difficult\u00e9s, pr\u00eats \u00e0 franchir la rimaye. Le couloir nous appara\u00eet pleinement. Bonne nouvelle : personne en vue, nous sommes seuls.<br \/>\nMauvaise nouvelle, pas l\u2019ombre d\u2019une trace de mont\u00e9e et encore moins celle d\u2019un t\u00e9l\u00e9si\u00e8ge. Ce qui nous oblige \u00e0 marcher :-)<\/p>\n<figure id=\"attachment_15889\" aria-describedby=\"caption-attachment-15889\" style=\"width: 800px\" class=\"wp-caption alignnone\"><a href=\"https:\/\/www.montania-sport.com\/blog\/wp-content\/uploads\/2017\/05\/DSCN6270.jpg\"><img loading=\"lazy\" decoding=\"async\" class=\"size-full wp-image-15889\" src=\"https:\/\/www.montania-sport.com\/blog\/wp-content\/uploads\/2017\/05\/DSCN6270.jpg\" alt=\"\" width=\"800\" height=\"600\" srcset=\"https:\/\/www.montania-sport.com\/blog\/wp-content\/uploads\/2017\/05\/DSCN6270.jpg 800w, https:\/\/www.montania-sport.com\/blog\/wp-content\/uploads\/2017\/05\/DSCN6270-300x225.jpg 300w, https:\/\/www.montania-sport.com\/blog\/wp-content\/uploads\/2017\/05\/DSCN6270-768x576.jpg 768w\" sizes=\"(max-width: 800px) 100vw, 800px\" \/><\/a><figcaption id=\"caption-attachment-15889\" class=\"wp-caption-text\">Au sommet du couloir.<\/figcaption><\/figure>\n<p>La mont\u00e9e, longue, simple et monotone est rythm\u00e9e par le bruit de nos pas s\u2019enfon\u00e7ant dans la neige (profonde la neige) et le souffle de nos respirations (profond le souffle). Cette symphonie de l\u2019effort sera malheureusement perturb\u00e9e par quelques fausses notes\u00a0: tous les 50 m\u00e8tres de progression environ, un avion vient se poser sur le glacier, et nous d\u00e9pose sans discr\u00e9tion (aucune), \u00a0une bonne dose de k\u00e9ros\u00e8ne.\u00a0 Apr\u00e8s une dizaine d\u2019aller et retour le monstre semble vide et l\u2019a\u00e9roport d\u2019Argenti\u00e8re ferme enfin ses portes.<\/p>\n<figure id=\"attachment_15882\" aria-describedby=\"caption-attachment-15882\" style=\"width: 800px\" class=\"wp-caption alignnone\"><a href=\"https:\/\/www.montania-sport.com\/blog\/wp-content\/uploads\/2017\/05\/DSC_0991.jpg\"><img loading=\"lazy\" decoding=\"async\" class=\"wp-image-15882 size-full\" src=\"https:\/\/www.montania-sport.com\/blog\/wp-content\/uploads\/2017\/05\/DSC_0991.jpg\" alt=\"\" width=\"800\" height=\"450\" srcset=\"https:\/\/www.montania-sport.com\/blog\/wp-content\/uploads\/2017\/05\/DSC_0991.jpg 800w, https:\/\/www.montania-sport.com\/blog\/wp-content\/uploads\/2017\/05\/DSC_0991-300x169.jpg 300w, https:\/\/www.montania-sport.com\/blog\/wp-content\/uploads\/2017\/05\/DSC_0991-768x432.jpg 768w\" sizes=\"(max-width: 800px) 100vw, 800px\" \/><\/a><figcaption id=\"caption-attachment-15882\" class=\"wp-caption-text\">Enfin seuls !!!<\/figcaption><\/figure>\n<p>A fur \u00e0 mesure que nous progressons la profondeur de neige augmente et le souffle lui, raccourcit. Du coup on va bien moins vite. 50 m\u00e8tres avant le sommet, le caillou prend un avantage non n\u00e9gligeable sur la neige. Le nuage d\u00e9bonnaire pos\u00e9 sur le sommet des Courtes ne l\u2019est plus tant. Nous d\u00e9cidons de stopper l\u00e0, afin de profiter de la visibilit\u00e9 pour la descente.<\/p>\n<figure id=\"attachment_15890\" aria-describedby=\"caption-attachment-15890\" style=\"width: 800px\" class=\"wp-caption alignnone\"><a href=\"https:\/\/www.montania-sport.com\/blog\/wp-content\/uploads\/2017\/05\/DSCN6271.jpg\"><img loading=\"lazy\" decoding=\"async\" class=\"wp-image-15890 size-full\" src=\"https:\/\/www.montania-sport.com\/blog\/wp-content\/uploads\/2017\/05\/DSCN6271.jpg\" alt=\"\" width=\"800\" height=\"600\" srcset=\"https:\/\/www.montania-sport.com\/blog\/wp-content\/uploads\/2017\/05\/DSCN6271.jpg 800w, https:\/\/www.montania-sport.com\/blog\/wp-content\/uploads\/2017\/05\/DSCN6271-300x225.jpg 300w, https:\/\/www.montania-sport.com\/blog\/wp-content\/uploads\/2017\/05\/DSCN6271-768x576.jpg 768w\" sizes=\"(max-width: 800px) 100vw, 800px\" \/><\/a><figcaption id=\"caption-attachment-15890\" class=\"wp-caption-text\">Mich dans les starting-blocs<\/figcaption><\/figure>\n<p>Rapidement, nous \u00e9changeons les crampons contre les skis.<br \/>\nMichel recouvre sa s\u00e9r\u00e9nit\u00e9 et est pr\u00eat \u00e0 manger la pente.<\/p>\n<figure id=\"attachment_15891\" aria-describedby=\"caption-attachment-15891\" style=\"width: 800px\" class=\"wp-caption alignnone\"><a href=\"https:\/\/www.montania-sport.com\/blog\/wp-content\/uploads\/2017\/05\/DSCN6275.jpg\"><img loading=\"lazy\" decoding=\"async\" class=\"size-full wp-image-15891\" src=\"https:\/\/www.montania-sport.com\/blog\/wp-content\/uploads\/2017\/05\/DSCN6275.jpg\" alt=\"\" width=\"800\" height=\"600\" srcset=\"https:\/\/www.montania-sport.com\/blog\/wp-content\/uploads\/2017\/05\/DSCN6275.jpg 800w, https:\/\/www.montania-sport.com\/blog\/wp-content\/uploads\/2017\/05\/DSCN6275-300x225.jpg 300w, https:\/\/www.montania-sport.com\/blog\/wp-content\/uploads\/2017\/05\/DSCN6275-768x576.jpg 768w\" sizes=\"(max-width: 800px) 100vw, 800px\" \/><\/a><figcaption id=\"caption-attachment-15891\" class=\"wp-caption-text\">C&rsquo;est parti!!!<\/figcaption><\/figure>\n<figure id=\"attachment_15879\" aria-describedby=\"caption-attachment-15879\" style=\"width: 800px\" class=\"wp-caption alignnone\"><a href=\"https:\/\/www.montania-sport.com\/blog\/wp-content\/uploads\/2017\/05\/DSC_0967.jpg\"><img loading=\"lazy\" decoding=\"async\" class=\"size-full wp-image-15879\" src=\"https:\/\/www.montania-sport.com\/blog\/wp-content\/uploads\/2017\/05\/DSC_0967.jpg\" alt=\"\" width=\"800\" height=\"450\" srcset=\"https:\/\/www.montania-sport.com\/blog\/wp-content\/uploads\/2017\/05\/DSC_0967.jpg 800w, https:\/\/www.montania-sport.com\/blog\/wp-content\/uploads\/2017\/05\/DSC_0967-300x169.jpg 300w, https:\/\/www.montania-sport.com\/blog\/wp-content\/uploads\/2017\/05\/DSC_0967-768x432.jpg 768w\" sizes=\"(max-width: 800px) 100vw, 800px\" \/><\/a><figcaption id=\"caption-attachment-15879\" class=\"wp-caption-text\">Rimaye en approche.<\/figcaption><\/figure>\n<p>La neige est irr\u00e9guli\u00e8re et parcourue de veilles traces, \u00e0 mi-chemin entre la gel\u00e9e et la cro\u00fbt\u00e9e. Dans le plus pur esprit de la pente, les virages se font tout en maitrise, dans le respect des 4 appuis, non loin de la glace et du caillou. \u00c7a c\u2019est pour le haut.<br \/>\nApr\u00e8s, la pente se couche et la neige est de meilleure qualit\u00e9.<br \/>\nIl ne faut toujours pas tomber mais on peut se l\u00e2cher un peu plus.<br \/>\nUn petit saut pour franchir la rimaye, quelques virages et nous voici sur le glacier plat mais contents.<\/p>\n<p><a href=\"https:\/\/www.montania-sport.com\/blog\/wp-content\/uploads\/2017\/05\/DSC_0979.jpg\"><img loading=\"lazy\" decoding=\"async\" class=\"alignnone size-full wp-image-15880\" src=\"https:\/\/www.montania-sport.com\/blog\/wp-content\/uploads\/2017\/05\/DSC_0979.jpg\" alt=\"\" width=\"800\" height=\"450\" srcset=\"https:\/\/www.montania-sport.com\/blog\/wp-content\/uploads\/2017\/05\/DSC_0979.jpg 800w, https:\/\/www.montania-sport.com\/blog\/wp-content\/uploads\/2017\/05\/DSC_0979-300x169.jpg 300w, https:\/\/www.montania-sport.com\/blog\/wp-content\/uploads\/2017\/05\/DSC_0979-768x432.jpg 768w\" sizes=\"(max-width: 800px) 100vw, 800px\" \/><\/a><\/p>\n<p>Raph.<\/p>\n<hr \/>\n<p>Merci de votre lecture.<br \/>\nA bient\u00f4t pour notre prochain r\u00e9cit \u00ab\u00a0Carnet de Course\u00a0\u00bb<\/p>\n","protected":false},"excerpt":{"rendered":"<p>Ce jour-l\u00e0, toutes les conditions semblaient r\u00e9unies pour skier la\u00a0Face Nord Est des Courtes : pas de boulot beau temps et des conditions de neige correctes pour la pente raide. Le r\u00eave quoi :-) La face Nord Est des Courtes, une grande classique du ski montagne : 800 m\u00e8tres de face pour une inclinaison comprise &hellip;<\/p>\n<p class=\"read-more\"> <a class=\"\" href=\"https:\/\/www.montania-sport.com\/blog\/face-nord-courtes\/\"> <span class=\"screen-reader-text\">Face Nord Est des Courtes.<\/span> Lire la suite\u00a0\u00bb<\/a><\/p>\n","protected":false},"author":5,"featured_media":15921,"comment_status":"open","ping_status":"open","sticky":false,"template":"","format":"standard","meta":{"site-sidebar-layout":"default","site-content-layout":"default","ast-global-header-display":"","ast-main-header-display":"","ast-hfb-above-header-display":"","ast-hfb-below-header-display":"","ast-hfb-mobile-header-display":"","site-post-title":"","ast-breadcrumbs-content":"","ast-featured-img":"","footer-sml-layout":"","theme-transparent-header-meta":"","adv-header-id-meta":"","stick-header-meta":"","header-above-stick-meta":"","header-main-stick-meta":"","header-below-stick-meta":"","_jetpack_memberships_contains_paid_content":false,"footnotes":""},"categories":[33],"tags":[849,761],"class_list":["post-15875","post","type-post","status-publish","format-standard","has-post-thumbnail","hentry","category-sorties-montagne","tag-massif-du-mont-blanc","tag-ski-de-randonnee"],"yoast_head":"<!-- This site is optimized with the Yoast SEO plugin v24.4 - https:\/\/yoast.com\/wordpress\/plugins\/seo\/ -->\n<title>Face Nord Est des Courtes. - Blog Montania Sport<\/title>\n<meta name=\"robots\" content=\"index, follow, max-snippet:-1, max-image-preview:large, max-video-preview:-1\" \/>\n<link rel=\"canonical\" href=\"https:\/\/www.montania-sport.com\/blog\/face-nord-courtes\/\" \/>\n<meta property=\"og:locale\" content=\"fr_FR\" \/>\n<meta property=\"og:type\" content=\"article\" \/>\n<meta property=\"og:title\" content=\"Face Nord Est des Courtes. - Blog Montania Sport\" \/>\n<meta property=\"og:description\" content=\"Ce jour-l\u00e0, toutes les conditions semblaient r\u00e9unies pour skier la\u00a0Face Nord Est des Courtes : pas de boulot beau temps et des conditions de neige correctes pour la pente raide. Le r\u00eave quoi :-) La face Nord Est des Courtes, une grande classique du ski montagne : 800 m\u00e8tres de face pour une inclinaison comprise &hellip; Face Nord Est des Courtes. Lire la suite\u00a0\u00bb\" \/>\n<meta property=\"og:url\" content=\"https:\/\/www.montania-sport.com\/blog\/face-nord-courtes\/\" \/>\n<meta property=\"og:site_name\" content=\"Blog Montania Sport\" \/>\n<meta property=\"article:publisher\" content=\"https:\/\/www.facebook.com\/Montania.Sport\" \/>\n<meta property=\"article:published_time\" content=\"2017-05-18T07:14:19+00:00\" \/>\n<meta property=\"article:modified_time\" content=\"2017-05-24T07:59:23+00:00\" \/>\n<meta property=\"og:image\" content=\"https:\/\/www.montania-sport.com\/blog\/wp-content\/uploads\/2017\/05\/Courtes-672.jpg\" \/>\n\t<meta property=\"og:image:width\" content=\"672\" \/>\n\t<meta property=\"og:image:height\" content=\"372\" \/>\n\t<meta property=\"og:image:type\" content=\"image\/jpeg\" \/>\n<meta name=\"author\" content=\"rapha\" \/>\n<meta name=\"twitter:card\" content=\"summary_large_image\" \/>\n<meta name=\"twitter:creator\" content=\"@MontaniaSport\" \/>\n<meta name=\"twitter:site\" content=\"@MontaniaSport\" \/>\n<meta name=\"twitter:label1\" content=\"\u00c9crit par\" \/>\n\t<meta name=\"twitter:data1\" content=\"rapha\" \/>\n\t<meta name=\"twitter:label2\" content=\"Dur\u00e9e de lecture estim\u00e9e\" \/>\n\t<meta name=\"twitter:data2\" content=\"4 minutes\" \/>\n<script type=\"application\/ld+json\" class=\"yoast-schema-graph\">{\"@context\":\"https:\/\/schema.org\",\"@graph\":[{\"@type\":\"Article\",\"@id\":\"https:\/\/www.montania-sport.com\/blog\/face-nord-courtes\/#article\",\"isPartOf\":{\"@id\":\"https:\/\/www.montania-sport.com\/blog\/face-nord-courtes\/\"},\"author\":{\"name\":\"rapha\",\"@id\":\"https:\/\/www.montania-sport.com\/blog\/#\/schema\/person\/68935832f06bb243f3abac88b156f65d\"},\"headline\":\"Face Nord Est des Courtes.\",\"datePublished\":\"2017-05-18T07:14:19+00:00\",\"dateModified\":\"2017-05-24T07:59:23+00:00\",\"mainEntityOfPage\":{\"@id\":\"https:\/\/www.montania-sport.com\/blog\/face-nord-courtes\/\"},\"wordCount\":769,\"commentCount\":0,\"publisher\":{\"@id\":\"https:\/\/www.montania-sport.com\/blog\/#organization\"},\"image\":{\"@id\":\"https:\/\/www.montania-sport.com\/blog\/face-nord-courtes\/#primaryimage\"},\"thumbnailUrl\":\"https:\/\/www.montania-sport.com\/blog\/wp-content\/uploads\/2017\/05\/Courtes-672.jpg\",\"keywords\":[\"Massif du Mont Blanc\",\"Ski de randonn\u00e9e\"],\"articleSection\":[\"Carnet de Courses\"],\"inLanguage\":\"fr-FR\",\"potentialAction\":[{\"@type\":\"CommentAction\",\"name\":\"Comment\",\"target\":[\"https:\/\/www.montania-sport.com\/blog\/face-nord-courtes\/#respond\"]}]},{\"@type\":\"WebPage\",\"@id\":\"https:\/\/www.montania-sport.com\/blog\/face-nord-courtes\/\",\"url\":\"https:\/\/www.montania-sport.com\/blog\/face-nord-courtes\/\",\"name\":\"Face Nord Est des Courtes. - Blog Montania Sport\",\"isPartOf\":{\"@id\":\"https:\/\/www.montania-sport.com\/blog\/#website\"},\"primaryImageOfPage\":{\"@id\":\"https:\/\/www.montania-sport.com\/blog\/face-nord-courtes\/#primaryimage\"},\"image\":{\"@id\":\"https:\/\/www.montania-sport.com\/blog\/face-nord-courtes\/#primaryimage\"},\"thumbnailUrl\":\"https:\/\/www.montania-sport.com\/blog\/wp-content\/uploads\/2017\/05\/Courtes-672.jpg\",\"datePublished\":\"2017-05-18T07:14:19+00:00\",\"dateModified\":\"2017-05-24T07:59:23+00:00\",\"breadcrumb\":{\"@id\":\"https:\/\/www.montania-sport.com\/blog\/face-nord-courtes\/#breadcrumb\"},\"inLanguage\":\"fr-FR\",\"potentialAction\":[{\"@type\":\"ReadAction\",\"target\":[\"https:\/\/www.montania-sport.com\/blog\/face-nord-courtes\/\"]}]},{\"@type\":\"ImageObject\",\"inLanguage\":\"fr-FR\",\"@id\":\"https:\/\/www.montania-sport.com\/blog\/face-nord-courtes\/#primaryimage\",\"url\":\"https:\/\/www.montania-sport.com\/blog\/wp-content\/uploads\/2017\/05\/Courtes-672.jpg\",\"contentUrl\":\"https:\/\/www.montania-sport.com\/blog\/wp-content\/uploads\/2017\/05\/Courtes-672.jpg\",\"width\":672,\"height\":372,\"caption\":\"Ski couloir nord des Courtes\"},{\"@type\":\"BreadcrumbList\",\"@id\":\"https:\/\/www.montania-sport.com\/blog\/face-nord-courtes\/#breadcrumb\",\"itemListElement\":[{\"@type\":\"ListItem\",\"position\":1,\"name\":\"Accueil\",\"item\":\"https:\/\/www.montania-sport.com\/blog\/\"},{\"@type\":\"ListItem\",\"position\":2,\"name\":\"Face Nord Est des Courtes.\"}]},{\"@type\":\"WebSite\",\"@id\":\"https:\/\/www.montania-sport.com\/blog\/#website\",\"url\":\"https:\/\/www.montania-sport.com\/blog\/\",\"name\":\"Blog Montania Sport\",\"description\":\"Blog Montania Sport\",\"publisher\":{\"@id\":\"https:\/\/www.montania-sport.com\/blog\/#organization\"},\"potentialAction\":[{\"@type\":\"SearchAction\",\"target\":{\"@type\":\"EntryPoint\",\"urlTemplate\":\"https:\/\/www.montania-sport.com\/blog\/?s={search_term_string}\"},\"query-input\":{\"@type\":\"PropertyValueSpecification\",\"valueRequired\":true,\"valueName\":\"search_term_string\"}}],\"inLanguage\":\"fr-FR\"},{\"@type\":\"Organization\",\"@id\":\"https:\/\/www.montania-sport.com\/blog\/#organization\",\"name\":\"Montania Sport\",\"url\":\"https:\/\/www.montania-sport.com\/blog\/\",\"logo\":{\"@type\":\"ImageObject\",\"inLanguage\":\"fr-FR\",\"@id\":\"https:\/\/www.montania-sport.com\/blog\/#\/schema\/logo\/image\/\",\"url\":\"https:\/\/www.montania-sport.com\/blog\/wp-content\/uploads\/2023\/04\/cropped-Logo-BLOG-2023-1200.png\",\"contentUrl\":\"https:\/\/www.montania-sport.com\/blog\/wp-content\/uploads\/2023\/04\/cropped-Logo-BLOG-2023-1200.png\",\"width\":1200,\"height\":645,\"caption\":\"Montania Sport\"},\"image\":{\"@id\":\"https:\/\/www.montania-sport.com\/blog\/#\/schema\/logo\/image\/\"},\"sameAs\":[\"https:\/\/www.facebook.com\/Montania.Sport\",\"https:\/\/x.com\/MontaniaSport\",\"https:\/\/www.instagram.com\/montania_sport\"]},{\"@type\":\"Person\",\"@id\":\"https:\/\/www.montania-sport.com\/blog\/#\/schema\/person\/68935832f06bb243f3abac88b156f65d\",\"name\":\"rapha\",\"image\":{\"@type\":\"ImageObject\",\"inLanguage\":\"fr-FR\",\"@id\":\"https:\/\/www.montania-sport.com\/blog\/#\/schema\/person\/image\/\",\"url\":\"https:\/\/secure.gravatar.com\/avatar\/ebec76582cb13d030b29daa8bd907e0e?s=96&d=mm&r=g\",\"contentUrl\":\"https:\/\/secure.gravatar.com\/avatar\/ebec76582cb13d030b29daa8bd907e0e?s=96&d=mm&r=g\",\"caption\":\"rapha\"},\"url\":\"https:\/\/www.montania-sport.com\/blog\/author\/rapha\/\"}]}<\/script>\n<!-- \/ Yoast SEO plugin. -->","yoast_head_json":{"title":"Face Nord Est des Courtes. - Blog Montania Sport","robots":{"index":"index","follow":"follow","max-snippet":"max-snippet:-1","max-image-preview":"max-image-preview:large","max-video-preview":"max-video-preview:-1"},"canonical":"https:\/\/www.montania-sport.com\/blog\/face-nord-courtes\/","og_locale":"fr_FR","og_type":"article","og_title":"Face Nord Est des Courtes. - Blog Montania Sport","og_description":"Ce jour-l\u00e0, toutes les conditions semblaient r\u00e9unies pour skier la\u00a0Face Nord Est des Courtes : pas de boulot beau temps et des conditions de neige correctes pour la pente raide. Le r\u00eave quoi :-) La face Nord Est des Courtes, une grande classique du ski montagne : 800 m\u00e8tres de face pour une inclinaison comprise &hellip; Face Nord Est des Courtes. Lire la suite\u00a0\u00bb","og_url":"https:\/\/www.montania-sport.com\/blog\/face-nord-courtes\/","og_site_name":"Blog Montania Sport","article_publisher":"https:\/\/www.facebook.com\/Montania.Sport","article_published_time":"2017-05-18T07:14:19+00:00","article_modified_time":"2017-05-24T07:59:23+00:00","og_image":[{"width":672,"height":372,"url":"https:\/\/www.montania-sport.com\/blog\/wp-content\/uploads\/2017\/05\/Courtes-672.jpg","type":"image\/jpeg"}],"author":"rapha","twitter_card":"summary_large_image","twitter_creator":"@MontaniaSport","twitter_site":"@MontaniaSport","twitter_misc":{"\u00c9crit par":"rapha","Dur\u00e9e de lecture estim\u00e9e":"4 minutes"},"schema":{"@context":"https:\/\/schema.org","@graph":[{"@type":"Article","@id":"https:\/\/www.montania-sport.com\/blog\/face-nord-courtes\/#article","isPartOf":{"@id":"https:\/\/www.montania-sport.com\/blog\/face-nord-courtes\/"},"author":{"name":"rapha","@id":"https:\/\/www.montania-sport.com\/blog\/#\/schema\/person\/68935832f06bb243f3abac88b156f65d"},"headline":"Face Nord Est des Courtes.","datePublished":"2017-05-18T07:14:19+00:00","dateModified":"2017-05-24T07:59:23+00:00","mainEntityOfPage":{"@id":"https:\/\/www.montania-sport.com\/blog\/face-nord-courtes\/"},"wordCount":769,"commentCount":0,"publisher":{"@id":"https:\/\/www.montania-sport.com\/blog\/#organization"},"image":{"@id":"https:\/\/www.montania-sport.com\/blog\/face-nord-courtes\/#primaryimage"},"thumbnailUrl":"https:\/\/www.montania-sport.com\/blog\/wp-content\/uploads\/2017\/05\/Courtes-672.jpg","keywords":["Massif du Mont Blanc","Ski de randonn\u00e9e"],"articleSection":["Carnet de Courses"],"inLanguage":"fr-FR","potentialAction":[{"@type":"CommentAction","name":"Comment","target":["https:\/\/www.montania-sport.com\/blog\/face-nord-courtes\/#respond"]}]},{"@type":"WebPage","@id":"https:\/\/www.montania-sport.com\/blog\/face-nord-courtes\/","url":"https:\/\/www.montania-sport.com\/blog\/face-nord-courtes\/","name":"Face Nord Est des Courtes. - Blog Montania Sport","isPartOf":{"@id":"https:\/\/www.montania-sport.com\/blog\/#website"},"primaryImageOfPage":{"@id":"https:\/\/www.montania-sport.com\/blog\/face-nord-courtes\/#primaryimage"},"image":{"@id":"https:\/\/www.montania-sport.com\/blog\/face-nord-courtes\/#primaryimage"},"thumbnailUrl":"https:\/\/www.montania-sport.com\/blog\/wp-content\/uploads\/2017\/05\/Courtes-672.jpg","datePublished":"2017-05-18T07:14:19+00:00","dateModified":"2017-05-24T07:59:23+00:00","breadcrumb":{"@id":"https:\/\/www.montania-sport.com\/blog\/face-nord-courtes\/#breadcrumb"},"inLanguage":"fr-FR","potentialAction":[{"@type":"ReadAction","target":["https:\/\/www.montania-sport.com\/blog\/face-nord-courtes\/"]}]},{"@type":"ImageObject","inLanguage":"fr-FR","@id":"https:\/\/www.montania-sport.com\/blog\/face-nord-courtes\/#primaryimage","url":"https:\/\/www.montania-sport.com\/blog\/wp-content\/uploads\/2017\/05\/Courtes-672.jpg","contentUrl":"https:\/\/www.montania-sport.com\/blog\/wp-content\/uploads\/2017\/05\/Courtes-672.jpg","width":672,"height":372,"caption":"Ski couloir nord des Courtes"},{"@type":"BreadcrumbList","@id":"https:\/\/www.montania-sport.com\/blog\/face-nord-courtes\/#breadcrumb","itemListElement":[{"@type":"ListItem","position":1,"name":"Accueil","item":"https:\/\/www.montania-sport.com\/blog\/"},{"@type":"ListItem","position":2,"name":"Face Nord Est des Courtes."}]},{"@type":"WebSite","@id":"https:\/\/www.montania-sport.com\/blog\/#website","url":"https:\/\/www.montania-sport.com\/blog\/","name":"Blog Montania Sport","description":"Blog Montania Sport","publisher":{"@id":"https:\/\/www.montania-sport.com\/blog\/#organization"},"potentialAction":[{"@type":"SearchAction","target":{"@type":"EntryPoint","urlTemplate":"https:\/\/www.montania-sport.com\/blog\/?s={search_term_string}"},"query-input":{"@type":"PropertyValueSpecification","valueRequired":true,"valueName":"search_term_string"}}],"inLanguage":"fr-FR"},{"@type":"Organization","@id":"https:\/\/www.montania-sport.com\/blog\/#organization","name":"Montania Sport","url":"https:\/\/www.montania-sport.com\/blog\/","logo":{"@type":"ImageObject","inLanguage":"fr-FR","@id":"https:\/\/www.montania-sport.com\/blog\/#\/schema\/logo\/image\/","url":"https:\/\/www.montania-sport.com\/blog\/wp-content\/uploads\/2023\/04\/cropped-Logo-BLOG-2023-1200.png","contentUrl":"https:\/\/www.montania-sport.com\/blog\/wp-content\/uploads\/2023\/04\/cropped-Logo-BLOG-2023-1200.png","width":1200,"height":645,"caption":"Montania Sport"},"image":{"@id":"https:\/\/www.montania-sport.com\/blog\/#\/schema\/logo\/image\/"},"sameAs":["https:\/\/www.facebook.com\/Montania.Sport","https:\/\/x.com\/MontaniaSport","https:\/\/www.instagram.com\/montania_sport"]},{"@type":"Person","@id":"https:\/\/www.montania-sport.com\/blog\/#\/schema\/person\/68935832f06bb243f3abac88b156f65d","name":"rapha","image":{"@type":"ImageObject","inLanguage":"fr-FR","@id":"https:\/\/www.montania-sport.com\/blog\/#\/schema\/person\/image\/","url":"https:\/\/secure.gravatar.com\/avatar\/ebec76582cb13d030b29daa8bd907e0e?s=96&d=mm&r=g","contentUrl":"https:\/\/secure.gravatar.com\/avatar\/ebec76582cb13d030b29daa8bd907e0e?s=96&d=mm&r=g","caption":"rapha"},"url":"https:\/\/www.montania-sport.com\/blog\/author\/rapha\/"}]}},"jetpack_featured_media_url":"https:\/\/www.montania-sport.com\/blog\/wp-content\/uploads\/2017\/05\/Courtes-672.jpg","jetpack_sharing_enabled":true,"jetpack-related-posts":[],"_links":{"self":[{"href":"https:\/\/www.montania-sport.com\/blog\/wp-json\/wp\/v2\/posts\/15875","targetHints":{"allow":["GET"]}}],"collection":[{"href":"https:\/\/www.montania-sport.com\/blog\/wp-json\/wp\/v2\/posts"}],"about":[{"href":"https:\/\/www.montania-sport.com\/blog\/wp-json\/wp\/v2\/types\/post"}],"author":[{"embeddable":true,"href":"https:\/\/www.montania-sport.com\/blog\/wp-json\/wp\/v2\/users\/5"}],"replies":[{"embeddable":true,"href":"https:\/\/www.montania-sport.com\/blog\/wp-json\/wp\/v2\/comments?post=15875"}],"version-history":[{"count":0,"href":"https:\/\/www.montania-sport.com\/blog\/wp-json\/wp\/v2\/posts\/15875\/revisions"}],"wp:featuredmedia":[{"embeddable":true,"href":"https:\/\/www.montania-sport.com\/blog\/wp-json\/wp\/v2\/media\/15921"}],"wp:attachment":[{"href":"https:\/\/www.montania-sport.com\/blog\/wp-json\/wp\/v2\/media?parent=15875"}],"wp:term":[{"taxonomy":"category","embeddable":true,"href":"https:\/\/www.montania-sport.com\/blog\/wp-json\/wp\/v2\/categories?post=15875"},{"taxonomy":"post_tag","embeddable":true,"href":"https:\/\/www.montania-sport.com\/blog\/wp-json\/wp\/v2\/tags?post=15875"}],"curies":[{"name":"wp","href":"https:\/\/api.w.org\/{rel}","templated":true}]}}