{"id":15328,"date":"2017-01-03T17:10:03","date_gmt":"2017-01-03T16:10:03","guid":{"rendered":"https:\/\/www.montania-sport.com\/blog\/?p=15328"},"modified":"2023-07-31T09:47:29","modified_gmt":"2023-07-31T08:47:29","slug":"sac-de-couchage-valandre-comparatif-complet-de-la-marque-francaise","status":"publish","type":"post","link":"https:\/\/www.montania-sport.com\/blog\/sac-de-couchage-valandre-comparatif-complet-de-la-marque-francaise\/","title":{"rendered":"Sac de couchage Valandr\u00e9 : comparatif complet de la marque fran\u00e7aise !"},"content":{"rendered":"\n<p>Vous recherchez un sac de couchage Valandr\u00e9 ? Mais vous ne savez pas lequel choisir ? Voici un comparatif complet pour vous aider \u00e0 faire le bon choix.<\/p>\n\n\n\n<p>L&rsquo;achat d&rsquo;un sac de couchage Valandr\u00e9 est un investissement de qualit\u00e9 qui ne doit pas \u00eatre fait \u00e0 la l\u00e9g\u00e8re. Voici donc tout ce qu&rsquo;il faut savoir avant d&rsquo;acheter un sac de couchage Valandr\u00e9 (mod\u00e8les, garnissages, temp\u00e9ratures d&rsquo;utilisation, tissus, poids) :<br \/><\/p>\n\n\n\n<!--more-->\n\n\n\n<h3 class=\"wp-block-heading\">Pr\u00e9sentation de la marque Valandr\u00e9<\/h3>\n\n\n\n<p>La soci\u00e9t\u00e9 Valandr\u00e9 est originaire du village de Belcaire dans le d\u00e9partement de l&rsquo;Aude, \u00e0 quelques pas d&rsquo;Ax les Termes et des Pyr\u00e9n\u00e9es Orientales .<img fetchpriority=\"high\" decoding=\"async\" width=\"1200\" height=\"262\" class=\"size-full wp-image-15297\" src=\"https:\/\/www.montania-sport.com\/blog\/wp-content\/uploads\/2016\/12\/New-Valandre-Logo.jpg\" alt=\"Logo sac de couchage Valandr\u00e9\" srcset=\"https:\/\/www.montania-sport.com\/blog\/wp-content\/uploads\/2016\/12\/New-Valandre-Logo.jpg 1200w, https:\/\/www.montania-sport.com\/blog\/wp-content\/uploads\/2016\/12\/New-Valandre-Logo-300x66.jpg 300w, https:\/\/www.montania-sport.com\/blog\/wp-content\/uploads\/2016\/12\/New-Valandre-Logo-1024x224.jpg 1024w\" sizes=\"(max-width: 1200px) 100vw, 1200px\" \/><\/p>\n\n\n\n<p>La sp\u00e9cificit\u00e9 d&rsquo;un sac de couchage Valandr\u00e9 qui a fait toute la renomm\u00e9e internationale de la marque fran\u00e7aise r\u00e9side dans le choix :<br \/>1-d&rsquo;un duvet 100% naturel issu d&rsquo;un terroir unique, le sud-ouest de la France, et pr\u00e9lev\u00e9 sur des animaux tr\u00e8s populaires de la r\u00e9gion : l&rsquo;oie grise et le canard gras.<\/p>\n\n\n\n<figure class=\"wp-block-image\"><a href=\"https:\/\/www.montania-sport.com\/blog\/wp-content\/uploads\/2017\/01\/oie1.jpg\"><img decoding=\"async\" width=\"990\" height=\"318\" src=\"https:\/\/www.montania-sport.com\/blog\/wp-content\/uploads\/2017\/01\/oie1.jpg\" alt=\"Oies Grises\" class=\"wp-image-15336\" srcset=\"https:\/\/www.montania-sport.com\/blog\/wp-content\/uploads\/2017\/01\/oie1.jpg 990w, https:\/\/www.montania-sport.com\/blog\/wp-content\/uploads\/2017\/01\/oie1-300x96.jpg 300w\" sizes=\"(max-width: 990px) 100vw, 990px\" \/><\/a><\/figure>\n\n\n\n<p>2-d&rsquo;un tissu japonais Asahi-KASEI exceptionnel, \u00e0 la fois ultra l\u00e9ger et avec d&rsquo;excellentes propri\u00e9t\u00e9s de solidit\u00e9 et de d\u00e9perlance.<\/p>\n\n\n\n<p>3-d&rsquo;une construction haut de gamme bas\u00e9e sur de la pure g\u00e9om\u00e9trie, ne laissant rien au hasard. Utilisant la forme du corps humain comme guide, le tissu est mis en forme, minimisant ainsi un poids excessif et conservant en m\u00eame temps un niveau constant d&rsquo;isolation via la technologie \u00ab\u00a0Tubular Bell\u00a0\u00bb.<\/p>\n\n\n\n<p>4-d&rsquo;un garnissage unique calcul\u00e9 au plus juste pour chaque caisson afin de laisser un maximum d&rsquo;air autour des flocons de duvet pour maximiser l&rsquo;isolation. Un duvet trop comprim\u00e9 r\u00e9duit ses capacit\u00e9s d&rsquo;isolation.<\/p>\n\n\n\n<figure class=\"wp-block-image alignleft\"><a href=\"https:\/\/www.montania-sport.com\/blog\/wp-content\/uploads\/2017\/01\/construction-technique.jpg\"><img decoding=\"async\" width=\"700\" height=\"467\" src=\"https:\/\/www.montania-sport.com\/blog\/wp-content\/uploads\/2017\/01\/construction-technique.jpg\" alt=\"construction-technique-Valandr\u00e9\" class=\"wp-image-15334\" srcset=\"https:\/\/www.montania-sport.com\/blog\/wp-content\/uploads\/2017\/01\/construction-technique.jpg 700w, https:\/\/www.montania-sport.com\/blog\/wp-content\/uploads\/2017\/01\/construction-technique-300x200.jpg 300w\" sizes=\"(max-width: 700px) 100vw, 700px\" \/><\/a><\/figure>\n\n\n\n<h3 class=\"wp-block-heading\">La gamme&nbsp;de sac de couchage Valandr\u00e9<\/h3>\n\n\n\n<p>Valandr\u00e9 propose 2 gammes de sacs de couchage selon les besoins des utilisateurs en montagne :<br \/><span class=\"more-sleepingbag-content\"><br \/>1-<\/span>des sacs de couchage en duvet de canard pour la majorit\u00e9 des randonneurs, offrant un excellent ratio poids \/ isolation \/ prix :<br \/>Grasshoper, Swing 500, Swing 700 et Swing 900<\/p>\n\n\n\n<p><span class=\"more-sleepingbag-content\">2-des sacs de couchage en duvet d&rsquo;oie pour la haute montagne (randonn\u00e9e, trekking, alpinisme et exp\u00e9ditions d&rsquo;altitude) dans un esprit d&rsquo;ascension alpine : Shocking Blue Neo, Mirage 3\/4, Bloody Mary, Lafayette, Odin Neo et Thor Neo .<\/span><\/p>\n\n\n\n<figure class=\"wp-block-image alignleft\"><a href=\"https:\/\/www.montania-sport.com\/blog\/wp-content\/uploads\/2016\/12\/Capture-d\u2019e\u0301cran-2016-10-12-a\u0300-18.15.33.png\"><img loading=\"lazy\" decoding=\"async\" width=\"1502\" height=\"816\" src=\"https:\/\/www.montania-sport.com\/blog\/wp-content\/uploads\/2016\/12\/Capture-d\u2019e\u0301cran-2016-10-12-a\u0300-18.15.33.png\" alt=\"Gamme sac de couchage Valandre\" class=\"wp-image-15287\" srcset=\"https:\/\/www.montania-sport.com\/blog\/wp-content\/uploads\/2016\/12\/Capture-d\u2019e\u0301cran-2016-10-12-a\u0300-18.15.33.png 1502w, https:\/\/www.montania-sport.com\/blog\/wp-content\/uploads\/2016\/12\/Capture-d\u2019e\u0301cran-2016-10-12-a\u0300-18.15.33-300x163.png 300w, https:\/\/www.montania-sport.com\/blog\/wp-content\/uploads\/2016\/12\/Capture-d\u2019e\u0301cran-2016-10-12-a\u0300-18.15.33-1024x556.png 1024w\" sizes=\"(max-width: 1502px) 100vw, 1502px\" \/><\/a><figcaption class=\"wp-element-caption\">Gamme de sac de couchage Valandr\u00e9<\/figcaption><\/figure>\n\n\n\n<p>Les sacs de couchage Valandr\u00e9 orient\u00e9s randonn\u00e9e et trekking b\u00e9n\u00e9ficient d\u00e9sormais de la norme EN13537.<\/p>\n\n\n\n<h4 class=\"wp-block-heading\"><strong>Qu&rsquo;est ce que la norme des temp\u00e9ratures EN13537 ?<\/strong><\/h4>\n\n\n\n<p>La perception de froid ou de chaleur peut \u00eatre diff\u00e9rente d\u2019une personne ou d\u2019un fabricant \u00e0 l\u2019autre. C\u2019est pour cela qu\u2019une norme internationale a \u00e9t\u00e9 mise en place. Cela permettre au consommateur et aux magasins de comparer les sacs de couchage entre eux.<\/p>\n\n\n\n<p><span style=\"text-decoration: underline;\">Cette norme d\u00e9finit 3 temp\u00e9ratures :<\/span><br \/>1-Temp\u00e9rature Confort : la temp\u00e9rature \u00e0 laquelle une <strong>femme<\/strong> \u00ab\u00a0standard\u00a0\u00bb peut dormir en position rel\u00e2ch\u00e9e.<br \/>2-Temp\u00e9rature Limite Confort : la temp\u00e9rature \u00e0 laquelle un <strong>homme<\/strong> \u00ab\u00a0standard\u00a0\u00bb peut dormir dans une position repli\u00e9e pendant 8 h sans se r\u00e9veiller \u00e0 cause du froid.<br \/>3-Temp\u00e9rature Extr\u00eame : en approchant la limite extr\u00eame, une <strong>femme<\/strong> \u00ab\u00a0standard\u00a0\u00bb ressentira une grande sensation de froid pouvant entra\u00eener des dommages corporels (hypothermie). Il n\u2019est pas conseill\u00e9 pour un utilisateur \u00ab\u00a0standard\u00a0\u00bb d\u2019atteindre les limites extr\u00eames de la norme EN13537.<br \/><a href=\"https:\/\/www.montania-sport.com\/blog\/norme-en-13537-sac-de-couchage\/\">Pour en savoir plus sur cette norme EN13537 des sacs de couchage : lire notre article d\u00e9di\u00e9 ici :-)<\/a><\/p>\n\n\n\n<figure class=\"wp-block-image alignleft\"><a href=\"https:\/\/www.montania-sport.com\/blog\/wp-content\/uploads\/2017\/01\/construction-technique-2.jpg\"><img loading=\"lazy\" decoding=\"async\" width=\"850\" height=\"243\" src=\"https:\/\/www.montania-sport.com\/blog\/wp-content\/uploads\/2017\/01\/construction-technique-2.jpg\" alt=\"construction-technique-2\" class=\"wp-image-15335\" srcset=\"https:\/\/www.montania-sport.com\/blog\/wp-content\/uploads\/2017\/01\/construction-technique-2.jpg 850w, https:\/\/www.montania-sport.com\/blog\/wp-content\/uploads\/2017\/01\/construction-technique-2-300x86.jpg 300w\" sizes=\"(max-width: 850px) 100vw, 850px\" \/><\/a><\/figure>\n\n\n\n<h2 class=\"wp-block-heading\">&nbsp;<\/h2>\n\n\n\n<h2 class=\"wp-block-heading\">1- Sacs de couchage Valandr\u00e9 en duvet de canard<\/h2>\n\n\n\n<h3 class=\"wp-block-heading\">1-1 sac de couchage Valandr\u00e9 Grasshoper<\/h3>\n\n\n\n<figure class=\"wp-block-image aligncenter\"><a href=\"https:\/\/www.montania-sport.com\/blog\/wp-content\/uploads\/2016\/12\/grasshopper-400-03b.jpg\"><img loading=\"lazy\" decoding=\"async\" width=\"379\" height=\"1200\" src=\"https:\/\/www.montania-sport.com\/blog\/wp-content\/uploads\/2016\/12\/grasshopper-400-03b.jpg\" alt=\"sac de couchage Valandr\u00e9 Grasshopper\" class=\"wp-image-15290\" srcset=\"https:\/\/www.montania-sport.com\/blog\/wp-content\/uploads\/2016\/12\/grasshopper-400-03b.jpg 379w, https:\/\/www.montania-sport.com\/blog\/wp-content\/uploads\/2016\/12\/grasshopper-400-03b-95x300.jpg 95w, https:\/\/www.montania-sport.com\/blog\/wp-content\/uploads\/2016\/12\/grasshopper-400-03b-323x1024.jpg 323w\" sizes=\"(max-width: 379px) 100vw, 379px\" \/><\/a><figcaption class=\"wp-element-caption\">sac de couchage Valandr\u00e9 Grasshopper<\/figcaption><\/figure>\n\n\n\n<p>Le sac de couchage Valandr\u00e9 GRASSHOPPER est un sac de couchage en duvet de canard 90\/10 de moins de 900g, id\u00e9al en camping, en randonn\u00e9e et en voyages.<\/p>\n\n\n\n<figure class=\"wp-block-image alignleft\"><a href=\"https:\/\/www.montania-sport.com\/blog\/wp-content\/uploads\/2016\/12\/grasshopper-400-01b.jpg\"><img loading=\"lazy\" decoding=\"async\" width=\"1200\" height=\"460\" src=\"https:\/\/www.montania-sport.com\/blog\/wp-content\/uploads\/2016\/12\/grasshopper-400-01b.jpg\" alt=\"Sac de couchage Valandr\u00e9 Grasshopper ferm\u00e9\" class=\"wp-image-15288\" srcset=\"https:\/\/www.montania-sport.com\/blog\/wp-content\/uploads\/2016\/12\/grasshopper-400-01b.jpg 1200w, https:\/\/www.montania-sport.com\/blog\/wp-content\/uploads\/2016\/12\/grasshopper-400-01b-300x115.jpg 300w, https:\/\/www.montania-sport.com\/blog\/wp-content\/uploads\/2016\/12\/grasshopper-400-01b-1024x393.jpg 1024w\" sizes=\"(max-width: 1200px) 100vw, 1200px\" \/><\/a><figcaption class=\"wp-element-caption\">sac de couchage Valandr\u00e9 Grasshopper avec zip complet<\/figcaption><\/figure>\n\n\n\n<figure class=\"wp-block-table\"><table><tbody><tr><td><strong>Temp\u00e9ratures<\/strong><\/td><td><strong>+1\u00b0C \/ -4,3\u00b0C \/ -21,4\u00b0C<\/strong><br \/>selon Norme Europ\u00e9enne EN 13537<\/td><\/tr><tr><td><strong>Forme<\/strong><\/td><td>Forme Rectangulaire<\/td><\/tr><tr><td><strong>Ouverture<\/strong><\/td><td>&nbsp;Zip gauche ou Zip Droit<strong><br \/><\/strong><\/td><\/tr><tr><td><strong>Garnissage<\/strong><\/td><td>DUVET DE CANARD GRIS \u00ab\u00a0GRAS\u00a0\u00bb FERMIER 90\/10.<br \/>Filling Power 650cuin+ (norme EU)<br \/>qualit\u00e9 durable avec une excellente r\u00e9sistance a l\u2019humidit\u00e9.<\/td><\/tr><tr><td><strong>Poids de Garnissage<\/strong><\/td><td>500g<\/td><\/tr><tr><td><strong>Tissus Ext\u00e9rieur<\/strong><\/td><td>100% Polyamide Nylon 6-6 Ripstop 38.7g\/m<sup>2<\/sup> TRAITE DWR.<\/td><\/tr><tr><td><strong>Tissus Int\u00e9rieur<\/strong><\/td><td>100% Polyester 40.8g\/m<sup>2<\/sup> TRAITE DWR.<\/td><\/tr><tr><td><strong>Compartiments<\/strong><\/td><td>38 compartiments avec syst\u00e8me de cloisonnement droit.<br \/>Forme Anatomique<\/td><\/tr><tr><td><strong>Longueur Int\u00e9rieure<\/strong><\/td><td>M : 215cm<\/td><\/tr><tr><td><strong>Taille Utilisateur conseill\u00e9<\/strong><\/td><td>M : 1,80m<\/td><\/tr><tr><td><strong>Epaules<\/strong><\/td><td>168cm<\/td><\/tr><tr><td><strong>Hanches<\/strong><\/td><td>145cm<\/td><\/tr><tr><td><strong>Pieds<\/strong><\/td><td>103cm<\/td><\/tr><tr><td><strong>Dimensions Pli\u00e9<\/strong><\/td><td>6,5L<strong><br \/><\/strong><\/td><\/tr><tr><td><strong>Sp\u00e9cificit\u00e9(s)<\/strong><\/td><td>Livr\u00e9 avec sac de stockage et housse de compression<\/td><\/tr><tr><td><strong>Poids<br \/><\/strong><\/td><td><strong>885g<\/strong> en taille M<\/td><\/tr><\/tbody><\/table><\/figure>\n\n\n\n<figure class=\"wp-block-image alignleft\"><a href=\"https:\/\/www.montania-sport.com\/blog\/wp-content\/uploads\/2016\/12\/grasshopper-400-02b.jpg\"><img loading=\"lazy\" decoding=\"async\" width=\"1200\" height=\"467\" src=\"https:\/\/www.montania-sport.com\/blog\/wp-content\/uploads\/2016\/12\/grasshopper-400-02b.jpg\" alt=\"Sac de couchage Valandr\u00e9 Grasshopper ouvert\" class=\"wp-image-15289\" srcset=\"https:\/\/www.montania-sport.com\/blog\/wp-content\/uploads\/2016\/12\/grasshopper-400-02b.jpg 1200w, https:\/\/www.montania-sport.com\/blog\/wp-content\/uploads\/2016\/12\/grasshopper-400-02b-300x117.jpg 300w, https:\/\/www.montania-sport.com\/blog\/wp-content\/uploads\/2016\/12\/grasshopper-400-02b-1024x399.jpg 1024w\" sizes=\"(max-width: 1200px) 100vw, 1200px\" \/><\/a><figcaption class=\"wp-element-caption\">sac de couchage Valandr\u00e9 Grasshopper ouvert<\/figcaption><\/figure>\n\n\n\n<h3 class=\"wp-block-heading\">1-2 sac de couchage Valandr\u00e9 Swing 500<\/h3>\n\n\n\n<figure class=\"wp-block-image aligncenter\"><a href=\"https:\/\/www.montania-sport.com\/blog\/wp-content\/uploads\/2016\/12\/swing-500-03b.jpg\"><img loading=\"lazy\" decoding=\"async\" width=\"425\" height=\"1200\" src=\"https:\/\/www.montania-sport.com\/blog\/wp-content\/uploads\/2016\/12\/swing-500-03b.jpg\" alt=\"sac de couchage Valandr\u00e9 Swing 500\" class=\"wp-image-15306\" srcset=\"https:\/\/www.montania-sport.com\/blog\/wp-content\/uploads\/2016\/12\/swing-500-03b.jpg 425w, https:\/\/www.montania-sport.com\/blog\/wp-content\/uploads\/2016\/12\/swing-500-03b-106x300.jpg 106w, https:\/\/www.montania-sport.com\/blog\/wp-content\/uploads\/2016\/12\/swing-500-03b-363x1024.jpg 363w\" sizes=\"(max-width: 425px) 100vw, 425px\" \/><\/a><figcaption class=\"wp-element-caption\">sac de couchage Valandr\u00e9 Swing 500 : vue des caissons<\/figcaption><\/figure>\n\n\n\n<p>Le SWING 500 est un sac de couchage en duvet de canard 90\/10 de moins de 1kilo, tol\u00e9rant les premi\u00e8res temp\u00e9ratures n\u00e9gatives. Il est id\u00e9al en moyenne montagne contre les gel\u00e9es matinales en randonn\u00e9e itin\u00e9rante.<\/p>\n\n\n\n<figure class=\"wp-block-image alignleft\"><a href=\"https:\/\/www.montania-sport.com\/blog\/wp-content\/uploads\/2016\/12\/swing-500-01b.jpg\"><img loading=\"lazy\" decoding=\"async\" width=\"1200\" height=\"470\" src=\"https:\/\/www.montania-sport.com\/blog\/wp-content\/uploads\/2016\/12\/swing-500-01b.jpg\" alt=\"Sac de couchage Valandr\u00e9 Swing 500 ferm\u00e9\" class=\"wp-image-15304\" srcset=\"https:\/\/www.montania-sport.com\/blog\/wp-content\/uploads\/2016\/12\/swing-500-01b.jpg 1200w, https:\/\/www.montania-sport.com\/blog\/wp-content\/uploads\/2016\/12\/swing-500-01b-300x118.jpg 300w, https:\/\/www.montania-sport.com\/blog\/wp-content\/uploads\/2016\/12\/swing-500-01b-1024x401.jpg 1024w\" sizes=\"(max-width: 1200px) 100vw, 1200px\" \/><\/a><figcaption class=\"wp-element-caption\">sac de couchage Valandr\u00e9 Swing 500 ferm\u00e9<\/figcaption><\/figure>\n\n\n\n<figure class=\"wp-block-table\"><table><tbody><tr><td><strong>Temp\u00e9ratures<\/strong><\/td><td><strong>+0,1\u00b0C \/ -5,7\u00b0C \/ -23,2\u00b0C<\/strong><br \/>selon Norme Europ\u00e9enne EN 13537<\/td><\/tr><tr><td><strong>Forme<\/strong><\/td><td>Forme Momie<\/td><\/tr><tr><td><strong>Ouverture<\/strong><\/td><td>&nbsp;Zip gauche ou Zip Droit<strong><br \/><\/strong><\/td><\/tr><tr><td><strong>Garnissage<\/strong><\/td><td>DUVET DE CANARD GRIS \u00ab\u00a0GRAS\u00a0\u00bb FERMIER 90\/10.<br \/>Filling Power 650cuin+ (norme EU)<br \/>qualit\u00e9 durable avec une excellente r\u00e9sistance a l\u2019humidit\u00e9.<\/td><\/tr><tr><td><strong>Poids de Garnissage<\/strong><\/td><td>500g<\/td><\/tr><tr><td><strong>Tissus Ext\u00e9rieur<\/strong><\/td><td>100% Polyamide Nylon 6-6 Ripstop 38.7g\/m<sup>2<\/sup> TRAITE DWR.<\/td><\/tr><tr><td><strong>Tissus Int\u00e9rieur<\/strong><\/td><td>100% Polyester 40.8g\/m<sup>2<\/sup> TRAITE DWR.<\/td><\/tr><tr><td><strong>Compartiments<\/strong><\/td><td>17 compartiments avec syst\u00e8me de cloisonnement droit.<br \/>Forme Anatomique<\/td><\/tr><tr><td><strong>Longueur Int\u00e9rieure<\/strong><\/td><td>M : 215cm<\/td><\/tr><tr><td><strong>Taille Utilisateur conseill\u00e9<\/strong><\/td><td>M : 1,80m<\/td><\/tr><tr><td><strong>Epaules<\/strong><\/td><td>168cm<\/td><\/tr><tr><td><strong>Hanches<\/strong><\/td><td>145cm<\/td><\/tr><tr><td><strong>Pieds<\/strong><\/td><td>103cm<\/td><\/tr><tr><td><strong>Dimensions Pli\u00e9<\/strong><\/td><td>6,5L<strong><br \/><\/strong><\/td><\/tr><tr><td><strong>Sp\u00e9cificit\u00e9(s)<\/strong><\/td><td>Livr\u00e9 avec sac de stockage et housse de compression<\/td><\/tr><tr><td><strong>Poids<br \/><\/strong><\/td><td><strong>937g<\/strong> en taille M<\/td><\/tr><\/tbody><\/table><\/figure>\n\n\n\n<figure class=\"wp-block-image alignleft\"><a href=\"https:\/\/www.montania-sport.com\/blog\/wp-content\/uploads\/2016\/12\/swing-500-02b.jpg\"><img loading=\"lazy\" decoding=\"async\" width=\"1200\" height=\"470\" src=\"https:\/\/www.montania-sport.com\/blog\/wp-content\/uploads\/2016\/12\/swing-500-02b.jpg\" alt=\"Sac de couchage Valandr\u00e9 Swing 500 ouvert\" class=\"wp-image-15305\" srcset=\"https:\/\/www.montania-sport.com\/blog\/wp-content\/uploads\/2016\/12\/swing-500-02b.jpg 1200w, https:\/\/www.montania-sport.com\/blog\/wp-content\/uploads\/2016\/12\/swing-500-02b-300x118.jpg 300w, https:\/\/www.montania-sport.com\/blog\/wp-content\/uploads\/2016\/12\/swing-500-02b-1024x401.jpg 1024w\" sizes=\"(max-width: 1200px) 100vw, 1200px\" \/><\/a><figcaption class=\"wp-element-caption\">sac de couchage Valandr\u00e9 Swing 500 ouvert<\/figcaption><\/figure>\n\n\n\n<h3 class=\"wp-block-heading\">1-3 sac de couchage Valandr\u00e9 Swing 700<\/h3>\n\n\n\n<figure class=\"wp-block-image aligncenter\"><a href=\"https:\/\/www.montania-sport.com\/blog\/wp-content\/uploads\/2016\/12\/swing-700-03b.jpg\"><img loading=\"lazy\" decoding=\"async\" width=\"430\" height=\"1200\" src=\"https:\/\/www.montania-sport.com\/blog\/wp-content\/uploads\/2016\/12\/swing-700-03b.jpg\" alt=\"Sac de couchage Valandr\u00e9 Swing 700\" class=\"wp-image-15309\" srcset=\"https:\/\/www.montania-sport.com\/blog\/wp-content\/uploads\/2016\/12\/swing-700-03b.jpg 430w, https:\/\/www.montania-sport.com\/blog\/wp-content\/uploads\/2016\/12\/swing-700-03b-108x300.jpg 108w, https:\/\/www.montania-sport.com\/blog\/wp-content\/uploads\/2016\/12\/swing-700-03b-367x1024.jpg 367w\" sizes=\"(max-width: 430px) 100vw, 430px\" \/><\/a><figcaption class=\"wp-element-caption\">sac de couchage Valandr\u00e9 Swing 700 : vue des caissons<\/figcaption><\/figure>\n\n\n\n<p>Le sac de couchage Valandr\u00e9 SWING 700 est un sac de couchage en duvet de canard 90\/10 pour la randonn\u00e9e 3 saisons et le trekking lointain gr\u00e2ce \u00e0 une isolation de -10\u00b0C Limite confort homme.<\/p>\n\n\n\n<figure class=\"wp-block-image alignleft\"><a href=\"https:\/\/www.montania-sport.com\/blog\/wp-content\/uploads\/2016\/12\/swing-700-01b.jpg\"><img loading=\"lazy\" decoding=\"async\" width=\"1200\" height=\"479\" src=\"https:\/\/www.montania-sport.com\/blog\/wp-content\/uploads\/2016\/12\/swing-700-01b.jpg\" alt=\"Sac de couchage Valandr\u00e9 Swing 700 ferm\u00e9\" class=\"wp-image-15307\" srcset=\"https:\/\/www.montania-sport.com\/blog\/wp-content\/uploads\/2016\/12\/swing-700-01b.jpg 1200w, https:\/\/www.montania-sport.com\/blog\/wp-content\/uploads\/2016\/12\/swing-700-01b-300x120.jpg 300w, https:\/\/www.montania-sport.com\/blog\/wp-content\/uploads\/2016\/12\/swing-700-01b-1024x409.jpg 1024w\" sizes=\"(max-width: 1200px) 100vw, 1200px\" \/><\/a><figcaption class=\"wp-element-caption\">sac de couchage Valandr\u00e9 Swing 700 ferm\u00e9<\/figcaption><\/figure>\n\n\n\n<figure class=\"wp-block-table\"><table><tbody><tr><td><strong>Temp\u00e9ratures<\/strong><\/td><td><strong>-4,2\u00b0C \/ -10,8\u00b0C \/ -30,3\u00b0C<\/strong><br \/>selon Norme Europ\u00e9enne EN 13537<\/td><\/tr><tr><td><strong>Forme<\/strong><\/td><td>Forme Momie<\/td><\/tr><tr><td><strong>Ouverture<\/strong><\/td><td>&nbsp;Zip gauche ou Zip Droit<strong><br \/><\/strong><\/td><\/tr><tr><td><strong>Garnissage<\/strong><\/td><td>DUVET DE CANARD GRIS \u00ab\u00a0GRAS\u00a0\u00bb FERMIER 90\/10.<br \/>Filling Power 650cuin+ (norme EU)<br \/>qualit\u00e9 durable avec une excellente r\u00e9sistance a l\u2019humidit\u00e9.<\/td><\/tr><tr><td><strong>Poids de Garnissage<\/strong><\/td><td>700g<\/td><\/tr><tr><td><strong>Tissus Ext\u00e9rieur<\/strong><\/td><td>100% Polyamide Nylon 6-6 Ripstop 38.7g\/m<sup>2<\/sup> TRAITE DWR.<\/td><\/tr><tr><td><strong>Tissus Int\u00e9rieur<\/strong><\/td><td>100% Polyester 40.8g\/m<sup>2<\/sup> TRAITE DWR.<\/td><\/tr><tr><td><strong>Compartiments<\/strong><\/td><td>17 compartiments avec syst\u00e8me de cloisonnement droit.<br \/>Forme Anatomique<\/td><\/tr><tr><td><strong>Longueur Int\u00e9rieure<\/strong><\/td><td>M : 215cm<\/td><\/tr><tr><td><strong>Taille Utilisateur conseill\u00e9<\/strong><\/td><td>M : 1,80m<\/td><\/tr><tr><td><strong>Epaules<\/strong><\/td><td>168cm<\/td><\/tr><tr><td><strong>Hanches<\/strong><\/td><td>145cm<\/td><\/tr><tr><td><strong>Pieds<\/strong><\/td><td>103cm<\/td><\/tr><tr><td><strong>Dimensions Pli\u00e9<\/strong><\/td><td>8,5L<strong><br \/><\/strong><\/td><\/tr><tr><td><strong>Sp\u00e9cificit\u00e9(s)<\/strong><\/td><td>Livr\u00e9 avec sac de stockage et housse de compression<\/td><\/tr><tr><td><strong>Poids<br \/><\/strong><\/td><td><strong>1160g<\/strong> en taille M<\/td><\/tr><\/tbody><\/table><\/figure>\n\n\n\n<figure class=\"wp-block-image alignleft\"><a href=\"https:\/\/www.montania-sport.com\/blog\/wp-content\/uploads\/2016\/12\/swing-700-02b.jpg\"><img loading=\"lazy\" decoding=\"async\" width=\"1200\" height=\"467\" src=\"https:\/\/www.montania-sport.com\/blog\/wp-content\/uploads\/2016\/12\/swing-700-02b.jpg\" alt=\"sac de couchage Valandr\u00e9 Swing 700 ouvert\" class=\"wp-image-15308\" srcset=\"https:\/\/www.montania-sport.com\/blog\/wp-content\/uploads\/2016\/12\/swing-700-02b.jpg 1200w, https:\/\/www.montania-sport.com\/blog\/wp-content\/uploads\/2016\/12\/swing-700-02b-300x117.jpg 300w, https:\/\/www.montania-sport.com\/blog\/wp-content\/uploads\/2016\/12\/swing-700-02b-1024x399.jpg 1024w\" sizes=\"(max-width: 1200px) 100vw, 1200px\" \/><\/a><figcaption class=\"wp-element-caption\">sac de couchage Valandr\u00e9 Swing 700 ouvert<\/figcaption><\/figure>\n\n\n\n<h3 class=\"wp-block-heading\">1-4 sac de couchage Valandr\u00e9 Swing 900<\/h3>\n\n\n\n<figure class=\"wp-block-image aligncenter\"><a href=\"https:\/\/www.montania-sport.com\/blog\/wp-content\/uploads\/2016\/12\/swing-900-03b.jpg\"><img loading=\"lazy\" decoding=\"async\" width=\"419\" height=\"1200\" src=\"https:\/\/www.montania-sport.com\/blog\/wp-content\/uploads\/2016\/12\/swing-900-03b.jpg\" alt=\"Sac de couchage Valandr\u00e9 Swing 900\" class=\"wp-image-15312\" srcset=\"https:\/\/www.montania-sport.com\/blog\/wp-content\/uploads\/2016\/12\/swing-900-03b.jpg 419w, https:\/\/www.montania-sport.com\/blog\/wp-content\/uploads\/2016\/12\/swing-900-03b-105x300.jpg 105w, https:\/\/www.montania-sport.com\/blog\/wp-content\/uploads\/2016\/12\/swing-900-03b-358x1024.jpg 358w\" sizes=\"(max-width: 419px) 100vw, 419px\" \/><\/a><figcaption class=\"wp-element-caption\">sac de couchage Valandr\u00e9 Swing 900 : vue des caissons<\/figcaption><\/figure>\n\n\n\n<p>Le SWING 900 est un sac de couchage en duvet de canard 90\/10 pour la randonn\u00e9e 4 saisons m\u00eame hivernale et le trekking d&rsquo;altitude lointain (N\u00e9pal, P\u00e9rou etc.) gr\u00e2ce \u00e0 une isolation de -16\u00b0C limite confort Homme. Un excellent rapport qualit\u00e9\/prix pour ce niveau de performance.<\/p>\n\n\n\n<figure class=\"wp-block-image alignleft\"><a href=\"https:\/\/www.montania-sport.com\/blog\/wp-content\/uploads\/2016\/12\/swing-900-01b.jpg\"><img loading=\"lazy\" decoding=\"async\" width=\"1200\" height=\"474\" src=\"https:\/\/www.montania-sport.com\/blog\/wp-content\/uploads\/2016\/12\/swing-900-01b.jpg\" alt=\"Sac de couchage Valandr\u00e9 Swing 900\" class=\"wp-image-15310\" srcset=\"https:\/\/www.montania-sport.com\/blog\/wp-content\/uploads\/2016\/12\/swing-900-01b.jpg 1200w, https:\/\/www.montania-sport.com\/blog\/wp-content\/uploads\/2016\/12\/swing-900-01b-300x119.jpg 300w, https:\/\/www.montania-sport.com\/blog\/wp-content\/uploads\/2016\/12\/swing-900-01b-1024x404.jpg 1024w\" sizes=\"(max-width: 1200px) 100vw, 1200px\" \/><\/a><figcaption class=\"wp-element-caption\">sac de couchage Valandr\u00e9 Swing 900 ferm\u00e9<\/figcaption><\/figure>\n\n\n\n<figure class=\"wp-block-table\"><table><tbody><tr><td><strong>Temp\u00e9ratures<\/strong><\/td><td><strong>-8,8\u00b0C \/ -16,3\u00b0C \/ -37,7\u00b0C<\/strong><br \/>selon Norme Europ\u00e9enne EN 13537<\/td><\/tr><tr><td><strong>Forme<\/strong><\/td><td>Forme Momie<\/td><\/tr><tr><td><strong>Ouverture<\/strong><\/td><td>&nbsp;Zip gauche ou Zip Droit<strong><br \/><\/strong><\/td><\/tr><tr><td><strong>Garnissage<\/strong><\/td><td>DUVET DE CANARD GRIS \u00ab\u00a0GRAS\u00a0\u00bb FERMIER 90\/10.<br \/>Filling Power 650cuin+ (norme EU)<br \/>qualit\u00e9 durable avec une excellente r\u00e9sistance a l\u2019humidit\u00e9.<\/td><\/tr><tr><td><strong>Poids de Garnissage<\/strong><\/td><td>900g<\/td><\/tr><tr><td><strong>Tissus Ext\u00e9rieur<\/strong><\/td><td>100% Polyamide Nylon 6-6 Ripstop 38.7g\/m<sup>2<\/sup> TRAITE DWR.<\/td><\/tr><tr><td><strong>Tissus Int\u00e9rieur<\/strong><\/td><td>100% Polyester 40.8g\/m<sup>2<\/sup> TRAITE DWR.<\/td><\/tr><tr><td><strong>Compartiments<\/strong><\/td><td>17 compartiments avec syst\u00e8me de cloisonnement droit.<br \/>Forme Anatomique<br \/>Caissons en H<\/td><\/tr><tr><td><strong>Longueur Int\u00e9rieure<\/strong><\/td><td>M : 215cm<\/td><\/tr><tr><td><strong>Taille Utilisateur conseill\u00e9<\/strong><\/td><td>M : 1,80m<\/td><\/tr><tr><td><strong>Epaules<\/strong><\/td><td>168cm<\/td><\/tr><tr><td><strong>Hanches<\/strong><\/td><td>145cm<\/td><\/tr><tr><td><strong>Pieds<\/strong><\/td><td>103cm<\/td><\/tr><tr><td><strong>Dimensions Pli\u00e9<\/strong><\/td><td>12L<strong><br \/><\/strong><\/td><\/tr><tr><td><strong>Sp\u00e9cificit\u00e9(s)<\/strong><\/td><td>Livr\u00e9 avec sac de stockage et housse de compression<\/td><\/tr><tr><td><strong>Poids<br \/><\/strong><\/td><td><strong>1380g<\/strong> en taille M<\/td><\/tr><\/tbody><\/table><\/figure>\n\n\n\n<figure class=\"wp-block-image alignleft\"><a href=\"https:\/\/www.montania-sport.com\/blog\/wp-content\/uploads\/2016\/12\/swing-900-02b.jpg\"><img loading=\"lazy\" decoding=\"async\" width=\"1200\" height=\"459\" src=\"https:\/\/www.montania-sport.com\/blog\/wp-content\/uploads\/2016\/12\/swing-900-02b.jpg\" alt=\"Sac de couchage Valandr\u00e9 Swing 900 ouvert\" class=\"wp-image-15311\" srcset=\"https:\/\/www.montania-sport.com\/blog\/wp-content\/uploads\/2016\/12\/swing-900-02b.jpg 1200w, https:\/\/www.montania-sport.com\/blog\/wp-content\/uploads\/2016\/12\/swing-900-02b-300x115.jpg 300w, https:\/\/www.montania-sport.com\/blog\/wp-content\/uploads\/2016\/12\/swing-900-02b-1024x392.jpg 1024w\" sizes=\"(max-width: 1200px) 100vw, 1200px\" \/><\/a><figcaption class=\"wp-element-caption\">sac de couchage Valandr\u00e9 Swing 900 ouvert<\/figcaption><\/figure>\n\n\n\n<h2 class=\"wp-block-heading\">2-Gamme de sac de couchage Valandr\u00e9<br \/>en duvet d&rsquo;oie :<\/h2>\n\n\n\n<h3 class=\"wp-block-heading\">2-1 sac de couchage Valandr\u00e9 Mirage 3\/4<\/h3>\n\n\n\n<figure class=\"wp-block-image aligncenter\"><a href=\"https:\/\/www.montania-sport.com\/blog\/wp-content\/uploads\/2016\/12\/mirage-03b.jpg\"><img loading=\"lazy\" decoding=\"async\" width=\"398\" height=\"1200\" src=\"https:\/\/www.montania-sport.com\/blog\/wp-content\/uploads\/2016\/12\/mirage-03b.jpg\" alt=\"sac de couchage Valandr\u00e9 Mirage 3\/4\" class=\"wp-image-15296\" srcset=\"https:\/\/www.montania-sport.com\/blog\/wp-content\/uploads\/2016\/12\/mirage-03b.jpg 398w, https:\/\/www.montania-sport.com\/blog\/wp-content\/uploads\/2016\/12\/mirage-03b-340x1024.jpg 340w\" sizes=\"(max-width: 398px) 100vw, 398px\" \/><\/a><figcaption class=\"wp-element-caption\">sac de couchage Valandr\u00e9 Mirage 3\/4 : vue des caissons<\/figcaption><\/figure>\n\n\n\n<p>Le MIRAGE 3\/4 est un sac de couchage tr\u00e8s l\u00e9ger (773g en taille M), pour le bivouac et la randonn\u00e9e ultra l\u00e9g\u00e8re couvrant les gel\u00e9es matinales (0\u00b0C confort femme, -6\u00b0C limite confort homme).<\/p>\n\n\n\n<figure class=\"wp-block-image aligncenter\"><a href=\"https:\/\/www.montania-sport.com\/blog\/wp-content\/uploads\/2016\/12\/mirage-01b.jpg\"><img loading=\"lazy\" decoding=\"async\" width=\"1200\" height=\"526\" src=\"https:\/\/www.montania-sport.com\/blog\/wp-content\/uploads\/2016\/12\/mirage-01b.jpg\" alt=\"Sac de couchage Valandr\u00e9 Mirage 3\/4\" class=\"wp-image-15294\" srcset=\"https:\/\/www.montania-sport.com\/blog\/wp-content\/uploads\/2016\/12\/mirage-01b.jpg 1200w, https:\/\/www.montania-sport.com\/blog\/wp-content\/uploads\/2016\/12\/mirage-01b-300x132.jpg 300w, https:\/\/www.montania-sport.com\/blog\/wp-content\/uploads\/2016\/12\/mirage-01b-1024x449.jpg 1024w\" sizes=\"(max-width: 1200px) 100vw, 1200px\" \/><\/a><figcaption class=\"wp-element-caption\">sac de couchage Valandr\u00e9 Mirage 3\/4 ferm\u00e9<\/figcaption><\/figure>\n\n\n\n<figure class=\"wp-block-table\"><table><tbody><tr><td><strong>Temp\u00e9ratures<\/strong><\/td><td><strong>+0,1\u00b0C \/ -5,7\u00b0C \/ -23,2\u00b0C<\/strong><br \/>selon Norme Europ\u00e9enne EN 13537<\/td><\/tr><tr><td><strong>Forme<\/strong><\/td><td>Forme Momie<\/td><\/tr><tr><td><strong>Ouverture<\/strong><\/td><td>&nbsp;Zip gauche ou Zip Droit<strong><br \/><\/strong><\/td><\/tr><tr><td><strong>Garnissage<\/strong><\/td><td>DUVET D&rsquo;OIE GRISE FERMIER 95\/5.<br \/>Filling Power 800 cuin+ (norme EU)<br \/>qualit\u00e9 durable avec une excellente resistance a l\u2019humidit\u00e9.<\/td><\/tr><tr><td><strong>Poids de Garnissage<\/strong><\/td><td>365g<\/td><\/tr><tr><td><strong>Tissus Ext\u00e9rieur<\/strong><\/td><td>100% Polyamide Nylon 6-6 Ripstop 40.7g\/m<sup>2<\/sup> TRAITE DWR.<\/td><\/tr><tr><td><strong>Tissus Int\u00e9rieur<\/strong><\/td><td>100% Polyester 40.8g\/m<sup>2<\/sup> TRAITE DWR.<\/td><\/tr><tr><td><strong>Compartiments<\/strong><\/td><td>16 compartiments pr\u00e9-coup\u00e9s de forme 100% anatomique 3D.<br \/>Coupe tubulaire<\/td><\/tr><tr><td><strong>Longueur Int\u00e9rieure<\/strong><\/td><td>M : 215cm<\/td><\/tr><tr><td><strong>Taille Utilisateur conseill\u00e9<\/strong><\/td><td>M : 1,80m<\/td><\/tr><tr><td><strong>Epaules<\/strong><\/td><td>158cm<\/td><\/tr><tr><td><strong>Hanches<\/strong><\/td><td>135cm<\/td><\/tr><tr><td><strong>Pieds<\/strong><\/td><td>95cm<\/td><\/tr><tr><td><strong>Dimensions Pli\u00e9<\/strong><\/td><td>4,8L<strong><br \/><\/strong><\/td><\/tr><tr><td><strong>Sp\u00e9cificit\u00e9(s)<\/strong><\/td><td>Livr\u00e9 avec sac de stockage et housse de compression<\/td><\/tr><tr><td><strong>Poids<br \/><\/strong><\/td><td><strong>773g<\/strong> en taille M<\/td><\/tr><\/tbody><\/table><\/figure>\n\n\n\n<figure class=\"wp-block-image alignleft\"><a href=\"https:\/\/www.montania-sport.com\/blog\/wp-content\/uploads\/2016\/12\/mirage-02b.jpg\"><img loading=\"lazy\" decoding=\"async\" width=\"1200\" height=\"495\" src=\"https:\/\/www.montania-sport.com\/blog\/wp-content\/uploads\/2016\/12\/mirage-02b.jpg\" alt=\"sac de couchage Valandr\u00e9 Mirage 3\/4\" class=\"wp-image-15295\" srcset=\"https:\/\/www.montania-sport.com\/blog\/wp-content\/uploads\/2016\/12\/mirage-02b.jpg 1200w, https:\/\/www.montania-sport.com\/blog\/wp-content\/uploads\/2016\/12\/mirage-02b-300x124.jpg 300w, https:\/\/www.montania-sport.com\/blog\/wp-content\/uploads\/2016\/12\/mirage-02b-1024x422.jpg 1024w\" sizes=\"(max-width: 1200px) 100vw, 1200px\" \/><\/a><figcaption class=\"wp-element-caption\">sac de couchage Valandr\u00e9 Mirage 3\/4 ouvert<\/figcaption><\/figure>\n\n\n\n<h3 class=\"wp-block-heading\">2-2 sac de couchage Valandr\u00e9 La Fayette<\/h3>\n\n\n\n<figure class=\"wp-block-image aligncenter\"><a href=\"https:\/\/www.montania-sport.com\/blog\/wp-content\/uploads\/2016\/12\/lafayette-03b.jpg\"><img loading=\"lazy\" decoding=\"async\" width=\"397\" height=\"1200\" src=\"https:\/\/www.montania-sport.com\/blog\/wp-content\/uploads\/2016\/12\/lafayette-03b.jpg\" alt=\"Sac de couchage Valandr\u00e9 La Fayette\" class=\"wp-image-15293\" srcset=\"https:\/\/www.montania-sport.com\/blog\/wp-content\/uploads\/2016\/12\/lafayette-03b.jpg 397w, https:\/\/www.montania-sport.com\/blog\/wp-content\/uploads\/2016\/12\/lafayette-03b-99x300.jpg 99w, https:\/\/www.montania-sport.com\/blog\/wp-content\/uploads\/2016\/12\/lafayette-03b-339x1024.jpg 339w\" sizes=\"(max-width: 397px) 100vw, 397px\" \/><\/a><figcaption class=\"wp-element-caption\">sac de couchage Valandr\u00e9 La Fayette : vue des caissons<\/figcaption><\/figure>\n\n\n\n<p>Le sac de couchage Valandr\u00e9 LA FAYETTE est un sac de couchage grand froid et pourtant tr\u00e8s l\u00e9ger (1020g en taille M), pour le trekking et l&rsquo;alpinisme. Ouverture par 1\/4 zip frontal.<\/p>\n\n\n\n<figure class=\"wp-block-image aligncenter\"><a href=\"https:\/\/www.montania-sport.com\/blog\/wp-content\/uploads\/2016\/12\/lafayette-01b.jpg\"><img loading=\"lazy\" decoding=\"async\" width=\"1200\" height=\"481\" src=\"https:\/\/www.montania-sport.com\/blog\/wp-content\/uploads\/2016\/12\/lafayette-01b.jpg\" alt=\"sac de couchage Valandr\u00e9 La Fayette\" class=\"wp-image-15291\" srcset=\"https:\/\/www.montania-sport.com\/blog\/wp-content\/uploads\/2016\/12\/lafayette-01b.jpg 1200w, https:\/\/www.montania-sport.com\/blog\/wp-content\/uploads\/2016\/12\/lafayette-01b-300x120.jpg 300w, https:\/\/www.montania-sport.com\/blog\/wp-content\/uploads\/2016\/12\/lafayette-01b-1024x410.jpg 1024w\" sizes=\"(max-width: 1200px) 100vw, 1200px\" \/><\/a><figcaption class=\"wp-element-caption\">sac de couchage Valandr\u00e9 La Fayette ferm\u00e9<\/figcaption><\/figure>\n\n\n\n<figure class=\"wp-block-table\"><table><tbody><tr><td><strong>Temp\u00e9ratures<\/strong><\/td><td><strong>-5,3\u00b0C \/ -12,1\u00b0C \/ -32,1\u00b0C<\/strong><br \/>selon Norme Europ\u00e9enne EN 13537<\/td><\/tr><tr><td><strong>Forme<\/strong><\/td><td>Forme Momie<\/td><\/tr><tr><td><strong>Ouverture<\/strong><\/td><td><strong>1\/4 zip central<br \/><\/strong><\/td><\/tr><tr><td><strong>Garnissage<\/strong><\/td><td>DUVET D&rsquo;OIE GRISE FERMIER 95\/5.<br \/>Filling Power 800 cuin+ (norme EU)<br \/>qualit\u00e9 durable avec une excellente resistance a l\u2019humidite.<\/td><\/tr><tr><td><strong>Poids de Garnissage<\/strong><\/td><td>564g<\/td><\/tr><tr><td><strong>Tissus Ext\u00e9rieur<\/strong><\/td><td>100% Polyamide Nylon 6-6 Ripstop 40.7g\/m<sup>2<\/sup> TRAITE DWR.<\/td><\/tr><tr><td><strong>Tissus Int\u00e9rieur<\/strong><\/td><td>100% Polyester 40.8g\/m<sup>2<\/sup> TRAITE DWR.<\/td><\/tr><tr><td><strong>Compartiments<\/strong><\/td><td>19 compartiments en arches pr\u00e9-coup\u00e9s<br \/>Protection des genoux gr\u00e2ce \u00e0 un garnissage haute densit\u00e9<br \/>Coupe tubulaire<\/td><\/tr><tr><td><strong>Longueur Int\u00e9rieure<\/strong><\/td><td>M : 215cm<\/td><\/tr><tr><td><strong>Taille Utilisateur conseill\u00e9<\/strong><\/td><td>M : 1,80m<\/td><\/tr><tr><td><strong>Epaules<\/strong><\/td><td>170cm<\/td><\/tr><tr><td><strong>Hanches<\/strong><\/td><td>152cm<\/td><\/tr><tr><td><strong>Pieds<\/strong><\/td><td>86cm<\/td><\/tr><tr><td><strong>Dimensions Pli\u00e9<\/strong><\/td><td>5,5L<strong><br \/><\/strong><\/td><\/tr><tr><td><strong>Sp\u00e9cificit\u00e9(s)<\/strong><\/td><td>Livr\u00e9 avec sac de stockage et housse de compression<\/td><\/tr><tr><td><strong>Poids<br \/><\/strong><\/td><td><strong>1020g<\/strong> en taille M<\/td><\/tr><\/tbody><\/table><\/figure>\n\n\n\n<figure class=\"wp-block-image alignleft\"><a href=\"https:\/\/www.montania-sport.com\/blog\/wp-content\/uploads\/2016\/12\/lafayette-02b.jpg\"><img loading=\"lazy\" decoding=\"async\" width=\"1200\" height=\"468\" src=\"https:\/\/www.montania-sport.com\/blog\/wp-content\/uploads\/2016\/12\/lafayette-02b.jpg\" alt=\"Sac de couchage Valandr\u00e9 La Fayette\" class=\"wp-image-15292\" srcset=\"https:\/\/www.montania-sport.com\/blog\/wp-content\/uploads\/2016\/12\/lafayette-02b.jpg 1200w, https:\/\/www.montania-sport.com\/blog\/wp-content\/uploads\/2016\/12\/lafayette-02b-300x117.jpg 300w, https:\/\/www.montania-sport.com\/blog\/wp-content\/uploads\/2016\/12\/lafayette-02b-1024x399.jpg 1024w\" sizes=\"(max-width: 1200px) 100vw, 1200px\" \/><\/a><figcaption class=\"wp-element-caption\">sac de couchage Valandr\u00e9 La Fayette ouvert<\/figcaption><\/figure>\n\n\n\n<h3 class=\"wp-block-heading\">2-3 sac de couchage Valandr\u00e9 Bloody Mary<\/h3>\n\n\n\n<figure class=\"wp-block-image aligncenter\"><a href=\"https:\/\/www.montania-sport.com\/blog\/wp-content\/uploads\/2016\/12\/bloodymary-03b.jpg\"><img loading=\"lazy\" decoding=\"async\" width=\"433\" height=\"1200\" src=\"https:\/\/www.montania-sport.com\/blog\/wp-content\/uploads\/2016\/12\/bloodymary-03b.jpg\" alt=\"Sac de couchage Valandr\u00e9 Bloody Mary\" class=\"wp-image-15286\" srcset=\"https:\/\/www.montania-sport.com\/blog\/wp-content\/uploads\/2016\/12\/bloodymary-03b.jpg 433w, https:\/\/www.montania-sport.com\/blog\/wp-content\/uploads\/2016\/12\/bloodymary-03b-108x300.jpg 108w, https:\/\/www.montania-sport.com\/blog\/wp-content\/uploads\/2016\/12\/bloodymary-03b-369x1024.jpg 369w\" sizes=\"(max-width: 433px) 100vw, 433px\" \/><\/a><figcaption class=\"wp-element-caption\">sac de couchage Valandr\u00e9 Bloody Mary : vue des caissons<\/figcaption><\/figure>\n\n\n\n<p>Le BLOODY MARY est un sac de couchage grand froid, pour le trekking et l&rsquo;alpinisme. Tr\u00e8s confortable et isolant, il dispose d&rsquo;une collerette amovible pour une utilisation polyvalente.<\/p>\n\n\n\n<figure class=\"wp-block-image aligncenter\"><a href=\"https:\/\/www.montania-sport.com\/blog\/wp-content\/uploads\/2016\/12\/bloodymary-01b.jpg\"><img loading=\"lazy\" decoding=\"async\" width=\"1200\" height=\"518\" src=\"https:\/\/www.montania-sport.com\/blog\/wp-content\/uploads\/2016\/12\/bloodymary-01b.jpg\" alt=\"Sac de couchage Valandr\u00e9 Bloody Mary ferm\u00e9\" class=\"wp-image-15284\" srcset=\"https:\/\/www.montania-sport.com\/blog\/wp-content\/uploads\/2016\/12\/bloodymary-01b.jpg 1200w, https:\/\/www.montania-sport.com\/blog\/wp-content\/uploads\/2016\/12\/bloodymary-01b-300x130.jpg 300w, https:\/\/www.montania-sport.com\/blog\/wp-content\/uploads\/2016\/12\/bloodymary-01b-1024x442.jpg 1024w\" sizes=\"(max-width: 1200px) 100vw, 1200px\" \/><\/a><figcaption class=\"wp-element-caption\">sac de couchage Valandr\u00e9 Bloody Mary ferm\u00e9<\/figcaption><\/figure>\n\n\n\n<figure class=\"wp-block-table\"><table><tbody><tr><td><strong>Temp\u00e9ratures<\/strong><\/td><td><strong>-5,4\u00b0C \/ -12,2\u00b0C \/ -32,2\u00b0C<\/strong><br \/>selon Norme Europ\u00e9enne EN 13537<\/td><\/tr><tr><td><strong>Forme<\/strong><\/td><td>Forme Momie<\/td><\/tr><tr><td><strong>Ouverture<\/strong><\/td><td>&nbsp;<strong>Zip gauche ou Zip Droit<br \/><\/strong><\/td><\/tr><tr><td><strong>Garnissage<\/strong><\/td><td>DUVET D&rsquo;OIE GRISE FERMIER 95\/5.<br \/>Filling Power 800 cuin+ (norme EU)<br \/>qualit\u00e9 durable avec une excellente resistance a l\u2019humidite.<\/td><\/tr><tr><td><strong>Poids de Garnissage<\/strong><\/td><td>620g<\/td><\/tr><tr><td><strong>Tissus Ext\u00e9rieur<\/strong><\/td><td>100% Polyamide Nylon 6-6 Ripstop 40.7g\/m<sup>2<\/sup> TRAITE DWR.<\/td><\/tr><tr><td><strong>Tissus Int\u00e9rieur<\/strong><\/td><td>100% Polyester 40.8g\/m<sup>2<\/sup> TRAITE DWR.<\/td><\/tr><tr><td><strong>Compartiments<\/strong><\/td><td>18 compartiments pr\u00e9-coup\u00e9s de forme 100% anatomique.<br \/>Coupe tubulaire<br \/>Caissons en H<\/td><\/tr><tr><td><strong>Longueur Int\u00e9rieure<\/strong><\/td><td>M : 215cm<\/td><\/tr><tr><td><strong>Taille Utilisateur conseill\u00e9<\/strong><\/td><td>M : 1,80m<\/td><\/tr><tr><td><strong>Epaules<\/strong><\/td><td>159cm<\/td><\/tr><tr><td><strong>Hanches<\/strong><\/td><td>141cm<\/td><\/tr><tr><td><strong>Pieds<\/strong><\/td><td>99cm<\/td><\/tr><tr><td><strong>Dimensions Pli\u00e9<\/strong><\/td><td>7L<strong><br \/><\/strong><\/td><\/tr><tr><td><strong>Sp\u00e9cificit\u00e9(s)<\/strong><\/td><td>Livr\u00e9 avec sac de stockage et housse de compression<\/td><\/tr><tr><td><strong>Poids<br \/><\/strong><\/td><td>1180g en taille M<\/td><\/tr><\/tbody><\/table><\/figure>\n\n\n\n<figure class=\"wp-block-image alignleft\"><a href=\"https:\/\/www.montania-sport.com\/blog\/wp-content\/uploads\/2016\/12\/bloodymary-02b.jpg\"><img loading=\"lazy\" decoding=\"async\" width=\"1200\" height=\"500\" src=\"https:\/\/www.montania-sport.com\/blog\/wp-content\/uploads\/2016\/12\/bloodymary-02b.jpg\" alt=\"Sac de couchage Valandr\u00e9 Bloody Mary ouvert\" class=\"wp-image-15285\" srcset=\"https:\/\/www.montania-sport.com\/blog\/wp-content\/uploads\/2016\/12\/bloodymary-02b.jpg 1200w, https:\/\/www.montania-sport.com\/blog\/wp-content\/uploads\/2016\/12\/bloodymary-02b-300x125.jpg 300w, https:\/\/www.montania-sport.com\/blog\/wp-content\/uploads\/2016\/12\/bloodymary-02b-1024x427.jpg 1024w\" sizes=\"(max-width: 1200px) 100vw, 1200px\" \/><\/a><figcaption class=\"wp-element-caption\">sac de couchage Valandr\u00e9 Bloody Mary ouvert : collerette amovible :-)<\/figcaption><\/figure>\n\n\n\n<h3 class=\"wp-block-heading\">2-4 sac de couchage Valandr\u00e9 Shocking Blue Neo<\/h3>\n\n\n\n<figure class=\"wp-block-image aligncenter\"><a href=\"https:\/\/www.montania-sport.com\/blog\/wp-content\/uploads\/2016\/12\/shocking-blue-neo-03b.jpg\"><img loading=\"lazy\" decoding=\"async\" width=\"419\" height=\"1200\" src=\"https:\/\/www.montania-sport.com\/blog\/wp-content\/uploads\/2016\/12\/shocking-blue-neo-03b.jpg\" alt=\"Sac de couchage Valandr\u00e9 Shocking Blue Neo\" class=\"wp-image-15303\" srcset=\"https:\/\/www.montania-sport.com\/blog\/wp-content\/uploads\/2016\/12\/shocking-blue-neo-03b.jpg 419w, https:\/\/www.montania-sport.com\/blog\/wp-content\/uploads\/2016\/12\/shocking-blue-neo-03b-105x300.jpg 105w, https:\/\/www.montania-sport.com\/blog\/wp-content\/uploads\/2016\/12\/shocking-blue-neo-03b-358x1024.jpg 358w\" sizes=\"(max-width: 419px) 100vw, 419px\" \/><\/a><figcaption class=\"wp-element-caption\">Sac de couchage Valandr\u00e9 Shocking Blue Neo : vue des caissons<\/figcaption><\/figure>\n\n\n\n<p>Le SHOCKING BLUE NEO est un sac de couchage grand froid, type 4 saisons, pour l&rsquo;alpinisme, les exp\u00e9ditions l\u00e9g\u00e8res et le trekking lointain. -11\u00b0C confort femme !<\/p>\n\n\n\n<figure class=\"wp-block-image alignleft\"><a href=\"https:\/\/www.montania-sport.com\/blog\/wp-content\/uploads\/2016\/12\/shocking-blue-neo-01b.jpg\"><img loading=\"lazy\" decoding=\"async\" width=\"1200\" height=\"486\" src=\"https:\/\/www.montania-sport.com\/blog\/wp-content\/uploads\/2016\/12\/shocking-blue-neo-01b.jpg\" alt=\"sac de couchage Valandr\u00e9 Shocking Blue Neo ferm\u00e9\" class=\"wp-image-15301\" srcset=\"https:\/\/www.montania-sport.com\/blog\/wp-content\/uploads\/2016\/12\/shocking-blue-neo-01b.jpg 1200w, https:\/\/www.montania-sport.com\/blog\/wp-content\/uploads\/2016\/12\/shocking-blue-neo-01b-300x122.jpg 300w, https:\/\/www.montania-sport.com\/blog\/wp-content\/uploads\/2016\/12\/shocking-blue-neo-01b-1024x415.jpg 1024w\" sizes=\"(max-width: 1200px) 100vw, 1200px\" \/><\/a><figcaption class=\"wp-element-caption\">sac de couchage Valandr\u00e9 Shocking Blue Neo ferm\u00e9<\/figcaption><\/figure>\n\n\n\n<figure class=\"wp-block-table\"><table><tbody><tr><td><strong>Temp\u00e9ratures<\/strong><\/td><td><strong>-11.6\u00b0C \/ -19,5\u00b0C \/ -42,3\u00b0C<\/strong><br \/>selon Norme Europ\u00e9enne EN 13537<\/td><\/tr><tr><td><strong>Forme<\/strong><\/td><td>Forme Momie<\/td><\/tr><tr><td><strong>Ouverture<\/strong><\/td><td>&nbsp;<strong>Zip gauche ou Zip Droit<br \/><\/strong><\/td><\/tr><tr><td><strong>Garnissage<\/strong><\/td><td>DUVET D&rsquo;OIE GRISE FERMIER 95\/5.<br \/>Filling Power 800 cuin+ (norme EU)<br \/>qualit\u00e9 durable avec une excellente resistance a l\u2019humidite.<\/td><\/tr><tr><td><strong>Poids de Garnissage<\/strong><\/td><td>771g<\/td><\/tr><tr><td><strong>Tissus Ext\u00e9rieur<\/strong><\/td><td>100% Polyamide Nylon 6-6 Ripstop 40.7g\/m<sup>2<\/sup> TRAITE DWR.<\/td><\/tr><tr><td><strong>Tissus Int\u00e9rieur<\/strong><\/td><td>100% Polyester 40.8g\/m<sup>2<\/sup> TRAITE DWR.<\/td><\/tr><tr><td><strong>Compartiments<\/strong><\/td><td>32 compartiments pr\u00e9-coup\u00e9s de forme 100% anatomique. (Coupe tubulaire)<\/td><\/tr><tr><td><strong>Longueur Int\u00e9rieure<\/strong><\/td><td>M : 215cm<\/td><\/tr><tr><td><strong>Taille Utilisateur conseill\u00e9<\/strong><\/td><td>M : 1,80m<\/td><\/tr><tr><td><strong>Epaules<\/strong><\/td><td>166cm<\/td><\/tr><tr><td><strong>Hanches<\/strong><\/td><td>144cm<\/td><\/tr><tr><td><strong>Pieds<\/strong><\/td><td>106cm<\/td><\/tr><tr><td><strong>Dimensions Pli\u00e9<\/strong><\/td><td>9,5L<strong><br \/><\/strong><\/td><\/tr><tr><td><strong>Sp\u00e9cificit\u00e9(s)<\/strong><\/td><td>Livr\u00e9 avec sac de stockage et housse de compression<\/td><\/tr><tr><td><strong>Poids<br \/><\/strong><\/td><td>1320g en taille M<\/td><\/tr><\/tbody><\/table><\/figure>\n\n\n\n<figure class=\"wp-block-image alignleft\"><a href=\"https:\/\/www.montania-sport.com\/blog\/wp-content\/uploads\/2016\/12\/shocking-blue-neo-02b.jpg\"><img loading=\"lazy\" decoding=\"async\" width=\"1200\" height=\"494\" src=\"https:\/\/www.montania-sport.com\/blog\/wp-content\/uploads\/2016\/12\/shocking-blue-neo-02b.jpg\" alt=\"sac de couchage Valandr\u00e9 Shocking Blue Neo ouvert\" class=\"wp-image-15302\" srcset=\"https:\/\/www.montania-sport.com\/blog\/wp-content\/uploads\/2016\/12\/shocking-blue-neo-02b.jpg 1200w, https:\/\/www.montania-sport.com\/blog\/wp-content\/uploads\/2016\/12\/shocking-blue-neo-02b-300x124.jpg 300w, https:\/\/www.montania-sport.com\/blog\/wp-content\/uploads\/2016\/12\/shocking-blue-neo-02b-1024x422.jpg 1024w\" sizes=\"(max-width: 1200px) 100vw, 1200px\" \/><\/a><figcaption class=\"wp-element-caption\">sac de couchage Valandr\u00e9 Shocking Blue Neo ouvert<\/figcaption><\/figure>\n\n\n\n<h3 class=\"wp-block-heading\">2-5 sac de couchage Valandr\u00e9 Odin Neo<\/h3>\n\n\n\n<figure class=\"wp-block-image alignleft\"><a href=\"https:\/\/www.montania-sport.com\/blog\/wp-content\/uploads\/2016\/12\/odin-neo-03b.jpg\"><img loading=\"lazy\" decoding=\"async\" width=\"438\" height=\"1200\" src=\"https:\/\/www.montania-sport.com\/blog\/wp-content\/uploads\/2016\/12\/odin-neo-03b.jpg\" alt=\"sac de couchage Valandr\u00e9 Odin Neo\" class=\"wp-image-15300\" srcset=\"https:\/\/www.montania-sport.com\/blog\/wp-content\/uploads\/2016\/12\/odin-neo-03b.jpg 438w, https:\/\/www.montania-sport.com\/blog\/wp-content\/uploads\/2016\/12\/odin-neo-03b-110x300.jpg 110w, https:\/\/www.montania-sport.com\/blog\/wp-content\/uploads\/2016\/12\/odin-neo-03b-374x1024.jpg 374w\" sizes=\"(max-width: 438px) 100vw, 438px\" \/><\/a><figcaption class=\"wp-element-caption\">sac de couchage Valandr\u00e9 Odin Neo : vue des caissons<\/figcaption><\/figure>\n\n\n\n<p>Le ODIN NEO est un sac de couchage grand froid et exp\u00e9dition himalayenne.<br \/>Temp\u00e9rature fabricant :<strong>-30\u00b0C confort<\/strong><\/p>\n\n\n\n<figure class=\"wp-block-image alignleft\"><a href=\"https:\/\/www.montania-sport.com\/blog\/wp-content\/uploads\/2016\/12\/odin-neo-01b.jpg\"><img loading=\"lazy\" decoding=\"async\" width=\"1200\" height=\"507\" src=\"https:\/\/www.montania-sport.com\/blog\/wp-content\/uploads\/2016\/12\/odin-neo-01b.jpg\" alt=\"sac de couchage Valandr\u00e9 Odin Neo\" class=\"wp-image-15298\" srcset=\"https:\/\/www.montania-sport.com\/blog\/wp-content\/uploads\/2016\/12\/odin-neo-01b.jpg 1200w, https:\/\/www.montania-sport.com\/blog\/wp-content\/uploads\/2016\/12\/odin-neo-01b-300x127.jpg 300w, https:\/\/www.montania-sport.com\/blog\/wp-content\/uploads\/2016\/12\/odin-neo-01b-1024x433.jpg 1024w\" sizes=\"(max-width: 1200px) 100vw, 1200px\" \/><\/a><figcaption class=\"wp-element-caption\">sac de couchage Valandr\u00e9 Odin Neo ferm\u00e9<\/figcaption><\/figure>\n\n\n\n<figure class=\"wp-block-table\"><table><tbody><tr><td><strong>Temp\u00e9ratures<\/strong><\/td><td><strong>-30\u00b0C<\/strong> confort selon le fabricant<\/td><\/tr><tr><td><strong>Forme<\/strong><\/td><td>Forme Momie<\/td><\/tr><tr><td><strong>Ouverture<\/strong><\/td><td>&nbsp;<strong>Zip gauche ou Zip Droit<br \/><\/strong><\/td><\/tr><tr><td><strong>Garnissage<\/strong><\/td><td>DUVET D&rsquo;OIE GRISE FERMIER 95\/5.<br \/>Filling Power 800 cuin+ (norme EU)<br \/>qualit\u00e9 durable avec une excellente resistance a l\u2019humidite.<\/td><\/tr><tr><td><strong>Poids de Garnissage<\/strong><\/td><td>1030g<\/td><\/tr><tr><td><strong>Tissus Ext\u00e9rieur<\/strong><\/td><td>100% Polyamide Nylon 6-6 Ripstop 40.7g\/m<sup>2<\/sup> TRAITE DWR.<\/td><\/tr><tr><td><strong>Tissus Int\u00e9rieur<\/strong><\/td><td>100% Polyester 40.8g\/m<sup>2<\/sup> TRAITE DWR.<\/td><\/tr><tr><td><strong>Compartiments<\/strong><\/td><td>32 compartiments pr\u00e9-coup\u00e9s de forme 100% anatomique. (Coupe tubulaire)<\/td><\/tr><tr><td><strong>Longueur Int\u00e9rieure<\/strong><\/td><td>M : 215cm<\/td><\/tr><tr><td><strong>Taille Utilisateur conseill\u00e9<\/strong><\/td><td>M : 1,80m<\/td><\/tr><tr><td><strong>Epaules<\/strong><\/td><td>153cm<\/td><\/tr><tr><td><strong>Hanches<\/strong><\/td><td>140cm<\/td><\/tr><tr><td><strong>Pieds<\/strong><\/td><td>93cm<\/td><\/tr><tr><td><strong>Dimensions Pli\u00e9<\/strong><\/td><td>14L<strong><br \/><\/strong><\/td><\/tr><tr><td><strong>Sp\u00e9cificit\u00e9(s)<\/strong><\/td><td>Livr\u00e9 avec sac de stockage et housse de compression<\/td><\/tr><tr><td><strong>Poids<br \/><\/strong><\/td><td><strong>1630g<\/strong> en taille M<\/td><\/tr><\/tbody><\/table><\/figure>\n\n\n\n<figure class=\"wp-block-image alignleft\"><a href=\"https:\/\/www.montania-sport.com\/blog\/wp-content\/uploads\/2016\/12\/odin-neo-02b.jpg\"><img loading=\"lazy\" decoding=\"async\" width=\"1200\" height=\"537\" src=\"https:\/\/www.montania-sport.com\/blog\/wp-content\/uploads\/2016\/12\/odin-neo-02b.jpg\" alt=\"sac de couchage Valandr\u00e9 Odin Neo\" class=\"wp-image-15299\" srcset=\"https:\/\/www.montania-sport.com\/blog\/wp-content\/uploads\/2016\/12\/odin-neo-02b.jpg 1200w, https:\/\/www.montania-sport.com\/blog\/wp-content\/uploads\/2016\/12\/odin-neo-02b-300x134.jpg 300w, https:\/\/www.montania-sport.com\/blog\/wp-content\/uploads\/2016\/12\/odin-neo-02b-1024x458.jpg 1024w\" sizes=\"(max-width: 1200px) 100vw, 1200px\" \/><\/a><figcaption class=\"wp-element-caption\">sac de couchage Valandr\u00e9 Odin Neo ouvert<\/figcaption><\/figure>\n\n\n\n<h3 class=\"wp-block-heading\">2-6 sac de couchage Valandr\u00e9 Thor Neo<\/h3>\n\n\n\n<figure class=\"wp-block-image aligncenter\"><a href=\"https:\/\/www.montania-sport.com\/blog\/wp-content\/uploads\/2016\/12\/thor-neo-03b.jpg\"><img loading=\"lazy\" decoding=\"async\" width=\"431\" height=\"1200\" src=\"https:\/\/www.montania-sport.com\/blog\/wp-content\/uploads\/2016\/12\/thor-neo-03b.jpg\" alt=\"sac de couchage Valandr\u00e9 Thor Neo\" class=\"wp-image-15315\" srcset=\"https:\/\/www.montania-sport.com\/blog\/wp-content\/uploads\/2016\/12\/thor-neo-03b.jpg 431w, https:\/\/www.montania-sport.com\/blog\/wp-content\/uploads\/2016\/12\/thor-neo-03b-108x300.jpg 108w, https:\/\/www.montania-sport.com\/blog\/wp-content\/uploads\/2016\/12\/thor-neo-03b-368x1024.jpg 368w\" sizes=\"(max-width: 431px) 100vw, 431px\" \/><\/a><figcaption class=\"wp-element-caption\">sac de couchage Valandr\u00e9 Thor Neo : vue des caissons<\/figcaption><\/figure>\n\n\n\n<p>Le THOR NEO est un sac de couchage grand froid et exp\u00e9dition himalayenne. Il s&rsquo;agit du mod\u00e8le le plus chaud de toute la gamme Valandr\u00e9. <br \/>Temp\u00e9rature fabricant :<strong>-40\u00b0C confort<\/strong><\/p>\n\n\n\n<figure class=\"wp-block-image alignleft\"><a href=\"https:\/\/www.montania-sport.com\/blog\/wp-content\/uploads\/2016\/12\/thor-neo-01b.jpg\"><img loading=\"lazy\" decoding=\"async\" width=\"1200\" height=\"528\" src=\"https:\/\/www.montania-sport.com\/blog\/wp-content\/uploads\/2016\/12\/thor-neo-01b.jpg\" alt=\"sac de couchage Valandr\u00e9 Thor Neo\" class=\"wp-image-15313\" srcset=\"https:\/\/www.montania-sport.com\/blog\/wp-content\/uploads\/2016\/12\/thor-neo-01b.jpg 1200w, https:\/\/www.montania-sport.com\/blog\/wp-content\/uploads\/2016\/12\/thor-neo-01b-300x132.jpg 300w, https:\/\/www.montania-sport.com\/blog\/wp-content\/uploads\/2016\/12\/thor-neo-01b-1024x451.jpg 1024w\" sizes=\"(max-width: 1200px) 100vw, 1200px\" \/><\/a><figcaption class=\"wp-element-caption\">sac de couchage Valandr\u00e9 Thor Neo ferm\u00e9<\/figcaption><\/figure>\n\n\n\n<figure class=\"wp-block-table\"><table><tbody><tr><td><strong>Temp\u00e9ratures<\/strong><\/td><td><strong>-40\u00b0C<\/strong> confort selon le fabricant<\/td><\/tr><tr><td><strong>Forme<\/strong><\/td><td>Forme Momie<\/td><\/tr><tr><td><strong>Ouverture<\/strong><\/td><td>&nbsp;Zip gauche ou Zip Droit<strong><br \/><\/strong><\/td><\/tr><tr><td><strong>Garnissage<\/strong><\/td><td>DUVET D&rsquo;OIE GRISE FERMIER 95\/5.<br \/>Filling Power 800 cuin+ (norme EU)<br \/>qualit\u00e9 durable avec une excellente resistance a l\u2019humidite.<\/td><\/tr><tr><td><strong>Poids de Garnissage<\/strong><\/td><td>1240g<\/td><\/tr><tr><td><strong>Tissus Ext\u00e9rieur<\/strong><\/td><td>100% Polyamide Nylon 6-6 Ripstop 40.7g\/m<sup>2<\/sup> TRAITE DWR.<\/td><\/tr><tr><td><strong>Tissus Int\u00e9rieur<\/strong><\/td><td>100% Polyester 40.8g\/m<sup>2<\/sup> TRAITE DWR.<\/td><\/tr><tr><td><strong>Compartiments<\/strong><\/td><td>32 compartiments pr\u00e9-coup\u00e9s de forme 100% anatomique. (Coupe tubulaire)<\/td><\/tr><tr><td><strong>Longueur Int\u00e9rieure<\/strong><\/td><td>M : 215cm<\/td><\/tr><tr><td><strong>Taille Utilisateur conseill\u00e9<\/strong><\/td><td>M : 1,80m<\/td><\/tr><tr><td><strong>Epaules<\/strong><\/td><td>153cm<\/td><\/tr><tr><td><strong>Hanches<\/strong><\/td><td>140cm<\/td><\/tr><tr><td><strong>Pieds<\/strong><\/td><td>93cm<\/td><\/tr><tr><td><strong>Dimensions Pli\u00e9<\/strong><\/td><td>16L<strong><br \/><\/strong><\/td><\/tr><tr><td><strong>Sp\u00e9cificit\u00e9(s)<\/strong><\/td><td>Livr\u00e9 avec sac de stockage et housse de compression<\/td><\/tr><tr><td><strong>Poids<br \/><\/strong><\/td><td><strong>1870g<\/strong> en taille M<\/td><\/tr><\/tbody><\/table><\/figure>\n\n\n\n<figure class=\"wp-block-image alignleft\"><a href=\"https:\/\/www.montania-sport.com\/blog\/wp-content\/uploads\/2016\/12\/thor-neo-02b.jpg\"><img loading=\"lazy\" decoding=\"async\" width=\"1200\" height=\"533\" src=\"https:\/\/www.montania-sport.com\/blog\/wp-content\/uploads\/2016\/12\/thor-neo-02b.jpg\" alt=\"sac de couchage Valandr\u00e9 Thor Neo\" class=\"wp-image-15314\" srcset=\"https:\/\/www.montania-sport.com\/blog\/wp-content\/uploads\/2016\/12\/thor-neo-02b.jpg 1200w, https:\/\/www.montania-sport.com\/blog\/wp-content\/uploads\/2016\/12\/thor-neo-02b-300x133.jpg 300w, https:\/\/www.montania-sport.com\/blog\/wp-content\/uploads\/2016\/12\/thor-neo-02b-1024x455.jpg 1024w\" sizes=\"(max-width: 1200px) 100vw, 1200px\" \/><\/a><figcaption class=\"wp-element-caption\">sac de couchage Valandr\u00e9 Thor Neo ouvert<\/figcaption><\/figure>\n\n\n\n<h2 class=\"wp-block-heading\"><strong>Entretien d&rsquo;un sac de couchage Valandr\u00e9<\/strong> :<\/h2>\n\n\n\n<p>Lavage \u00e0 30-35\u00b0C \u00e0 la main ou en machine avec un savon naturel ou sp\u00e9cial duvet (ou \u00e9ventuellement votre shampoing habituel). <span style=\"text-decoration: underline;\"><strong>Surtout pas de lavage \u00e0 sec<\/strong> <\/span>car les solvants utilis\u00e9s d\u00e9truisent l\u2019imperm\u00e9abilit\u00e9 naturelle du duvet.<\/p>\n\n\n\n<p>Rin\u00e7age et essorage doux.<\/p>\n\n\n\n<p>S\u00e9chage \u00e0 l\u2019air libre ou de pr\u00e9f\u00e9rence en s\u00e8che-linge \u00e0 temp\u00e9rature ti\u00e8de 30\u00b0C. Proc\u00e9der \u00e0 un premier cycle de 15mn, puis 30mn et renouveler autant de fois qu\u2019il convient en tapotant le duvet manuellement entre chaque cycle.<\/p>\n\n\n\n<p>Entreposer dans un endroit sec environ 48h et bien r\u00e9partir le duvet dans chaque compartiment.<\/p>\n\n\n\n<p>Stocker dans sa housse de rangement ou librement dans une pi\u00e8ce \u00e0 l\u2019abri de l\u2019humidit\u00e9.<\/p>\n\n\n\n<p><span style=\"text-decoration: underline;\"><strong>Compresser uniquement&nbsp;lors&nbsp;de l&rsquo;utilisation.<\/strong><\/span><\/p>\n\n\n\n<figure class=\"wp-block-image aligncenter\"><a href=\"https:\/\/www.montania-sport.com\/blog\/wp-content\/uploads\/2017\/01\/duvet.jpg\"><img loading=\"lazy\" decoding=\"async\" width=\"990\" height=\"379\" src=\"https:\/\/www.montania-sport.com\/blog\/wp-content\/uploads\/2017\/01\/duvet.jpg\" alt=\"duvet Valandr\u00e9\" class=\"wp-image-15337\" srcset=\"https:\/\/www.montania-sport.com\/blog\/wp-content\/uploads\/2017\/01\/duvet.jpg 990w, https:\/\/www.montania-sport.com\/blog\/wp-content\/uploads\/2017\/01\/duvet-300x115.jpg 300w\" sizes=\"(max-width: 990px) 100vw, 990px\" \/><\/a><\/figure>\n\n\n\n<hr class=\"wp-block-separator has-alpha-channel-opacity\"\/>\n\n\n\n<p>Merci de votre lecture.<\/p>\n\n\n\n<p>Retrouvez la gamme compl\u00e8te des sacs de couchage Valandr\u00e9 en vente dans notre magasin Montania Sport de Chamb\u00e9ry et sur notre boutique en ligne \u00e0 la rubrique Sac de couchage \/ Valandr\u00e9 ou en suivant le lien direct ici : <\/p>\n\n\n\n<figure class=\"wp-block-image aligncenter size-full\"><a href=\"https:\/\/www.montania-sport.com\/7234-sac-de-couchage-valandre\" target=\"_blank\" rel=\"noreferrer noopener\"><img loading=\"lazy\" decoding=\"async\" width=\"350\" height=\"55\" src=\"https:\/\/www.montania-sport.com\/blog\/wp-content\/uploads\/2021\/06\/Lien-Direct-350.png\" alt=\"Lien Direct Montania-Sport.com\" class=\"wp-image-20290\" srcset=\"https:\/\/www.montania-sport.com\/blog\/wp-content\/uploads\/2021\/06\/Lien-Direct-350.png 350w, https:\/\/www.montania-sport.com\/blog\/wp-content\/uploads\/2021\/06\/Lien-Direct-350-300x47.png 300w\" sizes=\"(max-width: 350px) 100vw, 350px\" \/><\/a><\/figure>\n\n\n\n<p>A bient\u00f4t :-)<\/p>\n","protected":false},"excerpt":{"rendered":"<p>Vous recherchez un sac de couchage Valandr\u00e9 ? Mais vous ne savez pas lequel choisir ? Voici un comparatif complet pour vous aider \u00e0 faire le bon choix. L&rsquo;achat d&rsquo;un sac de couchage Valandr\u00e9 est un investissement de qualit\u00e9 qui ne doit pas \u00eatre fait \u00e0 la l\u00e9g\u00e8re. Voici donc tout ce qu&rsquo;il faut savoir &hellip;<\/p>\n<p class=\"read-more\"> <a class=\"\" href=\"https:\/\/www.montania-sport.com\/blog\/sac-de-couchage-valandre-comparatif-complet-de-la-marque-francaise\/\"> <span class=\"screen-reader-text\">Sac de couchage Valandr\u00e9 : comparatif complet de la marque fran\u00e7aise !<\/span> Lire la suite\u00a0\u00bb<\/a><\/p>\n","protected":false},"author":2,"featured_media":32895,"comment_status":"open","ping_status":"open","sticky":false,"template":"","format":"standard","meta":{"site-sidebar-layout":"default","site-content-layout":"default","ast-global-header-display":"","ast-main-header-display":"","ast-hfb-above-header-display":"","ast-hfb-below-header-display":"","ast-hfb-mobile-header-display":"","site-post-title":"","ast-breadcrumbs-content":"","ast-featured-img":"","footer-sml-layout":"","theme-transparent-header-meta":"","adv-header-id-meta":"","stick-header-meta":"","header-above-stick-meta":"","header-main-stick-meta":"","header-below-stick-meta":"","_jetpack_memberships_contains_paid_content":false,"footnotes":""},"categories":[61],"tags":[757,831,755,766,759,823],"class_list":["post-15328","post","type-post","status-publish","format-standard","has-post-thumbnail","hentry","category-comparatifs-et-test-matos","tag-alpinisme","tag-expedition","tag-randonnee","tag-sac-de-couchage","tag-trekking","tag-valandre"],"yoast_head":"<!-- This site is optimized with the Yoast SEO plugin v24.4 - https:\/\/yoast.com\/wordpress\/plugins\/seo\/ -->\n<title>Sac de couchage Valandr\u00e9 : comparatif complet de la marque fran\u00e7aise !<\/title>\n<meta name=\"description\" content=\"Vous recherchez un sac de couchage Valandr\u00e9 ? Voici un comparatif complet pour vous aider \u00e0 faire le bon choix : mod\u00e8les, garnissages, temp\u00e9ratures, poids..\" \/>\n<meta name=\"robots\" content=\"index, follow, max-snippet:-1, max-image-preview:large, max-video-preview:-1\" \/>\n<link rel=\"canonical\" href=\"https:\/\/www.montania-sport.com\/blog\/sac-de-couchage-valandre-comparatif-complet-de-la-marque-francaise\/\" \/>\n<meta property=\"og:locale\" content=\"fr_FR\" \/>\n<meta property=\"og:type\" content=\"article\" \/>\n<meta property=\"og:title\" content=\"Sac de couchage Valandr\u00e9 : comparatif complet de la marque fran\u00e7aise !\" \/>\n<meta property=\"og:description\" content=\"Vous recherchez un sac de couchage Valandr\u00e9 ? Voici un comparatif complet pour vous aider \u00e0 faire le bon choix : mod\u00e8les, garnissages, temp\u00e9ratures, poids..\" \/>\n<meta property=\"og:url\" content=\"https:\/\/www.montania-sport.com\/blog\/sac-de-couchage-valandre-comparatif-complet-de-la-marque-francaise\/\" \/>\n<meta property=\"og:site_name\" content=\"Blog Montania Sport\" \/>\n<meta property=\"article:publisher\" content=\"https:\/\/www.facebook.com\/Montania.Sport\" \/>\n<meta property=\"article:published_time\" content=\"2017-01-03T16:10:03+00:00\" \/>\n<meta property=\"article:modified_time\" content=\"2023-07-31T08:47:29+00:00\" \/>\n<meta property=\"og:image\" content=\"https:\/\/www.montania-sport.com\/blog\/wp-content\/uploads\/2023\/07\/50607292_2092770297457761_5969467168016826368_n.jpg\" \/>\n\t<meta property=\"og:image:width\" content=\"1200\" \/>\n\t<meta property=\"og:image:height\" content=\"675\" \/>\n\t<meta property=\"og:image:type\" content=\"image\/jpeg\" \/>\n<meta name=\"author\" content=\"cedric\" \/>\n<meta name=\"twitter:card\" content=\"summary_large_image\" \/>\n<meta name=\"twitter:creator\" content=\"@MontaniaSport\" \/>\n<meta name=\"twitter:site\" content=\"@MontaniaSport\" \/>\n<meta name=\"twitter:label1\" content=\"\u00c9crit par\" \/>\n\t<meta name=\"twitter:data1\" content=\"cedric\" \/>\n\t<meta name=\"twitter:label2\" content=\"Dur\u00e9e de lecture estim\u00e9e\" \/>\n\t<meta name=\"twitter:data2\" content=\"20 minutes\" \/>\n<script type=\"application\/ld+json\" class=\"yoast-schema-graph\">{\"@context\":\"https:\/\/schema.org\",\"@graph\":[{\"@type\":\"Article\",\"@id\":\"https:\/\/www.montania-sport.com\/blog\/sac-de-couchage-valandre-comparatif-complet-de-la-marque-francaise\/#article\",\"isPartOf\":{\"@id\":\"https:\/\/www.montania-sport.com\/blog\/sac-de-couchage-valandre-comparatif-complet-de-la-marque-francaise\/\"},\"author\":{\"name\":\"cedric\",\"@id\":\"https:\/\/www.montania-sport.com\/blog\/#\/schema\/person\/eb15113f453620c1519f3f6a3886b250\"},\"headline\":\"Sac de couchage Valandr\u00e9 : comparatif complet de la marque fran\u00e7aise !\",\"datePublished\":\"2017-01-03T16:10:03+00:00\",\"dateModified\":\"2023-07-31T08:47:29+00:00\",\"mainEntityOfPage\":{\"@id\":\"https:\/\/www.montania-sport.com\/blog\/sac-de-couchage-valandre-comparatif-complet-de-la-marque-francaise\/\"},\"wordCount\":2496,\"commentCount\":3,\"publisher\":{\"@id\":\"https:\/\/www.montania-sport.com\/blog\/#organization\"},\"image\":{\"@id\":\"https:\/\/www.montania-sport.com\/blog\/sac-de-couchage-valandre-comparatif-complet-de-la-marque-francaise\/#primaryimage\"},\"thumbnailUrl\":\"https:\/\/www.montania-sport.com\/blog\/wp-content\/uploads\/2023\/07\/50607292_2092770297457761_5969467168016826368_n.jpg\",\"keywords\":[\"Alpinisme\",\"Exp\u00e9dition\",\"Randonn\u00e9e\",\"Sac de couchage\",\"Trekking\",\"Valandr\u00e9\"],\"articleSection\":[\"Tests et Comparatifs\"],\"inLanguage\":\"fr-FR\",\"potentialAction\":[{\"@type\":\"CommentAction\",\"name\":\"Comment\",\"target\":[\"https:\/\/www.montania-sport.com\/blog\/sac-de-couchage-valandre-comparatif-complet-de-la-marque-francaise\/#respond\"]}]},{\"@type\":\"WebPage\",\"@id\":\"https:\/\/www.montania-sport.com\/blog\/sac-de-couchage-valandre-comparatif-complet-de-la-marque-francaise\/\",\"url\":\"https:\/\/www.montania-sport.com\/blog\/sac-de-couchage-valandre-comparatif-complet-de-la-marque-francaise\/\",\"name\":\"Sac de couchage Valandr\u00e9 : comparatif complet de la marque fran\u00e7aise !\",\"isPartOf\":{\"@id\":\"https:\/\/www.montania-sport.com\/blog\/#website\"},\"primaryImageOfPage\":{\"@id\":\"https:\/\/www.montania-sport.com\/blog\/sac-de-couchage-valandre-comparatif-complet-de-la-marque-francaise\/#primaryimage\"},\"image\":{\"@id\":\"https:\/\/www.montania-sport.com\/blog\/sac-de-couchage-valandre-comparatif-complet-de-la-marque-francaise\/#primaryimage\"},\"thumbnailUrl\":\"https:\/\/www.montania-sport.com\/blog\/wp-content\/uploads\/2023\/07\/50607292_2092770297457761_5969467168016826368_n.jpg\",\"datePublished\":\"2017-01-03T16:10:03+00:00\",\"dateModified\":\"2023-07-31T08:47:29+00:00\",\"description\":\"Vous recherchez un sac de couchage Valandr\u00e9 ? Voici un comparatif complet pour vous aider \u00e0 faire le bon choix : mod\u00e8les, garnissages, temp\u00e9ratures, poids..\",\"breadcrumb\":{\"@id\":\"https:\/\/www.montania-sport.com\/blog\/sac-de-couchage-valandre-comparatif-complet-de-la-marque-francaise\/#breadcrumb\"},\"inLanguage\":\"fr-FR\",\"potentialAction\":[{\"@type\":\"ReadAction\",\"target\":[\"https:\/\/www.montania-sport.com\/blog\/sac-de-couchage-valandre-comparatif-complet-de-la-marque-francaise\/\"]}]},{\"@type\":\"ImageObject\",\"inLanguage\":\"fr-FR\",\"@id\":\"https:\/\/www.montania-sport.com\/blog\/sac-de-couchage-valandre-comparatif-complet-de-la-marque-francaise\/#primaryimage\",\"url\":\"https:\/\/www.montania-sport.com\/blog\/wp-content\/uploads\/2023\/07\/50607292_2092770297457761_5969467168016826368_n.jpg\",\"contentUrl\":\"https:\/\/www.montania-sport.com\/blog\/wp-content\/uploads\/2023\/07\/50607292_2092770297457761_5969467168016826368_n.jpg\",\"width\":1200,\"height\":675},{\"@type\":\"BreadcrumbList\",\"@id\":\"https:\/\/www.montania-sport.com\/blog\/sac-de-couchage-valandre-comparatif-complet-de-la-marque-francaise\/#breadcrumb\",\"itemListElement\":[{\"@type\":\"ListItem\",\"position\":1,\"name\":\"Accueil\",\"item\":\"https:\/\/www.montania-sport.com\/blog\/\"},{\"@type\":\"ListItem\",\"position\":2,\"name\":\"Sac de couchage Valandr\u00e9 : comparatif complet de la marque fran\u00e7aise !\"}]},{\"@type\":\"WebSite\",\"@id\":\"https:\/\/www.montania-sport.com\/blog\/#website\",\"url\":\"https:\/\/www.montania-sport.com\/blog\/\",\"name\":\"Blog Montania Sport\",\"description\":\"Blog Montania Sport\",\"publisher\":{\"@id\":\"https:\/\/www.montania-sport.com\/blog\/#organization\"},\"potentialAction\":[{\"@type\":\"SearchAction\",\"target\":{\"@type\":\"EntryPoint\",\"urlTemplate\":\"https:\/\/www.montania-sport.com\/blog\/?s={search_term_string}\"},\"query-input\":{\"@type\":\"PropertyValueSpecification\",\"valueRequired\":true,\"valueName\":\"search_term_string\"}}],\"inLanguage\":\"fr-FR\"},{\"@type\":\"Organization\",\"@id\":\"https:\/\/www.montania-sport.com\/blog\/#organization\",\"name\":\"Montania Sport\",\"url\":\"https:\/\/www.montania-sport.com\/blog\/\",\"logo\":{\"@type\":\"ImageObject\",\"inLanguage\":\"fr-FR\",\"@id\":\"https:\/\/www.montania-sport.com\/blog\/#\/schema\/logo\/image\/\",\"url\":\"https:\/\/www.montania-sport.com\/blog\/wp-content\/uploads\/2023\/04\/cropped-Logo-BLOG-2023-1200.png\",\"contentUrl\":\"https:\/\/www.montania-sport.com\/blog\/wp-content\/uploads\/2023\/04\/cropped-Logo-BLOG-2023-1200.png\",\"width\":1200,\"height\":645,\"caption\":\"Montania Sport\"},\"image\":{\"@id\":\"https:\/\/www.montania-sport.com\/blog\/#\/schema\/logo\/image\/\"},\"sameAs\":[\"https:\/\/www.facebook.com\/Montania.Sport\",\"https:\/\/x.com\/MontaniaSport\",\"https:\/\/www.instagram.com\/montania_sport\"]},{\"@type\":\"Person\",\"@id\":\"https:\/\/www.montania-sport.com\/blog\/#\/schema\/person\/eb15113f453620c1519f3f6a3886b250\",\"name\":\"cedric\",\"image\":{\"@type\":\"ImageObject\",\"inLanguage\":\"fr-FR\",\"@id\":\"https:\/\/www.montania-sport.com\/blog\/#\/schema\/person\/image\/\",\"url\":\"https:\/\/secure.gravatar.com\/avatar\/9851a6499bed921b62b2ae7c399fe8ce?s=96&d=mm&r=g\",\"contentUrl\":\"https:\/\/secure.gravatar.com\/avatar\/9851a6499bed921b62b2ae7c399fe8ce?s=96&d=mm&r=g\",\"caption\":\"cedric\"},\"url\":\"https:\/\/www.montania-sport.com\/blog\/author\/cedric\/\"}]}<\/script>\n<!-- \/ Yoast SEO plugin. -->","yoast_head_json":{"title":"Sac de couchage Valandr\u00e9 : comparatif complet de la marque fran\u00e7aise !","description":"Vous recherchez un sac de couchage Valandr\u00e9 ? Voici un comparatif complet pour vous aider \u00e0 faire le bon choix : mod\u00e8les, garnissages, temp\u00e9ratures, poids..","robots":{"index":"index","follow":"follow","max-snippet":"max-snippet:-1","max-image-preview":"max-image-preview:large","max-video-preview":"max-video-preview:-1"},"canonical":"https:\/\/www.montania-sport.com\/blog\/sac-de-couchage-valandre-comparatif-complet-de-la-marque-francaise\/","og_locale":"fr_FR","og_type":"article","og_title":"Sac de couchage Valandr\u00e9 : comparatif complet de la marque fran\u00e7aise !","og_description":"Vous recherchez un sac de couchage Valandr\u00e9 ? Voici un comparatif complet pour vous aider \u00e0 faire le bon choix : mod\u00e8les, garnissages, temp\u00e9ratures, poids..","og_url":"https:\/\/www.montania-sport.com\/blog\/sac-de-couchage-valandre-comparatif-complet-de-la-marque-francaise\/","og_site_name":"Blog Montania Sport","article_publisher":"https:\/\/www.facebook.com\/Montania.Sport","article_published_time":"2017-01-03T16:10:03+00:00","article_modified_time":"2023-07-31T08:47:29+00:00","og_image":[{"width":1200,"height":675,"url":"https:\/\/www.montania-sport.com\/blog\/wp-content\/uploads\/2023\/07\/50607292_2092770297457761_5969467168016826368_n.jpg","type":"image\/jpeg"}],"author":"cedric","twitter_card":"summary_large_image","twitter_creator":"@MontaniaSport","twitter_site":"@MontaniaSport","twitter_misc":{"\u00c9crit par":"cedric","Dur\u00e9e de lecture estim\u00e9e":"20 minutes"},"schema":{"@context":"https:\/\/schema.org","@graph":[{"@type":"Article","@id":"https:\/\/www.montania-sport.com\/blog\/sac-de-couchage-valandre-comparatif-complet-de-la-marque-francaise\/#article","isPartOf":{"@id":"https:\/\/www.montania-sport.com\/blog\/sac-de-couchage-valandre-comparatif-complet-de-la-marque-francaise\/"},"author":{"name":"cedric","@id":"https:\/\/www.montania-sport.com\/blog\/#\/schema\/person\/eb15113f453620c1519f3f6a3886b250"},"headline":"Sac de couchage Valandr\u00e9 : comparatif complet de la marque fran\u00e7aise !","datePublished":"2017-01-03T16:10:03+00:00","dateModified":"2023-07-31T08:47:29+00:00","mainEntityOfPage":{"@id":"https:\/\/www.montania-sport.com\/blog\/sac-de-couchage-valandre-comparatif-complet-de-la-marque-francaise\/"},"wordCount":2496,"commentCount":3,"publisher":{"@id":"https:\/\/www.montania-sport.com\/blog\/#organization"},"image":{"@id":"https:\/\/www.montania-sport.com\/blog\/sac-de-couchage-valandre-comparatif-complet-de-la-marque-francaise\/#primaryimage"},"thumbnailUrl":"https:\/\/www.montania-sport.com\/blog\/wp-content\/uploads\/2023\/07\/50607292_2092770297457761_5969467168016826368_n.jpg","keywords":["Alpinisme","Exp\u00e9dition","Randonn\u00e9e","Sac de couchage","Trekking","Valandr\u00e9"],"articleSection":["Tests et Comparatifs"],"inLanguage":"fr-FR","potentialAction":[{"@type":"CommentAction","name":"Comment","target":["https:\/\/www.montania-sport.com\/blog\/sac-de-couchage-valandre-comparatif-complet-de-la-marque-francaise\/#respond"]}]},{"@type":"WebPage","@id":"https:\/\/www.montania-sport.com\/blog\/sac-de-couchage-valandre-comparatif-complet-de-la-marque-francaise\/","url":"https:\/\/www.montania-sport.com\/blog\/sac-de-couchage-valandre-comparatif-complet-de-la-marque-francaise\/","name":"Sac de couchage Valandr\u00e9 : comparatif complet de la marque fran\u00e7aise !","isPartOf":{"@id":"https:\/\/www.montania-sport.com\/blog\/#website"},"primaryImageOfPage":{"@id":"https:\/\/www.montania-sport.com\/blog\/sac-de-couchage-valandre-comparatif-complet-de-la-marque-francaise\/#primaryimage"},"image":{"@id":"https:\/\/www.montania-sport.com\/blog\/sac-de-couchage-valandre-comparatif-complet-de-la-marque-francaise\/#primaryimage"},"thumbnailUrl":"https:\/\/www.montania-sport.com\/blog\/wp-content\/uploads\/2023\/07\/50607292_2092770297457761_5969467168016826368_n.jpg","datePublished":"2017-01-03T16:10:03+00:00","dateModified":"2023-07-31T08:47:29+00:00","description":"Vous recherchez un sac de couchage Valandr\u00e9 ? Voici un comparatif complet pour vous aider \u00e0 faire le bon choix : mod\u00e8les, garnissages, temp\u00e9ratures, poids..","breadcrumb":{"@id":"https:\/\/www.montania-sport.com\/blog\/sac-de-couchage-valandre-comparatif-complet-de-la-marque-francaise\/#breadcrumb"},"inLanguage":"fr-FR","potentialAction":[{"@type":"ReadAction","target":["https:\/\/www.montania-sport.com\/blog\/sac-de-couchage-valandre-comparatif-complet-de-la-marque-francaise\/"]}]},{"@type":"ImageObject","inLanguage":"fr-FR","@id":"https:\/\/www.montania-sport.com\/blog\/sac-de-couchage-valandre-comparatif-complet-de-la-marque-francaise\/#primaryimage","url":"https:\/\/www.montania-sport.com\/blog\/wp-content\/uploads\/2023\/07\/50607292_2092770297457761_5969467168016826368_n.jpg","contentUrl":"https:\/\/www.montania-sport.com\/blog\/wp-content\/uploads\/2023\/07\/50607292_2092770297457761_5969467168016826368_n.jpg","width":1200,"height":675},{"@type":"BreadcrumbList","@id":"https:\/\/www.montania-sport.com\/blog\/sac-de-couchage-valandre-comparatif-complet-de-la-marque-francaise\/#breadcrumb","itemListElement":[{"@type":"ListItem","position":1,"name":"Accueil","item":"https:\/\/www.montania-sport.com\/blog\/"},{"@type":"ListItem","position":2,"name":"Sac de couchage Valandr\u00e9 : comparatif complet de la marque fran\u00e7aise !"}]},{"@type":"WebSite","@id":"https:\/\/www.montania-sport.com\/blog\/#website","url":"https:\/\/www.montania-sport.com\/blog\/","name":"Blog Montania Sport","description":"Blog Montania Sport","publisher":{"@id":"https:\/\/www.montania-sport.com\/blog\/#organization"},"potentialAction":[{"@type":"SearchAction","target":{"@type":"EntryPoint","urlTemplate":"https:\/\/www.montania-sport.com\/blog\/?s={search_term_string}"},"query-input":{"@type":"PropertyValueSpecification","valueRequired":true,"valueName":"search_term_string"}}],"inLanguage":"fr-FR"},{"@type":"Organization","@id":"https:\/\/www.montania-sport.com\/blog\/#organization","name":"Montania Sport","url":"https:\/\/www.montania-sport.com\/blog\/","logo":{"@type":"ImageObject","inLanguage":"fr-FR","@id":"https:\/\/www.montania-sport.com\/blog\/#\/schema\/logo\/image\/","url":"https:\/\/www.montania-sport.com\/blog\/wp-content\/uploads\/2023\/04\/cropped-Logo-BLOG-2023-1200.png","contentUrl":"https:\/\/www.montania-sport.com\/blog\/wp-content\/uploads\/2023\/04\/cropped-Logo-BLOG-2023-1200.png","width":1200,"height":645,"caption":"Montania Sport"},"image":{"@id":"https:\/\/www.montania-sport.com\/blog\/#\/schema\/logo\/image\/"},"sameAs":["https:\/\/www.facebook.com\/Montania.Sport","https:\/\/x.com\/MontaniaSport","https:\/\/www.instagram.com\/montania_sport"]},{"@type":"Person","@id":"https:\/\/www.montania-sport.com\/blog\/#\/schema\/person\/eb15113f453620c1519f3f6a3886b250","name":"cedric","image":{"@type":"ImageObject","inLanguage":"fr-FR","@id":"https:\/\/www.montania-sport.com\/blog\/#\/schema\/person\/image\/","url":"https:\/\/secure.gravatar.com\/avatar\/9851a6499bed921b62b2ae7c399fe8ce?s=96&d=mm&r=g","contentUrl":"https:\/\/secure.gravatar.com\/avatar\/9851a6499bed921b62b2ae7c399fe8ce?s=96&d=mm&r=g","caption":"cedric"},"url":"https:\/\/www.montania-sport.com\/blog\/author\/cedric\/"}]}},"jetpack_featured_media_url":"https:\/\/www.montania-sport.com\/blog\/wp-content\/uploads\/2023\/07\/50607292_2092770297457761_5969467168016826368_n.jpg","jetpack_sharing_enabled":true,"jetpack-related-posts":[],"_links":{"self":[{"href":"https:\/\/www.montania-sport.com\/blog\/wp-json\/wp\/v2\/posts\/15328","targetHints":{"allow":["GET"]}}],"collection":[{"href":"https:\/\/www.montania-sport.com\/blog\/wp-json\/wp\/v2\/posts"}],"about":[{"href":"https:\/\/www.montania-sport.com\/blog\/wp-json\/wp\/v2\/types\/post"}],"author":[{"embeddable":true,"href":"https:\/\/www.montania-sport.com\/blog\/wp-json\/wp\/v2\/users\/2"}],"replies":[{"embeddable":true,"href":"https:\/\/www.montania-sport.com\/blog\/wp-json\/wp\/v2\/comments?post=15328"}],"version-history":[{"count":5,"href":"https:\/\/www.montania-sport.com\/blog\/wp-json\/wp\/v2\/posts\/15328\/revisions"}],"predecessor-version":[{"id":32897,"href":"https:\/\/www.montania-sport.com\/blog\/wp-json\/wp\/v2\/posts\/15328\/revisions\/32897"}],"wp:featuredmedia":[{"embeddable":true,"href":"https:\/\/www.montania-sport.com\/blog\/wp-json\/wp\/v2\/media\/32895"}],"wp:attachment":[{"href":"https:\/\/www.montania-sport.com\/blog\/wp-json\/wp\/v2\/media?parent=15328"}],"wp:term":[{"taxonomy":"category","embeddable":true,"href":"https:\/\/www.montania-sport.com\/blog\/wp-json\/wp\/v2\/categories?post=15328"},{"taxonomy":"post_tag","embeddable":true,"href":"https:\/\/www.montania-sport.com\/blog\/wp-json\/wp\/v2\/tags?post=15328"}],"curies":[{"name":"wp","href":"https:\/\/api.w.org\/{rel}","templated":true}]}}