{"id":14446,"date":"2016-06-29T14:12:13","date_gmt":"2016-06-29T13:12:13","guid":{"rendered":"https:\/\/www.montania-sport.com\/blog\/?p=14446"},"modified":"2017-06-22T07:55:52","modified_gmt":"2017-06-22T06:55:52","slug":"sac-a-dos-deuter-futura","status":"publish","type":"post","link":"https:\/\/www.montania-sport.com\/blog\/sac-a-dos-deuter-futura\/","title":{"rendered":"Sac \u00e0 dos Deuter Futura"},"content":{"rendered":"<h2>Cette semaine, d\u00e9couvrez le concept de sac \u00e0 dos Deuter Futura :-)<\/h2>\n<p>Le sac \u00e0 dos Deuter Futura poss\u00e8de un dos filet tendu, ventil\u00e9 et respirant. Parfait en \u00e9t\u00e9 en randonn\u00e9e et en trekking m\u00eame pendant les grosses chaleurs.<\/p>\n<figure id=\"attachment_14451\" aria-describedby=\"caption-attachment-14451\" style=\"width: 1200px\" class=\"wp-caption aligncenter\"><a href=\"https:\/\/www.montania-sport.com\/blog\/wp-content\/uploads\/2016\/06\/Dos-Hiking-Futura.jpg\" target=\"_blank\" rel=\"noopener noreferrer\"><img fetchpriority=\"high\" decoding=\"async\" class=\"wp-image-14451 size-full\" src=\"https:\/\/www.montania-sport.com\/blog\/wp-content\/uploads\/2016\/06\/Dos-Hiking-Futura.jpg\" alt=\"Dos ventil\u00e9 du sac \u00e0 dos Deuter Futura\" width=\"1200\" height=\"940\" srcset=\"https:\/\/www.montania-sport.com\/blog\/wp-content\/uploads\/2016\/06\/Dos-Hiking-Futura.jpg 1200w, https:\/\/www.montania-sport.com\/blog\/wp-content\/uploads\/2016\/06\/Dos-Hiking-Futura-300x235.jpg 300w, https:\/\/www.montania-sport.com\/blog\/wp-content\/uploads\/2016\/06\/Dos-Hiking-Futura-1024x802.jpg 1024w\" sizes=\"(max-width: 1200px) 100vw, 1200px\" \/><\/a><figcaption id=\"caption-attachment-14451\" class=\"wp-caption-text\">Dos ventil\u00e9 du sac\u00a0 Futura<\/figcaption><\/figure>\n<p>Selon le volume choisit, le sac Futura s&rsquo;av\u00e8re \u00e9galement \u00eatre un compagnon id\u00e9al en voyages pour les pays chauds et le d\u00e9sert : Maroc, Costa Rica, Vietnam, Thailande, Bali, Australie, La R\u00e9union etc&#8230;<\/p>\n<figure id=\"attachment_14453\" aria-describedby=\"caption-attachment-14453\" style=\"width: 571px\" class=\"wp-caption aligncenter\"><a href=\"https:\/\/www.montania-sport.com\/blog\/wp-content\/uploads\/2016\/06\/cascade.jpg\" target=\"_blank\" rel=\"noopener noreferrer\"><img decoding=\"async\" class=\"wp-image-14453 size-full\" src=\"https:\/\/www.montania-sport.com\/blog\/wp-content\/uploads\/2016\/06\/cascade.jpg\" alt=\"Sac \u00e0 dos Deuter Futura de forme borne\" width=\"571\" height=\"1030\" srcset=\"https:\/\/www.montania-sport.com\/blog\/wp-content\/uploads\/2016\/06\/cascade.jpg 571w, https:\/\/www.montania-sport.com\/blog\/wp-content\/uploads\/2016\/06\/cascade-166x300.jpg 166w, https:\/\/www.montania-sport.com\/blog\/wp-content\/uploads\/2016\/06\/cascade-568x1024.jpg 568w\" sizes=\"(max-width: 571px) 100vw, 571px\" \/><\/a><figcaption id=\"caption-attachment-14453\" class=\"wp-caption-text\">Sac \u00e0 dos\u00a0 Futura de forme borne<\/figcaption><\/figure>\n<p><!--more--><\/p>\n<figure id=\"attachment_14448\" aria-describedby=\"caption-attachment-14448\" style=\"width: 493px\" class=\"wp-caption aligncenter\"><a href=\"https:\/\/www.montania-sport.com\/blog\/wp-content\/uploads\/2016\/06\/sac-a-dos-futura-pro-42-bleu-titan-deuter-2.jpg\" target=\"_blank\" rel=\"noopener noreferrer\"><img decoding=\"async\" class=\"wp-image-14448 size-full\" src=\"https:\/\/www.montania-sport.com\/blog\/wp-content\/uploads\/2016\/06\/sac-a-dos-futura-pro-42-bleu-titan-deuter-2.jpg\" alt=\"Sch\u00e9ma Dos ventil\u00e9 Sac \u00e0 dos Deuter Futura\" width=\"493\" height=\"854\" srcset=\"https:\/\/www.montania-sport.com\/blog\/wp-content\/uploads\/2016\/06\/sac-a-dos-futura-pro-42-bleu-titan-deuter-2.jpg 493w, https:\/\/www.montania-sport.com\/blog\/wp-content\/uploads\/2016\/06\/sac-a-dos-futura-pro-42-bleu-titan-deuter-2-173x300.jpg 173w\" sizes=\"(max-width: 493px) 100vw, 493px\" \/><\/a><figcaption id=\"caption-attachment-14448\" class=\"wp-caption-text\">Sch\u00e9ma dos ventil\u00e9 Sac \u00e0 dos Deuter Futura Pro<\/figcaption><\/figure>\n<h3>Quel volume de sac \u00e0 dos Futura choisir ?<\/h3>\n<figure id=\"attachment_14452\" aria-describedby=\"caption-attachment-14452\" style=\"width: 1115px\" class=\"wp-caption aligncenter\"><a href=\"https:\/\/www.montania-sport.com\/blog\/wp-content\/uploads\/2016\/06\/Futura24.jpg\" target=\"_blank\" rel=\"noopener noreferrer\"><img loading=\"lazy\" decoding=\"async\" class=\"wp-image-14452 size-full\" src=\"https:\/\/www.montania-sport.com\/blog\/wp-content\/uploads\/2016\/06\/Futura24.jpg\" alt=\"Sac \u00e0 dos Deuter Futura 24 SL\" width=\"1115\" height=\"843\" srcset=\"https:\/\/www.montania-sport.com\/blog\/wp-content\/uploads\/2016\/06\/Futura24.jpg 1115w, https:\/\/www.montania-sport.com\/blog\/wp-content\/uploads\/2016\/06\/Futura24-300x227.jpg 300w, https:\/\/www.montania-sport.com\/blog\/wp-content\/uploads\/2016\/06\/Futura24-1024x774.jpg 1024w\" sizes=\"(max-width: 1115px) 100vw, 1115px\" \/><\/a><figcaption id=\"caption-attachment-14452\" class=\"wp-caption-text\">Sac \u00e0 dos Deuter Futura 24 SL<\/figcaption><\/figure>\n<h4>Les sacs Futura sont disponibles :<\/h4>\n<p>de 20L \u00e0 28L pour les petites balades en forme borne (v\u00e9lo, usage quotidien) ou avec rabat (plus orient\u00e9 balades et petite randonn\u00e9e).<\/p>\n<p>de 30L \u00e0 35L pour les randonn\u00e9es \u00e0 la journ\u00e9e voir 2 jours avec une nuit en refuge.<\/p>\n<p>de 42L \u00e0 50+10L pour les randonn\u00e9es itin\u00e9rantes type Saint Jacques de Compostelle, GR5 (Alpes), GR10 (Pyr\u00e9n\u00e9es), GR20 (Corse) etc.<\/p>\n<figure id=\"attachment_14450\" aria-describedby=\"caption-attachment-14450\" style=\"width: 1200px\" class=\"wp-caption aligncenter\"><a href=\"https:\/\/www.montania-sport.com\/blog\/wp-content\/uploads\/2016\/06\/Futura-Vario1.jpg\" target=\"_blank\" rel=\"noopener noreferrer\"><img loading=\"lazy\" decoding=\"async\" class=\"wp-image-14450 size-full\" src=\"https:\/\/www.montania-sport.com\/blog\/wp-content\/uploads\/2016\/06\/Futura-Vario1.jpg\" alt=\"Sac \u00e0 dos Deuter Futura Vario\" width=\"1200\" height=\"872\" srcset=\"https:\/\/www.montania-sport.com\/blog\/wp-content\/uploads\/2016\/06\/Futura-Vario1.jpg 1200w, https:\/\/www.montania-sport.com\/blog\/wp-content\/uploads\/2016\/06\/Futura-Vario1-300x218.jpg 300w, https:\/\/www.montania-sport.com\/blog\/wp-content\/uploads\/2016\/06\/Futura-Vario1-1024x744.jpg 1024w\" sizes=\"(max-width: 1200px) 100vw, 1200px\" \/><\/a><figcaption id=\"caption-attachment-14450\" class=\"wp-caption-text\">Sac \u00e0 dos Deuter Futura Vario<\/figcaption><\/figure>\n<h3>Sp\u00e9cificit\u00e9s des sacs Futura<\/h3>\n<p><span class=\"text_exposed_show\"> En plus de son dos sp\u00e9cifique ventil\u00e9, le sac \u00e0 dos Deuter Futura est toujours muni de nombreuses poches de rangement et d&rsquo;une housse anti-pluie appel\u00e9e \u00ab\u00a0raincover\u00a0\u00bb int\u00e9gr\u00e9e tr\u00e8s pratique en cas d&rsquo;averse soudaine <i class=\"_lew\" title=\"\u00e9motic\u00f4ne smile\"><span class=\"_4mcd\">:-)<br \/>\n<\/span><\/i><span class=\"_4mcd\">Les sacs \u00e0 dos Futura existent en plusieurs versions : homme, femmes (SL= Sp\u00e9cial Lady) et grands gaba<\/span><span class=\"_4mcd\"><span class=\"text_exposed_show\">rits (EL = dos Extra Long).<\/span><\/span><i class=\"_lew\" title=\"\u00e9motic\u00f4ne smile\"><span class=\"_4mcd\"><br \/>\n<\/span><\/i><\/span><\/p>\n<figure id=\"attachment_14449\" aria-describedby=\"caption-attachment-14449\" style=\"width: 1200px\" class=\"wp-caption aligncenter\"><a href=\"https:\/\/www.montania-sport.com\/blog\/wp-content\/uploads\/2016\/06\/Futura-Vario.jpg\" target=\"_blank\" rel=\"noopener noreferrer\"><img loading=\"lazy\" decoding=\"async\" class=\"wp-image-14449 size-full\" src=\"https:\/\/www.montania-sport.com\/blog\/wp-content\/uploads\/2016\/06\/Futura-Vario.jpg\" alt=\"Sac \u00e0 dos Deuter Futura Vario 45 en homme et femme\" width=\"1200\" height=\"856\" srcset=\"https:\/\/www.montania-sport.com\/blog\/wp-content\/uploads\/2016\/06\/Futura-Vario.jpg 1200w, https:\/\/www.montania-sport.com\/blog\/wp-content\/uploads\/2016\/06\/Futura-Vario-300x214.jpg 300w, https:\/\/www.montania-sport.com\/blog\/wp-content\/uploads\/2016\/06\/Futura-Vario-1024x730.jpg 1024w\" sizes=\"(max-width: 1200px) 100vw, 1200px\" \/><\/a><figcaption id=\"caption-attachment-14449\" class=\"wp-caption-text\">Sac \u00e0 dos Deuter Futura Vario 45 en homme et femme<\/figcaption><\/figure>\n<hr \/>\n<p>Merci de votre lecture .<\/p>\n<p>Retrouvez toute la gamme de sac \u00e0 dos\u00a0 Futura en vente dans notre magasin Montania Sport de Chamb\u00e9ry et sur notre boutique en ligne \u00e0 la rubrique Sac \u00e0 dos \/ Deuter ou suivant le lien direct ici :<br \/>\n<a href=\"https:\/\/www.montania-sport.com\/7220-sac-a-dos-deuter\">https:\/\/www.montania-sport.com\/7220-sac-a-dos-deuter<\/a><br \/>\nAchat, vente en ligne et livraison 48H partout en France.<\/p>\n<p>A bient\u00f4t :-)<\/p>\n<p><span class=\"text_exposed_show\">C\u00e9dric<br \/>\n<\/span><\/p>\n","protected":false},"excerpt":{"rendered":"<p>Cette semaine, d\u00e9couvrez le concept de sac \u00e0 dos Deuter Futura :-) Le sac \u00e0 dos Deuter Futura poss\u00e8de un dos filet tendu, ventil\u00e9 et respirant. Parfait en \u00e9t\u00e9 en randonn\u00e9e et en trekking m\u00eame pendant les grosses chaleurs. Selon le volume choisit, le sac Futura s&rsquo;av\u00e8re \u00e9galement \u00eatre un compagnon id\u00e9al en voyages pour &hellip;<\/p>\n<p class=\"read-more\"> <a class=\"\" href=\"https:\/\/www.montania-sport.com\/blog\/sac-a-dos-deuter-futura\/\"> <span class=\"screen-reader-text\">Sac \u00e0 dos Deuter Futura<\/span> Lire la suite\u00a0\u00bb<\/a><\/p>\n","protected":false},"author":2,"featured_media":14447,"comment_status":"open","ping_status":"open","sticky":false,"template":"","format":"standard","meta":{"site-sidebar-layout":"default","site-content-layout":"default","ast-global-header-display":"","ast-main-header-display":"","ast-hfb-above-header-display":"","ast-hfb-below-header-display":"","ast-hfb-mobile-header-display":"","site-post-title":"","ast-breadcrumbs-content":"","ast-featured-img":"","footer-sml-layout":"","theme-transparent-header-meta":"","adv-header-id-meta":"","stick-header-meta":"","header-above-stick-meta":"","header-main-stick-meta":"","header-below-stick-meta":"","_jetpack_memberships_contains_paid_content":false,"footnotes":""},"categories":[10],"tags":[773,755,768,759,760],"class_list":["post-14446","post","type-post","status-publish","format-standard","has-post-thumbnail","hentry","category-actualites-du-magasin-nouveautes","tag-deuter","tag-randonnee","tag-sac-a-dos","tag-trekking","tag-voyages"],"yoast_head":"<!-- This site is optimized with the Yoast SEO plugin v24.4 - https:\/\/yoast.com\/wordpress\/plugins\/seo\/ -->\n<title>Sac \u00e0 dos Deuter Futura - Blog Montania Sport<\/title>\n<meta name=\"description\" content=\"La gamme de sac \u00e0 dos Deuter Futura poss\u00e8de un dos filet tendu, ventil\u00e9 et respirant. Parfait en \u00e9t\u00e9 en randonn\u00e9e et en trekking. Raincover pluie, poches\" \/>\n<meta name=\"robots\" content=\"index, follow, max-snippet:-1, max-image-preview:large, max-video-preview:-1\" \/>\n<link rel=\"canonical\" href=\"https:\/\/www.montania-sport.com\/blog\/sac-a-dos-deuter-futura\/\" \/>\n<meta property=\"og:locale\" content=\"fr_FR\" \/>\n<meta property=\"og:type\" content=\"article\" \/>\n<meta property=\"og:title\" content=\"Sac \u00e0 dos Deuter Futura - Blog Montania Sport\" \/>\n<meta property=\"og:description\" content=\"La gamme de sac \u00e0 dos Deuter Futura poss\u00e8de un dos filet tendu, ventil\u00e9 et respirant. Parfait en \u00e9t\u00e9 en randonn\u00e9e et en trekking. Raincover pluie, poches\" \/>\n<meta property=\"og:url\" content=\"https:\/\/www.montania-sport.com\/blog\/sac-a-dos-deuter-futura\/\" \/>\n<meta property=\"og:site_name\" content=\"Blog Montania Sport\" \/>\n<meta property=\"article:publisher\" content=\"https:\/\/www.facebook.com\/Montania.Sport\" \/>\n<meta property=\"article:published_time\" content=\"2016-06-29T13:12:13+00:00\" \/>\n<meta property=\"article:modified_time\" content=\"2017-06-22T06:55:52+00:00\" \/>\n<meta property=\"og:image\" content=\"https:\/\/www.montania-sport.com\/blog\/wp-content\/uploads\/2016\/06\/FB-Push-Futura-800.jpg\" \/>\n\t<meta property=\"og:image:width\" content=\"800\" \/>\n\t<meta property=\"og:image:height\" content=\"450\" \/>\n\t<meta property=\"og:image:type\" content=\"image\/jpeg\" \/>\n<meta name=\"author\" content=\"cedric\" \/>\n<meta name=\"twitter:card\" content=\"summary_large_image\" \/>\n<meta name=\"twitter:creator\" content=\"@MontaniaSport\" \/>\n<meta name=\"twitter:site\" content=\"@MontaniaSport\" \/>\n<meta name=\"twitter:label1\" content=\"\u00c9crit par\" \/>\n\t<meta name=\"twitter:data1\" content=\"cedric\" \/>\n\t<meta name=\"twitter:label2\" content=\"Dur\u00e9e de lecture estim\u00e9e\" \/>\n\t<meta name=\"twitter:data2\" content=\"2 minutes\" \/>\n<script type=\"application\/ld+json\" class=\"yoast-schema-graph\">{\"@context\":\"https:\/\/schema.org\",\"@graph\":[{\"@type\":\"Article\",\"@id\":\"https:\/\/www.montania-sport.com\/blog\/sac-a-dos-deuter-futura\/#article\",\"isPartOf\":{\"@id\":\"https:\/\/www.montania-sport.com\/blog\/sac-a-dos-deuter-futura\/\"},\"author\":{\"name\":\"cedric\",\"@id\":\"https:\/\/www.montania-sport.com\/blog\/#\/schema\/person\/eb15113f453620c1519f3f6a3886b250\"},\"headline\":\"Sac \u00e0 dos Deuter Futura\",\"datePublished\":\"2016-06-29T13:12:13+00:00\",\"dateModified\":\"2017-06-22T06:55:52+00:00\",\"mainEntityOfPage\":{\"@id\":\"https:\/\/www.montania-sport.com\/blog\/sac-a-dos-deuter-futura\/\"},\"wordCount\":365,\"commentCount\":0,\"publisher\":{\"@id\":\"https:\/\/www.montania-sport.com\/blog\/#organization\"},\"image\":{\"@id\":\"https:\/\/www.montania-sport.com\/blog\/sac-a-dos-deuter-futura\/#primaryimage\"},\"thumbnailUrl\":\"https:\/\/www.montania-sport.com\/blog\/wp-content\/uploads\/2016\/06\/FB-Push-Futura-800.jpg\",\"keywords\":[\"Deuter\",\"Randonn\u00e9e\",\"Sac \u00e0 dos\",\"Trekking\",\"Voyages\"],\"articleSection\":[\"Actus du Magasin \/ Nouveaut\u00e9s\"],\"inLanguage\":\"fr-FR\",\"potentialAction\":[{\"@type\":\"CommentAction\",\"name\":\"Comment\",\"target\":[\"https:\/\/www.montania-sport.com\/blog\/sac-a-dos-deuter-futura\/#respond\"]}]},{\"@type\":\"WebPage\",\"@id\":\"https:\/\/www.montania-sport.com\/blog\/sac-a-dos-deuter-futura\/\",\"url\":\"https:\/\/www.montania-sport.com\/blog\/sac-a-dos-deuter-futura\/\",\"name\":\"Sac \u00e0 dos Deuter Futura - Blog Montania Sport\",\"isPartOf\":{\"@id\":\"https:\/\/www.montania-sport.com\/blog\/#website\"},\"primaryImageOfPage\":{\"@id\":\"https:\/\/www.montania-sport.com\/blog\/sac-a-dos-deuter-futura\/#primaryimage\"},\"image\":{\"@id\":\"https:\/\/www.montania-sport.com\/blog\/sac-a-dos-deuter-futura\/#primaryimage\"},\"thumbnailUrl\":\"https:\/\/www.montania-sport.com\/blog\/wp-content\/uploads\/2016\/06\/FB-Push-Futura-800.jpg\",\"datePublished\":\"2016-06-29T13:12:13+00:00\",\"dateModified\":\"2017-06-22T06:55:52+00:00\",\"description\":\"La gamme de sac \u00e0 dos Deuter Futura poss\u00e8de un dos filet tendu, ventil\u00e9 et respirant. Parfait en \u00e9t\u00e9 en randonn\u00e9e et en trekking. Raincover pluie, poches\",\"breadcrumb\":{\"@id\":\"https:\/\/www.montania-sport.com\/blog\/sac-a-dos-deuter-futura\/#breadcrumb\"},\"inLanguage\":\"fr-FR\",\"potentialAction\":[{\"@type\":\"ReadAction\",\"target\":[\"https:\/\/www.montania-sport.com\/blog\/sac-a-dos-deuter-futura\/\"]}]},{\"@type\":\"ImageObject\",\"inLanguage\":\"fr-FR\",\"@id\":\"https:\/\/www.montania-sport.com\/blog\/sac-a-dos-deuter-futura\/#primaryimage\",\"url\":\"https:\/\/www.montania-sport.com\/blog\/wp-content\/uploads\/2016\/06\/FB-Push-Futura-800.jpg\",\"contentUrl\":\"https:\/\/www.montania-sport.com\/blog\/wp-content\/uploads\/2016\/06\/FB-Push-Futura-800.jpg\",\"width\":800,\"height\":450,\"caption\":\"Concept du Sac \u00e0 dos Deuter Futura : la ventilation :-)\"},{\"@type\":\"BreadcrumbList\",\"@id\":\"https:\/\/www.montania-sport.com\/blog\/sac-a-dos-deuter-futura\/#breadcrumb\",\"itemListElement\":[{\"@type\":\"ListItem\",\"position\":1,\"name\":\"Accueil\",\"item\":\"https:\/\/www.montania-sport.com\/blog\/\"},{\"@type\":\"ListItem\",\"position\":2,\"name\":\"Sac \u00e0 dos Deuter Futura\"}]},{\"@type\":\"WebSite\",\"@id\":\"https:\/\/www.montania-sport.com\/blog\/#website\",\"url\":\"https:\/\/www.montania-sport.com\/blog\/\",\"name\":\"Blog Montania Sport\",\"description\":\"Blog Montania Sport\",\"publisher\":{\"@id\":\"https:\/\/www.montania-sport.com\/blog\/#organization\"},\"potentialAction\":[{\"@type\":\"SearchAction\",\"target\":{\"@type\":\"EntryPoint\",\"urlTemplate\":\"https:\/\/www.montania-sport.com\/blog\/?s={search_term_string}\"},\"query-input\":{\"@type\":\"PropertyValueSpecification\",\"valueRequired\":true,\"valueName\":\"search_term_string\"}}],\"inLanguage\":\"fr-FR\"},{\"@type\":\"Organization\",\"@id\":\"https:\/\/www.montania-sport.com\/blog\/#organization\",\"name\":\"Montania Sport\",\"url\":\"https:\/\/www.montania-sport.com\/blog\/\",\"logo\":{\"@type\":\"ImageObject\",\"inLanguage\":\"fr-FR\",\"@id\":\"https:\/\/www.montania-sport.com\/blog\/#\/schema\/logo\/image\/\",\"url\":\"https:\/\/www.montania-sport.com\/blog\/wp-content\/uploads\/2023\/04\/cropped-Logo-BLOG-2023-1200.png\",\"contentUrl\":\"https:\/\/www.montania-sport.com\/blog\/wp-content\/uploads\/2023\/04\/cropped-Logo-BLOG-2023-1200.png\",\"width\":1200,\"height\":645,\"caption\":\"Montania Sport\"},\"image\":{\"@id\":\"https:\/\/www.montania-sport.com\/blog\/#\/schema\/logo\/image\/\"},\"sameAs\":[\"https:\/\/www.facebook.com\/Montania.Sport\",\"https:\/\/x.com\/MontaniaSport\",\"https:\/\/www.instagram.com\/montania_sport\"]},{\"@type\":\"Person\",\"@id\":\"https:\/\/www.montania-sport.com\/blog\/#\/schema\/person\/eb15113f453620c1519f3f6a3886b250\",\"name\":\"cedric\",\"image\":{\"@type\":\"ImageObject\",\"inLanguage\":\"fr-FR\",\"@id\":\"https:\/\/www.montania-sport.com\/blog\/#\/schema\/person\/image\/\",\"url\":\"https:\/\/secure.gravatar.com\/avatar\/9851a6499bed921b62b2ae7c399fe8ce?s=96&d=mm&r=g\",\"contentUrl\":\"https:\/\/secure.gravatar.com\/avatar\/9851a6499bed921b62b2ae7c399fe8ce?s=96&d=mm&r=g\",\"caption\":\"cedric\"},\"url\":\"https:\/\/www.montania-sport.com\/blog\/author\/cedric\/\"}]}<\/script>\n<!-- \/ Yoast SEO plugin. -->","yoast_head_json":{"title":"Sac \u00e0 dos Deuter Futura - Blog Montania Sport","description":"La gamme de sac \u00e0 dos Deuter Futura poss\u00e8de un dos filet tendu, ventil\u00e9 et respirant. Parfait en \u00e9t\u00e9 en randonn\u00e9e et en trekking. Raincover pluie, poches","robots":{"index":"index","follow":"follow","max-snippet":"max-snippet:-1","max-image-preview":"max-image-preview:large","max-video-preview":"max-video-preview:-1"},"canonical":"https:\/\/www.montania-sport.com\/blog\/sac-a-dos-deuter-futura\/","og_locale":"fr_FR","og_type":"article","og_title":"Sac \u00e0 dos Deuter Futura - Blog Montania Sport","og_description":"La gamme de sac \u00e0 dos Deuter Futura poss\u00e8de un dos filet tendu, ventil\u00e9 et respirant. Parfait en \u00e9t\u00e9 en randonn\u00e9e et en trekking. Raincover pluie, poches","og_url":"https:\/\/www.montania-sport.com\/blog\/sac-a-dos-deuter-futura\/","og_site_name":"Blog Montania Sport","article_publisher":"https:\/\/www.facebook.com\/Montania.Sport","article_published_time":"2016-06-29T13:12:13+00:00","article_modified_time":"2017-06-22T06:55:52+00:00","og_image":[{"width":800,"height":450,"url":"https:\/\/www.montania-sport.com\/blog\/wp-content\/uploads\/2016\/06\/FB-Push-Futura-800.jpg","type":"image\/jpeg"}],"author":"cedric","twitter_card":"summary_large_image","twitter_creator":"@MontaniaSport","twitter_site":"@MontaniaSport","twitter_misc":{"\u00c9crit par":"cedric","Dur\u00e9e de lecture estim\u00e9e":"2 minutes"},"schema":{"@context":"https:\/\/schema.org","@graph":[{"@type":"Article","@id":"https:\/\/www.montania-sport.com\/blog\/sac-a-dos-deuter-futura\/#article","isPartOf":{"@id":"https:\/\/www.montania-sport.com\/blog\/sac-a-dos-deuter-futura\/"},"author":{"name":"cedric","@id":"https:\/\/www.montania-sport.com\/blog\/#\/schema\/person\/eb15113f453620c1519f3f6a3886b250"},"headline":"Sac \u00e0 dos Deuter Futura","datePublished":"2016-06-29T13:12:13+00:00","dateModified":"2017-06-22T06:55:52+00:00","mainEntityOfPage":{"@id":"https:\/\/www.montania-sport.com\/blog\/sac-a-dos-deuter-futura\/"},"wordCount":365,"commentCount":0,"publisher":{"@id":"https:\/\/www.montania-sport.com\/blog\/#organization"},"image":{"@id":"https:\/\/www.montania-sport.com\/blog\/sac-a-dos-deuter-futura\/#primaryimage"},"thumbnailUrl":"https:\/\/www.montania-sport.com\/blog\/wp-content\/uploads\/2016\/06\/FB-Push-Futura-800.jpg","keywords":["Deuter","Randonn\u00e9e","Sac \u00e0 dos","Trekking","Voyages"],"articleSection":["Actus du Magasin \/ Nouveaut\u00e9s"],"inLanguage":"fr-FR","potentialAction":[{"@type":"CommentAction","name":"Comment","target":["https:\/\/www.montania-sport.com\/blog\/sac-a-dos-deuter-futura\/#respond"]}]},{"@type":"WebPage","@id":"https:\/\/www.montania-sport.com\/blog\/sac-a-dos-deuter-futura\/","url":"https:\/\/www.montania-sport.com\/blog\/sac-a-dos-deuter-futura\/","name":"Sac \u00e0 dos Deuter Futura - Blog Montania Sport","isPartOf":{"@id":"https:\/\/www.montania-sport.com\/blog\/#website"},"primaryImageOfPage":{"@id":"https:\/\/www.montania-sport.com\/blog\/sac-a-dos-deuter-futura\/#primaryimage"},"image":{"@id":"https:\/\/www.montania-sport.com\/blog\/sac-a-dos-deuter-futura\/#primaryimage"},"thumbnailUrl":"https:\/\/www.montania-sport.com\/blog\/wp-content\/uploads\/2016\/06\/FB-Push-Futura-800.jpg","datePublished":"2016-06-29T13:12:13+00:00","dateModified":"2017-06-22T06:55:52+00:00","description":"La gamme de sac \u00e0 dos Deuter Futura poss\u00e8de un dos filet tendu, ventil\u00e9 et respirant. Parfait en \u00e9t\u00e9 en randonn\u00e9e et en trekking. Raincover pluie, poches","breadcrumb":{"@id":"https:\/\/www.montania-sport.com\/blog\/sac-a-dos-deuter-futura\/#breadcrumb"},"inLanguage":"fr-FR","potentialAction":[{"@type":"ReadAction","target":["https:\/\/www.montania-sport.com\/blog\/sac-a-dos-deuter-futura\/"]}]},{"@type":"ImageObject","inLanguage":"fr-FR","@id":"https:\/\/www.montania-sport.com\/blog\/sac-a-dos-deuter-futura\/#primaryimage","url":"https:\/\/www.montania-sport.com\/blog\/wp-content\/uploads\/2016\/06\/FB-Push-Futura-800.jpg","contentUrl":"https:\/\/www.montania-sport.com\/blog\/wp-content\/uploads\/2016\/06\/FB-Push-Futura-800.jpg","width":800,"height":450,"caption":"Concept du Sac \u00e0 dos Deuter Futura : la ventilation :-)"},{"@type":"BreadcrumbList","@id":"https:\/\/www.montania-sport.com\/blog\/sac-a-dos-deuter-futura\/#breadcrumb","itemListElement":[{"@type":"ListItem","position":1,"name":"Accueil","item":"https:\/\/www.montania-sport.com\/blog\/"},{"@type":"ListItem","position":2,"name":"Sac \u00e0 dos Deuter Futura"}]},{"@type":"WebSite","@id":"https:\/\/www.montania-sport.com\/blog\/#website","url":"https:\/\/www.montania-sport.com\/blog\/","name":"Blog Montania Sport","description":"Blog Montania Sport","publisher":{"@id":"https:\/\/www.montania-sport.com\/blog\/#organization"},"potentialAction":[{"@type":"SearchAction","target":{"@type":"EntryPoint","urlTemplate":"https:\/\/www.montania-sport.com\/blog\/?s={search_term_string}"},"query-input":{"@type":"PropertyValueSpecification","valueRequired":true,"valueName":"search_term_string"}}],"inLanguage":"fr-FR"},{"@type":"Organization","@id":"https:\/\/www.montania-sport.com\/blog\/#organization","name":"Montania Sport","url":"https:\/\/www.montania-sport.com\/blog\/","logo":{"@type":"ImageObject","inLanguage":"fr-FR","@id":"https:\/\/www.montania-sport.com\/blog\/#\/schema\/logo\/image\/","url":"https:\/\/www.montania-sport.com\/blog\/wp-content\/uploads\/2023\/04\/cropped-Logo-BLOG-2023-1200.png","contentUrl":"https:\/\/www.montania-sport.com\/blog\/wp-content\/uploads\/2023\/04\/cropped-Logo-BLOG-2023-1200.png","width":1200,"height":645,"caption":"Montania Sport"},"image":{"@id":"https:\/\/www.montania-sport.com\/blog\/#\/schema\/logo\/image\/"},"sameAs":["https:\/\/www.facebook.com\/Montania.Sport","https:\/\/x.com\/MontaniaSport","https:\/\/www.instagram.com\/montania_sport"]},{"@type":"Person","@id":"https:\/\/www.montania-sport.com\/blog\/#\/schema\/person\/eb15113f453620c1519f3f6a3886b250","name":"cedric","image":{"@type":"ImageObject","inLanguage":"fr-FR","@id":"https:\/\/www.montania-sport.com\/blog\/#\/schema\/person\/image\/","url":"https:\/\/secure.gravatar.com\/avatar\/9851a6499bed921b62b2ae7c399fe8ce?s=96&d=mm&r=g","contentUrl":"https:\/\/secure.gravatar.com\/avatar\/9851a6499bed921b62b2ae7c399fe8ce?s=96&d=mm&r=g","caption":"cedric"},"url":"https:\/\/www.montania-sport.com\/blog\/author\/cedric\/"}]}},"jetpack_featured_media_url":"https:\/\/www.montania-sport.com\/blog\/wp-content\/uploads\/2016\/06\/FB-Push-Futura-800.jpg","jetpack_sharing_enabled":true,"jetpack-related-posts":[],"_links":{"self":[{"href":"https:\/\/www.montania-sport.com\/blog\/wp-json\/wp\/v2\/posts\/14446","targetHints":{"allow":["GET"]}}],"collection":[{"href":"https:\/\/www.montania-sport.com\/blog\/wp-json\/wp\/v2\/posts"}],"about":[{"href":"https:\/\/www.montania-sport.com\/blog\/wp-json\/wp\/v2\/types\/post"}],"author":[{"embeddable":true,"href":"https:\/\/www.montania-sport.com\/blog\/wp-json\/wp\/v2\/users\/2"}],"replies":[{"embeddable":true,"href":"https:\/\/www.montania-sport.com\/blog\/wp-json\/wp\/v2\/comments?post=14446"}],"version-history":[{"count":0,"href":"https:\/\/www.montania-sport.com\/blog\/wp-json\/wp\/v2\/posts\/14446\/revisions"}],"wp:featuredmedia":[{"embeddable":true,"href":"https:\/\/www.montania-sport.com\/blog\/wp-json\/wp\/v2\/media\/14447"}],"wp:attachment":[{"href":"https:\/\/www.montania-sport.com\/blog\/wp-json\/wp\/v2\/media?parent=14446"}],"wp:term":[{"taxonomy":"category","embeddable":true,"href":"https:\/\/www.montania-sport.com\/blog\/wp-json\/wp\/v2\/categories?post=14446"},{"taxonomy":"post_tag","embeddable":true,"href":"https:\/\/www.montania-sport.com\/blog\/wp-json\/wp\/v2\/tags?post=14446"}],"curies":[{"name":"wp","href":"https:\/\/api.w.org\/{rel}","templated":true}]}}